{"id":11032,"date":"2007-09-10T00:00:00","date_gmt":"2007-09-10T04:00:00","guid":{"rendered":"http:\/\/192.81.217.108\/interamerica\/2007\/09\/nicaragua-huracan-felix-cobra-las-vidas-de-cinco-adventistas-la-iglesia-evalua-los-danos\/"},"modified":"2017-06-02T09:10:56","modified_gmt":"2017-06-02T13:10:56","slug":"nicaragua-huracan-felix-cobra-las-vidas-de-cinco-adventistas-la-iglesia-evalua-los-danos","status":"publish","type":"post","link":"https:\/\/interamerica.org\/es\/2007\/09\/nicaragua-huracan-felix-cobra-las-vidas-de-cinco-adventistas-la-iglesia-evalua-los-danos\/","title":{"rendered":"Nicaragua: Hurac\u00e1n F\u00e9lix cobra las vidas de cinco adventistas; la iglesia eval\u00faa los da\u00f1os"},"content":{"rendered":"<p>Managua, Nicaragua\u2026 [Libna Stevens\/DIA] <\/p>\n<p>Los l\u00edderes de la Iglesia Adventista del S\u00e9ptimo D\u00eda en Nicaragua est\u00e1n preocupados por los miles de miembros de la iglesia afectados por el Hurac\u00e1n F\u00e9lix, tormenta de categor\u00eda 5 que golpe\u00f3 ese pa\u00eds centroamericano temprano el 4 de septiembre. F\u00e9lix destruy\u00f3 comunidades enteras en la regi\u00f3n norte, a 600 kil\u00f3metros de la capital, Managua, con altos vientos y lluvia torrencial. All\u00ed viven m\u00e1s de 5000 miembros de la iglesia. El n\u00famero de v\u00edctimas est\u00e1 ya sobre tres d\u00edgitos y, hasta ahora, cinco miembros de la iglesia se han reportado muertos. Sin embargo, algunos miembros no han sido hallados en Mismito Keys y \u00e1reas circundantes que sufrieron los fuertes vientos de F\u00e9lix de 160 mph. A estas \u00e1reas s\u00f3lo se entra por v\u00eda a\u00e9rea. <\/p>\n<p>\u00abA\u00fan no sabemos con certeza la condici\u00f3n de nuestros miembros que han sobrevivido al hurac\u00e1n\u00bb, dijo el pastor Juan \u00c1ngel Guevara, presidente de la iglesia en Nicaragua, durante una conversaci\u00f3n telef\u00f3nica. \u00abLa infraestructura total de la iglesia ha sido afectada en la regi\u00f3n del Atl\u00e1ntico norte\u00bb. <\/p>\n<p>El pastor Guevara, quien se ha comunicado s\u00f3lo por radio con unas pocas de las comunidades en las regiones afectadas, dijo que dos estructuras de la iglesia soportadas por columnas de madera fueron destruidas, y docenas de edificios m\u00e1s sufrieron cuantiosos da\u00f1os. <\/p>\n<p>\u00abTenemos 45 iglesias en las comunidades de Sandibay, Francia Sirpi, islas de Puerto Cabezas, y Mismito\u00bb, dijo el pastor Guevara. \u00abLa mayor\u00eda muestran da\u00f1os considerables y, guiados por el estudio oficial del gobierno sobre las comunidades inaccesibles, la mayor\u00eda de esas iglesias fueron destruidas\u00bb. <\/p>\n<p>Los l\u00edderes de la iglesia y miembros est\u00e1n, con raz\u00f3n, muy preocupados por sus conciudadanos golpeados en las comunidades pantanosas y llenas de \u00e1rboles que bordean a Honduras, donde residen familias de bajos ingresos. <\/p>\n<p>\u00abHay tantos r\u00edos desbord\u00e1ndose, y eso nos preocupa a\u00fan m\u00e1s\u00bb, dijo Guevara. \u00abEsto se inunda cada a\u00f1o cuando el invierno golpea el \u00e1rea, y este hurac\u00e1n fue demasiado intenso\u00bb. <\/p>\n<p>Guevara dijo que hay una estaci\u00f3n de radio y una cl\u00ednica operada por la iglesia, las cuales no ha podido contactar a\u00fan. <\/p>\n<p>La escuela adventista &#8211;primaria\/secundaria juntas &#8211;en Puerto Cabezas, donde m\u00e1s de 700 personas del \u00e1rea buscaron albergue, perdi\u00f3 el techo de cada uno de sus salones de clases. <\/p>\n<p>\u00abLa gente que se refugi\u00f3 all\u00ed tuvo que irse a otro lugar mientras el techo segu\u00eda volando sobre el terreno de la instituci\u00f3n\u00bb, dijo Guevara. <\/p>\n<p><strong ><\/p>\n<p>Esfuerzos de ayuda humanitaria <\/p>\n<p><\/strong ><\/p>\n<p>La <em >Agencia Adventista de Desarrollo y Recursos Asistenciales <\/em >(ADRA) en Nicaragua, y su equipo de reacci\u00f3n en emergencia VRED (Volunteer Rescue and Emergency response team) ha podido entregar m\u00e1s de 1,000 libras en equipo de primeros auxilios a las \u00e1reas inicialmente evaluadas por la Defensa Civil de Nicaragua, de acuerdo con oficiales de ADRA en Nicaragua. Adem\u00e1s, alimentos y tiendas se est\u00e1n entregando tan r\u00e1pido como es posible. <\/p>\n<p>\u00abPudimos entregar medicina, alimentos y tiendas de campa\u00f1a a m\u00e1s de 16,200 personas, y esperamos entregar m\u00e1s, seg\u00fan hayan m\u00e1s fondos\u00bb, dice Plinio Vergara, director de ADRA Nicaragua. \u00abNuestro mayor desaf\u00edo es tabajar tan r\u00e1pido como podamos, mientras dependemos del n\u00famero limitado de helic\u00f3pteros disponibles para entregar provisiones en la regi\u00f3n selv\u00e1tica inundada, pero nos movemos tan r\u00e1pido como podemos\u00bb. <\/p>\n<p>M\u00e1s entregas est\u00e1n en programa para los pr\u00f3ximos d\u00edas, para ayudar a la poblaci\u00f3n donde m\u00e1s de 50,000 personas fueron afectadas. <\/p>\n<p>\u00abTenemos 11 miembros de nuestro equipo de ADRA y VRED estacionados en la escuela adventista de Puerto Cabezas entregando materiales justo ahora, y ofreciendo primeros auxilios a las v\u00edctimas\u00bb, dice David Castillo, oficial de emergencias de ADRA Nicaragua, que viaj\u00f3 en helic\u00f3pteros de evaluaci\u00f3n d\u00edas despu\u00e9s que el hurac\u00e1n golpe\u00f3 la regi\u00f3n. \u00abHay s\u00f3lo tres helic\u00f3pteros disponibles desde Puerto Cabezas, para hacer estas distribuciones, pero trabajamos tan r\u00e1pido como podemos\u00bb. <\/p>\n<p>ADRA Nicaragua y VRED tienen un acuerdo con el m\u00e1s alto nivel de la Defensa Civil y la Armada de Nicaragua, para ayudar en la b\u00fasqueda y rescate, evaluar necesidades y distribuir provisiones, a\u00f1ade Castillo. <\/p>\n<p>Wally Amundson, director de ADRA para Interam\u00e9rica, dice que ADRA Nicaragua tom\u00f3 una iniciativa importante durante los \u00faltimos meses. \u00abEsta oportuna ayuda para las v\u00edctimas del hurac\u00e1n se debe en gran parte a la planeaci\u00f3n anticipada y el entrenamiento para responder a emergencias, a lo largo de los dos \u00faltimos a\u00f1os por parte del liderazgo de ADRA Nicaragua\u00bb. <\/p>\n<p>De acuerdo con Amundson, ya fueron enviados fondos para ayudar a las v\u00edctimas del hurac\u00e1n F\u00e9lix. <\/p>\n<p>\u00abLa Divisi\u00f3n Interamericana asign\u00f3 fondos que ADRA Internacional ha donado para apoyar los esfuerzos de ayuda humanitaria, junto con fondos locales en reserva para cuando se presente la necesidad\u00bb, dijo Amundson. <\/p>\n<p>Adem\u00e1s, ADRA Espa\u00f1a se comprometi\u00f3 en ayudar a ADRA Nicaragua en la reconstrucci\u00f3n de las comunidades afectadas tan pronto como se d\u00e9 paso a la siguiente fase, de acuerdo con Vergara. <\/p>\n<p>Aunque la iglesia a\u00fan no termina la evaluaci\u00f3n de los da\u00f1os en sus iglesias, y la verificaci\u00f3n de sus miembros, los l\u00edderes y miembros de la iglesia por las \u00e1reas afectadas de Nicaragua est\u00e1n tomando donaciones activamente en sus iglesias locales para beneficiar a sus compatriotas que fueron v\u00edctimas de F\u00e9lix, de acuerdo con el pastor Guevara. En la ciudad capital de Managua, la iglesia ha organizado un centro de donaciones en la oficina de la sede de la iglesia, a trav\u00e9s de llamados al p\u00fablico a trav\u00e9s de la radio, y se ha unido con la Cruz Roja, donde docenas de ellos han participado en una campa\u00f1a de donaci\u00f3n de sangre. <\/p>\n<p>\u00abLlegan camiones de carga desde nuestras iglesias por todo el pa\u00eds; nuestras oficinas est\u00e1n repletas de comida, ropa, y la gente viene a donar\u00bb, dice Guevara. \u00abEstamos en el proceso de clasificar toda la ropa y empacar los alimentos para su distribuci\u00f3n\u00bb. <\/p>\n<p>\u00abTenemos a nuestros miembros de iglesia, gu\u00edas mayores y conquistadores, trabajando juntos, juntando dinero para comprar alimentos y ayudar a las v\u00edctimas\u00bb, dijo Guevara. <\/p>\n<p>Por ahora, Guevara pide a la iglesia en Interam\u00e9rica y a los miembros en todo el mundo, que oren por las v\u00edctimas del hurac\u00e1n F\u00e9lix en Nicaragua. <\/p>\n<p>\u00abSabemos que cuando el pueblo de Dios ora, Dios hace milagros\u00bb, dijo \u00e9l. <\/p>\n<p>\u00abTomar\u00e1 tiempo hasta que podamos reconstruir nuestras iglesias, las casas de miembros, escuelas y comunidades, pero nuestra necesidad apremiante es asegurar que todos nuestros miembros est\u00e9n vivos, seguros, y que puedan reunirse para adorar cada semana, y proveer ayuda a cada v\u00edctima que podamos\u00bb. <\/p>\n<p>Despu\u00e9s que el hurac\u00e1n F\u00e9lix saque\u00f3 a Nicaragua, sigui\u00f3 su trayectoria hacia Hondurtas, donde se convirti\u00f3 en hurac\u00e1n de categor\u00eda uno, y dej\u00f3 comunidades inundadas. La iglesia en Honduras a\u00fan eval\u00faa los da\u00f1os a miembros e iglesias. <\/p>\n<p>Ubicada en Am\u00e9rica Central, con fronteras con Honduras y Costa Rica, Nicaragua tiene m\u00e1s de 87,000 adventistas del s\u00e9ptimo d\u00eda, y 186 iglesias organizadas. <\/p>\n<p>Para ayudar a las v\u00edctimas del hurac\u00e1n F\u00e9lix en Nicaragua, escriba a la oficina de ADRA en la Divisi\u00f3n Interamericana, 8100 S.W. 117<sup >th <\/sup >Avenue, Miami, Florida 33183, o llame al tel\u00e9fono 305.403.4656 o done en l\u00ednea en <a  href=\"http:\/\/www.adra.org\/\"><u >www.adra.org<\/u ><\/a > <a  href=\"http:\/\/www.adra.org\/\"><u >www.adra.org<\/u ><\/a > <\/p>\n","protected":false},"excerpt":{"rendered":"<p>Los l\u00edderes de la Iglesia Adventista del S\u00e9ptimo D\u00eda en Nicaragua est\u00e1n preocupados por los miles de miembros de la iglesia afectados por el Hurac\u00e1n F\u00e9lix&#8230;<\/p>\n","protected":false},"author":1,"featured_media":0,"comment_status":"closed","ping_status":"closed","sticky":false,"template":"","format":"standard","meta":{"_acf_changed":false,"footnotes":""},"categories":[8],"tags":[],"class_list":["post-11032","post","type-post","status-publish","format-standard","hentry","category-archivo"],"acf":[],"yoast_head":"<!-- This site is optimized with the Yoast SEO plugin v27.3 - https:\/\/yoast.com\/product\/yoast-seo-wordpress\/ -->\n<title>Nicaragua: Hurac\u00e1n F\u00e9lix cobra las vidas de cinco adventistas; la iglesia eval\u00faa los da\u00f1os - Iglesia Adventista del S\u00e9ptimo D\u00eda - Divisi\u00f3n Interamericana<\/title>\n<meta name=\"robots\" content=\"index, follow, max-snippet:-1, max-image-preview:large, max-video-preview:-1\" \/>\n<link rel=\"canonical\" href=\"https:\/\/interamerica.org\/es\/2007\/09\/nicaragua-huracan-felix-cobra-las-vidas-de-cinco-adventistas-la-iglesia-evalua-los-danos\/\" \/>\n<meta property=\"og:locale\" content=\"es_ES\" \/>\n<meta property=\"og:type\" content=\"article\" \/>\n<meta property=\"og:title\" content=\"Nicaragua: Hurac\u00e1n F\u00e9lix cobra las vidas de cinco adventistas; la iglesia eval\u00faa los da\u00f1os - Iglesia Adventista del S\u00e9ptimo D\u00eda - Divisi\u00f3n Interamericana\" \/>\n<meta property=\"og:description\" content=\"Los l\u00edderes de la Iglesia Adventista del S\u00e9ptimo D\u00eda en Nicaragua est\u00e1n preocupados por los miles de miembros de la iglesia afectados por el Hurac\u00e1n F\u00e9lix...\" \/>\n<meta property=\"og:url\" content=\"https:\/\/interamerica.org\/es\/2007\/09\/nicaragua-huracan-felix-cobra-las-vidas-de-cinco-adventistas-la-iglesia-evalua-los-danos\/\" \/>\n<meta property=\"og:site_name\" content=\"Iglesia Adventista del S\u00e9ptimo D\u00eda - Divisi\u00f3n Interamericana\" \/>\n<meta property=\"article:published_time\" content=\"2007-09-10T04:00:00+00:00\" \/>\n<meta property=\"article:modified_time\" content=\"2017-06-02T13:10:56+00:00\" \/>\n<meta name=\"author\" content=\"Lorenzo Verduzco\" \/>\n<meta name=\"twitter:card\" content=\"summary_large_image\" \/>\n<meta name=\"twitter:label1\" content=\"Escrito por\" \/>\n\t<meta name=\"twitter:data1\" content=\"Lorenzo Verduzco\" \/>\n\t<meta name=\"twitter:label2\" content=\"Tiempo de lectura\" \/>\n\t<meta name=\"twitter:data2\" content=\"6 minutos\" \/>\n<script type=\"application\/ld+json\" class=\"yoast-schema-graph\">{\"@context\":\"https:\\\/\\\/schema.org\",\"@graph\":[{\"@type\":\"Article\",\"@id\":\"https:\\\/\\\/interamerica.org\\\/es\\\/2007\\\/09\\\/nicaragua-huracan-felix-cobra-las-vidas-de-cinco-adventistas-la-iglesia-evalua-los-danos\\\/#article\",\"isPartOf\":{\"@id\":\"https:\\\/\\\/interamerica.org\\\/es\\\/2007\\\/09\\\/nicaragua-huracan-felix-cobra-las-vidas-de-cinco-adventistas-la-iglesia-evalua-los-danos\\\/\"},\"author\":{\"name\":\"Lorenzo Verduzco\",\"@id\":\"https:\\\/\\\/interamerica.org\\\/es\\\/#\\\/schema\\\/person\\\/68ede8bdc292885bb76c1e3810e73c39\"},\"headline\":\"Nicaragua: Hurac\u00e1n F\u00e9lix cobra las vidas de cinco adventistas; la iglesia eval\u00faa los da\u00f1os\",\"datePublished\":\"2007-09-10T04:00:00+00:00\",\"dateModified\":\"2017-06-02T13:10:56+00:00\",\"mainEntityOfPage\":{\"@id\":\"https:\\\/\\\/interamerica.org\\\/es\\\/2007\\\/09\\\/nicaragua-huracan-felix-cobra-las-vidas-de-cinco-adventistas-la-iglesia-evalua-los-danos\\\/\"},\"wordCount\":1300,\"articleSection\":[\"Archivo\"],\"inLanguage\":\"es\"},{\"@type\":\"WebPage\",\"@id\":\"https:\\\/\\\/interamerica.org\\\/es\\\/2007\\\/09\\\/nicaragua-huracan-felix-cobra-las-vidas-de-cinco-adventistas-la-iglesia-evalua-los-danos\\\/\",\"url\":\"https:\\\/\\\/interamerica.org\\\/es\\\/2007\\\/09\\\/nicaragua-huracan-felix-cobra-las-vidas-de-cinco-adventistas-la-iglesia-evalua-los-danos\\\/\",\"name\":\"Nicaragua: Hurac\u00e1n F\u00e9lix cobra las vidas de cinco adventistas; la iglesia eval\u00faa los da\u00f1os - Iglesia Adventista del S\u00e9ptimo D\u00eda - Divisi\u00f3n Interamericana\",\"isPartOf\":{\"@id\":\"https:\\\/\\\/interamerica.org\\\/es\\\/#website\"},\"datePublished\":\"2007-09-10T04:00:00+00:00\",\"dateModified\":\"2017-06-02T13:10:56+00:00\",\"author\":{\"@id\":\"https:\\\/\\\/interamerica.org\\\/es\\\/#\\\/schema\\\/person\\\/68ede8bdc292885bb76c1e3810e73c39\"},\"breadcrumb\":{\"@id\":\"https:\\\/\\\/interamerica.org\\\/es\\\/2007\\\/09\\\/nicaragua-huracan-felix-cobra-las-vidas-de-cinco-adventistas-la-iglesia-evalua-los-danos\\\/#breadcrumb\"},\"inLanguage\":\"es\",\"potentialAction\":[{\"@type\":\"ReadAction\",\"target\":[\"https:\\\/\\\/interamerica.org\\\/es\\\/2007\\\/09\\\/nicaragua-huracan-felix-cobra-las-vidas-de-cinco-adventistas-la-iglesia-evalua-los-danos\\\/\"]}]},{\"@type\":\"BreadcrumbList\",\"@id\":\"https:\\\/\\\/interamerica.org\\\/es\\\/2007\\\/09\\\/nicaragua-huracan-felix-cobra-las-vidas-de-cinco-adventistas-la-iglesia-evalua-los-danos\\\/#breadcrumb\",\"itemListElement\":[{\"@type\":\"ListItem\",\"position\":1,\"name\":\"Home\",\"item\":\"https:\\\/\\\/interamerica.org\\\/es\\\/\"},{\"@type\":\"ListItem\",\"position\":2,\"name\":\"Nicaragua: Hurac\u00e1n F\u00e9lix cobra las vidas de cinco adventistas; la iglesia eval\u00faa los da\u00f1os\"}]},{\"@type\":\"WebSite\",\"@id\":\"https:\\\/\\\/interamerica.org\\\/es\\\/#website\",\"url\":\"https:\\\/\\\/interamerica.org\\\/es\\\/\",\"name\":\"Iglesia Adventista del S\u00e9ptimo D\u00eda - Divisi\u00f3n Interamericana\",\"description\":\"\",\"potentialAction\":[{\"@type\":\"SearchAction\",\"target\":{\"@type\":\"EntryPoint\",\"urlTemplate\":\"https:\\\/\\\/interamerica.org\\\/es\\\/?s={search_term_string}\"},\"query-input\":{\"@type\":\"PropertyValueSpecification\",\"valueRequired\":true,\"valueName\":\"search_term_string\"}}],\"inLanguage\":\"es\"},{\"@type\":\"Person\",\"@id\":\"https:\\\/\\\/interamerica.org\\\/es\\\/#\\\/schema\\\/person\\\/68ede8bdc292885bb76c1e3810e73c39\",\"name\":\"Lorenzo Verduzco\",\"image\":{\"@type\":\"ImageObject\",\"inLanguage\":\"es\",\"@id\":\"https:\\\/\\\/secure.gravatar.com\\\/avatar\\\/fb81a55b6218459490a9c1dc841a34909185b81904c5337b4b27f7a6fd60c49e?s=96&d=mm&r=g\",\"url\":\"https:\\\/\\\/secure.gravatar.com\\\/avatar\\\/fb81a55b6218459490a9c1dc841a34909185b81904c5337b4b27f7a6fd60c49e?s=96&d=mm&r=g\",\"contentUrl\":\"https:\\\/\\\/secure.gravatar.com\\\/avatar\\\/fb81a55b6218459490a9c1dc841a34909185b81904c5337b4b27f7a6fd60c49e?s=96&d=mm&r=g\",\"caption\":\"Lorenzo Verduzco\"}}]}<\/script>\n<!-- \/ Yoast SEO plugin. -->","yoast_head_json":{"title":"Nicaragua: Hurac\u00e1n F\u00e9lix cobra las vidas de cinco adventistas; la iglesia eval\u00faa los da\u00f1os - Iglesia Adventista del S\u00e9ptimo D\u00eda - Divisi\u00f3n Interamericana","robots":{"index":"index","follow":"follow","max-snippet":"max-snippet:-1","max-image-preview":"max-image-preview:large","max-video-preview":"max-video-preview:-1"},"canonical":"https:\/\/interamerica.org\/es\/2007\/09\/nicaragua-huracan-felix-cobra-las-vidas-de-cinco-adventistas-la-iglesia-evalua-los-danos\/","og_locale":"es_ES","og_type":"article","og_title":"Nicaragua: Hurac\u00e1n F\u00e9lix cobra las vidas de cinco adventistas; la iglesia eval\u00faa los da\u00f1os - Iglesia Adventista del S\u00e9ptimo D\u00eda - Divisi\u00f3n Interamericana","og_description":"Los l\u00edderes de la Iglesia Adventista del S\u00e9ptimo D\u00eda en Nicaragua est\u00e1n preocupados por los miles de miembros de la iglesia afectados por el Hurac\u00e1n F\u00e9lix...","og_url":"https:\/\/interamerica.org\/es\/2007\/09\/nicaragua-huracan-felix-cobra-las-vidas-de-cinco-adventistas-la-iglesia-evalua-los-danos\/","og_site_name":"Iglesia Adventista del S\u00e9ptimo D\u00eda - Divisi\u00f3n Interamericana","article_published_time":"2007-09-10T04:00:00+00:00","article_modified_time":"2017-06-02T13:10:56+00:00","author":"Lorenzo Verduzco","twitter_card":"summary_large_image","twitter_misc":{"Escrito por":"Lorenzo Verduzco","Tiempo de lectura":"6 minutos"},"schema":{"@context":"https:\/\/schema.org","@graph":[{"@type":"Article","@id":"https:\/\/interamerica.org\/es\/2007\/09\/nicaragua-huracan-felix-cobra-las-vidas-de-cinco-adventistas-la-iglesia-evalua-los-danos\/#article","isPartOf":{"@id":"https:\/\/interamerica.org\/es\/2007\/09\/nicaragua-huracan-felix-cobra-las-vidas-de-cinco-adventistas-la-iglesia-evalua-los-danos\/"},"author":{"name":"Lorenzo Verduzco","@id":"https:\/\/interamerica.org\/es\/#\/schema\/person\/68ede8bdc292885bb76c1e3810e73c39"},"headline":"Nicaragua: Hurac\u00e1n F\u00e9lix cobra las vidas de cinco adventistas; la iglesia eval\u00faa los da\u00f1os","datePublished":"2007-09-10T04:00:00+00:00","dateModified":"2017-06-02T13:10:56+00:00","mainEntityOfPage":{"@id":"https:\/\/interamerica.org\/es\/2007\/09\/nicaragua-huracan-felix-cobra-las-vidas-de-cinco-adventistas-la-iglesia-evalua-los-danos\/"},"wordCount":1300,"articleSection":["Archivo"],"inLanguage":"es"},{"@type":"WebPage","@id":"https:\/\/interamerica.org\/es\/2007\/09\/nicaragua-huracan-felix-cobra-las-vidas-de-cinco-adventistas-la-iglesia-evalua-los-danos\/","url":"https:\/\/interamerica.org\/es\/2007\/09\/nicaragua-huracan-felix-cobra-las-vidas-de-cinco-adventistas-la-iglesia-evalua-los-danos\/","name":"Nicaragua: Hurac\u00e1n F\u00e9lix cobra las vidas de cinco adventistas; la iglesia eval\u00faa los da\u00f1os - Iglesia Adventista del S\u00e9ptimo D\u00eda - Divisi\u00f3n Interamericana","isPartOf":{"@id":"https:\/\/interamerica.org\/es\/#website"},"datePublished":"2007-09-10T04:00:00+00:00","dateModified":"2017-06-02T13:10:56+00:00","author":{"@id":"https:\/\/interamerica.org\/es\/#\/schema\/person\/68ede8bdc292885bb76c1e3810e73c39"},"breadcrumb":{"@id":"https:\/\/interamerica.org\/es\/2007\/09\/nicaragua-huracan-felix-cobra-las-vidas-de-cinco-adventistas-la-iglesia-evalua-los-danos\/#breadcrumb"},"inLanguage":"es","potentialAction":[{"@type":"ReadAction","target":["https:\/\/interamerica.org\/es\/2007\/09\/nicaragua-huracan-felix-cobra-las-vidas-de-cinco-adventistas-la-iglesia-evalua-los-danos\/"]}]},{"@type":"BreadcrumbList","@id":"https:\/\/interamerica.org\/es\/2007\/09\/nicaragua-huracan-felix-cobra-las-vidas-de-cinco-adventistas-la-iglesia-evalua-los-danos\/#breadcrumb","itemListElement":[{"@type":"ListItem","position":1,"name":"Home","item":"https:\/\/interamerica.org\/es\/"},{"@type":"ListItem","position":2,"name":"Nicaragua: Hurac\u00e1n F\u00e9lix cobra las vidas de cinco adventistas; la iglesia eval\u00faa los da\u00f1os"}]},{"@type":"WebSite","@id":"https:\/\/interamerica.org\/es\/#website","url":"https:\/\/interamerica.org\/es\/","name":"Iglesia Adventista del S\u00e9ptimo D\u00eda - Divisi\u00f3n Interamericana","description":"","potentialAction":[{"@type":"SearchAction","target":{"@type":"EntryPoint","urlTemplate":"https:\/\/interamerica.org\/es\/?s={search_term_string}"},"query-input":{"@type":"PropertyValueSpecification","valueRequired":true,"valueName":"search_term_string"}}],"inLanguage":"es"},{"@type":"Person","@id":"https:\/\/interamerica.org\/es\/#\/schema\/person\/68ede8bdc292885bb76c1e3810e73c39","name":"Lorenzo Verduzco","image":{"@type":"ImageObject","inLanguage":"es","@id":"https:\/\/secure.gravatar.com\/avatar\/fb81a55b6218459490a9c1dc841a34909185b81904c5337b4b27f7a6fd60c49e?s=96&d=mm&r=g","url":"https:\/\/secure.gravatar.com\/avatar\/fb81a55b6218459490a9c1dc841a34909185b81904c5337b4b27f7a6fd60c49e?s=96&d=mm&r=g","contentUrl":"https:\/\/secure.gravatar.com\/avatar\/fb81a55b6218459490a9c1dc841a34909185b81904c5337b4b27f7a6fd60c49e?s=96&d=mm&r=g","caption":"Lorenzo Verduzco"}}]}},"_links":{"self":[{"href":"https:\/\/interamerica.org\/es\/wp-json\/wp\/v2\/posts\/11032","targetHints":{"allow":["GET"]}}],"collection":[{"href":"https:\/\/interamerica.org\/es\/wp-json\/wp\/v2\/posts"}],"about":[{"href":"https:\/\/interamerica.org\/es\/wp-json\/wp\/v2\/types\/post"}],"author":[{"embeddable":true,"href":"https:\/\/interamerica.org\/es\/wp-json\/wp\/v2\/users\/1"}],"replies":[{"embeddable":true,"href":"https:\/\/interamerica.org\/es\/wp-json\/wp\/v2\/comments?post=11032"}],"version-history":[{"count":0,"href":"https:\/\/interamerica.org\/es\/wp-json\/wp\/v2\/posts\/11032\/revisions"}],"wp:attachment":[{"href":"https:\/\/interamerica.org\/es\/wp-json\/wp\/v2\/media?parent=11032"}],"wp:term":[{"taxonomy":"category","embeddable":true,"href":"https:\/\/interamerica.org\/es\/wp-json\/wp\/v2\/categories?post=11032"},{"taxonomy":"post_tag","embeddable":true,"href":"https:\/\/interamerica.org\/es\/wp-json\/wp\/v2\/tags?post=11032"}],"curies":[{"name":"wp","href":"https:\/\/api.w.org\/{rel}","templated":true}]}}