{"id":110373,"date":"2024-02-23T11:19:29","date_gmt":"2024-02-23T16:19:29","guid":{"rendered":"https:\/\/interamerica.org\/?p=110373"},"modified":"2024-02-23T12:23:16","modified_gmt":"2024-02-23T17:23:16","slug":"interamerica-lanzara-su-nuevo-portal-de-la-biblioteca-virtual-adventista","status":"publish","type":"post","link":"https:\/\/interamerica.org\/es\/2024\/02\/interamerica-lanzara-su-nuevo-portal-de-la-biblioteca-virtual-adventista\/","title":{"rendered":"Interam\u00e9rica lanzar\u00e1 su nuevo portal de la Biblioteca Virtual Adventista"},"content":{"rendered":"<p>23 de febrero de 2024 | Miami, Florida, Estados Unidos | Libna Stevens, Noticias de la Divisi\u00f3n Interamericana<\/p>\n<p>El Departamento de Educaci\u00f3n de la Divisi\u00f3n Interamericana lanzar\u00e1 su versi\u00f3n m\u00e1s reciente del portal de la Biblioteca Virtual Adventista, durante un programa de transmisi\u00f3n en l\u00ednea en vivo el pr\u00f3ximo 4 de marzo de 2024. El evento en l\u00ednea mostrar\u00e1 a los usuarios c\u00f3mo navegar el nuevo sitio web y acceder a sus miles de recursos, adem\u00e1s de destacar los planes de expansi\u00f3n para los pr\u00f3ximos meses.<\/p>\n<p>Creada en 2007, la Biblioteca Virtual Adventista es un puerto cibern\u00e9tico dise\u00f1ado para facilitar el acceso a diversas bases de datos y enlaces en varios idiomas y diversas disciplinas educativas que complementan el proceso de ense\u00f1anza-aprendizaje y de investigaci\u00f3n en todas las instituciones adventistas que forman parte de la Divisi\u00f3n Interamericana.<\/p>\n<p>\u201cEstamos tan entusiasmados de que la biblioteca virtual haya sido establecido por el territorio a\u00f1os atr\u00e1s, y porque ahora es una herramienta m\u00e1s s\u00f3lida para los estudiantes que asisten a nuestras escuelas y universidades\u201d, dijo la doctora Faye Patterson, directora de educaci\u00f3n de la Divisi\u00f3n Interamericana. La extensiva biblioteca virtual tambi\u00e9n es un importante requisito de acreditaci\u00f3n para las instituciones de educaci\u00f3n primaria y secundaria, y de la educaci\u00f3n superior, no solo dentro del Sistema Educativo Adventista en Interam\u00e9rica sino tambi\u00e9n para las entidades de gobierno de cada pa\u00eds, explic\u00f3.<\/p>\n<p>El lanzamiento ser\u00e1 transmitido desde el campus de la Universidad Adventista Centroamericana en Alajuela, Costa Rica, junto con un grupo de estudiantes, educadores y l\u00edderes de la Divisi\u00f3n Interamericana.<\/p>\n<p>\u201cEs un adicional tan grande que esta biblioteca virtual est\u00e9 cerca de nuestras instituciones, lo que ayuda a que los estudiantes busquen leer m\u00e1s e indagar con mayor profundidad en sus investigaciones\u201d, dijo la doctora Yanet Cima, directora asistente de educaci\u00f3n de la Divisi\u00f3n Interamericana, y quien ha estado trabajando en la biblioteca virtual durante casi tres a\u00f1os. Desde el a\u00f1o pasado, Cima ha estado promoviendo el acceso, la funcionalidad y los recursos de datos, para sus instituciones de educaci\u00f3n primaria, secundaria y universitaria.<\/p>\n<p>El nuevo sitio web cuenta con un reposicionamiento de marca, que incluye un nuevo dominio, un nuevo logotipo, nuevas opciones y vasta informaci\u00f3n en ingl\u00e9s, espa\u00f1ol y franc\u00e9s.<\/p>\n<p>Para ver el evento del programa especial de lanzamiento de la Biblioteca Virtual Adventista en vivo el pr\u00f3ximo 4 de marzo de 2024, a las 16:00 (Hora de Costa Rica) o 17:00 (Hora de Miami, ingrese a <a href=\"https:\/\/www.youtube.com\/watch?v=agiFDPo4dwI\">webcast.interamerica.org<\/a><\/p>\n<p>Traducci\u00f3n de Marcos Paseggi<\/p>\n","protected":false},"excerpt":{"rendered":"<p>23 de febrero de 2024 | Miami, Florida, Estados Unidos | Libna Stevens, Noticias de la Divisi\u00f3n Interamericana El Departamento de Educaci\u00f3n de la Divisi\u00f3n Interamericana lanzar\u00e1 su versi\u00f3n m\u00e1s&#8230;<\/p>\n","protected":false},"author":3,"featured_media":110360,"comment_status":"closed","ping_status":"closed","sticky":false,"template":"","format":"standard","meta":{"_acf_changed":false,"footnotes":""},"categories":[16,15],"tags":[],"class_list":["post-110373","post","type-post","status-publish","format-standard","has-post-thumbnail","hentry","category-desde-la-sede","category-rss-espanol"],"acf":[],"yoast_head":"<!-- This site is optimized with the Yoast SEO plugin v27.3 - https:\/\/yoast.com\/product\/yoast-seo-wordpress\/ -->\n<title>Interam\u00e9rica lanzar\u00e1 su nuevo portal de la Biblioteca Virtual Adventista - Iglesia Adventista del S\u00e9ptimo D\u00eda - Divisi\u00f3n Interamericana<\/title>\n<meta name=\"robots\" content=\"index, follow, max-snippet:-1, max-image-preview:large, max-video-preview:-1\" \/>\n<link rel=\"canonical\" href=\"https:\/\/interamerica.org\/es\/2024\/02\/interamerica-lanzara-su-nuevo-portal-de-la-biblioteca-virtual-adventista\/\" \/>\n<meta property=\"og:locale\" content=\"es_ES\" \/>\n<meta property=\"og:type\" content=\"article\" \/>\n<meta property=\"og:title\" content=\"Interam\u00e9rica lanzar\u00e1 su nuevo portal de la Biblioteca Virtual Adventista - Iglesia Adventista del S\u00e9ptimo D\u00eda - Divisi\u00f3n Interamericana\" \/>\n<meta property=\"og:description\" content=\"23 de febrero de 2024 | Miami, Florida, Estados Unidos | Libna Stevens, Noticias de la Divisi\u00f3n Interamericana El Departamento de Educaci\u00f3n de la Divisi\u00f3n Interamericana lanzar\u00e1 su versi\u00f3n m\u00e1s...\" \/>\n<meta property=\"og:url\" content=\"https:\/\/interamerica.org\/es\/2024\/02\/interamerica-lanzara-su-nuevo-portal-de-la-biblioteca-virtual-adventista\/\" \/>\n<meta property=\"og:site_name\" content=\"Iglesia Adventista del S\u00e9ptimo D\u00eda - Divisi\u00f3n Interamericana\" \/>\n<meta property=\"article:published_time\" content=\"2024-02-23T16:19:29+00:00\" \/>\n<meta property=\"article:modified_time\" content=\"2024-02-23T17:23:16+00:00\" \/>\n<meta property=\"og:image\" content=\"https:\/\/interamerica.org\/wp-content\/uploads\/2024\/02\/john-schnobrich-flpc9-vocj4-unsplash.jpg\" \/>\n\t<meta property=\"og:image:width\" content=\"1000\" \/>\n\t<meta property=\"og:image:height\" content=\"667\" \/>\n\t<meta property=\"og:image:type\" content=\"image\/jpeg\" \/>\n<meta name=\"author\" content=\"libna\" \/>\n<meta name=\"twitter:card\" content=\"summary_large_image\" \/>\n<meta name=\"twitter:label1\" content=\"Escrito por\" \/>\n\t<meta name=\"twitter:data1\" content=\"libna\" \/>\n\t<meta name=\"twitter:label2\" content=\"Tiempo de lectura\" \/>\n\t<meta name=\"twitter:data2\" content=\"2 minutos\" \/>\n<script type=\"application\/ld+json\" class=\"yoast-schema-graph\">{\"@context\":\"https:\\\/\\\/schema.org\",\"@graph\":[{\"@type\":\"Article\",\"@id\":\"https:\\\/\\\/interamerica.org\\\/es\\\/2024\\\/02\\\/interamerica-lanzara-su-nuevo-portal-de-la-biblioteca-virtual-adventista\\\/#article\",\"isPartOf\":{\"@id\":\"https:\\\/\\\/interamerica.org\\\/es\\\/2024\\\/02\\\/interamerica-lanzara-su-nuevo-portal-de-la-biblioteca-virtual-adventista\\\/\"},\"author\":{\"name\":\"libna\",\"@id\":\"https:\\\/\\\/interamerica.org\\\/es\\\/#\\\/schema\\\/person\\\/29998f2bc2d8bd0d38662909289b54f1\"},\"headline\":\"Interam\u00e9rica lanzar\u00e1 su nuevo portal de la Biblioteca Virtual Adventista\",\"datePublished\":\"2024-02-23T16:19:29+00:00\",\"dateModified\":\"2024-02-23T17:23:16+00:00\",\"mainEntityOfPage\":{\"@id\":\"https:\\\/\\\/interamerica.org\\\/es\\\/2024\\\/02\\\/interamerica-lanzara-su-nuevo-portal-de-la-biblioteca-virtual-adventista\\\/\"},\"wordCount\":457,\"image\":{\"@id\":\"https:\\\/\\\/interamerica.org\\\/es\\\/2024\\\/02\\\/interamerica-lanzara-su-nuevo-portal-de-la-biblioteca-virtual-adventista\\\/#primaryimage\"},\"thumbnailUrl\":\"https:\\\/\\\/interamerica.org\\\/wp-content\\\/uploads\\\/2024\\\/02\\\/john-schnobrich-flpc9-vocj4-unsplash.jpg\",\"articleSection\":[\"Desde la sede\",\"RSS Espa\u00f1ol\"],\"inLanguage\":\"es\"},{\"@type\":\"WebPage\",\"@id\":\"https:\\\/\\\/interamerica.org\\\/es\\\/2024\\\/02\\\/interamerica-lanzara-su-nuevo-portal-de-la-biblioteca-virtual-adventista\\\/\",\"url\":\"https:\\\/\\\/interamerica.org\\\/es\\\/2024\\\/02\\\/interamerica-lanzara-su-nuevo-portal-de-la-biblioteca-virtual-adventista\\\/\",\"name\":\"Interam\u00e9rica lanzar\u00e1 su nuevo portal de la Biblioteca Virtual Adventista - Iglesia Adventista del S\u00e9ptimo D\u00eda - Divisi\u00f3n Interamericana\",\"isPartOf\":{\"@id\":\"https:\\\/\\\/interamerica.org\\\/es\\\/#website\"},\"primaryImageOfPage\":{\"@id\":\"https:\\\/\\\/interamerica.org\\\/es\\\/2024\\\/02\\\/interamerica-lanzara-su-nuevo-portal-de-la-biblioteca-virtual-adventista\\\/#primaryimage\"},\"image\":{\"@id\":\"https:\\\/\\\/interamerica.org\\\/es\\\/2024\\\/02\\\/interamerica-lanzara-su-nuevo-portal-de-la-biblioteca-virtual-adventista\\\/#primaryimage\"},\"thumbnailUrl\":\"https:\\\/\\\/interamerica.org\\\/wp-content\\\/uploads\\\/2024\\\/02\\\/john-schnobrich-flpc9-vocj4-unsplash.jpg\",\"datePublished\":\"2024-02-23T16:19:29+00:00\",\"dateModified\":\"2024-02-23T17:23:16+00:00\",\"author\":{\"@id\":\"https:\\\/\\\/interamerica.org\\\/es\\\/#\\\/schema\\\/person\\\/29998f2bc2d8bd0d38662909289b54f1\"},\"breadcrumb\":{\"@id\":\"https:\\\/\\\/interamerica.org\\\/es\\\/2024\\\/02\\\/interamerica-lanzara-su-nuevo-portal-de-la-biblioteca-virtual-adventista\\\/#breadcrumb\"},\"inLanguage\":\"es\",\"potentialAction\":[{\"@type\":\"ReadAction\",\"target\":[\"https:\\\/\\\/interamerica.org\\\/es\\\/2024\\\/02\\\/interamerica-lanzara-su-nuevo-portal-de-la-biblioteca-virtual-adventista\\\/\"]}]},{\"@type\":\"ImageObject\",\"inLanguage\":\"es\",\"@id\":\"https:\\\/\\\/interamerica.org\\\/es\\\/2024\\\/02\\\/interamerica-lanzara-su-nuevo-portal-de-la-biblioteca-virtual-adventista\\\/#primaryimage\",\"url\":\"https:\\\/\\\/interamerica.org\\\/wp-content\\\/uploads\\\/2024\\\/02\\\/john-schnobrich-flpc9-vocj4-unsplash.jpg\",\"contentUrl\":\"https:\\\/\\\/interamerica.org\\\/wp-content\\\/uploads\\\/2024\\\/02\\\/john-schnobrich-flpc9-vocj4-unsplash.jpg\",\"width\":1000,\"height\":667},{\"@type\":\"BreadcrumbList\",\"@id\":\"https:\\\/\\\/interamerica.org\\\/es\\\/2024\\\/02\\\/interamerica-lanzara-su-nuevo-portal-de-la-biblioteca-virtual-adventista\\\/#breadcrumb\",\"itemListElement\":[{\"@type\":\"ListItem\",\"position\":1,\"name\":\"Home\",\"item\":\"https:\\\/\\\/interamerica.org\\\/es\\\/\"},{\"@type\":\"ListItem\",\"position\":2,\"name\":\"Interam\u00e9rica lanzar\u00e1 su nuevo portal de la Biblioteca Virtual Adventista\"}]},{\"@type\":\"WebSite\",\"@id\":\"https:\\\/\\\/interamerica.org\\\/es\\\/#website\",\"url\":\"https:\\\/\\\/interamerica.org\\\/es\\\/\",\"name\":\"Iglesia Adventista del S\u00e9ptimo D\u00eda - Divisi\u00f3n Interamericana\",\"description\":\"\",\"potentialAction\":[{\"@type\":\"SearchAction\",\"target\":{\"@type\":\"EntryPoint\",\"urlTemplate\":\"https:\\\/\\\/interamerica.org\\\/es\\\/?s={search_term_string}\"},\"query-input\":{\"@type\":\"PropertyValueSpecification\",\"valueRequired\":true,\"valueName\":\"search_term_string\"}}],\"inLanguage\":\"es\"},{\"@type\":\"Person\",\"@id\":\"https:\\\/\\\/interamerica.org\\\/es\\\/#\\\/schema\\\/person\\\/29998f2bc2d8bd0d38662909289b54f1\",\"name\":\"libna\",\"image\":{\"@type\":\"ImageObject\",\"inLanguage\":\"es\",\"@id\":\"https:\\\/\\\/secure.gravatar.com\\\/avatar\\\/7c5bd30ae4b47a9ba3c856590957fd1d96dc588bf3ac05719d247e126840331f?s=96&d=mm&r=g\",\"url\":\"https:\\\/\\\/secure.gravatar.com\\\/avatar\\\/7c5bd30ae4b47a9ba3c856590957fd1d96dc588bf3ac05719d247e126840331f?s=96&d=mm&r=g\",\"contentUrl\":\"https:\\\/\\\/secure.gravatar.com\\\/avatar\\\/7c5bd30ae4b47a9ba3c856590957fd1d96dc588bf3ac05719d247e126840331f?s=96&d=mm&r=g\",\"caption\":\"libna\"}}]}<\/script>\n<!-- \/ Yoast SEO plugin. -->","yoast_head_json":{"title":"Interam\u00e9rica lanzar\u00e1 su nuevo portal de la Biblioteca Virtual Adventista - Iglesia Adventista del S\u00e9ptimo D\u00eda - Divisi\u00f3n Interamericana","robots":{"index":"index","follow":"follow","max-snippet":"max-snippet:-1","max-image-preview":"max-image-preview:large","max-video-preview":"max-video-preview:-1"},"canonical":"https:\/\/interamerica.org\/es\/2024\/02\/interamerica-lanzara-su-nuevo-portal-de-la-biblioteca-virtual-adventista\/","og_locale":"es_ES","og_type":"article","og_title":"Interam\u00e9rica lanzar\u00e1 su nuevo portal de la Biblioteca Virtual Adventista - Iglesia Adventista del S\u00e9ptimo D\u00eda - Divisi\u00f3n Interamericana","og_description":"23 de febrero de 2024 | Miami, Florida, Estados Unidos | Libna Stevens, Noticias de la Divisi\u00f3n Interamericana El Departamento de Educaci\u00f3n de la Divisi\u00f3n Interamericana lanzar\u00e1 su versi\u00f3n m\u00e1s...","og_url":"https:\/\/interamerica.org\/es\/2024\/02\/interamerica-lanzara-su-nuevo-portal-de-la-biblioteca-virtual-adventista\/","og_site_name":"Iglesia Adventista del S\u00e9ptimo D\u00eda - Divisi\u00f3n Interamericana","article_published_time":"2024-02-23T16:19:29+00:00","article_modified_time":"2024-02-23T17:23:16+00:00","og_image":[{"width":1000,"height":667,"url":"https:\/\/interamerica.org\/wp-content\/uploads\/2024\/02\/john-schnobrich-flpc9-vocj4-unsplash.jpg","type":"image\/jpeg"}],"author":"libna","twitter_card":"summary_large_image","twitter_misc":{"Escrito por":"libna","Tiempo de lectura":"2 minutos"},"schema":{"@context":"https:\/\/schema.org","@graph":[{"@type":"Article","@id":"https:\/\/interamerica.org\/es\/2024\/02\/interamerica-lanzara-su-nuevo-portal-de-la-biblioteca-virtual-adventista\/#article","isPartOf":{"@id":"https:\/\/interamerica.org\/es\/2024\/02\/interamerica-lanzara-su-nuevo-portal-de-la-biblioteca-virtual-adventista\/"},"author":{"name":"libna","@id":"https:\/\/interamerica.org\/es\/#\/schema\/person\/29998f2bc2d8bd0d38662909289b54f1"},"headline":"Interam\u00e9rica lanzar\u00e1 su nuevo portal de la Biblioteca Virtual Adventista","datePublished":"2024-02-23T16:19:29+00:00","dateModified":"2024-02-23T17:23:16+00:00","mainEntityOfPage":{"@id":"https:\/\/interamerica.org\/es\/2024\/02\/interamerica-lanzara-su-nuevo-portal-de-la-biblioteca-virtual-adventista\/"},"wordCount":457,"image":{"@id":"https:\/\/interamerica.org\/es\/2024\/02\/interamerica-lanzara-su-nuevo-portal-de-la-biblioteca-virtual-adventista\/#primaryimage"},"thumbnailUrl":"https:\/\/interamerica.org\/wp-content\/uploads\/2024\/02\/john-schnobrich-flpc9-vocj4-unsplash.jpg","articleSection":["Desde la sede","RSS Espa\u00f1ol"],"inLanguage":"es"},{"@type":"WebPage","@id":"https:\/\/interamerica.org\/es\/2024\/02\/interamerica-lanzara-su-nuevo-portal-de-la-biblioteca-virtual-adventista\/","url":"https:\/\/interamerica.org\/es\/2024\/02\/interamerica-lanzara-su-nuevo-portal-de-la-biblioteca-virtual-adventista\/","name":"Interam\u00e9rica lanzar\u00e1 su nuevo portal de la Biblioteca Virtual Adventista - Iglesia Adventista del S\u00e9ptimo D\u00eda - Divisi\u00f3n Interamericana","isPartOf":{"@id":"https:\/\/interamerica.org\/es\/#website"},"primaryImageOfPage":{"@id":"https:\/\/interamerica.org\/es\/2024\/02\/interamerica-lanzara-su-nuevo-portal-de-la-biblioteca-virtual-adventista\/#primaryimage"},"image":{"@id":"https:\/\/interamerica.org\/es\/2024\/02\/interamerica-lanzara-su-nuevo-portal-de-la-biblioteca-virtual-adventista\/#primaryimage"},"thumbnailUrl":"https:\/\/interamerica.org\/wp-content\/uploads\/2024\/02\/john-schnobrich-flpc9-vocj4-unsplash.jpg","datePublished":"2024-02-23T16:19:29+00:00","dateModified":"2024-02-23T17:23:16+00:00","author":{"@id":"https:\/\/interamerica.org\/es\/#\/schema\/person\/29998f2bc2d8bd0d38662909289b54f1"},"breadcrumb":{"@id":"https:\/\/interamerica.org\/es\/2024\/02\/interamerica-lanzara-su-nuevo-portal-de-la-biblioteca-virtual-adventista\/#breadcrumb"},"inLanguage":"es","potentialAction":[{"@type":"ReadAction","target":["https:\/\/interamerica.org\/es\/2024\/02\/interamerica-lanzara-su-nuevo-portal-de-la-biblioteca-virtual-adventista\/"]}]},{"@type":"ImageObject","inLanguage":"es","@id":"https:\/\/interamerica.org\/es\/2024\/02\/interamerica-lanzara-su-nuevo-portal-de-la-biblioteca-virtual-adventista\/#primaryimage","url":"https:\/\/interamerica.org\/wp-content\/uploads\/2024\/02\/john-schnobrich-flpc9-vocj4-unsplash.jpg","contentUrl":"https:\/\/interamerica.org\/wp-content\/uploads\/2024\/02\/john-schnobrich-flpc9-vocj4-unsplash.jpg","width":1000,"height":667},{"@type":"BreadcrumbList","@id":"https:\/\/interamerica.org\/es\/2024\/02\/interamerica-lanzara-su-nuevo-portal-de-la-biblioteca-virtual-adventista\/#breadcrumb","itemListElement":[{"@type":"ListItem","position":1,"name":"Home","item":"https:\/\/interamerica.org\/es\/"},{"@type":"ListItem","position":2,"name":"Interam\u00e9rica lanzar\u00e1 su nuevo portal de la Biblioteca Virtual Adventista"}]},{"@type":"WebSite","@id":"https:\/\/interamerica.org\/es\/#website","url":"https:\/\/interamerica.org\/es\/","name":"Iglesia Adventista del S\u00e9ptimo D\u00eda - Divisi\u00f3n Interamericana","description":"","potentialAction":[{"@type":"SearchAction","target":{"@type":"EntryPoint","urlTemplate":"https:\/\/interamerica.org\/es\/?s={search_term_string}"},"query-input":{"@type":"PropertyValueSpecification","valueRequired":true,"valueName":"search_term_string"}}],"inLanguage":"es"},{"@type":"Person","@id":"https:\/\/interamerica.org\/es\/#\/schema\/person\/29998f2bc2d8bd0d38662909289b54f1","name":"libna","image":{"@type":"ImageObject","inLanguage":"es","@id":"https:\/\/secure.gravatar.com\/avatar\/7c5bd30ae4b47a9ba3c856590957fd1d96dc588bf3ac05719d247e126840331f?s=96&d=mm&r=g","url":"https:\/\/secure.gravatar.com\/avatar\/7c5bd30ae4b47a9ba3c856590957fd1d96dc588bf3ac05719d247e126840331f?s=96&d=mm&r=g","contentUrl":"https:\/\/secure.gravatar.com\/avatar\/7c5bd30ae4b47a9ba3c856590957fd1d96dc588bf3ac05719d247e126840331f?s=96&d=mm&r=g","caption":"libna"}}]}},"_links":{"self":[{"href":"https:\/\/interamerica.org\/es\/wp-json\/wp\/v2\/posts\/110373","targetHints":{"allow":["GET"]}}],"collection":[{"href":"https:\/\/interamerica.org\/es\/wp-json\/wp\/v2\/posts"}],"about":[{"href":"https:\/\/interamerica.org\/es\/wp-json\/wp\/v2\/types\/post"}],"author":[{"embeddable":true,"href":"https:\/\/interamerica.org\/es\/wp-json\/wp\/v2\/users\/3"}],"replies":[{"embeddable":true,"href":"https:\/\/interamerica.org\/es\/wp-json\/wp\/v2\/comments?post=110373"}],"version-history":[{"count":0,"href":"https:\/\/interamerica.org\/es\/wp-json\/wp\/v2\/posts\/110373\/revisions"}],"wp:featuredmedia":[{"embeddable":true,"href":"https:\/\/interamerica.org\/es\/wp-json\/wp\/v2\/media\/110360"}],"wp:attachment":[{"href":"https:\/\/interamerica.org\/es\/wp-json\/wp\/v2\/media?parent=110373"}],"wp:term":[{"taxonomy":"category","embeddable":true,"href":"https:\/\/interamerica.org\/es\/wp-json\/wp\/v2\/categories?post=110373"},{"taxonomy":"post_tag","embeddable":true,"href":"https:\/\/interamerica.org\/es\/wp-json\/wp\/v2\/tags?post=110373"}],"curies":[{"name":"wp","href":"https:\/\/api.w.org\/{rel}","templated":true}]}}