{"id":110583,"date":"2024-02-29T19:16:23","date_gmt":"2024-03-01T00:16:23","guid":{"rendered":"https:\/\/interamerica.org\/?p=110583"},"modified":"2024-02-29T20:16:12","modified_gmt":"2024-03-01T01:16:12","slug":"la-ley-de-dios-immutable","status":"publish","type":"post","link":"https:\/\/interamerica.org\/es\/2024\/02\/la-ley-de-dios-immutable\/","title":{"rendered":"La ley de Dios immutable"},"content":{"rendered":"<p>29 de febrero del 2024 | Silver Spring, Maryland, Estados Unidos | Ted N.C. Wilson, Presidente de la Asociaci\u00f3n General de los Adventistas del S\u00e9ptimo D\u00eda<\/p>\n<p>Saludos, amigos. Hemos estado revisando el incre\u00edble libro, El conflicto de los siglos, en esta serie de videos, analizando los aspectos m\u00e1s destacados de cada cap\u00edtulo. Hoy consideraremos algunos de los puntos destacados del Cap\u00edtulo 25, titulado La Ley Inmutable de Dios\u00bb, y me gustar\u00eda recordarles que si a\u00fan no tienen este maravilloso libro, pueden descargar su copia gratuita hoy en greatcontroversyproject.org\u00bb<\/p>\n<p>En el cap\u00edtulo anterior, comparamos el santuario del Antiguo Testamento y sus servicios, y examinamos detenidamente lo que sucedi\u00f3 en el D\u00eda de la Expiaci\u00f3n. Puede que recuerdes que el santuario ten\u00eda dos apartamentos: el primero se llamaba Lugar Santo y el segundo, el Lugar Sant\u00edsimo. Solo en el D\u00eda de la Expiaci\u00f3n el Sumo Sacerdote entraba en el Lugar Sant\u00edsimo, para realizar la obra simb\u00f3lica de limpiar el santuario.<\/p>\n<p>Mientras hab\u00eda varias piezas de mobiliario en el Lugar Santo, incluyendo el candelabro, la mesa de los panes de la proposici\u00f3n y el altar del incienso, detr\u00e1s del segundo velo que separaba los dos apartamentos solo hab\u00eda una pieza de mobiliario: el arca de la alianza de oro, tambi\u00e9n conocida como &#8216;el arca del testimonio de Dios&#8217;.<\/p>\n<p>En Apocalipsis 11:19 leemos la incre\u00edble descripci\u00f3n de Juan al ver el interior del lugar m\u00e1s sagrado en el santuario celestial. \u00c9l escribi\u00f3: \u00abEntonces se abri\u00f3 el templo de Dios en el cielo, y se vio el arca de su pacto en su templo. Y hubo rel\u00e1mpagos, ruidos, truenos, un terremoto y granizo grande\u00bb.<\/p>\n<p>Dado que Hebreos 8:5 nos dice que el santuario terrenal serv\u00eda como \u00abcopia y sombra de las cosas celestiales\u00bb, entendemos que este segundo apartamento solo se abr\u00eda en el gran D\u00eda de la Expiaci\u00f3n para la purificaci\u00f3n del santuario celestial.<\/p>\n<p>Por lo tanto, escribi\u00f3 Elena de White, \u00abel anuncio de que el templo de Dios fue abierto en el cielo y el arca de su testamento fue vista apunta a la apertura del lugar sant\u00edsimo del santuario celestial en 1844 cuando Cristo entr\u00f3 all\u00ed para realizar la obra final de la expiaci\u00f3n\u00bb<\/p>\n<p>El arca del pacto en la tierra conten\u00eda las dos tablas de piedra que conten\u00edan la ley de Dios: los 10 mandamientos. Leemos en El conflicto de los siglos que era la presencia de estas dos tablas que conten\u00edan la ley de Dios lo que hac\u00eda que el arca fuera tan valiosa y sagrada. Y de nuevo, vemos un paralelo en el santuario celestial, donde la ley de Dios, la gran original, est\u00e1 consagrada.<\/p>\n<p>Despu\u00e9s del gran chasco de 1844, mientras los fieles creyentes adventistas continuaban estudiando sus Biblias, comenzaron a ver cada vez m\u00e1s claramente la importancia del santuario en el cielo y la importancia de la ley de Dios. Entendieron las palabras de Cristo con m\u00e1s claridad cuando dijo: &#8216;Porque de cierto os digo que hasta que pasen el cielo y la tierra, ni una jota ni una tilde pasar\u00e1 de la ley, hasta que todo se haya cumplido&#8217;.<\/p>\n<p>Esto se debe a que la ley de Dios es una revelaci\u00f3n de su voluntad y una transcripci\u00f3n de su car\u00e1cter, y siempre perdurar\u00e1. En el Salmo 111:7,8 leemos: &#8216;Todos sus mandamientos son seguros. Permanecen firmes para siempre jam\u00e1s.&#8217;<\/p>\n<p>Fue durante este tiempo de estudio de la Biblia que la atenci\u00f3n de los primeros adventistas se centr\u00f3 especialmente en el cuarto mandamiento, donde leyeron:<\/p>\n<p>Recuerda el d\u00eda de reposo para santificarlo. Seis d\u00edas trabajar\u00e1s y har\u00e1s toda tu obra, pero el s\u00e9ptimo d\u00eda es reposo para Jehov\u00e1 tu Dios. No har\u00e1s en \u00e9l obra alguna, t\u00fa, ni tu hijo, ni tu hija, ni tu siervo, ni tu criada, ni tu bestia, ni tu extranjero que est\u00e1 dentro de tus puertas. Porque en seis d\u00edas hizo Jehov\u00e1 los cielos y la tierra, el mar, y todas las cosas que en ellos hay, y repos\u00f3 en el s\u00e9ptimo d\u00eda. Por tanto, Jehov\u00e1 bendijo el d\u00eda de reposo y lo santific\u00f3.<\/p>\n<p>Los corazones de los primeros adventistas quedaron impresionados; nunca hab\u00edan visto este mandamiento de una manera tan clara. Comenzaron a examinar las razones para observar el primer d\u00eda de la semana en lugar del d\u00eda que el Se\u00f1or hab\u00eda santificado. Mientras estudiaban, no pod\u00edan encontrar ninguna evidencia en la Biblia de que el cuarto mandamiento hubiera sido abolido, o de que el s\u00e1bado hubiera sido cambiado, por lo tanto entendieron que la bendici\u00f3n que Dios puso en el s\u00e9ptimo d\u00eda nunca hab\u00eda sido eliminada.<\/p>\n<p>Hab\u00edan estado buscando honestamente conocer y hacer la voluntad de Dios, escribi\u00f3 Elena de White, \u00abahora, al verse a s\u00ed mismos transgresores de su ley, la tristeza llen\u00f3 sus corazones, y manifestaron su lealtad a Dios manteniendo su s\u00e1bado santo\u00bb.<\/p>\n<p>Esta fue una decisi\u00f3n extraordinaria para este grupo tomar, ya que la gran mayor\u00eda de los cristianos adoraban el domingo, el primer d\u00eda de la semana. Sin embargo, al aceptar la Palabra de Dios como verdad y seguir sus ense\u00f1anzas, fueron guiados a comprender m\u00e1s plenamente la belleza de la Palabra de Dios y los mensajes importantes que conten\u00eda para aquellos que viv\u00edan al final de los tiempos.<\/p>\n<p>Amigo, hoy me gustar\u00eda preguntar: \u00bfcrees en la Palabra de Dios? \u00bfCrees que la ley de Dios es santa y verdadera, y como le\u00edmos antes, &#8216;Todos sus mandamientos son firmes. Permanecen para siempre y eternamente&#8217;? \u00bfTe gustar\u00eda aprender m\u00e1s sobre la perpetuidad de la ley de Dios? Si te gustar\u00eda aprender m\u00e1s sobre esta ense\u00f1anza b\u00edblica tan importante, te invito a visitar la URL que se muestra en la parte inferior de la p\u00e1gina. Te sorprender\u00e1s y enriquecer\u00e1s al aprender m\u00e1s sobre lo que dice la Biblia sobre este tema tan importante.<\/p>\n<p>Y ahora, al terminar nuestro mensaje de hoy, oremos juntos en este momento.<\/p>\n<p>Padre celestial, te agradecemos por las incre\u00edbles indicaciones en las Escrituras sobre tu servicio en el santuario y sobre lo que nos has provisto. Y por ese hermoso arca del pacto que contiene las tablas de piedra con los diez mandamientos, incluido el precioso cuarto mandamiento. Gracias por darnos el s\u00e1bado y ayudarnos a recordar que es tu d\u00eda de descanso a lo largo de la eternidad y que hoy, el s\u00e9ptimo d\u00eda, el s\u00e1bado es tan importante como cuando lo creaste al final de los seis d\u00edas de la creaci\u00f3n.<\/p>\n<p>Gracias por escucharnos en esta oraci\u00f3n y por las bendiciones mientras te adoramos y guardamos tu d\u00eda de reposo. Santo. Tu d\u00eda de reposo en el s\u00e9ptimo d\u00eda. En el nombre de Jes\u00fas, te lo pedimos. Am\u00e9n.<\/p>\n<p><iframe title=\"El Gran Conflicto Cap\u00edtulo 25: La Ley Inmutable de Dios | Pastor Ted y Nancy Wilson\" width=\"500\" height=\"281\" src=\"https:\/\/www.youtube.com\/embed\/-TssiZsVvnE?feature=oembed\" frameborder=\"0\" allow=\"accelerometer; autoplay; clipboard-write; encrypted-media; gyroscope; picture-in-picture; web-share\" referrerpolicy=\"strict-origin-when-cross-origin\" allowfullscreen><\/iframe><\/p>\n","protected":false},"excerpt":{"rendered":"<p>29 de febrero del 2024 | Silver Spring, Maryland, Estados Unidos | Ted N.C. Wilson, Presidente de la Asociaci\u00f3n General de los Adventistas del S\u00e9ptimo D\u00eda Saludos, amigos. Hemos estado&#8230;<\/p>\n","protected":false},"author":3,"featured_media":110575,"comment_status":"closed","ping_status":"closed","sticky":false,"template":"","format":"standard","meta":{"_acf_changed":false,"footnotes":""},"categories":[14,15],"tags":[],"class_list":["post-110583","post","type-post","status-publish","format-standard","has-post-thumbnail","hentry","category-de-la-iglesia-mundial","category-rss-espanol"],"acf":[],"yoast_head":"<!-- This site is optimized with the Yoast SEO plugin v27.3 - https:\/\/yoast.com\/product\/yoast-seo-wordpress\/ -->\n<title>La ley de Dios immutable - Iglesia Adventista del S\u00e9ptimo D\u00eda - Divisi\u00f3n Interamericana<\/title>\n<meta name=\"robots\" content=\"index, follow, max-snippet:-1, max-image-preview:large, max-video-preview:-1\" \/>\n<link rel=\"canonical\" href=\"https:\/\/interamerica.org\/es\/2024\/02\/la-ley-de-dios-immutable\/\" \/>\n<meta property=\"og:locale\" content=\"es_ES\" \/>\n<meta property=\"og:type\" content=\"article\" \/>\n<meta property=\"og:title\" content=\"La ley de Dios immutable - Iglesia Adventista del S\u00e9ptimo D\u00eda - Divisi\u00f3n Interamericana\" \/>\n<meta property=\"og:description\" content=\"29 de febrero del 2024 | Silver Spring, Maryland, Estados Unidos | Ted N.C. Wilson, Presidente de la Asociaci\u00f3n General de los Adventistas del S\u00e9ptimo D\u00eda Saludos, amigos. Hemos estado...\" \/>\n<meta property=\"og:url\" content=\"https:\/\/interamerica.org\/es\/2024\/02\/la-ley-de-dios-immutable\/\" \/>\n<meta property=\"og:site_name\" content=\"Iglesia Adventista del S\u00e9ptimo D\u00eda - Divisi\u00f3n Interamericana\" \/>\n<meta property=\"article:published_time\" content=\"2024-03-01T00:16:23+00:00\" \/>\n<meta property=\"article:modified_time\" content=\"2024-03-01T01:16:12+00:00\" \/>\n<meta property=\"og:image\" content=\"https:\/\/interamerica.org\/wp-content\/uploads\/2024\/02\/gods-law-immutable-es.jpg\" \/>\n\t<meta property=\"og:image:width\" content=\"1920\" \/>\n\t<meta property=\"og:image:height\" content=\"1080\" \/>\n\t<meta property=\"og:image:type\" content=\"image\/jpeg\" \/>\n<meta name=\"author\" content=\"libna\" \/>\n<meta name=\"twitter:card\" content=\"summary_large_image\" \/>\n<meta name=\"twitter:label1\" content=\"Escrito por\" \/>\n\t<meta name=\"twitter:data1\" content=\"libna\" \/>\n\t<meta name=\"twitter:label2\" content=\"Tiempo de lectura\" \/>\n\t<meta name=\"twitter:data2\" content=\"6 minutos\" \/>\n<script type=\"application\/ld+json\" class=\"yoast-schema-graph\">{\"@context\":\"https:\\\/\\\/schema.org\",\"@graph\":[{\"@type\":\"Article\",\"@id\":\"https:\\\/\\\/interamerica.org\\\/es\\\/2024\\\/02\\\/la-ley-de-dios-immutable\\\/#article\",\"isPartOf\":{\"@id\":\"https:\\\/\\\/interamerica.org\\\/es\\\/2024\\\/02\\\/la-ley-de-dios-immutable\\\/\"},\"author\":{\"name\":\"libna\",\"@id\":\"https:\\\/\\\/interamerica.org\\\/es\\\/#\\\/schema\\\/person\\\/29998f2bc2d8bd0d38662909289b54f1\"},\"headline\":\"La ley de Dios immutable\",\"datePublished\":\"2024-03-01T00:16:23+00:00\",\"dateModified\":\"2024-03-01T01:16:12+00:00\",\"mainEntityOfPage\":{\"@id\":\"https:\\\/\\\/interamerica.org\\\/es\\\/2024\\\/02\\\/la-ley-de-dios-immutable\\\/\"},\"wordCount\":1202,\"image\":{\"@id\":\"https:\\\/\\\/interamerica.org\\\/es\\\/2024\\\/02\\\/la-ley-de-dios-immutable\\\/#primaryimage\"},\"thumbnailUrl\":\"https:\\\/\\\/interamerica.org\\\/wp-content\\\/uploads\\\/2024\\\/02\\\/gods-law-immutable-es.jpg\",\"articleSection\":[\"Desde la iglesia mundial\",\"RSS Espa\u00f1ol\"],\"inLanguage\":\"es\"},{\"@type\":\"WebPage\",\"@id\":\"https:\\\/\\\/interamerica.org\\\/es\\\/2024\\\/02\\\/la-ley-de-dios-immutable\\\/\",\"url\":\"https:\\\/\\\/interamerica.org\\\/es\\\/2024\\\/02\\\/la-ley-de-dios-immutable\\\/\",\"name\":\"La ley de Dios immutable - Iglesia Adventista del S\u00e9ptimo D\u00eda - Divisi\u00f3n Interamericana\",\"isPartOf\":{\"@id\":\"https:\\\/\\\/interamerica.org\\\/es\\\/#website\"},\"primaryImageOfPage\":{\"@id\":\"https:\\\/\\\/interamerica.org\\\/es\\\/2024\\\/02\\\/la-ley-de-dios-immutable\\\/#primaryimage\"},\"image\":{\"@id\":\"https:\\\/\\\/interamerica.org\\\/es\\\/2024\\\/02\\\/la-ley-de-dios-immutable\\\/#primaryimage\"},\"thumbnailUrl\":\"https:\\\/\\\/interamerica.org\\\/wp-content\\\/uploads\\\/2024\\\/02\\\/gods-law-immutable-es.jpg\",\"datePublished\":\"2024-03-01T00:16:23+00:00\",\"dateModified\":\"2024-03-01T01:16:12+00:00\",\"author\":{\"@id\":\"https:\\\/\\\/interamerica.org\\\/es\\\/#\\\/schema\\\/person\\\/29998f2bc2d8bd0d38662909289b54f1\"},\"breadcrumb\":{\"@id\":\"https:\\\/\\\/interamerica.org\\\/es\\\/2024\\\/02\\\/la-ley-de-dios-immutable\\\/#breadcrumb\"},\"inLanguage\":\"es\",\"potentialAction\":[{\"@type\":\"ReadAction\",\"target\":[\"https:\\\/\\\/interamerica.org\\\/es\\\/2024\\\/02\\\/la-ley-de-dios-immutable\\\/\"]}]},{\"@type\":\"ImageObject\",\"inLanguage\":\"es\",\"@id\":\"https:\\\/\\\/interamerica.org\\\/es\\\/2024\\\/02\\\/la-ley-de-dios-immutable\\\/#primaryimage\",\"url\":\"https:\\\/\\\/interamerica.org\\\/wp-content\\\/uploads\\\/2024\\\/02\\\/gods-law-immutable-es.jpg\",\"contentUrl\":\"https:\\\/\\\/interamerica.org\\\/wp-content\\\/uploads\\\/2024\\\/02\\\/gods-law-immutable-es.jpg\",\"width\":1920,\"height\":1080},{\"@type\":\"BreadcrumbList\",\"@id\":\"https:\\\/\\\/interamerica.org\\\/es\\\/2024\\\/02\\\/la-ley-de-dios-immutable\\\/#breadcrumb\",\"itemListElement\":[{\"@type\":\"ListItem\",\"position\":1,\"name\":\"Home\",\"item\":\"https:\\\/\\\/interamerica.org\\\/es\\\/\"},{\"@type\":\"ListItem\",\"position\":2,\"name\":\"La ley de Dios immutable\"}]},{\"@type\":\"WebSite\",\"@id\":\"https:\\\/\\\/interamerica.org\\\/es\\\/#website\",\"url\":\"https:\\\/\\\/interamerica.org\\\/es\\\/\",\"name\":\"Iglesia Adventista del S\u00e9ptimo D\u00eda - Divisi\u00f3n Interamericana\",\"description\":\"\",\"potentialAction\":[{\"@type\":\"SearchAction\",\"target\":{\"@type\":\"EntryPoint\",\"urlTemplate\":\"https:\\\/\\\/interamerica.org\\\/es\\\/?s={search_term_string}\"},\"query-input\":{\"@type\":\"PropertyValueSpecification\",\"valueRequired\":true,\"valueName\":\"search_term_string\"}}],\"inLanguage\":\"es\"},{\"@type\":\"Person\",\"@id\":\"https:\\\/\\\/interamerica.org\\\/es\\\/#\\\/schema\\\/person\\\/29998f2bc2d8bd0d38662909289b54f1\",\"name\":\"libna\",\"image\":{\"@type\":\"ImageObject\",\"inLanguage\":\"es\",\"@id\":\"https:\\\/\\\/secure.gravatar.com\\\/avatar\\\/7c5bd30ae4b47a9ba3c856590957fd1d96dc588bf3ac05719d247e126840331f?s=96&d=mm&r=g\",\"url\":\"https:\\\/\\\/secure.gravatar.com\\\/avatar\\\/7c5bd30ae4b47a9ba3c856590957fd1d96dc588bf3ac05719d247e126840331f?s=96&d=mm&r=g\",\"contentUrl\":\"https:\\\/\\\/secure.gravatar.com\\\/avatar\\\/7c5bd30ae4b47a9ba3c856590957fd1d96dc588bf3ac05719d247e126840331f?s=96&d=mm&r=g\",\"caption\":\"libna\"}}]}<\/script>\n<!-- \/ Yoast SEO plugin. -->","yoast_head_json":{"title":"La ley de Dios immutable - Iglesia Adventista del S\u00e9ptimo D\u00eda - Divisi\u00f3n Interamericana","robots":{"index":"index","follow":"follow","max-snippet":"max-snippet:-1","max-image-preview":"max-image-preview:large","max-video-preview":"max-video-preview:-1"},"canonical":"https:\/\/interamerica.org\/es\/2024\/02\/la-ley-de-dios-immutable\/","og_locale":"es_ES","og_type":"article","og_title":"La ley de Dios immutable - Iglesia Adventista del S\u00e9ptimo D\u00eda - Divisi\u00f3n Interamericana","og_description":"29 de febrero del 2024 | Silver Spring, Maryland, Estados Unidos | Ted N.C. Wilson, Presidente de la Asociaci\u00f3n General de los Adventistas del S\u00e9ptimo D\u00eda Saludos, amigos. Hemos estado...","og_url":"https:\/\/interamerica.org\/es\/2024\/02\/la-ley-de-dios-immutable\/","og_site_name":"Iglesia Adventista del S\u00e9ptimo D\u00eda - Divisi\u00f3n Interamericana","article_published_time":"2024-03-01T00:16:23+00:00","article_modified_time":"2024-03-01T01:16:12+00:00","og_image":[{"width":1920,"height":1080,"url":"https:\/\/interamerica.org\/wp-content\/uploads\/2024\/02\/gods-law-immutable-es.jpg","type":"image\/jpeg"}],"author":"libna","twitter_card":"summary_large_image","twitter_misc":{"Escrito por":"libna","Tiempo de lectura":"6 minutos"},"schema":{"@context":"https:\/\/schema.org","@graph":[{"@type":"Article","@id":"https:\/\/interamerica.org\/es\/2024\/02\/la-ley-de-dios-immutable\/#article","isPartOf":{"@id":"https:\/\/interamerica.org\/es\/2024\/02\/la-ley-de-dios-immutable\/"},"author":{"name":"libna","@id":"https:\/\/interamerica.org\/es\/#\/schema\/person\/29998f2bc2d8bd0d38662909289b54f1"},"headline":"La ley de Dios immutable","datePublished":"2024-03-01T00:16:23+00:00","dateModified":"2024-03-01T01:16:12+00:00","mainEntityOfPage":{"@id":"https:\/\/interamerica.org\/es\/2024\/02\/la-ley-de-dios-immutable\/"},"wordCount":1202,"image":{"@id":"https:\/\/interamerica.org\/es\/2024\/02\/la-ley-de-dios-immutable\/#primaryimage"},"thumbnailUrl":"https:\/\/interamerica.org\/wp-content\/uploads\/2024\/02\/gods-law-immutable-es.jpg","articleSection":["Desde la iglesia mundial","RSS Espa\u00f1ol"],"inLanguage":"es"},{"@type":"WebPage","@id":"https:\/\/interamerica.org\/es\/2024\/02\/la-ley-de-dios-immutable\/","url":"https:\/\/interamerica.org\/es\/2024\/02\/la-ley-de-dios-immutable\/","name":"La ley de Dios immutable - Iglesia Adventista del S\u00e9ptimo D\u00eda - Divisi\u00f3n Interamericana","isPartOf":{"@id":"https:\/\/interamerica.org\/es\/#website"},"primaryImageOfPage":{"@id":"https:\/\/interamerica.org\/es\/2024\/02\/la-ley-de-dios-immutable\/#primaryimage"},"image":{"@id":"https:\/\/interamerica.org\/es\/2024\/02\/la-ley-de-dios-immutable\/#primaryimage"},"thumbnailUrl":"https:\/\/interamerica.org\/wp-content\/uploads\/2024\/02\/gods-law-immutable-es.jpg","datePublished":"2024-03-01T00:16:23+00:00","dateModified":"2024-03-01T01:16:12+00:00","author":{"@id":"https:\/\/interamerica.org\/es\/#\/schema\/person\/29998f2bc2d8bd0d38662909289b54f1"},"breadcrumb":{"@id":"https:\/\/interamerica.org\/es\/2024\/02\/la-ley-de-dios-immutable\/#breadcrumb"},"inLanguage":"es","potentialAction":[{"@type":"ReadAction","target":["https:\/\/interamerica.org\/es\/2024\/02\/la-ley-de-dios-immutable\/"]}]},{"@type":"ImageObject","inLanguage":"es","@id":"https:\/\/interamerica.org\/es\/2024\/02\/la-ley-de-dios-immutable\/#primaryimage","url":"https:\/\/interamerica.org\/wp-content\/uploads\/2024\/02\/gods-law-immutable-es.jpg","contentUrl":"https:\/\/interamerica.org\/wp-content\/uploads\/2024\/02\/gods-law-immutable-es.jpg","width":1920,"height":1080},{"@type":"BreadcrumbList","@id":"https:\/\/interamerica.org\/es\/2024\/02\/la-ley-de-dios-immutable\/#breadcrumb","itemListElement":[{"@type":"ListItem","position":1,"name":"Home","item":"https:\/\/interamerica.org\/es\/"},{"@type":"ListItem","position":2,"name":"La ley de Dios immutable"}]},{"@type":"WebSite","@id":"https:\/\/interamerica.org\/es\/#website","url":"https:\/\/interamerica.org\/es\/","name":"Iglesia Adventista del S\u00e9ptimo D\u00eda - Divisi\u00f3n Interamericana","description":"","potentialAction":[{"@type":"SearchAction","target":{"@type":"EntryPoint","urlTemplate":"https:\/\/interamerica.org\/es\/?s={search_term_string}"},"query-input":{"@type":"PropertyValueSpecification","valueRequired":true,"valueName":"search_term_string"}}],"inLanguage":"es"},{"@type":"Person","@id":"https:\/\/interamerica.org\/es\/#\/schema\/person\/29998f2bc2d8bd0d38662909289b54f1","name":"libna","image":{"@type":"ImageObject","inLanguage":"es","@id":"https:\/\/secure.gravatar.com\/avatar\/7c5bd30ae4b47a9ba3c856590957fd1d96dc588bf3ac05719d247e126840331f?s=96&d=mm&r=g","url":"https:\/\/secure.gravatar.com\/avatar\/7c5bd30ae4b47a9ba3c856590957fd1d96dc588bf3ac05719d247e126840331f?s=96&d=mm&r=g","contentUrl":"https:\/\/secure.gravatar.com\/avatar\/7c5bd30ae4b47a9ba3c856590957fd1d96dc588bf3ac05719d247e126840331f?s=96&d=mm&r=g","caption":"libna"}}]}},"_links":{"self":[{"href":"https:\/\/interamerica.org\/es\/wp-json\/wp\/v2\/posts\/110583","targetHints":{"allow":["GET"]}}],"collection":[{"href":"https:\/\/interamerica.org\/es\/wp-json\/wp\/v2\/posts"}],"about":[{"href":"https:\/\/interamerica.org\/es\/wp-json\/wp\/v2\/types\/post"}],"author":[{"embeddable":true,"href":"https:\/\/interamerica.org\/es\/wp-json\/wp\/v2\/users\/3"}],"replies":[{"embeddable":true,"href":"https:\/\/interamerica.org\/es\/wp-json\/wp\/v2\/comments?post=110583"}],"version-history":[{"count":0,"href":"https:\/\/interamerica.org\/es\/wp-json\/wp\/v2\/posts\/110583\/revisions"}],"wp:featuredmedia":[{"embeddable":true,"href":"https:\/\/interamerica.org\/es\/wp-json\/wp\/v2\/media\/110575"}],"wp:attachment":[{"href":"https:\/\/interamerica.org\/es\/wp-json\/wp\/v2\/media?parent=110583"}],"wp:term":[{"taxonomy":"category","embeddable":true,"href":"https:\/\/interamerica.org\/es\/wp-json\/wp\/v2\/categories?post=110583"},{"taxonomy":"post_tag","embeddable":true,"href":"https:\/\/interamerica.org\/es\/wp-json\/wp\/v2\/tags?post=110583"}],"curies":[{"name":"wp","href":"https:\/\/api.w.org\/{rel}","templated":true}]}}