{"id":11067,"date":"2007-11-05T00:00:00","date_gmt":"2007-11-05T04:00:00","guid":{"rendered":"http:\/\/192.81.217.108\/interamerica\/2007\/11\/jamaica-la-mas-grande-institucion-adventista-celebra-100-anos\/"},"modified":"2017-06-02T09:10:35","modified_gmt":"2017-06-02T13:10:35","slug":"jamaica-la-mas-grande-institucion-adventista-celebra-100-anos","status":"publish","type":"post","link":"https:\/\/interamerica.org\/es\/2007\/11\/jamaica-la-mas-grande-institucion-adventista-celebra-100-anos\/","title":{"rendered":"Jamaica: La m\u00e1s grande instituci\u00f3n adventista celebra 100 a\u00f1os"},"content":{"rendered":"<p>Mandeville, Jamaica&#8230;[Libna Stevens\/DIA] <\/p>\n<p>La Universidad Norte\u00f1a del Caribe (NCU), una insituci\u00f3n adventista localizada en Mandeville, Jamaica, recientemente celebr\u00f3 su centenario, evento que tuvo una asistencia de m\u00e1s de 3,000 alumnos, facultad e invitados especiales en el territorio el s\u00e1bado, 27 de octubre. Con frecuencia, la NCU se distingue entre las instituciones adventistas por tener la matr\u00edicula m\u00e1s grande en el mundo, casi 6,000 estudiantes. <\/p>\n<p>El Dr. Herbert J. Thompson, PhD., presidente de la NCU por los \u00faltimos 17 a\u00f1os, expres\u00f3 que se sent\u00eda orgulloso de ser parte del \u00e9xito de la instituci\u00f3n. <\/p>\n<p>\u00abMe hace sentir feliz porque yo soy privilegiado de ser parte del equipo trabajador aqu\u00ed en NCU, uniendo esfuerzos con otros que han participado en la iluminaci\u00f3n de las personas\u00bb, dijo el Dr. Thompson, qui\u00e9n el mismo es un producto de la NCU. <\/p>\n<p>Patrick L. Allen, PhD., presidente de la iglesia en las Indias Occidentales  y presidente de junta de gobierno de NCU, le dio la bienvenida a los hu\u00e9spedes al servicio de acci\u00f3n de gracia para conmemorar el logro hist\u00f3rico de la instituci\u00f3n. <\/p>\n<p>\u00abEste es un servicio de alabanza y de acci\u00f3n de gracia a Dios por un siglo de bendiciones, un siglo de su direcci\u00f3n llena de prop\u00f3sito, un siglo de visi\u00f3n, un siglo de apoyo de parte de la membres\u00eda y los tenedur\u00eda, un siglo de preparar j\u00f3venes para el reino de Dios y para servir a la humanidad, un siglo de existencia y de testificaci\u00f3n intencional de la Universidad Norte\u00f1a del Caribe\u00bb, dijo el doctor Allen. <\/p>\n<p>A la celebraci\u00f3n se uni\u00f3 el pastor Jan  Paulsen, presidente de la iglesia adventista a nivel mundial quien vino para la ocasi\u00f3n especial como orador invitado. <\/p>\n<p>\u00abQuiero felicitarles por haber llegado a esta edad en su ilustre historia\u00bb, dijo el pastor Paulsen. \u00abCien a\u00f1os y casi la mitad de esos ustedes han sido una instituci\u00f3n otorgadora de grados, y han educado generaciones de siervos de Dios no solamente en esta isla, sino tambi\u00e9n en otros lugares\u00bb. <\/p>\n<p>El l\u00edder mundial adventista extendi\u00f3 felicitaciones por los logros en habilidades tecnol\u00f3gicas que la NCU obtuvo hace poco cuando el equipo dise\u00f1ador de software de la instituci\u00f3n se hizo al tercer lugar en la Copa Imagine de Microsoft en Seul, Corea del Sur. <\/p>\n<p>El pastor Israel Leito, presidente de la iglesia a nivel de Interam\u00e9rica, tambi\u00e9n asisti\u00f3 a la celebraci\u00f3n. <\/p>\n<p>El programa especial de dos horas que incluy\u00f3 un coro de 100 voces, se transmiti\u00f3 en vivo por televisi\u00f3n por cable como parte del lanzamiento de Hope TV en Jamaica. Un estimado de miles presenciaron el evento en sus televisores en casa en la isla y alrededor del mundo. <\/p>\n<p>La Universidad Norte\u00f1a del Caribe es actualmente la m\u00e1s numerosa entre 13 universidades adventistas en el territorio de la Divisi\u00f3n Interamericana, y es la primera en celebrar un aniversario de cien a\u00f1os. <\/p>\n<p>Conocida anteriormente como West Indies College, la Universidad Norte\u00f1a del Caribe empez\u00f3 como West Indian Training School en 1907. Hoy, NCU ofrerce docenas de programas de pregrado y varios de Maestr\u00eda y doctorados a sus m\u00e1s de 5,700 estudiantes en el campus principal de Mandeville y tres otros recintos en Kingston, Brownstown y Montego Bay. <\/p>\n<p>Para m\u00e1s informaci\u00f3n sobre la Universidad Norte\u00f1a del Caribe y sus programas de grado, visite <a  href=\"http:\/\/www.ncu.edu.jm.http\/\/www.ncu.edu.jm\/\">www.ncu.edu.jm.http:\/\/www.ncu.edu.jm\/<\/a > <\/p>\n<p>Para ver la galer\u00eda de fotograf\u00edas del evento centenario de NCU, haga clic aqu\u00ed. <\/p><\/p>\n","protected":false},"excerpt":{"rendered":"<p>La Universidad Norte\u00f1a del Caribe (NCU), una insituci\u00f3n adventista localizada en Mandeville, Jamaica, recientemente celebr\u00f3 su centenario, evento que tuvo una asistencia de m\u00e1s de 3,000 estudiantes&#8230;<\/p>\n","protected":false},"author":1,"featured_media":0,"comment_status":"closed","ping_status":"closed","sticky":false,"template":"","format":"standard","meta":{"_acf_changed":false,"footnotes":""},"categories":[8],"tags":[],"class_list":["post-11067","post","type-post","status-publish","format-standard","hentry","category-archivo"],"acf":[],"yoast_head":"<!-- This site is optimized with the Yoast SEO plugin v27.3 - https:\/\/yoast.com\/product\/yoast-seo-wordpress\/ -->\n<title>Jamaica: La m\u00e1s grande instituci\u00f3n adventista celebra 100 a\u00f1os - Iglesia Adventista del S\u00e9ptimo D\u00eda - Divisi\u00f3n Interamericana<\/title>\n<meta name=\"robots\" content=\"index, follow, max-snippet:-1, max-image-preview:large, max-video-preview:-1\" \/>\n<link rel=\"canonical\" href=\"https:\/\/interamerica.org\/es\/2007\/11\/jamaica-la-mas-grande-institucion-adventista-celebra-100-anos\/\" \/>\n<meta property=\"og:locale\" content=\"es_ES\" \/>\n<meta property=\"og:type\" content=\"article\" \/>\n<meta property=\"og:title\" content=\"Jamaica: La m\u00e1s grande instituci\u00f3n adventista celebra 100 a\u00f1os - Iglesia Adventista del S\u00e9ptimo D\u00eda - Divisi\u00f3n Interamericana\" \/>\n<meta property=\"og:description\" content=\"La Universidad Norte\u00f1a del Caribe (NCU), una insituci\u00f3n adventista localizada en Mandeville, Jamaica, recientemente celebr\u00f3 su centenario, evento que tuvo una asistencia de m\u00e1s de 3,000 estudiantes...\" \/>\n<meta property=\"og:url\" content=\"https:\/\/interamerica.org\/es\/2007\/11\/jamaica-la-mas-grande-institucion-adventista-celebra-100-anos\/\" \/>\n<meta property=\"og:site_name\" content=\"Iglesia Adventista del S\u00e9ptimo D\u00eda - Divisi\u00f3n Interamericana\" \/>\n<meta property=\"article:published_time\" content=\"2007-11-05T04:00:00+00:00\" \/>\n<meta property=\"article:modified_time\" content=\"2017-06-02T13:10:35+00:00\" \/>\n<meta name=\"author\" content=\"Lorenzo Verduzco\" \/>\n<meta name=\"twitter:card\" content=\"summary_large_image\" \/>\n<meta name=\"twitter:label1\" content=\"Escrito por\" \/>\n\t<meta name=\"twitter:data1\" content=\"Lorenzo Verduzco\" \/>\n\t<meta name=\"twitter:label2\" content=\"Tiempo de lectura\" \/>\n\t<meta name=\"twitter:data2\" content=\"3 minutos\" \/>\n<script type=\"application\/ld+json\" class=\"yoast-schema-graph\">{\"@context\":\"https:\\\/\\\/schema.org\",\"@graph\":[{\"@type\":\"Article\",\"@id\":\"https:\\\/\\\/interamerica.org\\\/es\\\/2007\\\/11\\\/jamaica-la-mas-grande-institucion-adventista-celebra-100-anos\\\/#article\",\"isPartOf\":{\"@id\":\"https:\\\/\\\/interamerica.org\\\/es\\\/2007\\\/11\\\/jamaica-la-mas-grande-institucion-adventista-celebra-100-anos\\\/\"},\"author\":{\"name\":\"Lorenzo Verduzco\",\"@id\":\"https:\\\/\\\/interamerica.org\\\/es\\\/#\\\/schema\\\/person\\\/68ede8bdc292885bb76c1e3810e73c39\"},\"headline\":\"Jamaica: La m\u00e1s grande instituci\u00f3n adventista celebra 100 a\u00f1os\",\"datePublished\":\"2007-11-05T04:00:00+00:00\",\"dateModified\":\"2017-06-02T13:10:35+00:00\",\"mainEntityOfPage\":{\"@id\":\"https:\\\/\\\/interamerica.org\\\/es\\\/2007\\\/11\\\/jamaica-la-mas-grande-institucion-adventista-celebra-100-anos\\\/\"},\"wordCount\":616,\"articleSection\":[\"Archivo\"],\"inLanguage\":\"es\"},{\"@type\":\"WebPage\",\"@id\":\"https:\\\/\\\/interamerica.org\\\/es\\\/2007\\\/11\\\/jamaica-la-mas-grande-institucion-adventista-celebra-100-anos\\\/\",\"url\":\"https:\\\/\\\/interamerica.org\\\/es\\\/2007\\\/11\\\/jamaica-la-mas-grande-institucion-adventista-celebra-100-anos\\\/\",\"name\":\"Jamaica: La m\u00e1s grande instituci\u00f3n adventista celebra 100 a\u00f1os - Iglesia Adventista del S\u00e9ptimo D\u00eda - Divisi\u00f3n Interamericana\",\"isPartOf\":{\"@id\":\"https:\\\/\\\/interamerica.org\\\/es\\\/#website\"},\"datePublished\":\"2007-11-05T04:00:00+00:00\",\"dateModified\":\"2017-06-02T13:10:35+00:00\",\"author\":{\"@id\":\"https:\\\/\\\/interamerica.org\\\/es\\\/#\\\/schema\\\/person\\\/68ede8bdc292885bb76c1e3810e73c39\"},\"breadcrumb\":{\"@id\":\"https:\\\/\\\/interamerica.org\\\/es\\\/2007\\\/11\\\/jamaica-la-mas-grande-institucion-adventista-celebra-100-anos\\\/#breadcrumb\"},\"inLanguage\":\"es\",\"potentialAction\":[{\"@type\":\"ReadAction\",\"target\":[\"https:\\\/\\\/interamerica.org\\\/es\\\/2007\\\/11\\\/jamaica-la-mas-grande-institucion-adventista-celebra-100-anos\\\/\"]}]},{\"@type\":\"BreadcrumbList\",\"@id\":\"https:\\\/\\\/interamerica.org\\\/es\\\/2007\\\/11\\\/jamaica-la-mas-grande-institucion-adventista-celebra-100-anos\\\/#breadcrumb\",\"itemListElement\":[{\"@type\":\"ListItem\",\"position\":1,\"name\":\"Home\",\"item\":\"https:\\\/\\\/interamerica.org\\\/es\\\/\"},{\"@type\":\"ListItem\",\"position\":2,\"name\":\"Jamaica: La m\u00e1s grande instituci\u00f3n adventista celebra 100 a\u00f1os\"}]},{\"@type\":\"WebSite\",\"@id\":\"https:\\\/\\\/interamerica.org\\\/es\\\/#website\",\"url\":\"https:\\\/\\\/interamerica.org\\\/es\\\/\",\"name\":\"Iglesia Adventista del S\u00e9ptimo D\u00eda - Divisi\u00f3n Interamericana\",\"description\":\"\",\"potentialAction\":[{\"@type\":\"SearchAction\",\"target\":{\"@type\":\"EntryPoint\",\"urlTemplate\":\"https:\\\/\\\/interamerica.org\\\/es\\\/?s={search_term_string}\"},\"query-input\":{\"@type\":\"PropertyValueSpecification\",\"valueRequired\":true,\"valueName\":\"search_term_string\"}}],\"inLanguage\":\"es\"},{\"@type\":\"Person\",\"@id\":\"https:\\\/\\\/interamerica.org\\\/es\\\/#\\\/schema\\\/person\\\/68ede8bdc292885bb76c1e3810e73c39\",\"name\":\"Lorenzo Verduzco\",\"image\":{\"@type\":\"ImageObject\",\"inLanguage\":\"es\",\"@id\":\"https:\\\/\\\/secure.gravatar.com\\\/avatar\\\/fb81a55b6218459490a9c1dc841a34909185b81904c5337b4b27f7a6fd60c49e?s=96&d=mm&r=g\",\"url\":\"https:\\\/\\\/secure.gravatar.com\\\/avatar\\\/fb81a55b6218459490a9c1dc841a34909185b81904c5337b4b27f7a6fd60c49e?s=96&d=mm&r=g\",\"contentUrl\":\"https:\\\/\\\/secure.gravatar.com\\\/avatar\\\/fb81a55b6218459490a9c1dc841a34909185b81904c5337b4b27f7a6fd60c49e?s=96&d=mm&r=g\",\"caption\":\"Lorenzo Verduzco\"}}]}<\/script>\n<!-- \/ Yoast SEO plugin. -->","yoast_head_json":{"title":"Jamaica: La m\u00e1s grande instituci\u00f3n adventista celebra 100 a\u00f1os - Iglesia Adventista del S\u00e9ptimo D\u00eda - Divisi\u00f3n Interamericana","robots":{"index":"index","follow":"follow","max-snippet":"max-snippet:-1","max-image-preview":"max-image-preview:large","max-video-preview":"max-video-preview:-1"},"canonical":"https:\/\/interamerica.org\/es\/2007\/11\/jamaica-la-mas-grande-institucion-adventista-celebra-100-anos\/","og_locale":"es_ES","og_type":"article","og_title":"Jamaica: La m\u00e1s grande instituci\u00f3n adventista celebra 100 a\u00f1os - Iglesia Adventista del S\u00e9ptimo D\u00eda - Divisi\u00f3n Interamericana","og_description":"La Universidad Norte\u00f1a del Caribe (NCU), una insituci\u00f3n adventista localizada en Mandeville, Jamaica, recientemente celebr\u00f3 su centenario, evento que tuvo una asistencia de m\u00e1s de 3,000 estudiantes...","og_url":"https:\/\/interamerica.org\/es\/2007\/11\/jamaica-la-mas-grande-institucion-adventista-celebra-100-anos\/","og_site_name":"Iglesia Adventista del S\u00e9ptimo D\u00eda - Divisi\u00f3n Interamericana","article_published_time":"2007-11-05T04:00:00+00:00","article_modified_time":"2017-06-02T13:10:35+00:00","author":"Lorenzo Verduzco","twitter_card":"summary_large_image","twitter_misc":{"Escrito por":"Lorenzo Verduzco","Tiempo de lectura":"3 minutos"},"schema":{"@context":"https:\/\/schema.org","@graph":[{"@type":"Article","@id":"https:\/\/interamerica.org\/es\/2007\/11\/jamaica-la-mas-grande-institucion-adventista-celebra-100-anos\/#article","isPartOf":{"@id":"https:\/\/interamerica.org\/es\/2007\/11\/jamaica-la-mas-grande-institucion-adventista-celebra-100-anos\/"},"author":{"name":"Lorenzo Verduzco","@id":"https:\/\/interamerica.org\/es\/#\/schema\/person\/68ede8bdc292885bb76c1e3810e73c39"},"headline":"Jamaica: La m\u00e1s grande instituci\u00f3n adventista celebra 100 a\u00f1os","datePublished":"2007-11-05T04:00:00+00:00","dateModified":"2017-06-02T13:10:35+00:00","mainEntityOfPage":{"@id":"https:\/\/interamerica.org\/es\/2007\/11\/jamaica-la-mas-grande-institucion-adventista-celebra-100-anos\/"},"wordCount":616,"articleSection":["Archivo"],"inLanguage":"es"},{"@type":"WebPage","@id":"https:\/\/interamerica.org\/es\/2007\/11\/jamaica-la-mas-grande-institucion-adventista-celebra-100-anos\/","url":"https:\/\/interamerica.org\/es\/2007\/11\/jamaica-la-mas-grande-institucion-adventista-celebra-100-anos\/","name":"Jamaica: La m\u00e1s grande instituci\u00f3n adventista celebra 100 a\u00f1os - Iglesia Adventista del S\u00e9ptimo D\u00eda - Divisi\u00f3n Interamericana","isPartOf":{"@id":"https:\/\/interamerica.org\/es\/#website"},"datePublished":"2007-11-05T04:00:00+00:00","dateModified":"2017-06-02T13:10:35+00:00","author":{"@id":"https:\/\/interamerica.org\/es\/#\/schema\/person\/68ede8bdc292885bb76c1e3810e73c39"},"breadcrumb":{"@id":"https:\/\/interamerica.org\/es\/2007\/11\/jamaica-la-mas-grande-institucion-adventista-celebra-100-anos\/#breadcrumb"},"inLanguage":"es","potentialAction":[{"@type":"ReadAction","target":["https:\/\/interamerica.org\/es\/2007\/11\/jamaica-la-mas-grande-institucion-adventista-celebra-100-anos\/"]}]},{"@type":"BreadcrumbList","@id":"https:\/\/interamerica.org\/es\/2007\/11\/jamaica-la-mas-grande-institucion-adventista-celebra-100-anos\/#breadcrumb","itemListElement":[{"@type":"ListItem","position":1,"name":"Home","item":"https:\/\/interamerica.org\/es\/"},{"@type":"ListItem","position":2,"name":"Jamaica: La m\u00e1s grande instituci\u00f3n adventista celebra 100 a\u00f1os"}]},{"@type":"WebSite","@id":"https:\/\/interamerica.org\/es\/#website","url":"https:\/\/interamerica.org\/es\/","name":"Iglesia Adventista del S\u00e9ptimo D\u00eda - Divisi\u00f3n Interamericana","description":"","potentialAction":[{"@type":"SearchAction","target":{"@type":"EntryPoint","urlTemplate":"https:\/\/interamerica.org\/es\/?s={search_term_string}"},"query-input":{"@type":"PropertyValueSpecification","valueRequired":true,"valueName":"search_term_string"}}],"inLanguage":"es"},{"@type":"Person","@id":"https:\/\/interamerica.org\/es\/#\/schema\/person\/68ede8bdc292885bb76c1e3810e73c39","name":"Lorenzo Verduzco","image":{"@type":"ImageObject","inLanguage":"es","@id":"https:\/\/secure.gravatar.com\/avatar\/fb81a55b6218459490a9c1dc841a34909185b81904c5337b4b27f7a6fd60c49e?s=96&d=mm&r=g","url":"https:\/\/secure.gravatar.com\/avatar\/fb81a55b6218459490a9c1dc841a34909185b81904c5337b4b27f7a6fd60c49e?s=96&d=mm&r=g","contentUrl":"https:\/\/secure.gravatar.com\/avatar\/fb81a55b6218459490a9c1dc841a34909185b81904c5337b4b27f7a6fd60c49e?s=96&d=mm&r=g","caption":"Lorenzo Verduzco"}}]}},"_links":{"self":[{"href":"https:\/\/interamerica.org\/es\/wp-json\/wp\/v2\/posts\/11067","targetHints":{"allow":["GET"]}}],"collection":[{"href":"https:\/\/interamerica.org\/es\/wp-json\/wp\/v2\/posts"}],"about":[{"href":"https:\/\/interamerica.org\/es\/wp-json\/wp\/v2\/types\/post"}],"author":[{"embeddable":true,"href":"https:\/\/interamerica.org\/es\/wp-json\/wp\/v2\/users\/1"}],"replies":[{"embeddable":true,"href":"https:\/\/interamerica.org\/es\/wp-json\/wp\/v2\/comments?post=11067"}],"version-history":[{"count":0,"href":"https:\/\/interamerica.org\/es\/wp-json\/wp\/v2\/posts\/11067\/revisions"}],"wp:attachment":[{"href":"https:\/\/interamerica.org\/es\/wp-json\/wp\/v2\/media?parent=11067"}],"wp:term":[{"taxonomy":"category","embeddable":true,"href":"https:\/\/interamerica.org\/es\/wp-json\/wp\/v2\/categories?post=11067"},{"taxonomy":"post_tag","embeddable":true,"href":"https:\/\/interamerica.org\/es\/wp-json\/wp\/v2\/tags?post=11067"}],"curies":[{"name":"wp","href":"https:\/\/api.w.org\/{rel}","templated":true}]}}