{"id":11079,"date":"2007-12-10T00:00:00","date_gmt":"2007-12-10T04:00:00","guid":{"rendered":"http:\/\/192.81.217.108\/interamerica\/2007\/12\/lideres-de-la-iglesia-exigen-mayor-enfasis-sobre-derechos-humanos-fundamentales\/"},"modified":"2017-06-02T09:10:27","modified_gmt":"2017-06-02T13:10:27","slug":"lideres-de-la-iglesia-exigen-mayor-enfasis-sobre-derechos-humanos-fundamentales","status":"publish","type":"post","link":"https:\/\/interamerica.org\/es\/2007\/12\/lideres-de-la-iglesia-exigen-mayor-enfasis-sobre-derechos-humanos-fundamentales\/","title":{"rendered":"L\u00edderes de la iglesia exigen mayor \u00e9nfasis sobre derechos humanos fundamentales"},"content":{"rendered":"<p>10 de diciembre, 2007 Nueva York, Nueva York, Estados Unidos&#8230; Personal de PARL\/ANN. <\/p>\n<p>Los l\u00edderes de la Iglesia Adventista del S\u00e9ptimo D\u00eda piden, ya, un mayor \u00e9nfasis sobre los derechos humanos fundamentales en la sociedad y la iglesia. <\/p>\n<p>Jonathan Gallahher, oficial de enlace de la iglesia en las Naciones Unidas, habl\u00f3 en el lanzamiento del <em >D\u00eda de los Derechos Humanos<\/em > en la ciudad de Nueva York, marcando el comienzo de un programa de NU de un a\u00f1o de duraci\u00f3n designado para reafirmar derechos y libertades en anticipaci\u00f3n al <em >Sexag\u00e9simo Aniversario de la Declaraci\u00f3n de los Derechos Humanos <\/em >de esa organizaci\u00f3n. <\/p>\n<p>\u00abDesde 1948 y la implementaci\u00f3n de la Declaraci\u00f3n Universal, hemos visto bastantes buenas palabras y teor\u00eda, pero a\u00fan tenemos cantidad de problemas en el \u00e1rea de derechos humanos, dijo Gallagher. \u00abAlrededor de todo el mundo la gente est\u00e1 sufriendo porque sus derechos b\u00e1sicos de seres humanos est\u00e1n siendo pisoteados. En ninguna otra \u00e1rea es esto m\u00e1s evidente que en libertad religiosa, con persecuci\u00f3n e intolerancia a\u00fan elevadas en la agenda de violaciones que necesitan que se les ponga paro\u00bb. <\/p>\n<p>Gallagher se\u00f1al\u00f3 a las actuales negaciones de libertad de confesi\u00f3n en varios pa\u00edses, incluyendo Arabia Saudita, Corea del Norte, las Maldives, Myanmar, Eritrea, Cambodia, Vietnam, China, Turkmenist\u00e1n y otros pa\u00edses de Asia central. <\/p>\n<p>\u00abMientras celebramos lo logrado durante los \u00faltimos 60 a\u00f1os desde la declaraci\u00f3n, no podemos estar ciegos a los retos, en constante aumento, a los derechos a la libertad de profesar una confesi\u00f3n y adorar\u00bb, dijo Gallagher. Como iglesia, permanecemos del todo comprometidos con la libertad de conciencia, y pedimos a cada uno trabajar unidos para asegurar que los derechos humanos son valorados en la pr\u00e1ctica y no en la mera teor\u00eda\u00bb. <\/p>\n<p>Hablando en una reuni\u00f3n, previa al lanzamiento el 6 de diciembre, Jean-Pierre Lacroix, Diputado Permanente que representa a Francia en NU, y co-patrocinador del programa, dijo que, aunque \u00abla Declaraci\u00f3n no era el punto final, y no todo se hab\u00eda logrado\u00bb, el aniversario era \u00abuna oportunidad para reafirmar la universalidad de los derechos humanos\u00bb. <\/p>\n<p>En la misma reuni\u00f3n, Craig Mokhiber, diputado director para la oficina del Alto Comisionado para los Derechos Humanos, coment\u00f3 que el programa propuesto \u00abno era tanto una celebraci\u00f3n, pero m\u00e1s que todo, una necesidad de compromiso\u00bb. Agreg\u00f3 que, actualmente se lleva a cabo un asalto a los derechos humanos\u00bb, y si eso no es atendido, \u00abel Sexag\u00e9simo Aniversario ser\u00e1 m\u00e1s como un funeral para los derechos humanos\u00bb.  <\/p>\n<\/p><\/p>\n","protected":false},"excerpt":{"rendered":"<p>La Iglesia Adventista del S\u00e9ptimo D\u00eda pide ahora un \u00e9nfasis mayor sobre los derechos humanos fundamentales en la sociedad y en la iglesia.<\/p>\n","protected":false},"author":1,"featured_media":0,"comment_status":"closed","ping_status":"closed","sticky":false,"template":"","format":"standard","meta":{"_acf_changed":false,"footnotes":""},"categories":[8],"tags":[],"class_list":["post-11079","post","type-post","status-publish","format-standard","hentry","category-archivo"],"acf":[],"yoast_head":"<!-- This site is optimized with the Yoast SEO plugin v27.3 - https:\/\/yoast.com\/product\/yoast-seo-wordpress\/ -->\n<title>L\u00edderes de la iglesia exigen mayor \u00e9nfasis sobre derechos humanos fundamentales - Iglesia Adventista del S\u00e9ptimo D\u00eda - Divisi\u00f3n Interamericana<\/title>\n<meta name=\"robots\" content=\"index, follow, max-snippet:-1, max-image-preview:large, max-video-preview:-1\" \/>\n<link rel=\"canonical\" href=\"https:\/\/interamerica.org\/es\/2007\/12\/lideres-de-la-iglesia-exigen-mayor-enfasis-sobre-derechos-humanos-fundamentales\/\" \/>\n<meta property=\"og:locale\" content=\"es_ES\" \/>\n<meta property=\"og:type\" content=\"article\" \/>\n<meta property=\"og:title\" content=\"L\u00edderes de la iglesia exigen mayor \u00e9nfasis sobre derechos humanos fundamentales - Iglesia Adventista del S\u00e9ptimo D\u00eda - Divisi\u00f3n Interamericana\" \/>\n<meta property=\"og:description\" content=\"La Iglesia Adventista del S\u00e9ptimo D\u00eda pide ahora un \u00e9nfasis mayor sobre los derechos humanos fundamentales en la sociedad y en la iglesia.\" \/>\n<meta property=\"og:url\" content=\"https:\/\/interamerica.org\/es\/2007\/12\/lideres-de-la-iglesia-exigen-mayor-enfasis-sobre-derechos-humanos-fundamentales\/\" \/>\n<meta property=\"og:site_name\" content=\"Iglesia Adventista del S\u00e9ptimo D\u00eda - Divisi\u00f3n Interamericana\" \/>\n<meta property=\"article:published_time\" content=\"2007-12-10T04:00:00+00:00\" \/>\n<meta property=\"article:modified_time\" content=\"2017-06-02T13:10:27+00:00\" \/>\n<meta name=\"author\" content=\"Lorenzo Verduzco\" \/>\n<meta name=\"twitter:card\" content=\"summary_large_image\" \/>\n<meta name=\"twitter:label1\" content=\"Escrito por\" \/>\n\t<meta name=\"twitter:data1\" content=\"Lorenzo Verduzco\" \/>\n\t<meta name=\"twitter:label2\" content=\"Tiempo de lectura\" \/>\n\t<meta name=\"twitter:data2\" content=\"2 minutos\" \/>\n<script type=\"application\/ld+json\" class=\"yoast-schema-graph\">{\"@context\":\"https:\\\/\\\/schema.org\",\"@graph\":[{\"@type\":\"Article\",\"@id\":\"https:\\\/\\\/interamerica.org\\\/es\\\/2007\\\/12\\\/lideres-de-la-iglesia-exigen-mayor-enfasis-sobre-derechos-humanos-fundamentales\\\/#article\",\"isPartOf\":{\"@id\":\"https:\\\/\\\/interamerica.org\\\/es\\\/2007\\\/12\\\/lideres-de-la-iglesia-exigen-mayor-enfasis-sobre-derechos-humanos-fundamentales\\\/\"},\"author\":{\"name\":\"Lorenzo Verduzco\",\"@id\":\"https:\\\/\\\/interamerica.org\\\/es\\\/#\\\/schema\\\/person\\\/68ede8bdc292885bb76c1e3810e73c39\"},\"headline\":\"L\u00edderes de la iglesia exigen mayor \u00e9nfasis sobre derechos humanos fundamentales\",\"datePublished\":\"2007-12-10T04:00:00+00:00\",\"dateModified\":\"2017-06-02T13:10:27+00:00\",\"mainEntityOfPage\":{\"@id\":\"https:\\\/\\\/interamerica.org\\\/es\\\/2007\\\/12\\\/lideres-de-la-iglesia-exigen-mayor-enfasis-sobre-derechos-humanos-fundamentales\\\/\"},\"wordCount\":449,\"articleSection\":[\"Archivo\"],\"inLanguage\":\"es\"},{\"@type\":\"WebPage\",\"@id\":\"https:\\\/\\\/interamerica.org\\\/es\\\/2007\\\/12\\\/lideres-de-la-iglesia-exigen-mayor-enfasis-sobre-derechos-humanos-fundamentales\\\/\",\"url\":\"https:\\\/\\\/interamerica.org\\\/es\\\/2007\\\/12\\\/lideres-de-la-iglesia-exigen-mayor-enfasis-sobre-derechos-humanos-fundamentales\\\/\",\"name\":\"L\u00edderes de la iglesia exigen mayor \u00e9nfasis sobre derechos humanos fundamentales - Iglesia Adventista del S\u00e9ptimo D\u00eda - Divisi\u00f3n Interamericana\",\"isPartOf\":{\"@id\":\"https:\\\/\\\/interamerica.org\\\/es\\\/#website\"},\"datePublished\":\"2007-12-10T04:00:00+00:00\",\"dateModified\":\"2017-06-02T13:10:27+00:00\",\"author\":{\"@id\":\"https:\\\/\\\/interamerica.org\\\/es\\\/#\\\/schema\\\/person\\\/68ede8bdc292885bb76c1e3810e73c39\"},\"breadcrumb\":{\"@id\":\"https:\\\/\\\/interamerica.org\\\/es\\\/2007\\\/12\\\/lideres-de-la-iglesia-exigen-mayor-enfasis-sobre-derechos-humanos-fundamentales\\\/#breadcrumb\"},\"inLanguage\":\"es\",\"potentialAction\":[{\"@type\":\"ReadAction\",\"target\":[\"https:\\\/\\\/interamerica.org\\\/es\\\/2007\\\/12\\\/lideres-de-la-iglesia-exigen-mayor-enfasis-sobre-derechos-humanos-fundamentales\\\/\"]}]},{\"@type\":\"BreadcrumbList\",\"@id\":\"https:\\\/\\\/interamerica.org\\\/es\\\/2007\\\/12\\\/lideres-de-la-iglesia-exigen-mayor-enfasis-sobre-derechos-humanos-fundamentales\\\/#breadcrumb\",\"itemListElement\":[{\"@type\":\"ListItem\",\"position\":1,\"name\":\"Home\",\"item\":\"https:\\\/\\\/interamerica.org\\\/es\\\/\"},{\"@type\":\"ListItem\",\"position\":2,\"name\":\"L\u00edderes de la iglesia exigen mayor \u00e9nfasis sobre derechos humanos fundamentales\"}]},{\"@type\":\"WebSite\",\"@id\":\"https:\\\/\\\/interamerica.org\\\/es\\\/#website\",\"url\":\"https:\\\/\\\/interamerica.org\\\/es\\\/\",\"name\":\"Iglesia Adventista del S\u00e9ptimo D\u00eda - Divisi\u00f3n Interamericana\",\"description\":\"\",\"potentialAction\":[{\"@type\":\"SearchAction\",\"target\":{\"@type\":\"EntryPoint\",\"urlTemplate\":\"https:\\\/\\\/interamerica.org\\\/es\\\/?s={search_term_string}\"},\"query-input\":{\"@type\":\"PropertyValueSpecification\",\"valueRequired\":true,\"valueName\":\"search_term_string\"}}],\"inLanguage\":\"es\"},{\"@type\":\"Person\",\"@id\":\"https:\\\/\\\/interamerica.org\\\/es\\\/#\\\/schema\\\/person\\\/68ede8bdc292885bb76c1e3810e73c39\",\"name\":\"Lorenzo Verduzco\",\"image\":{\"@type\":\"ImageObject\",\"inLanguage\":\"es\",\"@id\":\"https:\\\/\\\/secure.gravatar.com\\\/avatar\\\/fb81a55b6218459490a9c1dc841a34909185b81904c5337b4b27f7a6fd60c49e?s=96&d=mm&r=g\",\"url\":\"https:\\\/\\\/secure.gravatar.com\\\/avatar\\\/fb81a55b6218459490a9c1dc841a34909185b81904c5337b4b27f7a6fd60c49e?s=96&d=mm&r=g\",\"contentUrl\":\"https:\\\/\\\/secure.gravatar.com\\\/avatar\\\/fb81a55b6218459490a9c1dc841a34909185b81904c5337b4b27f7a6fd60c49e?s=96&d=mm&r=g\",\"caption\":\"Lorenzo Verduzco\"}}]}<\/script>\n<!-- \/ Yoast SEO plugin. -->","yoast_head_json":{"title":"L\u00edderes de la iglesia exigen mayor \u00e9nfasis sobre derechos humanos fundamentales - Iglesia Adventista del S\u00e9ptimo D\u00eda - Divisi\u00f3n Interamericana","robots":{"index":"index","follow":"follow","max-snippet":"max-snippet:-1","max-image-preview":"max-image-preview:large","max-video-preview":"max-video-preview:-1"},"canonical":"https:\/\/interamerica.org\/es\/2007\/12\/lideres-de-la-iglesia-exigen-mayor-enfasis-sobre-derechos-humanos-fundamentales\/","og_locale":"es_ES","og_type":"article","og_title":"L\u00edderes de la iglesia exigen mayor \u00e9nfasis sobre derechos humanos fundamentales - Iglesia Adventista del S\u00e9ptimo D\u00eda - Divisi\u00f3n Interamericana","og_description":"La Iglesia Adventista del S\u00e9ptimo D\u00eda pide ahora un \u00e9nfasis mayor sobre los derechos humanos fundamentales en la sociedad y en la iglesia.","og_url":"https:\/\/interamerica.org\/es\/2007\/12\/lideres-de-la-iglesia-exigen-mayor-enfasis-sobre-derechos-humanos-fundamentales\/","og_site_name":"Iglesia Adventista del S\u00e9ptimo D\u00eda - Divisi\u00f3n Interamericana","article_published_time":"2007-12-10T04:00:00+00:00","article_modified_time":"2017-06-02T13:10:27+00:00","author":"Lorenzo Verduzco","twitter_card":"summary_large_image","twitter_misc":{"Escrito por":"Lorenzo Verduzco","Tiempo de lectura":"2 minutos"},"schema":{"@context":"https:\/\/schema.org","@graph":[{"@type":"Article","@id":"https:\/\/interamerica.org\/es\/2007\/12\/lideres-de-la-iglesia-exigen-mayor-enfasis-sobre-derechos-humanos-fundamentales\/#article","isPartOf":{"@id":"https:\/\/interamerica.org\/es\/2007\/12\/lideres-de-la-iglesia-exigen-mayor-enfasis-sobre-derechos-humanos-fundamentales\/"},"author":{"name":"Lorenzo Verduzco","@id":"https:\/\/interamerica.org\/es\/#\/schema\/person\/68ede8bdc292885bb76c1e3810e73c39"},"headline":"L\u00edderes de la iglesia exigen mayor \u00e9nfasis sobre derechos humanos fundamentales","datePublished":"2007-12-10T04:00:00+00:00","dateModified":"2017-06-02T13:10:27+00:00","mainEntityOfPage":{"@id":"https:\/\/interamerica.org\/es\/2007\/12\/lideres-de-la-iglesia-exigen-mayor-enfasis-sobre-derechos-humanos-fundamentales\/"},"wordCount":449,"articleSection":["Archivo"],"inLanguage":"es"},{"@type":"WebPage","@id":"https:\/\/interamerica.org\/es\/2007\/12\/lideres-de-la-iglesia-exigen-mayor-enfasis-sobre-derechos-humanos-fundamentales\/","url":"https:\/\/interamerica.org\/es\/2007\/12\/lideres-de-la-iglesia-exigen-mayor-enfasis-sobre-derechos-humanos-fundamentales\/","name":"L\u00edderes de la iglesia exigen mayor \u00e9nfasis sobre derechos humanos fundamentales - Iglesia Adventista del S\u00e9ptimo D\u00eda - Divisi\u00f3n Interamericana","isPartOf":{"@id":"https:\/\/interamerica.org\/es\/#website"},"datePublished":"2007-12-10T04:00:00+00:00","dateModified":"2017-06-02T13:10:27+00:00","author":{"@id":"https:\/\/interamerica.org\/es\/#\/schema\/person\/68ede8bdc292885bb76c1e3810e73c39"},"breadcrumb":{"@id":"https:\/\/interamerica.org\/es\/2007\/12\/lideres-de-la-iglesia-exigen-mayor-enfasis-sobre-derechos-humanos-fundamentales\/#breadcrumb"},"inLanguage":"es","potentialAction":[{"@type":"ReadAction","target":["https:\/\/interamerica.org\/es\/2007\/12\/lideres-de-la-iglesia-exigen-mayor-enfasis-sobre-derechos-humanos-fundamentales\/"]}]},{"@type":"BreadcrumbList","@id":"https:\/\/interamerica.org\/es\/2007\/12\/lideres-de-la-iglesia-exigen-mayor-enfasis-sobre-derechos-humanos-fundamentales\/#breadcrumb","itemListElement":[{"@type":"ListItem","position":1,"name":"Home","item":"https:\/\/interamerica.org\/es\/"},{"@type":"ListItem","position":2,"name":"L\u00edderes de la iglesia exigen mayor \u00e9nfasis sobre derechos humanos fundamentales"}]},{"@type":"WebSite","@id":"https:\/\/interamerica.org\/es\/#website","url":"https:\/\/interamerica.org\/es\/","name":"Iglesia Adventista del S\u00e9ptimo D\u00eda - Divisi\u00f3n Interamericana","description":"","potentialAction":[{"@type":"SearchAction","target":{"@type":"EntryPoint","urlTemplate":"https:\/\/interamerica.org\/es\/?s={search_term_string}"},"query-input":{"@type":"PropertyValueSpecification","valueRequired":true,"valueName":"search_term_string"}}],"inLanguage":"es"},{"@type":"Person","@id":"https:\/\/interamerica.org\/es\/#\/schema\/person\/68ede8bdc292885bb76c1e3810e73c39","name":"Lorenzo Verduzco","image":{"@type":"ImageObject","inLanguage":"es","@id":"https:\/\/secure.gravatar.com\/avatar\/fb81a55b6218459490a9c1dc841a34909185b81904c5337b4b27f7a6fd60c49e?s=96&d=mm&r=g","url":"https:\/\/secure.gravatar.com\/avatar\/fb81a55b6218459490a9c1dc841a34909185b81904c5337b4b27f7a6fd60c49e?s=96&d=mm&r=g","contentUrl":"https:\/\/secure.gravatar.com\/avatar\/fb81a55b6218459490a9c1dc841a34909185b81904c5337b4b27f7a6fd60c49e?s=96&d=mm&r=g","caption":"Lorenzo Verduzco"}}]}},"_links":{"self":[{"href":"https:\/\/interamerica.org\/es\/wp-json\/wp\/v2\/posts\/11079","targetHints":{"allow":["GET"]}}],"collection":[{"href":"https:\/\/interamerica.org\/es\/wp-json\/wp\/v2\/posts"}],"about":[{"href":"https:\/\/interamerica.org\/es\/wp-json\/wp\/v2\/types\/post"}],"author":[{"embeddable":true,"href":"https:\/\/interamerica.org\/es\/wp-json\/wp\/v2\/users\/1"}],"replies":[{"embeddable":true,"href":"https:\/\/interamerica.org\/es\/wp-json\/wp\/v2\/comments?post=11079"}],"version-history":[{"count":0,"href":"https:\/\/interamerica.org\/es\/wp-json\/wp\/v2\/posts\/11079\/revisions"}],"wp:attachment":[{"href":"https:\/\/interamerica.org\/es\/wp-json\/wp\/v2\/media?parent=11079"}],"wp:term":[{"taxonomy":"category","embeddable":true,"href":"https:\/\/interamerica.org\/es\/wp-json\/wp\/v2\/categories?post=11079"},{"taxonomy":"post_tag","embeddable":true,"href":"https:\/\/interamerica.org\/es\/wp-json\/wp\/v2\/tags?post=11079"}],"curies":[{"name":"wp","href":"https:\/\/api.w.org\/{rel}","templated":true}]}}