{"id":11086,"date":"2008-01-03T00:00:00","date_gmt":"2008-01-03T04:00:00","guid":{"rendered":"http:\/\/192.81.217.108\/interamerica\/2008\/01\/lider-adventista-hace-un-llamado-a-la-paz-en-kenia\/"},"modified":"2017-06-02T09:10:23","modified_gmt":"2017-06-02T13:10:23","slug":"lider-adventista-hace-un-llamado-a-la-paz-en-kenia","status":"publish","type":"post","link":"https:\/\/interamerica.org\/es\/2008\/01\/lider-adventista-hace-un-llamado-a-la-paz-en-kenia\/","title":{"rendered":"L\u00edder adventista hace un llamado a la paz en Kenia"},"content":{"rendered":"<p>Nairobi, Kenia, 3 de enero de 2008&#8230; Ansel Oliver\/ANN <\/p>\n<p>Los adventistas del s\u00e9ptimo d\u00eda se est\u00e1n uniendo a la comunidad internacional al expresar su preocupaci\u00f3n en relaci\u00f3n con la violencia en Kenia que seg\u00fan los informes ha dejado 300 personas muertas y 100.000 desplazadas a ra\u00edz de las contiendas de elecci\u00f3n presidencial. <\/p>\n<p>En una declaraci\u00f3n del 3 de enero, Matthew Bediako, Secretario Ejecutivo de la Iglesia Adventista mundial, apel\u00f3 a los \u00abl\u00edderes pol\u00edticos, cabezas de comunidades religiosas, l\u00edderes tradicionales y gente amante de la paz, a reunirse y encontrar caminos para promover la reconciliaci\u00f3n\u00bb. El llamado ser\u00e1 televisado por el canal de televisi\u00f3n Hope Channel, de propiedad de la iglesia. <\/p>\n<p>\u00abRecurrir a la violencia s\u00f3lo crea v\u00edctimas, muchas de las cuales son menores inocentes\u00bb, dijo Bediako. \u00abComo iglesia cristiana, tambi\u00e9n apelamos urgentemente a toda la gente de Kenia para valorar la solidaridad y los principios b\u00edblicos de la pacificaci\u00f3n, el perd\u00f3n y la reconciliaci\u00f3n entre las lealtades \u00e9tnicas\u00bb. <\/p>\n<p>Bediako tambi\u00e9n apel\u00f3 a los l\u00edderes y miembros adventistas a ser ejemplos al promover la unidad. <\/p>\n<p>Los l\u00edderes de la iglesia informan que cerca de 200 estudiantes, miembros del personal y la facultad en la Universidad de \u00c1frica Oriental, Baraton, perteneciente a la Iglesia Adventista, est\u00e1n refugi\u00e1ndose en una estaci\u00f3n de polic\u00eda cercana despu\u00e9s que los oficiales de polic\u00eda les escoltaron el 31 de diciembre desde el campus, el cual estaba rodeado por una multitud. <\/p>\n<p>Las v\u00edas hacia el aeropuerto han sido bloqueadas por turbas, y los trabajadores permanecen en la estaci\u00f3n de polic\u00eda, dijo Geoffrey Mbwana, presidente de la Divisi\u00f3n Africana Central de la Iglesia Adventista, con sede en Nairobi. Se est\u00e1n haciendo preparativos para transportarlos hacia Nairobi. <\/p>\n<p>Un oficial de Kenia dijo que la violencia s\u00f3lo ha afectado al 3 por cieno de los 34 millones de personas del pa\u00eds, de acuerdo con el USA Today. <\/p>\n<p>\u00abComo comunidad de fe, creemos firmemente en la oraci\u00f3n\u00bb, dijo Bediako a los miembros de la iglesia. \u00abEntonces invitamos a nuestros hermanos y hermanas alrededor del mundo a traer ante el trono de Dios la gente de Kenia, y otras regiones donde hay crisis. Oramos porque la calma sea restaurada en todo el pa\u00eds de Kenia, y alrededor del mundo\u00bb. <\/p>\n<p>Hay m\u00e1s de 560.000 adventistas adorando en cerca de 3500 congregaciones en Kenia. <\/p>\n<p>-Adventist News Network. <\/p>\n","protected":false},"excerpt":{"rendered":"<p>Los adventistas del s\u00e9ptimo d\u00eda se est\u00e1n uniendo a la comunidad internacional al expresar su preocupaci\u00f3n en relaci\u00f3n con la violencia en Kenia que seg\u00fan los informes ha dejado 300 personas muertas y 100.000 des<\/p>\n","protected":false},"author":1,"featured_media":0,"comment_status":"closed","ping_status":"closed","sticky":false,"template":"","format":"standard","meta":{"_acf_changed":false,"footnotes":""},"categories":[8],"tags":[],"class_list":["post-11086","post","type-post","status-publish","format-standard","hentry","category-archivo"],"acf":[],"yoast_head":"<!-- This site is optimized with the Yoast SEO plugin v27.3 - https:\/\/yoast.com\/product\/yoast-seo-wordpress\/ -->\n<title>L\u00edder adventista hace un llamado a la paz en Kenia - Iglesia Adventista del S\u00e9ptimo D\u00eda - Divisi\u00f3n Interamericana<\/title>\n<meta name=\"robots\" content=\"index, follow, max-snippet:-1, max-image-preview:large, max-video-preview:-1\" \/>\n<link rel=\"canonical\" href=\"https:\/\/interamerica.org\/es\/2008\/01\/lider-adventista-hace-un-llamado-a-la-paz-en-kenia\/\" \/>\n<meta property=\"og:locale\" content=\"es_ES\" \/>\n<meta property=\"og:type\" content=\"article\" \/>\n<meta property=\"og:title\" content=\"L\u00edder adventista hace un llamado a la paz en Kenia - Iglesia Adventista del S\u00e9ptimo D\u00eda - Divisi\u00f3n Interamericana\" \/>\n<meta property=\"og:description\" content=\"Los adventistas del s\u00e9ptimo d\u00eda se est\u00e1n uniendo a la comunidad internacional al expresar su preocupaci\u00f3n en relaci\u00f3n con la violencia en Kenia que seg\u00fan los informes ha dejado 300 personas muertas y 100.000 des\" \/>\n<meta property=\"og:url\" content=\"https:\/\/interamerica.org\/es\/2008\/01\/lider-adventista-hace-un-llamado-a-la-paz-en-kenia\/\" \/>\n<meta property=\"og:site_name\" content=\"Iglesia Adventista del S\u00e9ptimo D\u00eda - Divisi\u00f3n Interamericana\" \/>\n<meta property=\"article:published_time\" content=\"2008-01-03T04:00:00+00:00\" \/>\n<meta property=\"article:modified_time\" content=\"2017-06-02T13:10:23+00:00\" \/>\n<meta name=\"author\" content=\"Lorenzo Verduzco\" \/>\n<meta name=\"twitter:card\" content=\"summary_large_image\" \/>\n<meta name=\"twitter:label1\" content=\"Escrito por\" \/>\n\t<meta name=\"twitter:data1\" content=\"Lorenzo Verduzco\" \/>\n\t<meta name=\"twitter:label2\" content=\"Tiempo de lectura\" \/>\n\t<meta name=\"twitter:data2\" content=\"2 minutos\" \/>\n<script type=\"application\/ld+json\" class=\"yoast-schema-graph\">{\"@context\":\"https:\\\/\\\/schema.org\",\"@graph\":[{\"@type\":\"Article\",\"@id\":\"https:\\\/\\\/interamerica.org\\\/es\\\/2008\\\/01\\\/lider-adventista-hace-un-llamado-a-la-paz-en-kenia\\\/#article\",\"isPartOf\":{\"@id\":\"https:\\\/\\\/interamerica.org\\\/es\\\/2008\\\/01\\\/lider-adventista-hace-un-llamado-a-la-paz-en-kenia\\\/\"},\"author\":{\"name\":\"Lorenzo Verduzco\",\"@id\":\"https:\\\/\\\/interamerica.org\\\/es\\\/#\\\/schema\\\/person\\\/68ede8bdc292885bb76c1e3810e73c39\"},\"headline\":\"L\u00edder adventista hace un llamado a la paz en Kenia\",\"datePublished\":\"2008-01-03T04:00:00+00:00\",\"dateModified\":\"2017-06-02T13:10:23+00:00\",\"mainEntityOfPage\":{\"@id\":\"https:\\\/\\\/interamerica.org\\\/es\\\/2008\\\/01\\\/lider-adventista-hace-un-llamado-a-la-paz-en-kenia\\\/\"},\"wordCount\":423,\"articleSection\":[\"Archivo\"],\"inLanguage\":\"es\"},{\"@type\":\"WebPage\",\"@id\":\"https:\\\/\\\/interamerica.org\\\/es\\\/2008\\\/01\\\/lider-adventista-hace-un-llamado-a-la-paz-en-kenia\\\/\",\"url\":\"https:\\\/\\\/interamerica.org\\\/es\\\/2008\\\/01\\\/lider-adventista-hace-un-llamado-a-la-paz-en-kenia\\\/\",\"name\":\"L\u00edder adventista hace un llamado a la paz en Kenia - Iglesia Adventista del S\u00e9ptimo D\u00eda - Divisi\u00f3n Interamericana\",\"isPartOf\":{\"@id\":\"https:\\\/\\\/interamerica.org\\\/es\\\/#website\"},\"datePublished\":\"2008-01-03T04:00:00+00:00\",\"dateModified\":\"2017-06-02T13:10:23+00:00\",\"author\":{\"@id\":\"https:\\\/\\\/interamerica.org\\\/es\\\/#\\\/schema\\\/person\\\/68ede8bdc292885bb76c1e3810e73c39\"},\"breadcrumb\":{\"@id\":\"https:\\\/\\\/interamerica.org\\\/es\\\/2008\\\/01\\\/lider-adventista-hace-un-llamado-a-la-paz-en-kenia\\\/#breadcrumb\"},\"inLanguage\":\"es\",\"potentialAction\":[{\"@type\":\"ReadAction\",\"target\":[\"https:\\\/\\\/interamerica.org\\\/es\\\/2008\\\/01\\\/lider-adventista-hace-un-llamado-a-la-paz-en-kenia\\\/\"]}]},{\"@type\":\"BreadcrumbList\",\"@id\":\"https:\\\/\\\/interamerica.org\\\/es\\\/2008\\\/01\\\/lider-adventista-hace-un-llamado-a-la-paz-en-kenia\\\/#breadcrumb\",\"itemListElement\":[{\"@type\":\"ListItem\",\"position\":1,\"name\":\"Home\",\"item\":\"https:\\\/\\\/interamerica.org\\\/es\\\/\"},{\"@type\":\"ListItem\",\"position\":2,\"name\":\"L\u00edder adventista hace un llamado a la paz en Kenia\"}]},{\"@type\":\"WebSite\",\"@id\":\"https:\\\/\\\/interamerica.org\\\/es\\\/#website\",\"url\":\"https:\\\/\\\/interamerica.org\\\/es\\\/\",\"name\":\"Iglesia Adventista del S\u00e9ptimo D\u00eda - Divisi\u00f3n Interamericana\",\"description\":\"\",\"potentialAction\":[{\"@type\":\"SearchAction\",\"target\":{\"@type\":\"EntryPoint\",\"urlTemplate\":\"https:\\\/\\\/interamerica.org\\\/es\\\/?s={search_term_string}\"},\"query-input\":{\"@type\":\"PropertyValueSpecification\",\"valueRequired\":true,\"valueName\":\"search_term_string\"}}],\"inLanguage\":\"es\"},{\"@type\":\"Person\",\"@id\":\"https:\\\/\\\/interamerica.org\\\/es\\\/#\\\/schema\\\/person\\\/68ede8bdc292885bb76c1e3810e73c39\",\"name\":\"Lorenzo Verduzco\",\"image\":{\"@type\":\"ImageObject\",\"inLanguage\":\"es\",\"@id\":\"https:\\\/\\\/secure.gravatar.com\\\/avatar\\\/fb81a55b6218459490a9c1dc841a34909185b81904c5337b4b27f7a6fd60c49e?s=96&d=mm&r=g\",\"url\":\"https:\\\/\\\/secure.gravatar.com\\\/avatar\\\/fb81a55b6218459490a9c1dc841a34909185b81904c5337b4b27f7a6fd60c49e?s=96&d=mm&r=g\",\"contentUrl\":\"https:\\\/\\\/secure.gravatar.com\\\/avatar\\\/fb81a55b6218459490a9c1dc841a34909185b81904c5337b4b27f7a6fd60c49e?s=96&d=mm&r=g\",\"caption\":\"Lorenzo Verduzco\"}}]}<\/script>\n<!-- \/ Yoast SEO plugin. -->","yoast_head_json":{"title":"L\u00edder adventista hace un llamado a la paz en Kenia - Iglesia Adventista del S\u00e9ptimo D\u00eda - Divisi\u00f3n Interamericana","robots":{"index":"index","follow":"follow","max-snippet":"max-snippet:-1","max-image-preview":"max-image-preview:large","max-video-preview":"max-video-preview:-1"},"canonical":"https:\/\/interamerica.org\/es\/2008\/01\/lider-adventista-hace-un-llamado-a-la-paz-en-kenia\/","og_locale":"es_ES","og_type":"article","og_title":"L\u00edder adventista hace un llamado a la paz en Kenia - Iglesia Adventista del S\u00e9ptimo D\u00eda - Divisi\u00f3n Interamericana","og_description":"Los adventistas del s\u00e9ptimo d\u00eda se est\u00e1n uniendo a la comunidad internacional al expresar su preocupaci\u00f3n en relaci\u00f3n con la violencia en Kenia que seg\u00fan los informes ha dejado 300 personas muertas y 100.000 des","og_url":"https:\/\/interamerica.org\/es\/2008\/01\/lider-adventista-hace-un-llamado-a-la-paz-en-kenia\/","og_site_name":"Iglesia Adventista del S\u00e9ptimo D\u00eda - Divisi\u00f3n Interamericana","article_published_time":"2008-01-03T04:00:00+00:00","article_modified_time":"2017-06-02T13:10:23+00:00","author":"Lorenzo Verduzco","twitter_card":"summary_large_image","twitter_misc":{"Escrito por":"Lorenzo Verduzco","Tiempo de lectura":"2 minutos"},"schema":{"@context":"https:\/\/schema.org","@graph":[{"@type":"Article","@id":"https:\/\/interamerica.org\/es\/2008\/01\/lider-adventista-hace-un-llamado-a-la-paz-en-kenia\/#article","isPartOf":{"@id":"https:\/\/interamerica.org\/es\/2008\/01\/lider-adventista-hace-un-llamado-a-la-paz-en-kenia\/"},"author":{"name":"Lorenzo Verduzco","@id":"https:\/\/interamerica.org\/es\/#\/schema\/person\/68ede8bdc292885bb76c1e3810e73c39"},"headline":"L\u00edder adventista hace un llamado a la paz en Kenia","datePublished":"2008-01-03T04:00:00+00:00","dateModified":"2017-06-02T13:10:23+00:00","mainEntityOfPage":{"@id":"https:\/\/interamerica.org\/es\/2008\/01\/lider-adventista-hace-un-llamado-a-la-paz-en-kenia\/"},"wordCount":423,"articleSection":["Archivo"],"inLanguage":"es"},{"@type":"WebPage","@id":"https:\/\/interamerica.org\/es\/2008\/01\/lider-adventista-hace-un-llamado-a-la-paz-en-kenia\/","url":"https:\/\/interamerica.org\/es\/2008\/01\/lider-adventista-hace-un-llamado-a-la-paz-en-kenia\/","name":"L\u00edder adventista hace un llamado a la paz en Kenia - Iglesia Adventista del S\u00e9ptimo D\u00eda - Divisi\u00f3n Interamericana","isPartOf":{"@id":"https:\/\/interamerica.org\/es\/#website"},"datePublished":"2008-01-03T04:00:00+00:00","dateModified":"2017-06-02T13:10:23+00:00","author":{"@id":"https:\/\/interamerica.org\/es\/#\/schema\/person\/68ede8bdc292885bb76c1e3810e73c39"},"breadcrumb":{"@id":"https:\/\/interamerica.org\/es\/2008\/01\/lider-adventista-hace-un-llamado-a-la-paz-en-kenia\/#breadcrumb"},"inLanguage":"es","potentialAction":[{"@type":"ReadAction","target":["https:\/\/interamerica.org\/es\/2008\/01\/lider-adventista-hace-un-llamado-a-la-paz-en-kenia\/"]}]},{"@type":"BreadcrumbList","@id":"https:\/\/interamerica.org\/es\/2008\/01\/lider-adventista-hace-un-llamado-a-la-paz-en-kenia\/#breadcrumb","itemListElement":[{"@type":"ListItem","position":1,"name":"Home","item":"https:\/\/interamerica.org\/es\/"},{"@type":"ListItem","position":2,"name":"L\u00edder adventista hace un llamado a la paz en Kenia"}]},{"@type":"WebSite","@id":"https:\/\/interamerica.org\/es\/#website","url":"https:\/\/interamerica.org\/es\/","name":"Iglesia Adventista del S\u00e9ptimo D\u00eda - Divisi\u00f3n Interamericana","description":"","potentialAction":[{"@type":"SearchAction","target":{"@type":"EntryPoint","urlTemplate":"https:\/\/interamerica.org\/es\/?s={search_term_string}"},"query-input":{"@type":"PropertyValueSpecification","valueRequired":true,"valueName":"search_term_string"}}],"inLanguage":"es"},{"@type":"Person","@id":"https:\/\/interamerica.org\/es\/#\/schema\/person\/68ede8bdc292885bb76c1e3810e73c39","name":"Lorenzo Verduzco","image":{"@type":"ImageObject","inLanguage":"es","@id":"https:\/\/secure.gravatar.com\/avatar\/fb81a55b6218459490a9c1dc841a34909185b81904c5337b4b27f7a6fd60c49e?s=96&d=mm&r=g","url":"https:\/\/secure.gravatar.com\/avatar\/fb81a55b6218459490a9c1dc841a34909185b81904c5337b4b27f7a6fd60c49e?s=96&d=mm&r=g","contentUrl":"https:\/\/secure.gravatar.com\/avatar\/fb81a55b6218459490a9c1dc841a34909185b81904c5337b4b27f7a6fd60c49e?s=96&d=mm&r=g","caption":"Lorenzo Verduzco"}}]}},"_links":{"self":[{"href":"https:\/\/interamerica.org\/es\/wp-json\/wp\/v2\/posts\/11086","targetHints":{"allow":["GET"]}}],"collection":[{"href":"https:\/\/interamerica.org\/es\/wp-json\/wp\/v2\/posts"}],"about":[{"href":"https:\/\/interamerica.org\/es\/wp-json\/wp\/v2\/types\/post"}],"author":[{"embeddable":true,"href":"https:\/\/interamerica.org\/es\/wp-json\/wp\/v2\/users\/1"}],"replies":[{"embeddable":true,"href":"https:\/\/interamerica.org\/es\/wp-json\/wp\/v2\/comments?post=11086"}],"version-history":[{"count":0,"href":"https:\/\/interamerica.org\/es\/wp-json\/wp\/v2\/posts\/11086\/revisions"}],"wp:attachment":[{"href":"https:\/\/interamerica.org\/es\/wp-json\/wp\/v2\/media?parent=11086"}],"wp:term":[{"taxonomy":"category","embeddable":true,"href":"https:\/\/interamerica.org\/es\/wp-json\/wp\/v2\/categories?post=11086"},{"taxonomy":"post_tag","embeddable":true,"href":"https:\/\/interamerica.org\/es\/wp-json\/wp\/v2\/tags?post=11086"}],"curies":[{"name":"wp","href":"https:\/\/api.w.org\/{rel}","templated":true}]}}