{"id":11087,"date":"2008-01-03T00:00:00","date_gmt":"2008-01-03T04:00:00","guid":{"rendered":"http:\/\/192.81.217.108\/interamerica\/2008\/01\/asalto-en-un-deposito-alquilado-por-maranatha-deja-guardia-muerto\/"},"modified":"2017-06-02T09:10:24","modified_gmt":"2017-06-02T13:10:24","slug":"asalto-en-un-deposito-alquilado-por-maranatha-deja-guardia-muerto","status":"publish","type":"post","link":"https:\/\/interamerica.org\/es\/2008\/01\/asalto-en-un-deposito-alquilado-por-maranatha-deja-guardia-muerto\/","title":{"rendered":"Asalto en un dep\u00f3sito alquilado por Maranatha deja guardia muerto"},"content":{"rendered":"<p>Maputo, Mozambique, 3 de enero de 2008&#8230;Maranatha Volunteers International\/Personal de ANN <\/p>\n<p>Un guardia de seguridad adventista del s\u00e9ptimo d\u00eda fue asesinado el 30 de diciembre cuando ladrones irrumpieron en un dep\u00f3sito ubicado en Maputo, Mozambique y alquilado por Maranatha Volunteers International, una organizaci\u00f3n cristiana laica que construye iglesias y escuelas para la Iglesia Adventista en el mundo entero. <\/p>\n<p>El guardia, Adrian Chissano, miembro de la Iglesia Adventista del S\u00e9ptimo d\u00eda en Ximadjane, deja atr\u00e1s una esposa y seis hijos. <\/p>\n<p>\u00abEstamos profundamente apesadumbrados por este acto terrible, y oramos por la familia del Sr. Chissano\u00bb, dijo Don Noble, presidente de Maranatha, con sede en Sacramento, California. <\/p>\n<p>Voluntarios de Maranatha en Mozambique dijeron que las herramientas de construcci\u00f3n y un cami\u00f3n fueron robados durante el incidente. Los asaltantes, todos los cuales permanecen sin ser identificados, a\u00fan no han sido capturados, pero los oficiales de Maranatha est\u00e1n cooperando con una investigaci\u00f3n continua de la polic\u00eda. <\/p>\n<p>\u00abEl robo de ning\u00fan modo entorpecer\u00e1 el progreso de Maranatha en Mozambique\u00bb, dijo Kyle Fiess, vice presidente de mercadeo para Maranatha. \u00abDefinitivamente seguiremos adelante\u00bb. Fiess a\u00f1adi\u00f3 que la organizaci\u00f3n sin \u00e1nimo de lucro est\u00e1 reevaluando sus necesidades en materia de seguridad y har\u00eda los \u00abcambios necesarios\u00bb, incluyendo la contrataci\u00f3n de una compa\u00f1\u00eda de seguridad externa para proteger la propiedad de Maranatha y los voluntarios en Maputo. <\/p>\n<p>Maranatha est\u00e1 trabajando con la Iglesia Adventista para proveer infraestructura de urgente necesidad en Mozambique. Se espera una iniciativa de cuatro a\u00f1os y 30 millones de d\u00f3lares que resultar\u00e1n en 1001 iglesias y ocho escuelas en todo el pa\u00eds. Los planes tambi\u00e9n incluyen la perforaci\u00f3n de un pozo de agua profunda para proveer a cada iglesia reci\u00e9n construida y su poblaci\u00f3n circundante. <\/p>\n<p>Paul Ratsara, presidente de la Iglesia Adventista en la regi\u00f3n sur de \u00c1frica, dijo que la iniciativa traer\u00e1 un cambio duradero a un pa\u00eds que ha sido golpeado por 30 a\u00f1os de guerra. <\/p>\n<p>-Adventist News Network <\/p>\n","protected":false},"excerpt":{"rendered":"<p>Un guardia de seguridad adventista del s\u00e9ptimo d\u00eda fue asesinado el 30 de diciembre cuando ladrones irrumpieron en un dep\u00f3sito ubicado en Maputo, Mozambique y alquilado por Maranatha Volunteers International, una organizaci\u00f3n<\/p>\n","protected":false},"author":1,"featured_media":0,"comment_status":"closed","ping_status":"closed","sticky":false,"template":"","format":"standard","meta":{"_acf_changed":false,"footnotes":""},"categories":[8],"tags":[],"class_list":["post-11087","post","type-post","status-publish","format-standard","hentry","category-archivo"],"acf":[],"yoast_head":"<!-- This site is optimized with the Yoast SEO plugin v27.3 - https:\/\/yoast.com\/product\/yoast-seo-wordpress\/ -->\n<title>Asalto en un dep\u00f3sito alquilado por Maranatha deja guardia muerto - Iglesia Adventista del S\u00e9ptimo D\u00eda - Divisi\u00f3n Interamericana<\/title>\n<meta name=\"robots\" content=\"index, follow, max-snippet:-1, max-image-preview:large, max-video-preview:-1\" \/>\n<link rel=\"canonical\" href=\"https:\/\/interamerica.org\/es\/2008\/01\/asalto-en-un-deposito-alquilado-por-maranatha-deja-guardia-muerto\/\" \/>\n<meta property=\"og:locale\" content=\"es_ES\" \/>\n<meta property=\"og:type\" content=\"article\" \/>\n<meta property=\"og:title\" content=\"Asalto en un dep\u00f3sito alquilado por Maranatha deja guardia muerto - Iglesia Adventista del S\u00e9ptimo D\u00eda - Divisi\u00f3n Interamericana\" \/>\n<meta property=\"og:description\" content=\"Un guardia de seguridad adventista del s\u00e9ptimo d\u00eda fue asesinado el 30 de diciembre cuando ladrones irrumpieron en un dep\u00f3sito ubicado en Maputo, Mozambique y alquilado por Maranatha Volunteers International, una organizaci\u00f3n\" \/>\n<meta property=\"og:url\" content=\"https:\/\/interamerica.org\/es\/2008\/01\/asalto-en-un-deposito-alquilado-por-maranatha-deja-guardia-muerto\/\" \/>\n<meta property=\"og:site_name\" content=\"Iglesia Adventista del S\u00e9ptimo D\u00eda - Divisi\u00f3n Interamericana\" \/>\n<meta property=\"article:published_time\" content=\"2008-01-03T04:00:00+00:00\" \/>\n<meta property=\"article:modified_time\" content=\"2017-06-02T13:10:24+00:00\" \/>\n<meta name=\"author\" content=\"Lorenzo Verduzco\" \/>\n<meta name=\"twitter:card\" content=\"summary_large_image\" \/>\n<meta name=\"twitter:label1\" content=\"Escrito por\" \/>\n\t<meta name=\"twitter:data1\" content=\"Lorenzo Verduzco\" \/>\n\t<meta name=\"twitter:label2\" content=\"Tiempo de lectura\" \/>\n\t<meta name=\"twitter:data2\" content=\"2 minutos\" \/>\n<script type=\"application\/ld+json\" class=\"yoast-schema-graph\">{\"@context\":\"https:\\\/\\\/schema.org\",\"@graph\":[{\"@type\":\"Article\",\"@id\":\"https:\\\/\\\/interamerica.org\\\/es\\\/2008\\\/01\\\/asalto-en-un-deposito-alquilado-por-maranatha-deja-guardia-muerto\\\/#article\",\"isPartOf\":{\"@id\":\"https:\\\/\\\/interamerica.org\\\/es\\\/2008\\\/01\\\/asalto-en-un-deposito-alquilado-por-maranatha-deja-guardia-muerto\\\/\"},\"author\":{\"name\":\"Lorenzo Verduzco\",\"@id\":\"https:\\\/\\\/interamerica.org\\\/es\\\/#\\\/schema\\\/person\\\/68ede8bdc292885bb76c1e3810e73c39\"},\"headline\":\"Asalto en un dep\u00f3sito alquilado por Maranatha deja guardia muerto\",\"datePublished\":\"2008-01-03T04:00:00+00:00\",\"dateModified\":\"2017-06-02T13:10:24+00:00\",\"mainEntityOfPage\":{\"@id\":\"https:\\\/\\\/interamerica.org\\\/es\\\/2008\\\/01\\\/asalto-en-un-deposito-alquilado-por-maranatha-deja-guardia-muerto\\\/\"},\"wordCount\":353,\"articleSection\":[\"Archivo\"],\"inLanguage\":\"es\"},{\"@type\":\"WebPage\",\"@id\":\"https:\\\/\\\/interamerica.org\\\/es\\\/2008\\\/01\\\/asalto-en-un-deposito-alquilado-por-maranatha-deja-guardia-muerto\\\/\",\"url\":\"https:\\\/\\\/interamerica.org\\\/es\\\/2008\\\/01\\\/asalto-en-un-deposito-alquilado-por-maranatha-deja-guardia-muerto\\\/\",\"name\":\"Asalto en un dep\u00f3sito alquilado por Maranatha deja guardia muerto - Iglesia Adventista del S\u00e9ptimo D\u00eda - Divisi\u00f3n Interamericana\",\"isPartOf\":{\"@id\":\"https:\\\/\\\/interamerica.org\\\/es\\\/#website\"},\"datePublished\":\"2008-01-03T04:00:00+00:00\",\"dateModified\":\"2017-06-02T13:10:24+00:00\",\"author\":{\"@id\":\"https:\\\/\\\/interamerica.org\\\/es\\\/#\\\/schema\\\/person\\\/68ede8bdc292885bb76c1e3810e73c39\"},\"breadcrumb\":{\"@id\":\"https:\\\/\\\/interamerica.org\\\/es\\\/2008\\\/01\\\/asalto-en-un-deposito-alquilado-por-maranatha-deja-guardia-muerto\\\/#breadcrumb\"},\"inLanguage\":\"es\",\"potentialAction\":[{\"@type\":\"ReadAction\",\"target\":[\"https:\\\/\\\/interamerica.org\\\/es\\\/2008\\\/01\\\/asalto-en-un-deposito-alquilado-por-maranatha-deja-guardia-muerto\\\/\"]}]},{\"@type\":\"BreadcrumbList\",\"@id\":\"https:\\\/\\\/interamerica.org\\\/es\\\/2008\\\/01\\\/asalto-en-un-deposito-alquilado-por-maranatha-deja-guardia-muerto\\\/#breadcrumb\",\"itemListElement\":[{\"@type\":\"ListItem\",\"position\":1,\"name\":\"Home\",\"item\":\"https:\\\/\\\/interamerica.org\\\/es\\\/\"},{\"@type\":\"ListItem\",\"position\":2,\"name\":\"Asalto en un dep\u00f3sito alquilado por Maranatha deja guardia muerto\"}]},{\"@type\":\"WebSite\",\"@id\":\"https:\\\/\\\/interamerica.org\\\/es\\\/#website\",\"url\":\"https:\\\/\\\/interamerica.org\\\/es\\\/\",\"name\":\"Iglesia Adventista del S\u00e9ptimo D\u00eda - Divisi\u00f3n Interamericana\",\"description\":\"\",\"potentialAction\":[{\"@type\":\"SearchAction\",\"target\":{\"@type\":\"EntryPoint\",\"urlTemplate\":\"https:\\\/\\\/interamerica.org\\\/es\\\/?s={search_term_string}\"},\"query-input\":{\"@type\":\"PropertyValueSpecification\",\"valueRequired\":true,\"valueName\":\"search_term_string\"}}],\"inLanguage\":\"es\"},{\"@type\":\"Person\",\"@id\":\"https:\\\/\\\/interamerica.org\\\/es\\\/#\\\/schema\\\/person\\\/68ede8bdc292885bb76c1e3810e73c39\",\"name\":\"Lorenzo Verduzco\",\"image\":{\"@type\":\"ImageObject\",\"inLanguage\":\"es\",\"@id\":\"https:\\\/\\\/secure.gravatar.com\\\/avatar\\\/fb81a55b6218459490a9c1dc841a34909185b81904c5337b4b27f7a6fd60c49e?s=96&d=mm&r=g\",\"url\":\"https:\\\/\\\/secure.gravatar.com\\\/avatar\\\/fb81a55b6218459490a9c1dc841a34909185b81904c5337b4b27f7a6fd60c49e?s=96&d=mm&r=g\",\"contentUrl\":\"https:\\\/\\\/secure.gravatar.com\\\/avatar\\\/fb81a55b6218459490a9c1dc841a34909185b81904c5337b4b27f7a6fd60c49e?s=96&d=mm&r=g\",\"caption\":\"Lorenzo Verduzco\"}}]}<\/script>\n<!-- \/ Yoast SEO plugin. -->","yoast_head_json":{"title":"Asalto en un dep\u00f3sito alquilado por Maranatha deja guardia muerto - Iglesia Adventista del S\u00e9ptimo D\u00eda - Divisi\u00f3n Interamericana","robots":{"index":"index","follow":"follow","max-snippet":"max-snippet:-1","max-image-preview":"max-image-preview:large","max-video-preview":"max-video-preview:-1"},"canonical":"https:\/\/interamerica.org\/es\/2008\/01\/asalto-en-un-deposito-alquilado-por-maranatha-deja-guardia-muerto\/","og_locale":"es_ES","og_type":"article","og_title":"Asalto en un dep\u00f3sito alquilado por Maranatha deja guardia muerto - Iglesia Adventista del S\u00e9ptimo D\u00eda - Divisi\u00f3n Interamericana","og_description":"Un guardia de seguridad adventista del s\u00e9ptimo d\u00eda fue asesinado el 30 de diciembre cuando ladrones irrumpieron en un dep\u00f3sito ubicado en Maputo, Mozambique y alquilado por Maranatha Volunteers International, una organizaci\u00f3n","og_url":"https:\/\/interamerica.org\/es\/2008\/01\/asalto-en-un-deposito-alquilado-por-maranatha-deja-guardia-muerto\/","og_site_name":"Iglesia Adventista del S\u00e9ptimo D\u00eda - Divisi\u00f3n Interamericana","article_published_time":"2008-01-03T04:00:00+00:00","article_modified_time":"2017-06-02T13:10:24+00:00","author":"Lorenzo Verduzco","twitter_card":"summary_large_image","twitter_misc":{"Escrito por":"Lorenzo Verduzco","Tiempo de lectura":"2 minutos"},"schema":{"@context":"https:\/\/schema.org","@graph":[{"@type":"Article","@id":"https:\/\/interamerica.org\/es\/2008\/01\/asalto-en-un-deposito-alquilado-por-maranatha-deja-guardia-muerto\/#article","isPartOf":{"@id":"https:\/\/interamerica.org\/es\/2008\/01\/asalto-en-un-deposito-alquilado-por-maranatha-deja-guardia-muerto\/"},"author":{"name":"Lorenzo Verduzco","@id":"https:\/\/interamerica.org\/es\/#\/schema\/person\/68ede8bdc292885bb76c1e3810e73c39"},"headline":"Asalto en un dep\u00f3sito alquilado por Maranatha deja guardia muerto","datePublished":"2008-01-03T04:00:00+00:00","dateModified":"2017-06-02T13:10:24+00:00","mainEntityOfPage":{"@id":"https:\/\/interamerica.org\/es\/2008\/01\/asalto-en-un-deposito-alquilado-por-maranatha-deja-guardia-muerto\/"},"wordCount":353,"articleSection":["Archivo"],"inLanguage":"es"},{"@type":"WebPage","@id":"https:\/\/interamerica.org\/es\/2008\/01\/asalto-en-un-deposito-alquilado-por-maranatha-deja-guardia-muerto\/","url":"https:\/\/interamerica.org\/es\/2008\/01\/asalto-en-un-deposito-alquilado-por-maranatha-deja-guardia-muerto\/","name":"Asalto en un dep\u00f3sito alquilado por Maranatha deja guardia muerto - Iglesia Adventista del S\u00e9ptimo D\u00eda - Divisi\u00f3n Interamericana","isPartOf":{"@id":"https:\/\/interamerica.org\/es\/#website"},"datePublished":"2008-01-03T04:00:00+00:00","dateModified":"2017-06-02T13:10:24+00:00","author":{"@id":"https:\/\/interamerica.org\/es\/#\/schema\/person\/68ede8bdc292885bb76c1e3810e73c39"},"breadcrumb":{"@id":"https:\/\/interamerica.org\/es\/2008\/01\/asalto-en-un-deposito-alquilado-por-maranatha-deja-guardia-muerto\/#breadcrumb"},"inLanguage":"es","potentialAction":[{"@type":"ReadAction","target":["https:\/\/interamerica.org\/es\/2008\/01\/asalto-en-un-deposito-alquilado-por-maranatha-deja-guardia-muerto\/"]}]},{"@type":"BreadcrumbList","@id":"https:\/\/interamerica.org\/es\/2008\/01\/asalto-en-un-deposito-alquilado-por-maranatha-deja-guardia-muerto\/#breadcrumb","itemListElement":[{"@type":"ListItem","position":1,"name":"Home","item":"https:\/\/interamerica.org\/es\/"},{"@type":"ListItem","position":2,"name":"Asalto en un dep\u00f3sito alquilado por Maranatha deja guardia muerto"}]},{"@type":"WebSite","@id":"https:\/\/interamerica.org\/es\/#website","url":"https:\/\/interamerica.org\/es\/","name":"Iglesia Adventista del S\u00e9ptimo D\u00eda - Divisi\u00f3n Interamericana","description":"","potentialAction":[{"@type":"SearchAction","target":{"@type":"EntryPoint","urlTemplate":"https:\/\/interamerica.org\/es\/?s={search_term_string}"},"query-input":{"@type":"PropertyValueSpecification","valueRequired":true,"valueName":"search_term_string"}}],"inLanguage":"es"},{"@type":"Person","@id":"https:\/\/interamerica.org\/es\/#\/schema\/person\/68ede8bdc292885bb76c1e3810e73c39","name":"Lorenzo Verduzco","image":{"@type":"ImageObject","inLanguage":"es","@id":"https:\/\/secure.gravatar.com\/avatar\/fb81a55b6218459490a9c1dc841a34909185b81904c5337b4b27f7a6fd60c49e?s=96&d=mm&r=g","url":"https:\/\/secure.gravatar.com\/avatar\/fb81a55b6218459490a9c1dc841a34909185b81904c5337b4b27f7a6fd60c49e?s=96&d=mm&r=g","contentUrl":"https:\/\/secure.gravatar.com\/avatar\/fb81a55b6218459490a9c1dc841a34909185b81904c5337b4b27f7a6fd60c49e?s=96&d=mm&r=g","caption":"Lorenzo Verduzco"}}]}},"_links":{"self":[{"href":"https:\/\/interamerica.org\/es\/wp-json\/wp\/v2\/posts\/11087","targetHints":{"allow":["GET"]}}],"collection":[{"href":"https:\/\/interamerica.org\/es\/wp-json\/wp\/v2\/posts"}],"about":[{"href":"https:\/\/interamerica.org\/es\/wp-json\/wp\/v2\/types\/post"}],"author":[{"embeddable":true,"href":"https:\/\/interamerica.org\/es\/wp-json\/wp\/v2\/users\/1"}],"replies":[{"embeddable":true,"href":"https:\/\/interamerica.org\/es\/wp-json\/wp\/v2\/comments?post=11087"}],"version-history":[{"count":0,"href":"https:\/\/interamerica.org\/es\/wp-json\/wp\/v2\/posts\/11087\/revisions"}],"wp:attachment":[{"href":"https:\/\/interamerica.org\/es\/wp-json\/wp\/v2\/media?parent=11087"}],"wp:term":[{"taxonomy":"category","embeddable":true,"href":"https:\/\/interamerica.org\/es\/wp-json\/wp\/v2\/categories?post=11087"},{"taxonomy":"post_tag","embeddable":true,"href":"https:\/\/interamerica.org\/es\/wp-json\/wp\/v2\/tags?post=11087"}],"curies":[{"name":"wp","href":"https:\/\/api.w.org\/{rel}","templated":true}]}}