{"id":11088,"date":"2008-01-06T00:00:00","date_gmt":"2008-01-06T04:00:00","guid":{"rendered":"http:\/\/192.81.217.108\/interamerica\/2008\/01\/trinidad-universidad-adventista-recibira-donacion-de-us15-millones-del-gobierno\/"},"modified":"2017-06-02T09:10:22","modified_gmt":"2017-06-02T13:10:22","slug":"trinidad-universidad-adventista-recibira-donacion-de-us15-millones-del-gobierno","status":"publish","type":"post","link":"https:\/\/interamerica.org\/es\/2008\/01\/trinidad-universidad-adventista-recibira-donacion-de-us15-millones-del-gobierno\/","title":{"rendered":"Trinidad: Universidad adventista recibir\u00e1 donaci\u00f3n de US$15 millones del gobierno"},"content":{"rendered":"<p>Trinidad y Tobago&#8230;[Del Chales\/Personal de DIA] <\/p>\n<p>Siguiendo con su plan \u00abVisi\u00f3n 2020\u00bb para lograr estatus mundial de primera en niveles de educaci\u00f3n de pregraduados, el gobierno de Trinidad y Tobago anunci\u00f3 al final del a\u00f1o pasado que har\u00eda una concesi\u00f3n a la Universidad Adventista del Sur del Caribe por valor de USD$15.5 millones.  <\/p>\n<p>La declaraci\u00f3n de la donaci\u00f3n fue hecha por el Primer Ministro durante su discuros a la naci\u00f3n sobre el presupuesto. En su discurso, el Honorable Patrick Manning enfatiz\u00f3 el enfoque del gobierno hacia una profundizaci\u00f3n y aceleraci\u00f3n de la actual reforma educativa en los niveles elemental, secundario, y terciario para lograr estatus de clase mundial para Trinidad y Tobago. Esto es aplicable a todas las instituciones p\u00fablicas y privadas terciarias acreditadas en el pa\u00eds, de las cuales USC forma parte. <\/p>\n<p>USC es la primera instituci\u00f3n privada en Trinidad y Tobago que recibe este nivel de apoyo financiero del gobierno, dijeron oficiales de la universidad. <\/p>\n<p>En los dos \u00faltimos a\u00f1os y medio, la administraci\u00f3n de USC hab\u00eda estado trabajando con el gobierno por m\u00e1s apoyo financiero para sus programas y se hicieron proposiciones a este respecto. Fue en este contexto que se le otorg\u00f3 una donaci\u00f3n de m\u00e1s de $15 millones de d\u00f3lares estadounidenses a la universidad para ser desembolsados en un per\u00edodo de cuatro a\u00f1os. <\/p>\n<p>La donaci\u00f3n incluye provisi\u00f3n para facilidades de ense\u00f1anza y desarrollo de la infraestructura de la universidad. Una parte ha sido asignada a la construcci\u00f3n de edificios y a obras civiles. <\/p>\n<p>Los fondos ser\u00e1n usados para construir nuevos dormitorios para estudiantes, una escuela de administraci\u00f3n, un centro de educaci\u00f3n temprana, una escuela de ciencias sociales y una escuela de educaci\u00f3n. <\/p>\n<p>El doctor Trevor Gardner, presidente de USC, dijo estar honrado, en una declaraci\u00f3n, porque la instituci\u00f3n adventista ha sido reconocida por el gobierno como una de las proveedoras terciarias que puede asistir en el logro de su plan Visi\u00f3n 20\/20.  El presidente Gardner tambi\u00e9n est\u00e1 muy complacido de que el gobierno ha aceptado la contribuci\u00f3n de la iglesia adventista hacia la formaci\u00f3n de la naci\u00f3n y ha decidido prestar su apoyo a la educaci\u00f3n cristiana de calidad al proveer fondos tan necesitados para continuar el trabajo en USC. <\/p>\n<p>La Universidad Adventista del Sur del Caribe es una instituci\u00f3n acreditada por Accreditation Council of Trinidad and Tobago (el consejo de acreditaci\u00f3n de Trinidad y Tobago), ofreciendo una cantidad  de grados en estudios de pregrados y graduados a trav\u00e9s de su recinto en Trinidad. La instituci\u00f3n fue establecida en 1927 y elevada a la categor\u00eda universitaria en el a\u00f1o 2006. Para m\u00e1s informaci\u00f3n sobre USC y sus programas, visite <a  href=\"http:\/\/www.usc.educ.tt\/\">www.usc.educ.tt<\/a >   <\/p>\n","protected":false},"excerpt":{"rendered":"<p>Al continuar su Plan Visi\u00f3n 2020 para lograr estatus mundial de primera en niveles de educaci\u00f3n de pregrado, el gobierno de Trinidad y Tobago anunci\u00f3 que otorgar\u00eda USD$15.5 millones a la Universidad del Caribe del Sur.<\/p>\n","protected":false},"author":1,"featured_media":0,"comment_status":"closed","ping_status":"closed","sticky":false,"template":"","format":"standard","meta":{"_acf_changed":false,"footnotes":""},"categories":[8],"tags":[],"class_list":["post-11088","post","type-post","status-publish","format-standard","hentry","category-archivo"],"acf":[],"yoast_head":"<!-- This site is optimized with the Yoast SEO plugin v27.3 - https:\/\/yoast.com\/product\/yoast-seo-wordpress\/ -->\n<title>Trinidad: Universidad adventista recibir\u00e1 donaci\u00f3n de US$15 millones del gobierno - Iglesia Adventista del S\u00e9ptimo D\u00eda - Divisi\u00f3n Interamericana<\/title>\n<meta name=\"robots\" content=\"index, follow, max-snippet:-1, max-image-preview:large, max-video-preview:-1\" \/>\n<link rel=\"canonical\" href=\"https:\/\/interamerica.org\/es\/2008\/01\/trinidad-universidad-adventista-recibira-donacion-de-us15-millones-del-gobierno\/\" \/>\n<meta property=\"og:locale\" content=\"es_ES\" \/>\n<meta property=\"og:type\" content=\"article\" \/>\n<meta property=\"og:title\" content=\"Trinidad: Universidad adventista recibir\u00e1 donaci\u00f3n de US$15 millones del gobierno - Iglesia Adventista del S\u00e9ptimo D\u00eda - Divisi\u00f3n Interamericana\" \/>\n<meta property=\"og:description\" content=\"Al continuar su Plan Visi\u00f3n 2020 para lograr estatus mundial de primera en niveles de educaci\u00f3n de pregrado, el gobierno de Trinidad y Tobago anunci\u00f3 que otorgar\u00eda USD$15.5 millones a la Universidad del Caribe del Sur.\" \/>\n<meta property=\"og:url\" content=\"https:\/\/interamerica.org\/es\/2008\/01\/trinidad-universidad-adventista-recibira-donacion-de-us15-millones-del-gobierno\/\" \/>\n<meta property=\"og:site_name\" content=\"Iglesia Adventista del S\u00e9ptimo D\u00eda - Divisi\u00f3n Interamericana\" \/>\n<meta property=\"article:published_time\" content=\"2008-01-06T04:00:00+00:00\" \/>\n<meta property=\"article:modified_time\" content=\"2017-06-02T13:10:22+00:00\" \/>\n<meta name=\"author\" content=\"Lorenzo Verduzco\" \/>\n<meta name=\"twitter:card\" content=\"summary_large_image\" \/>\n<meta name=\"twitter:label1\" content=\"Escrito por\" \/>\n\t<meta name=\"twitter:data1\" content=\"Lorenzo Verduzco\" \/>\n\t<meta name=\"twitter:label2\" content=\"Tiempo de lectura\" \/>\n\t<meta name=\"twitter:data2\" content=\"2 minutos\" \/>\n<script type=\"application\/ld+json\" class=\"yoast-schema-graph\">{\"@context\":\"https:\\\/\\\/schema.org\",\"@graph\":[{\"@type\":\"Article\",\"@id\":\"https:\\\/\\\/interamerica.org\\\/es\\\/2008\\\/01\\\/trinidad-universidad-adventista-recibira-donacion-de-us15-millones-del-gobierno\\\/#article\",\"isPartOf\":{\"@id\":\"https:\\\/\\\/interamerica.org\\\/es\\\/2008\\\/01\\\/trinidad-universidad-adventista-recibira-donacion-de-us15-millones-del-gobierno\\\/\"},\"author\":{\"name\":\"Lorenzo Verduzco\",\"@id\":\"https:\\\/\\\/interamerica.org\\\/es\\\/#\\\/schema\\\/person\\\/68ede8bdc292885bb76c1e3810e73c39\"},\"headline\":\"Trinidad: Universidad adventista recibir\u00e1 donaci\u00f3n de US$15 millones del gobierno\",\"datePublished\":\"2008-01-06T04:00:00+00:00\",\"dateModified\":\"2017-06-02T13:10:22+00:00\",\"mainEntityOfPage\":{\"@id\":\"https:\\\/\\\/interamerica.org\\\/es\\\/2008\\\/01\\\/trinidad-universidad-adventista-recibira-donacion-de-us15-millones-del-gobierno\\\/\"},\"wordCount\":492,\"articleSection\":[\"Archivo\"],\"inLanguage\":\"es\"},{\"@type\":\"WebPage\",\"@id\":\"https:\\\/\\\/interamerica.org\\\/es\\\/2008\\\/01\\\/trinidad-universidad-adventista-recibira-donacion-de-us15-millones-del-gobierno\\\/\",\"url\":\"https:\\\/\\\/interamerica.org\\\/es\\\/2008\\\/01\\\/trinidad-universidad-adventista-recibira-donacion-de-us15-millones-del-gobierno\\\/\",\"name\":\"Trinidad: Universidad adventista recibir\u00e1 donaci\u00f3n de US$15 millones del gobierno - Iglesia Adventista del S\u00e9ptimo D\u00eda - Divisi\u00f3n Interamericana\",\"isPartOf\":{\"@id\":\"https:\\\/\\\/interamerica.org\\\/es\\\/#website\"},\"datePublished\":\"2008-01-06T04:00:00+00:00\",\"dateModified\":\"2017-06-02T13:10:22+00:00\",\"author\":{\"@id\":\"https:\\\/\\\/interamerica.org\\\/es\\\/#\\\/schema\\\/person\\\/68ede8bdc292885bb76c1e3810e73c39\"},\"breadcrumb\":{\"@id\":\"https:\\\/\\\/interamerica.org\\\/es\\\/2008\\\/01\\\/trinidad-universidad-adventista-recibira-donacion-de-us15-millones-del-gobierno\\\/#breadcrumb\"},\"inLanguage\":\"es\",\"potentialAction\":[{\"@type\":\"ReadAction\",\"target\":[\"https:\\\/\\\/interamerica.org\\\/es\\\/2008\\\/01\\\/trinidad-universidad-adventista-recibira-donacion-de-us15-millones-del-gobierno\\\/\"]}]},{\"@type\":\"BreadcrumbList\",\"@id\":\"https:\\\/\\\/interamerica.org\\\/es\\\/2008\\\/01\\\/trinidad-universidad-adventista-recibira-donacion-de-us15-millones-del-gobierno\\\/#breadcrumb\",\"itemListElement\":[{\"@type\":\"ListItem\",\"position\":1,\"name\":\"Home\",\"item\":\"https:\\\/\\\/interamerica.org\\\/es\\\/\"},{\"@type\":\"ListItem\",\"position\":2,\"name\":\"Trinidad: Universidad adventista recibir\u00e1 donaci\u00f3n de US$15 millones del gobierno\"}]},{\"@type\":\"WebSite\",\"@id\":\"https:\\\/\\\/interamerica.org\\\/es\\\/#website\",\"url\":\"https:\\\/\\\/interamerica.org\\\/es\\\/\",\"name\":\"Iglesia Adventista del S\u00e9ptimo D\u00eda - Divisi\u00f3n Interamericana\",\"description\":\"\",\"potentialAction\":[{\"@type\":\"SearchAction\",\"target\":{\"@type\":\"EntryPoint\",\"urlTemplate\":\"https:\\\/\\\/interamerica.org\\\/es\\\/?s={search_term_string}\"},\"query-input\":{\"@type\":\"PropertyValueSpecification\",\"valueRequired\":true,\"valueName\":\"search_term_string\"}}],\"inLanguage\":\"es\"},{\"@type\":\"Person\",\"@id\":\"https:\\\/\\\/interamerica.org\\\/es\\\/#\\\/schema\\\/person\\\/68ede8bdc292885bb76c1e3810e73c39\",\"name\":\"Lorenzo Verduzco\",\"image\":{\"@type\":\"ImageObject\",\"inLanguage\":\"es\",\"@id\":\"https:\\\/\\\/secure.gravatar.com\\\/avatar\\\/fb81a55b6218459490a9c1dc841a34909185b81904c5337b4b27f7a6fd60c49e?s=96&d=mm&r=g\",\"url\":\"https:\\\/\\\/secure.gravatar.com\\\/avatar\\\/fb81a55b6218459490a9c1dc841a34909185b81904c5337b4b27f7a6fd60c49e?s=96&d=mm&r=g\",\"contentUrl\":\"https:\\\/\\\/secure.gravatar.com\\\/avatar\\\/fb81a55b6218459490a9c1dc841a34909185b81904c5337b4b27f7a6fd60c49e?s=96&d=mm&r=g\",\"caption\":\"Lorenzo Verduzco\"}}]}<\/script>\n<!-- \/ Yoast SEO plugin. -->","yoast_head_json":{"title":"Trinidad: Universidad adventista recibir\u00e1 donaci\u00f3n de US$15 millones del gobierno - Iglesia Adventista del S\u00e9ptimo D\u00eda - Divisi\u00f3n Interamericana","robots":{"index":"index","follow":"follow","max-snippet":"max-snippet:-1","max-image-preview":"max-image-preview:large","max-video-preview":"max-video-preview:-1"},"canonical":"https:\/\/interamerica.org\/es\/2008\/01\/trinidad-universidad-adventista-recibira-donacion-de-us15-millones-del-gobierno\/","og_locale":"es_ES","og_type":"article","og_title":"Trinidad: Universidad adventista recibir\u00e1 donaci\u00f3n de US$15 millones del gobierno - Iglesia Adventista del S\u00e9ptimo D\u00eda - Divisi\u00f3n Interamericana","og_description":"Al continuar su Plan Visi\u00f3n 2020 para lograr estatus mundial de primera en niveles de educaci\u00f3n de pregrado, el gobierno de Trinidad y Tobago anunci\u00f3 que otorgar\u00eda USD$15.5 millones a la Universidad del Caribe del Sur.","og_url":"https:\/\/interamerica.org\/es\/2008\/01\/trinidad-universidad-adventista-recibira-donacion-de-us15-millones-del-gobierno\/","og_site_name":"Iglesia Adventista del S\u00e9ptimo D\u00eda - Divisi\u00f3n Interamericana","article_published_time":"2008-01-06T04:00:00+00:00","article_modified_time":"2017-06-02T13:10:22+00:00","author":"Lorenzo Verduzco","twitter_card":"summary_large_image","twitter_misc":{"Escrito por":"Lorenzo Verduzco","Tiempo de lectura":"2 minutos"},"schema":{"@context":"https:\/\/schema.org","@graph":[{"@type":"Article","@id":"https:\/\/interamerica.org\/es\/2008\/01\/trinidad-universidad-adventista-recibira-donacion-de-us15-millones-del-gobierno\/#article","isPartOf":{"@id":"https:\/\/interamerica.org\/es\/2008\/01\/trinidad-universidad-adventista-recibira-donacion-de-us15-millones-del-gobierno\/"},"author":{"name":"Lorenzo Verduzco","@id":"https:\/\/interamerica.org\/es\/#\/schema\/person\/68ede8bdc292885bb76c1e3810e73c39"},"headline":"Trinidad: Universidad adventista recibir\u00e1 donaci\u00f3n de US$15 millones del gobierno","datePublished":"2008-01-06T04:00:00+00:00","dateModified":"2017-06-02T13:10:22+00:00","mainEntityOfPage":{"@id":"https:\/\/interamerica.org\/es\/2008\/01\/trinidad-universidad-adventista-recibira-donacion-de-us15-millones-del-gobierno\/"},"wordCount":492,"articleSection":["Archivo"],"inLanguage":"es"},{"@type":"WebPage","@id":"https:\/\/interamerica.org\/es\/2008\/01\/trinidad-universidad-adventista-recibira-donacion-de-us15-millones-del-gobierno\/","url":"https:\/\/interamerica.org\/es\/2008\/01\/trinidad-universidad-adventista-recibira-donacion-de-us15-millones-del-gobierno\/","name":"Trinidad: Universidad adventista recibir\u00e1 donaci\u00f3n de US$15 millones del gobierno - Iglesia Adventista del S\u00e9ptimo D\u00eda - Divisi\u00f3n Interamericana","isPartOf":{"@id":"https:\/\/interamerica.org\/es\/#website"},"datePublished":"2008-01-06T04:00:00+00:00","dateModified":"2017-06-02T13:10:22+00:00","author":{"@id":"https:\/\/interamerica.org\/es\/#\/schema\/person\/68ede8bdc292885bb76c1e3810e73c39"},"breadcrumb":{"@id":"https:\/\/interamerica.org\/es\/2008\/01\/trinidad-universidad-adventista-recibira-donacion-de-us15-millones-del-gobierno\/#breadcrumb"},"inLanguage":"es","potentialAction":[{"@type":"ReadAction","target":["https:\/\/interamerica.org\/es\/2008\/01\/trinidad-universidad-adventista-recibira-donacion-de-us15-millones-del-gobierno\/"]}]},{"@type":"BreadcrumbList","@id":"https:\/\/interamerica.org\/es\/2008\/01\/trinidad-universidad-adventista-recibira-donacion-de-us15-millones-del-gobierno\/#breadcrumb","itemListElement":[{"@type":"ListItem","position":1,"name":"Home","item":"https:\/\/interamerica.org\/es\/"},{"@type":"ListItem","position":2,"name":"Trinidad: Universidad adventista recibir\u00e1 donaci\u00f3n de US$15 millones del gobierno"}]},{"@type":"WebSite","@id":"https:\/\/interamerica.org\/es\/#website","url":"https:\/\/interamerica.org\/es\/","name":"Iglesia Adventista del S\u00e9ptimo D\u00eda - Divisi\u00f3n Interamericana","description":"","potentialAction":[{"@type":"SearchAction","target":{"@type":"EntryPoint","urlTemplate":"https:\/\/interamerica.org\/es\/?s={search_term_string}"},"query-input":{"@type":"PropertyValueSpecification","valueRequired":true,"valueName":"search_term_string"}}],"inLanguage":"es"},{"@type":"Person","@id":"https:\/\/interamerica.org\/es\/#\/schema\/person\/68ede8bdc292885bb76c1e3810e73c39","name":"Lorenzo Verduzco","image":{"@type":"ImageObject","inLanguage":"es","@id":"https:\/\/secure.gravatar.com\/avatar\/fb81a55b6218459490a9c1dc841a34909185b81904c5337b4b27f7a6fd60c49e?s=96&d=mm&r=g","url":"https:\/\/secure.gravatar.com\/avatar\/fb81a55b6218459490a9c1dc841a34909185b81904c5337b4b27f7a6fd60c49e?s=96&d=mm&r=g","contentUrl":"https:\/\/secure.gravatar.com\/avatar\/fb81a55b6218459490a9c1dc841a34909185b81904c5337b4b27f7a6fd60c49e?s=96&d=mm&r=g","caption":"Lorenzo Verduzco"}}]}},"_links":{"self":[{"href":"https:\/\/interamerica.org\/es\/wp-json\/wp\/v2\/posts\/11088","targetHints":{"allow":["GET"]}}],"collection":[{"href":"https:\/\/interamerica.org\/es\/wp-json\/wp\/v2\/posts"}],"about":[{"href":"https:\/\/interamerica.org\/es\/wp-json\/wp\/v2\/types\/post"}],"author":[{"embeddable":true,"href":"https:\/\/interamerica.org\/es\/wp-json\/wp\/v2\/users\/1"}],"replies":[{"embeddable":true,"href":"https:\/\/interamerica.org\/es\/wp-json\/wp\/v2\/comments?post=11088"}],"version-history":[{"count":0,"href":"https:\/\/interamerica.org\/es\/wp-json\/wp\/v2\/posts\/11088\/revisions"}],"wp:attachment":[{"href":"https:\/\/interamerica.org\/es\/wp-json\/wp\/v2\/media?parent=11088"}],"wp:term":[{"taxonomy":"category","embeddable":true,"href":"https:\/\/interamerica.org\/es\/wp-json\/wp\/v2\/categories?post=11088"},{"taxonomy":"post_tag","embeddable":true,"href":"https:\/\/interamerica.org\/es\/wp-json\/wp\/v2\/tags?post=11088"}],"curies":[{"name":"wp","href":"https:\/\/api.w.org\/{rel}","templated":true}]}}