{"id":11089,"date":"2008-01-06T00:00:00","date_gmt":"2008-01-06T04:00:00","guid":{"rendered":"http:\/\/192.81.217.108\/interamerica\/2008\/01\/vebezuela-mas-de-21300-miembros-de-iglesia-reciben-capacitacion-especial\/"},"modified":"2017-06-02T09:10:22","modified_gmt":"2017-06-02T13:10:22","slug":"vebezuela-mas-de-21300-miembros-de-iglesia-reciben-capacitacion-especial","status":"publish","type":"post","link":"https:\/\/interamerica.org\/es\/2008\/01\/vebezuela-mas-de-21300-miembros-de-iglesia-reciben-capacitacion-especial\/","title":{"rendered":"Vebezuela: M\u00e1s de 21,300 miembros de iglesia reciben capacitaci\u00f3n especial."},"content":{"rendered":"<p>Caracas, Venezuela&#8230;[Rodolfo Escobar\/Libna Stevens] <\/p>\n<p>La iglesia adventista del s\u00e9ptimo d\u00eda en la regi\u00f3n venezolana-antillana est\u00e1 involucrada en la capacitaci\u00f3n de miles de sus miembros de iglesia y laicos en sus responsabilidades de servir y guiar a nuevos miembros de la iglesia. <\/p>\n<p>A m\u00e1s de 21,300 miembros de iglesia se les otorgaron certificados durante reciente ceremonia especial realizada a trav\u00e9s de la regi\u00f3n. Es una aproximaci\u00f3n que est\u00e1 dado grandes resultados, dicen l\u00edderes de la iglesia all\u00e1. <\/p>\n<p>El pastor Fernando Toala, director de ministrio personal para la regi\u00f3n venezolana-antillana dice que la iglesia ha estado trabajando con tres etapas de esfuezos evangel\u00edsticos desde el verano pasado. <\/p>\n<p>\u00abDividimos el a\u00f1o en tres segmentos\u00bb, dice el pastor Toala. \u00abPrimero, la etapa de consolidaci\u00f3n. \u00c9sta ocurre de junio a septiembre. Luego, la siembra que va de octubre a enero y por \u00faltimo la  cosecha que va de febrero a mayo\u00bb. <\/p>\n<p>Es durante la etapa de consolidaci\u00f3n, cuando son capacitados los miembros de iglesias y los laicos en sus responsabilidades, al ofrecerse como voluntarios para servir en un puesto en la iglesia, recibir cursos en ministrios cristianos, en  dones del esp\u00edritu, liderazgo cristiano, como testificar y dar estudios b\u00edblicos, c\u00f3mo opera la iglesia y cu\u00e1les son sus principios, c\u00f3mo conducir peque\u00f1os grupos, entre otras cosas. <\/p>\n<p>Fue durante la etapa de consolidaci\u00f3n que trajo a miles de miembros de iglesia una dedicaci\u00f3n renovada, dice Toala, que viaj\u00f3 de iglesia en iglesia para testificar y celebrar con los reci\u00e9n capacitados miembros. <\/p>\n<p>\u00abHemos notado que la iglesia est\u00e1 entrando a una nueva experiencia aqu\u00ed con la etapa de consolidaci\u00f3n\u00bb, dice Toala. \u00abHemos convertido iglesias en escuelas de profetas, donde los miembros no s\u00f3lo oyen un serm\u00f3n, sino que tambi\u00e9n son capacitados\u00bb. <\/p>\n<p>\u00abEs muy positivo ver c\u00f3mo la iglesia est\u00e1 experimentando un avivamiento en liderazgo\u00bb, dice \u00e9l. <\/p>\n<p>El pastor Carlyle Bayne, director de ministerios personales en Interam\u00e9rica, visit\u00f3 iglesias y ofreci\u00f3 capacitaci\u00f3n durante ceremonias de certificaci\u00f3n. \u00c9l dice que capacitaci\u00f3n de los miembros como esta es vital para lograr un impacto amplio. <\/p>\n<p>\u00abCuando se piensa en el alcance de nuestra evangelizaci\u00f3n, actualmente tenemos miles de miembros en el grupo de edad de 17-30. Algunos de ellos no han crecido en la iglesia adventista\u00bb, dice el pastor Byne. \u00abEllos no han estado yendo alrededor y dando estudios b\u00edblicos, o aprendiendo a c\u00f3mo ganar almas. Algunos de ellos pueden haber tenido ese experiencia en las iglesias de donde vinieron, pero necesitamos ser expuestos al estilo de vida adventista, Por lo tanto, la Divisi\u00f3n Interamericana enfatiza c\u00f3mo pueden \u00e9stos ser ganadores de almas, y como resultado, necesitamos traerlos a este tipo de programas de capacitaci\u00f3n\u00bb. <\/p>\n<p>Programas de certificaci\u00f3n como estos est\u00e1n  teniendo un gran impacto a trav\u00e9s de la iglesia en Interam\u00e9rica, dice el pastor Bayne, que viaja con frecuencia por todo el territorio supervisando la certificaci\u00f3n de programas para laicos y miembros de iglesia activos. <\/p>\n<p>\u00abPuedo ver que el entusiasmo creado entre una amplia secci\u00f3n de miembros que participan\u00bb, dice el pastor Bayne. \u00abHay finqueros, maestros, doctores. Una variada secci\u00f3n de la iglesia est\u00e1 representada\u00bb. <\/p>\n<p>No s\u00f3lo contribuye al funcionamiento de la iglesia pero, el pastor Bayne dice que ve que el programa unificado tendr\u00e1 efectos duraderos. <\/p>\n<p>Esos esfuerzos duraderos es lo que los l\u00edderes de la iglesia en Venezuela est\u00e1n seguros generar\u00e1 una iglesia vigorosa cuando la etapa del cerco tenga miembros participando en dar estudios b\u00edblicos, distribuir literatura, dictar charlas sobre salud a trav\u00e9s de las comunidades, y m\u00e1s, dice el pastor Toala. Durante la etapa de la cosecha, los miembros participar\u00e1n en organizar campa\u00f1as de evangelizaci\u00f3n a trav\u00e9s de sus comunidades. \u00abNo es s\u00f3lo butizar y bautizar, necesitamos consolidar a los nuevos miembros cada a\u00f1o\u00bb, dice \u00e9l. <\/p>\n<p>Es un programa de capacitaci\u00f3n continuo que la iglesia en Venezuela y otras regiones de la iglesia a trav\u00e9s de Interam\u00e9rica est\u00e1n llevando a cabo, seg\u00fan el pastor Bayne. <\/p>\n<p>Para m\u00e1s informaci\u00f3n sobre la iglesia en la Uni\u00f3n Venezolana-Antillana, visite <a  href=\"http:\/\/www.unionvenezolana.org\/\"><u >www.unionvenezolana.com<\/u ><\/a > <a  href=\"http:\/\/www.unionvenezolana.org\/\"><u >www.unionvenezolana.com<\/u ><\/a > <\/p>\n","protected":false},"excerpt":{"rendered":"<p>La Iglesia Adventista del S\u00e9ptimo D\u00eda en la regi\u00f3n venezolana-antillana participa en la capacitaci\u00f3n de miles de sus miembros de iglesia y laicos en sus responsabilidades mientras sirven y gu\u00edan a nuevos miembros de la i<\/p>\n","protected":false},"author":1,"featured_media":0,"comment_status":"closed","ping_status":"closed","sticky":false,"template":"","format":"standard","meta":{"_acf_changed":false,"footnotes":""},"categories":[8],"tags":[],"class_list":["post-11089","post","type-post","status-publish","format-standard","hentry","category-archivo"],"acf":[],"yoast_head":"<!-- This site is optimized with the Yoast SEO plugin v27.3 - https:\/\/yoast.com\/product\/yoast-seo-wordpress\/ -->\n<title>Vebezuela: M\u00e1s de 21,300 miembros de iglesia reciben capacitaci\u00f3n especial. - Iglesia Adventista del S\u00e9ptimo D\u00eda - Divisi\u00f3n Interamericana<\/title>\n<meta name=\"robots\" content=\"index, follow, max-snippet:-1, max-image-preview:large, max-video-preview:-1\" \/>\n<link rel=\"canonical\" href=\"https:\/\/interamerica.org\/es\/2008\/01\/vebezuela-mas-de-21300-miembros-de-iglesia-reciben-capacitacion-especial\/\" \/>\n<meta property=\"og:locale\" content=\"es_ES\" \/>\n<meta property=\"og:type\" content=\"article\" \/>\n<meta property=\"og:title\" content=\"Vebezuela: M\u00e1s de 21,300 miembros de iglesia reciben capacitaci\u00f3n especial. - Iglesia Adventista del S\u00e9ptimo D\u00eda - Divisi\u00f3n Interamericana\" \/>\n<meta property=\"og:description\" content=\"La Iglesia Adventista del S\u00e9ptimo D\u00eda en la regi\u00f3n venezolana-antillana participa en la capacitaci\u00f3n de miles de sus miembros de iglesia y laicos en sus responsabilidades mientras sirven y gu\u00edan a nuevos miembros de la i\" \/>\n<meta property=\"og:url\" content=\"https:\/\/interamerica.org\/es\/2008\/01\/vebezuela-mas-de-21300-miembros-de-iglesia-reciben-capacitacion-especial\/\" \/>\n<meta property=\"og:site_name\" content=\"Iglesia Adventista del S\u00e9ptimo D\u00eda - Divisi\u00f3n Interamericana\" \/>\n<meta property=\"article:published_time\" content=\"2008-01-06T04:00:00+00:00\" \/>\n<meta property=\"article:modified_time\" content=\"2017-06-02T13:10:22+00:00\" \/>\n<meta name=\"author\" content=\"Lorenzo Verduzco\" \/>\n<meta name=\"twitter:card\" content=\"summary_large_image\" \/>\n<meta name=\"twitter:label1\" content=\"Escrito por\" \/>\n\t<meta name=\"twitter:data1\" content=\"Lorenzo Verduzco\" \/>\n\t<meta name=\"twitter:label2\" content=\"Tiempo de lectura\" \/>\n\t<meta name=\"twitter:data2\" content=\"4 minutos\" \/>\n<script type=\"application\/ld+json\" class=\"yoast-schema-graph\">{\"@context\":\"https:\\\/\\\/schema.org\",\"@graph\":[{\"@type\":\"Article\",\"@id\":\"https:\\\/\\\/interamerica.org\\\/es\\\/2008\\\/01\\\/vebezuela-mas-de-21300-miembros-de-iglesia-reciben-capacitacion-especial\\\/#article\",\"isPartOf\":{\"@id\":\"https:\\\/\\\/interamerica.org\\\/es\\\/2008\\\/01\\\/vebezuela-mas-de-21300-miembros-de-iglesia-reciben-capacitacion-especial\\\/\"},\"author\":{\"name\":\"Lorenzo Verduzco\",\"@id\":\"https:\\\/\\\/interamerica.org\\\/es\\\/#\\\/schema\\\/person\\\/68ede8bdc292885bb76c1e3810e73c39\"},\"headline\":\"Vebezuela: M\u00e1s de 21,300 miembros de iglesia reciben capacitaci\u00f3n especial.\",\"datePublished\":\"2008-01-06T04:00:00+00:00\",\"dateModified\":\"2017-06-02T13:10:22+00:00\",\"mainEntityOfPage\":{\"@id\":\"https:\\\/\\\/interamerica.org\\\/es\\\/2008\\\/01\\\/vebezuela-mas-de-21300-miembros-de-iglesia-reciben-capacitacion-especial\\\/\"},\"wordCount\":732,\"articleSection\":[\"Archivo\"],\"inLanguage\":\"es\"},{\"@type\":\"WebPage\",\"@id\":\"https:\\\/\\\/interamerica.org\\\/es\\\/2008\\\/01\\\/vebezuela-mas-de-21300-miembros-de-iglesia-reciben-capacitacion-especial\\\/\",\"url\":\"https:\\\/\\\/interamerica.org\\\/es\\\/2008\\\/01\\\/vebezuela-mas-de-21300-miembros-de-iglesia-reciben-capacitacion-especial\\\/\",\"name\":\"Vebezuela: M\u00e1s de 21,300 miembros de iglesia reciben capacitaci\u00f3n especial. - Iglesia Adventista del S\u00e9ptimo D\u00eda - Divisi\u00f3n Interamericana\",\"isPartOf\":{\"@id\":\"https:\\\/\\\/interamerica.org\\\/es\\\/#website\"},\"datePublished\":\"2008-01-06T04:00:00+00:00\",\"dateModified\":\"2017-06-02T13:10:22+00:00\",\"author\":{\"@id\":\"https:\\\/\\\/interamerica.org\\\/es\\\/#\\\/schema\\\/person\\\/68ede8bdc292885bb76c1e3810e73c39\"},\"breadcrumb\":{\"@id\":\"https:\\\/\\\/interamerica.org\\\/es\\\/2008\\\/01\\\/vebezuela-mas-de-21300-miembros-de-iglesia-reciben-capacitacion-especial\\\/#breadcrumb\"},\"inLanguage\":\"es\",\"potentialAction\":[{\"@type\":\"ReadAction\",\"target\":[\"https:\\\/\\\/interamerica.org\\\/es\\\/2008\\\/01\\\/vebezuela-mas-de-21300-miembros-de-iglesia-reciben-capacitacion-especial\\\/\"]}]},{\"@type\":\"BreadcrumbList\",\"@id\":\"https:\\\/\\\/interamerica.org\\\/es\\\/2008\\\/01\\\/vebezuela-mas-de-21300-miembros-de-iglesia-reciben-capacitacion-especial\\\/#breadcrumb\",\"itemListElement\":[{\"@type\":\"ListItem\",\"position\":1,\"name\":\"Home\",\"item\":\"https:\\\/\\\/interamerica.org\\\/es\\\/\"},{\"@type\":\"ListItem\",\"position\":2,\"name\":\"Vebezuela: M\u00e1s de 21,300 miembros de iglesia reciben capacitaci\u00f3n especial.\"}]},{\"@type\":\"WebSite\",\"@id\":\"https:\\\/\\\/interamerica.org\\\/es\\\/#website\",\"url\":\"https:\\\/\\\/interamerica.org\\\/es\\\/\",\"name\":\"Iglesia Adventista del S\u00e9ptimo D\u00eda - Divisi\u00f3n Interamericana\",\"description\":\"\",\"potentialAction\":[{\"@type\":\"SearchAction\",\"target\":{\"@type\":\"EntryPoint\",\"urlTemplate\":\"https:\\\/\\\/interamerica.org\\\/es\\\/?s={search_term_string}\"},\"query-input\":{\"@type\":\"PropertyValueSpecification\",\"valueRequired\":true,\"valueName\":\"search_term_string\"}}],\"inLanguage\":\"es\"},{\"@type\":\"Person\",\"@id\":\"https:\\\/\\\/interamerica.org\\\/es\\\/#\\\/schema\\\/person\\\/68ede8bdc292885bb76c1e3810e73c39\",\"name\":\"Lorenzo Verduzco\",\"image\":{\"@type\":\"ImageObject\",\"inLanguage\":\"es\",\"@id\":\"https:\\\/\\\/secure.gravatar.com\\\/avatar\\\/fb81a55b6218459490a9c1dc841a34909185b81904c5337b4b27f7a6fd60c49e?s=96&d=mm&r=g\",\"url\":\"https:\\\/\\\/secure.gravatar.com\\\/avatar\\\/fb81a55b6218459490a9c1dc841a34909185b81904c5337b4b27f7a6fd60c49e?s=96&d=mm&r=g\",\"contentUrl\":\"https:\\\/\\\/secure.gravatar.com\\\/avatar\\\/fb81a55b6218459490a9c1dc841a34909185b81904c5337b4b27f7a6fd60c49e?s=96&d=mm&r=g\",\"caption\":\"Lorenzo Verduzco\"}}]}<\/script>\n<!-- \/ Yoast SEO plugin. -->","yoast_head_json":{"title":"Vebezuela: M\u00e1s de 21,300 miembros de iglesia reciben capacitaci\u00f3n especial. - Iglesia Adventista del S\u00e9ptimo D\u00eda - Divisi\u00f3n Interamericana","robots":{"index":"index","follow":"follow","max-snippet":"max-snippet:-1","max-image-preview":"max-image-preview:large","max-video-preview":"max-video-preview:-1"},"canonical":"https:\/\/interamerica.org\/es\/2008\/01\/vebezuela-mas-de-21300-miembros-de-iglesia-reciben-capacitacion-especial\/","og_locale":"es_ES","og_type":"article","og_title":"Vebezuela: M\u00e1s de 21,300 miembros de iglesia reciben capacitaci\u00f3n especial. - Iglesia Adventista del S\u00e9ptimo D\u00eda - Divisi\u00f3n Interamericana","og_description":"La Iglesia Adventista del S\u00e9ptimo D\u00eda en la regi\u00f3n venezolana-antillana participa en la capacitaci\u00f3n de miles de sus miembros de iglesia y laicos en sus responsabilidades mientras sirven y gu\u00edan a nuevos miembros de la i","og_url":"https:\/\/interamerica.org\/es\/2008\/01\/vebezuela-mas-de-21300-miembros-de-iglesia-reciben-capacitacion-especial\/","og_site_name":"Iglesia Adventista del S\u00e9ptimo D\u00eda - Divisi\u00f3n Interamericana","article_published_time":"2008-01-06T04:00:00+00:00","article_modified_time":"2017-06-02T13:10:22+00:00","author":"Lorenzo Verduzco","twitter_card":"summary_large_image","twitter_misc":{"Escrito por":"Lorenzo Verduzco","Tiempo de lectura":"4 minutos"},"schema":{"@context":"https:\/\/schema.org","@graph":[{"@type":"Article","@id":"https:\/\/interamerica.org\/es\/2008\/01\/vebezuela-mas-de-21300-miembros-de-iglesia-reciben-capacitacion-especial\/#article","isPartOf":{"@id":"https:\/\/interamerica.org\/es\/2008\/01\/vebezuela-mas-de-21300-miembros-de-iglesia-reciben-capacitacion-especial\/"},"author":{"name":"Lorenzo Verduzco","@id":"https:\/\/interamerica.org\/es\/#\/schema\/person\/68ede8bdc292885bb76c1e3810e73c39"},"headline":"Vebezuela: M\u00e1s de 21,300 miembros de iglesia reciben capacitaci\u00f3n especial.","datePublished":"2008-01-06T04:00:00+00:00","dateModified":"2017-06-02T13:10:22+00:00","mainEntityOfPage":{"@id":"https:\/\/interamerica.org\/es\/2008\/01\/vebezuela-mas-de-21300-miembros-de-iglesia-reciben-capacitacion-especial\/"},"wordCount":732,"articleSection":["Archivo"],"inLanguage":"es"},{"@type":"WebPage","@id":"https:\/\/interamerica.org\/es\/2008\/01\/vebezuela-mas-de-21300-miembros-de-iglesia-reciben-capacitacion-especial\/","url":"https:\/\/interamerica.org\/es\/2008\/01\/vebezuela-mas-de-21300-miembros-de-iglesia-reciben-capacitacion-especial\/","name":"Vebezuela: M\u00e1s de 21,300 miembros de iglesia reciben capacitaci\u00f3n especial. - Iglesia Adventista del S\u00e9ptimo D\u00eda - Divisi\u00f3n Interamericana","isPartOf":{"@id":"https:\/\/interamerica.org\/es\/#website"},"datePublished":"2008-01-06T04:00:00+00:00","dateModified":"2017-06-02T13:10:22+00:00","author":{"@id":"https:\/\/interamerica.org\/es\/#\/schema\/person\/68ede8bdc292885bb76c1e3810e73c39"},"breadcrumb":{"@id":"https:\/\/interamerica.org\/es\/2008\/01\/vebezuela-mas-de-21300-miembros-de-iglesia-reciben-capacitacion-especial\/#breadcrumb"},"inLanguage":"es","potentialAction":[{"@type":"ReadAction","target":["https:\/\/interamerica.org\/es\/2008\/01\/vebezuela-mas-de-21300-miembros-de-iglesia-reciben-capacitacion-especial\/"]}]},{"@type":"BreadcrumbList","@id":"https:\/\/interamerica.org\/es\/2008\/01\/vebezuela-mas-de-21300-miembros-de-iglesia-reciben-capacitacion-especial\/#breadcrumb","itemListElement":[{"@type":"ListItem","position":1,"name":"Home","item":"https:\/\/interamerica.org\/es\/"},{"@type":"ListItem","position":2,"name":"Vebezuela: M\u00e1s de 21,300 miembros de iglesia reciben capacitaci\u00f3n especial."}]},{"@type":"WebSite","@id":"https:\/\/interamerica.org\/es\/#website","url":"https:\/\/interamerica.org\/es\/","name":"Iglesia Adventista del S\u00e9ptimo D\u00eda - Divisi\u00f3n Interamericana","description":"","potentialAction":[{"@type":"SearchAction","target":{"@type":"EntryPoint","urlTemplate":"https:\/\/interamerica.org\/es\/?s={search_term_string}"},"query-input":{"@type":"PropertyValueSpecification","valueRequired":true,"valueName":"search_term_string"}}],"inLanguage":"es"},{"@type":"Person","@id":"https:\/\/interamerica.org\/es\/#\/schema\/person\/68ede8bdc292885bb76c1e3810e73c39","name":"Lorenzo Verduzco","image":{"@type":"ImageObject","inLanguage":"es","@id":"https:\/\/secure.gravatar.com\/avatar\/fb81a55b6218459490a9c1dc841a34909185b81904c5337b4b27f7a6fd60c49e?s=96&d=mm&r=g","url":"https:\/\/secure.gravatar.com\/avatar\/fb81a55b6218459490a9c1dc841a34909185b81904c5337b4b27f7a6fd60c49e?s=96&d=mm&r=g","contentUrl":"https:\/\/secure.gravatar.com\/avatar\/fb81a55b6218459490a9c1dc841a34909185b81904c5337b4b27f7a6fd60c49e?s=96&d=mm&r=g","caption":"Lorenzo Verduzco"}}]}},"_links":{"self":[{"href":"https:\/\/interamerica.org\/es\/wp-json\/wp\/v2\/posts\/11089","targetHints":{"allow":["GET"]}}],"collection":[{"href":"https:\/\/interamerica.org\/es\/wp-json\/wp\/v2\/posts"}],"about":[{"href":"https:\/\/interamerica.org\/es\/wp-json\/wp\/v2\/types\/post"}],"author":[{"embeddable":true,"href":"https:\/\/interamerica.org\/es\/wp-json\/wp\/v2\/users\/1"}],"replies":[{"embeddable":true,"href":"https:\/\/interamerica.org\/es\/wp-json\/wp\/v2\/comments?post=11089"}],"version-history":[{"count":0,"href":"https:\/\/interamerica.org\/es\/wp-json\/wp\/v2\/posts\/11089\/revisions"}],"wp:attachment":[{"href":"https:\/\/interamerica.org\/es\/wp-json\/wp\/v2\/media?parent=11089"}],"wp:term":[{"taxonomy":"category","embeddable":true,"href":"https:\/\/interamerica.org\/es\/wp-json\/wp\/v2\/categories?post=11089"},{"taxonomy":"post_tag","embeddable":true,"href":"https:\/\/interamerica.org\/es\/wp-json\/wp\/v2\/tags?post=11089"}],"curies":[{"name":"wp","href":"https:\/\/api.w.org\/{rel}","templated":true}]}}