{"id":11091,"date":"2008-01-13T00:00:00","date_gmt":"2008-01-13T04:00:00","guid":{"rendered":"http:\/\/192.81.217.108\/interamerica\/2008\/01\/iglesia-adventista-planea-construir-ministerio-por-internet-en-mercados-africanos\/"},"modified":"2017-06-02T09:10:20","modified_gmt":"2017-06-02T13:10:20","slug":"iglesia-adventista-planea-construir-ministerio-por-internet-en-mercados-africanos","status":"publish","type":"post","link":"https:\/\/interamerica.org\/es\/2008\/01\/iglesia-adventista-planea-construir-ministerio-por-internet-en-mercados-africanos\/","title":{"rendered":"Iglesia Adventista planea construir ministerio por Internet en mercados africanos"},"content":{"rendered":"<p>Silver Spring, Maryland, Estados Unidos, 10 de enero de 2008 \u2026 Ansel Oliver\/ANN <\/p>\n<p>Los tecn\u00f3logos se unen. <\/p>\n<p>La Iglesia Adventista del S\u00e9ptimo D\u00eda est\u00e1 examinando c\u00f3mo usar de la mejor manera los nuevos medios de comunicaci\u00f3n en \u00c1frica, una regi\u00f3n en la cual la iglesia a\u00fan tiene que sacar provecho del acceso m\u00f3vil a Internet. <\/p>\n<p>L\u00edderes de comunicaci\u00f3n de la iglesia, t\u00e9cnicos y personal de difusi\u00f3n se reunir\u00e1n para una conferencia sobre ministerio en Internet en Cape Town, Sud\u00e1frica, del 28 de febrero al 2 de marzo, para analizar formas de aumentar la presencia de la iglesia en Internet en \u00c1frica. <\/p>\n<p>La conferencia es una extensi\u00f3n regional de GIEN [Global Internet Evangelistic Network], la red global de evangelismo por Internet, de la Iglesia Adventista mundial, una conferencia llevada a cabo anualmente desde el a\u00f1o 2004. <\/p>\n<p>\u00abRealmente queremos comenzar esto arrancando desde cero\u00bb, dijo Andre Brink, director de comunicaci\u00f3n para la Iglesia Adventista del S\u00e9ptimo D\u00eda en Sud\u00e1frica. \u00abNo hay mucho que se est\u00e9 haciendo por parte de la iglesia en Internet, en \u00c1frica, y queremos gente que vea cu\u00e1les son las posibilidades\u00bb. <\/p>\n<p>Brink dijo que hay cerca de 200 millones de tel\u00e9fonos m\u00f3viles en \u00c1frica, y una cantidad mucho menor de computadoras personales. \u00abNecesitamos mirar c\u00f3mo m\u00e1s y m\u00e1s personas est\u00e1n accediendo a Internet a trav\u00e9s de los tel\u00e9fonos celulares\u00bb. La conferencia iniciar\u00e1 con una presentaci\u00f3n de parte de un representante de una compa\u00f1\u00eda de tel\u00e9fonos m\u00f3viles acerca de los planes futuros y tecnolog\u00edas para el continente. <\/p>\n<p>Los l\u00edderes de la iglesia tambi\u00e9n han reconocido el problema de las violaciones de propiedad intelectual en esa regi\u00f3n del mundo, dijo Brink. \u00abAlgunas personas en la iglesia piensan que pueden copiar algo porque es para la obra del Se\u00f1or\u00bb. <\/p>\n<p>La conferencia presentar\u00e1 una discusi\u00f3n en panel sobre los derechos de autor y una declaraci\u00f3n de la iglesia a los medios de comunicaci\u00f3n respecto al compromiso de la Iglesia Adventista con las leyes de propiedad intelectual, dijo Brink. <\/p>\n<p>Otros talleres se enfocar\u00e1n en la administraci\u00f3n de activos en los medios de comunicaci\u00f3n, tendencias en Internet y optimizaci\u00f3n de sitios Web y transmisi\u00f3n iPod (podcasting). <\/p>\n<p>Muchos presentadores traer\u00e1n nuevas ideas provenientes de convenciones internacionales de tecnolog\u00eda. <\/p>\n<p>\u00abQueremos transmitir a nuestros colegas en el ministerio las cosas que aprendemos\u00bb, dijo Marvin King, administrador de Web para Adventist World Radio, quien dirigir\u00e1 diversos talleres en la conferencia. \u00c9l tambi\u00e9n espera crear un foro de GIEN en el sitio de conexiones sociales Facebook, para crear comunidad entre los usuarios de tecnolog\u00eda de la iglesia. <\/p>\n<p>\u00abGIEN es un foro donde la gente puede compartir y aprender qu\u00e9 funciona y qu\u00e9 no funciona en esa parte del mundo\u00bb, dijo Williams Costa Jr., director asociado de comunicaci\u00f3n para la Iglesia Adventista mundial. \u00abQueremos que todos sean conscientes de las nuevas tecnolog\u00edas de modo que puedan seguir alcanzando lugares que una vez se cre\u00eda que eran inalcanzables\u00bb. <\/p>\n<p>La conferencia internacional GIEN de 2008 est\u00e1 programada para los d\u00edas 9-13 de julio en Denver, Colorado, Estados Unidos. <\/p>\n<p>Para m\u00e1s informaci\u00f3n, vea <a  href=\"http:\/\/gien.adventist.org\" target=\"_blank\">gien.adventist.org<\/a > <\/p>\n","protected":false},"excerpt":{"rendered":"<p>La Iglesia Adventista del S\u00e9ptimo D\u00eda est\u00e1 examinando c\u00f3mo usar de la mejor manera los nuevos medios de comunicaci\u00f3n en \u00c1frica, una regi\u00f3n en la cual la iglesia a\u00fan tiene que sacar provecho del acc<\/p>\n","protected":false},"author":1,"featured_media":0,"comment_status":"closed","ping_status":"closed","sticky":false,"template":"","format":"standard","meta":{"_acf_changed":false,"footnotes":""},"categories":[8],"tags":[],"class_list":["post-11091","post","type-post","status-publish","format-standard","hentry","category-archivo"],"acf":[],"yoast_head":"<!-- This site is optimized with the Yoast SEO plugin v27.3 - https:\/\/yoast.com\/product\/yoast-seo-wordpress\/ -->\n<title>Iglesia Adventista planea construir ministerio por Internet en mercados africanos - Iglesia Adventista del S\u00e9ptimo D\u00eda - Divisi\u00f3n Interamericana<\/title>\n<meta name=\"robots\" content=\"index, follow, max-snippet:-1, max-image-preview:large, max-video-preview:-1\" \/>\n<link rel=\"canonical\" href=\"https:\/\/interamerica.org\/es\/2008\/01\/iglesia-adventista-planea-construir-ministerio-por-internet-en-mercados-africanos\/\" \/>\n<meta property=\"og:locale\" content=\"es_ES\" \/>\n<meta property=\"og:type\" content=\"article\" \/>\n<meta property=\"og:title\" content=\"Iglesia Adventista planea construir ministerio por Internet en mercados africanos - Iglesia Adventista del S\u00e9ptimo D\u00eda - Divisi\u00f3n Interamericana\" \/>\n<meta property=\"og:description\" content=\"La Iglesia Adventista del S\u00e9ptimo D\u00eda est\u00e1 examinando c\u00f3mo usar de la mejor manera los nuevos medios de comunicaci\u00f3n en \u00c1frica, una regi\u00f3n en la cual la iglesia a\u00fan tiene que sacar provecho del acc\" \/>\n<meta property=\"og:url\" content=\"https:\/\/interamerica.org\/es\/2008\/01\/iglesia-adventista-planea-construir-ministerio-por-internet-en-mercados-africanos\/\" \/>\n<meta property=\"og:site_name\" content=\"Iglesia Adventista del S\u00e9ptimo D\u00eda - Divisi\u00f3n Interamericana\" \/>\n<meta property=\"article:published_time\" content=\"2008-01-13T04:00:00+00:00\" \/>\n<meta property=\"article:modified_time\" content=\"2017-06-02T13:10:20+00:00\" \/>\n<meta name=\"author\" content=\"Lorenzo Verduzco\" \/>\n<meta name=\"twitter:card\" content=\"summary_large_image\" \/>\n<meta name=\"twitter:label1\" content=\"Escrito por\" \/>\n\t<meta name=\"twitter:data1\" content=\"Lorenzo Verduzco\" \/>\n\t<meta name=\"twitter:label2\" content=\"Tiempo de lectura\" \/>\n\t<meta name=\"twitter:data2\" content=\"3 minutos\" \/>\n<script type=\"application\/ld+json\" class=\"yoast-schema-graph\">{\"@context\":\"https:\\\/\\\/schema.org\",\"@graph\":[{\"@type\":\"Article\",\"@id\":\"https:\\\/\\\/interamerica.org\\\/es\\\/2008\\\/01\\\/iglesia-adventista-planea-construir-ministerio-por-internet-en-mercados-africanos\\\/#article\",\"isPartOf\":{\"@id\":\"https:\\\/\\\/interamerica.org\\\/es\\\/2008\\\/01\\\/iglesia-adventista-planea-construir-ministerio-por-internet-en-mercados-africanos\\\/\"},\"author\":{\"name\":\"Lorenzo Verduzco\",\"@id\":\"https:\\\/\\\/interamerica.org\\\/es\\\/#\\\/schema\\\/person\\\/68ede8bdc292885bb76c1e3810e73c39\"},\"headline\":\"Iglesia Adventista planea construir ministerio por Internet en mercados africanos\",\"datePublished\":\"2008-01-13T04:00:00+00:00\",\"dateModified\":\"2017-06-02T13:10:20+00:00\",\"mainEntityOfPage\":{\"@id\":\"https:\\\/\\\/interamerica.org\\\/es\\\/2008\\\/01\\\/iglesia-adventista-planea-construir-ministerio-por-internet-en-mercados-africanos\\\/\"},\"wordCount\":561,\"articleSection\":[\"Archivo\"],\"inLanguage\":\"es\"},{\"@type\":\"WebPage\",\"@id\":\"https:\\\/\\\/interamerica.org\\\/es\\\/2008\\\/01\\\/iglesia-adventista-planea-construir-ministerio-por-internet-en-mercados-africanos\\\/\",\"url\":\"https:\\\/\\\/interamerica.org\\\/es\\\/2008\\\/01\\\/iglesia-adventista-planea-construir-ministerio-por-internet-en-mercados-africanos\\\/\",\"name\":\"Iglesia Adventista planea construir ministerio por Internet en mercados africanos - Iglesia Adventista del S\u00e9ptimo D\u00eda - Divisi\u00f3n Interamericana\",\"isPartOf\":{\"@id\":\"https:\\\/\\\/interamerica.org\\\/es\\\/#website\"},\"datePublished\":\"2008-01-13T04:00:00+00:00\",\"dateModified\":\"2017-06-02T13:10:20+00:00\",\"author\":{\"@id\":\"https:\\\/\\\/interamerica.org\\\/es\\\/#\\\/schema\\\/person\\\/68ede8bdc292885bb76c1e3810e73c39\"},\"breadcrumb\":{\"@id\":\"https:\\\/\\\/interamerica.org\\\/es\\\/2008\\\/01\\\/iglesia-adventista-planea-construir-ministerio-por-internet-en-mercados-africanos\\\/#breadcrumb\"},\"inLanguage\":\"es\",\"potentialAction\":[{\"@type\":\"ReadAction\",\"target\":[\"https:\\\/\\\/interamerica.org\\\/es\\\/2008\\\/01\\\/iglesia-adventista-planea-construir-ministerio-por-internet-en-mercados-africanos\\\/\"]}]},{\"@type\":\"BreadcrumbList\",\"@id\":\"https:\\\/\\\/interamerica.org\\\/es\\\/2008\\\/01\\\/iglesia-adventista-planea-construir-ministerio-por-internet-en-mercados-africanos\\\/#breadcrumb\",\"itemListElement\":[{\"@type\":\"ListItem\",\"position\":1,\"name\":\"Home\",\"item\":\"https:\\\/\\\/interamerica.org\\\/es\\\/\"},{\"@type\":\"ListItem\",\"position\":2,\"name\":\"Iglesia Adventista planea construir ministerio por Internet en mercados africanos\"}]},{\"@type\":\"WebSite\",\"@id\":\"https:\\\/\\\/interamerica.org\\\/es\\\/#website\",\"url\":\"https:\\\/\\\/interamerica.org\\\/es\\\/\",\"name\":\"Iglesia Adventista del S\u00e9ptimo D\u00eda - Divisi\u00f3n Interamericana\",\"description\":\"\",\"potentialAction\":[{\"@type\":\"SearchAction\",\"target\":{\"@type\":\"EntryPoint\",\"urlTemplate\":\"https:\\\/\\\/interamerica.org\\\/es\\\/?s={search_term_string}\"},\"query-input\":{\"@type\":\"PropertyValueSpecification\",\"valueRequired\":true,\"valueName\":\"search_term_string\"}}],\"inLanguage\":\"es\"},{\"@type\":\"Person\",\"@id\":\"https:\\\/\\\/interamerica.org\\\/es\\\/#\\\/schema\\\/person\\\/68ede8bdc292885bb76c1e3810e73c39\",\"name\":\"Lorenzo Verduzco\",\"image\":{\"@type\":\"ImageObject\",\"inLanguage\":\"es\",\"@id\":\"https:\\\/\\\/secure.gravatar.com\\\/avatar\\\/fb81a55b6218459490a9c1dc841a34909185b81904c5337b4b27f7a6fd60c49e?s=96&d=mm&r=g\",\"url\":\"https:\\\/\\\/secure.gravatar.com\\\/avatar\\\/fb81a55b6218459490a9c1dc841a34909185b81904c5337b4b27f7a6fd60c49e?s=96&d=mm&r=g\",\"contentUrl\":\"https:\\\/\\\/secure.gravatar.com\\\/avatar\\\/fb81a55b6218459490a9c1dc841a34909185b81904c5337b4b27f7a6fd60c49e?s=96&d=mm&r=g\",\"caption\":\"Lorenzo Verduzco\"}}]}<\/script>\n<!-- \/ Yoast SEO plugin. -->","yoast_head_json":{"title":"Iglesia Adventista planea construir ministerio por Internet en mercados africanos - Iglesia Adventista del S\u00e9ptimo D\u00eda - Divisi\u00f3n Interamericana","robots":{"index":"index","follow":"follow","max-snippet":"max-snippet:-1","max-image-preview":"max-image-preview:large","max-video-preview":"max-video-preview:-1"},"canonical":"https:\/\/interamerica.org\/es\/2008\/01\/iglesia-adventista-planea-construir-ministerio-por-internet-en-mercados-africanos\/","og_locale":"es_ES","og_type":"article","og_title":"Iglesia Adventista planea construir ministerio por Internet en mercados africanos - Iglesia Adventista del S\u00e9ptimo D\u00eda - Divisi\u00f3n Interamericana","og_description":"La Iglesia Adventista del S\u00e9ptimo D\u00eda est\u00e1 examinando c\u00f3mo usar de la mejor manera los nuevos medios de comunicaci\u00f3n en \u00c1frica, una regi\u00f3n en la cual la iglesia a\u00fan tiene que sacar provecho del acc","og_url":"https:\/\/interamerica.org\/es\/2008\/01\/iglesia-adventista-planea-construir-ministerio-por-internet-en-mercados-africanos\/","og_site_name":"Iglesia Adventista del S\u00e9ptimo D\u00eda - Divisi\u00f3n Interamericana","article_published_time":"2008-01-13T04:00:00+00:00","article_modified_time":"2017-06-02T13:10:20+00:00","author":"Lorenzo Verduzco","twitter_card":"summary_large_image","twitter_misc":{"Escrito por":"Lorenzo Verduzco","Tiempo de lectura":"3 minutos"},"schema":{"@context":"https:\/\/schema.org","@graph":[{"@type":"Article","@id":"https:\/\/interamerica.org\/es\/2008\/01\/iglesia-adventista-planea-construir-ministerio-por-internet-en-mercados-africanos\/#article","isPartOf":{"@id":"https:\/\/interamerica.org\/es\/2008\/01\/iglesia-adventista-planea-construir-ministerio-por-internet-en-mercados-africanos\/"},"author":{"name":"Lorenzo Verduzco","@id":"https:\/\/interamerica.org\/es\/#\/schema\/person\/68ede8bdc292885bb76c1e3810e73c39"},"headline":"Iglesia Adventista planea construir ministerio por Internet en mercados africanos","datePublished":"2008-01-13T04:00:00+00:00","dateModified":"2017-06-02T13:10:20+00:00","mainEntityOfPage":{"@id":"https:\/\/interamerica.org\/es\/2008\/01\/iglesia-adventista-planea-construir-ministerio-por-internet-en-mercados-africanos\/"},"wordCount":561,"articleSection":["Archivo"],"inLanguage":"es"},{"@type":"WebPage","@id":"https:\/\/interamerica.org\/es\/2008\/01\/iglesia-adventista-planea-construir-ministerio-por-internet-en-mercados-africanos\/","url":"https:\/\/interamerica.org\/es\/2008\/01\/iglesia-adventista-planea-construir-ministerio-por-internet-en-mercados-africanos\/","name":"Iglesia Adventista planea construir ministerio por Internet en mercados africanos - Iglesia Adventista del S\u00e9ptimo D\u00eda - Divisi\u00f3n Interamericana","isPartOf":{"@id":"https:\/\/interamerica.org\/es\/#website"},"datePublished":"2008-01-13T04:00:00+00:00","dateModified":"2017-06-02T13:10:20+00:00","author":{"@id":"https:\/\/interamerica.org\/es\/#\/schema\/person\/68ede8bdc292885bb76c1e3810e73c39"},"breadcrumb":{"@id":"https:\/\/interamerica.org\/es\/2008\/01\/iglesia-adventista-planea-construir-ministerio-por-internet-en-mercados-africanos\/#breadcrumb"},"inLanguage":"es","potentialAction":[{"@type":"ReadAction","target":["https:\/\/interamerica.org\/es\/2008\/01\/iglesia-adventista-planea-construir-ministerio-por-internet-en-mercados-africanos\/"]}]},{"@type":"BreadcrumbList","@id":"https:\/\/interamerica.org\/es\/2008\/01\/iglesia-adventista-planea-construir-ministerio-por-internet-en-mercados-africanos\/#breadcrumb","itemListElement":[{"@type":"ListItem","position":1,"name":"Home","item":"https:\/\/interamerica.org\/es\/"},{"@type":"ListItem","position":2,"name":"Iglesia Adventista planea construir ministerio por Internet en mercados africanos"}]},{"@type":"WebSite","@id":"https:\/\/interamerica.org\/es\/#website","url":"https:\/\/interamerica.org\/es\/","name":"Iglesia Adventista del S\u00e9ptimo D\u00eda - Divisi\u00f3n Interamericana","description":"","potentialAction":[{"@type":"SearchAction","target":{"@type":"EntryPoint","urlTemplate":"https:\/\/interamerica.org\/es\/?s={search_term_string}"},"query-input":{"@type":"PropertyValueSpecification","valueRequired":true,"valueName":"search_term_string"}}],"inLanguage":"es"},{"@type":"Person","@id":"https:\/\/interamerica.org\/es\/#\/schema\/person\/68ede8bdc292885bb76c1e3810e73c39","name":"Lorenzo Verduzco","image":{"@type":"ImageObject","inLanguage":"es","@id":"https:\/\/secure.gravatar.com\/avatar\/fb81a55b6218459490a9c1dc841a34909185b81904c5337b4b27f7a6fd60c49e?s=96&d=mm&r=g","url":"https:\/\/secure.gravatar.com\/avatar\/fb81a55b6218459490a9c1dc841a34909185b81904c5337b4b27f7a6fd60c49e?s=96&d=mm&r=g","contentUrl":"https:\/\/secure.gravatar.com\/avatar\/fb81a55b6218459490a9c1dc841a34909185b81904c5337b4b27f7a6fd60c49e?s=96&d=mm&r=g","caption":"Lorenzo Verduzco"}}]}},"_links":{"self":[{"href":"https:\/\/interamerica.org\/es\/wp-json\/wp\/v2\/posts\/11091","targetHints":{"allow":["GET"]}}],"collection":[{"href":"https:\/\/interamerica.org\/es\/wp-json\/wp\/v2\/posts"}],"about":[{"href":"https:\/\/interamerica.org\/es\/wp-json\/wp\/v2\/types\/post"}],"author":[{"embeddable":true,"href":"https:\/\/interamerica.org\/es\/wp-json\/wp\/v2\/users\/1"}],"replies":[{"embeddable":true,"href":"https:\/\/interamerica.org\/es\/wp-json\/wp\/v2\/comments?post=11091"}],"version-history":[{"count":0,"href":"https:\/\/interamerica.org\/es\/wp-json\/wp\/v2\/posts\/11091\/revisions"}],"wp:attachment":[{"href":"https:\/\/interamerica.org\/es\/wp-json\/wp\/v2\/media?parent=11091"}],"wp:term":[{"taxonomy":"category","embeddable":true,"href":"https:\/\/interamerica.org\/es\/wp-json\/wp\/v2\/categories?post=11091"},{"taxonomy":"post_tag","embeddable":true,"href":"https:\/\/interamerica.org\/es\/wp-json\/wp\/v2\/tags?post=11091"}],"curies":[{"name":"wp","href":"https:\/\/api.w.org\/{rel}","templated":true}]}}