{"id":11092,"date":"2008-01-08T00:00:00","date_gmt":"2008-01-08T04:00:00","guid":{"rendered":"http:\/\/192.81.217.108\/interamerica\/2008\/01\/interamerica-la-sede-comienza-el-ano-con-una-nota-espiritual\/"},"modified":"2017-06-02T09:10:21","modified_gmt":"2017-06-02T13:10:21","slug":"interamerica-la-sede-comienza-el-ano-con-una-nota-espiritual","status":"publish","type":"post","link":"https:\/\/interamerica.org\/es\/2008\/01\/interamerica-la-sede-comienza-el-ano-con-una-nota-espiritual\/","title":{"rendered":"Interamerica: La sede comienza el a\u00f1o con una nota espiritual"},"content":{"rendered":"<p>Miami, Florida [Libna Stevens\/DIA] <\/p>\n<p>Al inicio del 2008, el personal de oficina de la Divisi\u00f3n Interamericana (DIA) le dio la bienvenida al 2008 con un servicio especial para poner el tono para el nuevo a\u00f1o en Miami, Floida, el 2 de enero. El personal, compuesto de m\u00e1s de 50 dirigentes de la iglesa y empleados, reflexion\u00f3 sobre las bendiciones del a\u00f1o anterior y se reconsagr\u00f3 al Se\u00f1or <\/p>\n<p>El pastor Leito, presidente de la iglesia en Interam\u00e9rica, le dio la bienvenida a los presentes y alarde\u00f3 respecto a las muchas bendiciones que Dios derram\u00f3 sobre la iglesia en Interam\u00e9rica en el a\u00f1o 2007. \u00abPor la gracia de Dios, tendremos un buen a\u00f1o\u00bb, dijo \u00e9l. <\/p>\n<p>El pastor Leito se complaci\u00f3 en presentar al orador invitado de la ma\u00f1a, Jorge Bravo, que fue especialmente invitado para representar los millones de laicos que trabajan a trav\u00e9s de las iglesias en Interam\u00e9rica. <\/p>\n<p>Bravo, que es el gerente general de DHL en Costa Rica, comparti\u00f3 con el liderazgo y el personal la necesidad de esfuerzos aunados para servir a la iglesia. <\/p>\n<p>\u00abHemos sido llamados para realizar un trabajo\u00bb, dijo. \u00abDebemos estar consagrados al Se\u00f1or. De lo contrario, no terminaremos el trabajo que Dios nos ha dado\u00bb <\/p>\n<p>Bravo le record\u00f3 a los dirigentes de la iglesia y al personal de permanecer humildes al realizar el trabajo del Se\u00f1or y a unirse en terminar las tareas que est\u00e1n a mano al correr el nuevo a\u00f1o. <\/p>\n<p>El programa de adoraci\u00f3n tambi\u00e9n fue acompa\u00f1ado de un concierto por Cenaida Pannefleck, que viajo desde Curacao para tocar un conjunto completo de campanas. Pannefleck, vicepresidenta de finanazas en el Hospital Adventista Antillano en Curacao, comparti\u00f3 con la audiencia el amor por Dios y por tocar las campanas. <\/p>\n<p>El programa tambi\u00e9n incluy\u00f3 una sesi\u00f3n de oraci\u00f3n por la direcci\u00f3n de Dios, testimonios sobre las bendiciones de Dios, as\u00ed como deseos para el nuevo a\u00f1o de parte del persona, entre otras cosas. <\/p>\n<p>La sede de la Divisi\u00f3n Interamericana supervisa la labor de la Iglesia Adventista del S\u00e9ptimo D\u00eda en las 15 regiones del territorio, que hace alarde de tener m\u00e1s de tres millones de miembros de iglesia adorando en 9,224 iglesias.  <\/p><\/p>\n","protected":false},"excerpt":{"rendered":"<p>Al inicio del 2008, el personal de oficina de la Divisi\u00f3n Interamericana (DIA) le dio la bienvenida al 2008 con un servicio especial para poner el tono para el nuevo a\u00f1o en Miami, Floida, el 2 de enero. El personal, compuesto de m\u00e1s d<\/p>\n","protected":false},"author":1,"featured_media":0,"comment_status":"closed","ping_status":"closed","sticky":false,"template":"","format":"standard","meta":{"_acf_changed":false,"footnotes":""},"categories":[8],"tags":[],"class_list":["post-11092","post","type-post","status-publish","format-standard","hentry","category-archivo"],"acf":[],"yoast_head":"<!-- This site is optimized with the Yoast SEO plugin v27.3 - https:\/\/yoast.com\/product\/yoast-seo-wordpress\/ -->\n<title>Interamerica: La sede comienza el a\u00f1o con una nota espiritual - Iglesia Adventista del S\u00e9ptimo D\u00eda - Divisi\u00f3n Interamericana<\/title>\n<meta name=\"robots\" content=\"index, follow, max-snippet:-1, max-image-preview:large, max-video-preview:-1\" \/>\n<link rel=\"canonical\" href=\"https:\/\/interamerica.org\/es\/2008\/01\/interamerica-la-sede-comienza-el-ano-con-una-nota-espiritual\/\" \/>\n<meta property=\"og:locale\" content=\"es_ES\" \/>\n<meta property=\"og:type\" content=\"article\" \/>\n<meta property=\"og:title\" content=\"Interamerica: La sede comienza el a\u00f1o con una nota espiritual - Iglesia Adventista del S\u00e9ptimo D\u00eda - Divisi\u00f3n Interamericana\" \/>\n<meta property=\"og:description\" content=\"Al inicio del 2008, el personal de oficina de la Divisi\u00f3n Interamericana (DIA) le dio la bienvenida al 2008 con un servicio especial para poner el tono para el nuevo a\u00f1o en Miami, Floida, el 2 de enero. El personal, compuesto de m\u00e1s d\" \/>\n<meta property=\"og:url\" content=\"https:\/\/interamerica.org\/es\/2008\/01\/interamerica-la-sede-comienza-el-ano-con-una-nota-espiritual\/\" \/>\n<meta property=\"og:site_name\" content=\"Iglesia Adventista del S\u00e9ptimo D\u00eda - Divisi\u00f3n Interamericana\" \/>\n<meta property=\"article:published_time\" content=\"2008-01-08T04:00:00+00:00\" \/>\n<meta property=\"article:modified_time\" content=\"2017-06-02T13:10:21+00:00\" \/>\n<meta name=\"author\" content=\"Lorenzo Verduzco\" \/>\n<meta name=\"twitter:card\" content=\"summary_large_image\" \/>\n<meta name=\"twitter:label1\" content=\"Escrito por\" \/>\n\t<meta name=\"twitter:data1\" content=\"Lorenzo Verduzco\" \/>\n\t<meta name=\"twitter:label2\" content=\"Tiempo de lectura\" \/>\n\t<meta name=\"twitter:data2\" content=\"2 minutos\" \/>\n<script type=\"application\/ld+json\" class=\"yoast-schema-graph\">{\"@context\":\"https:\\\/\\\/schema.org\",\"@graph\":[{\"@type\":\"Article\",\"@id\":\"https:\\\/\\\/interamerica.org\\\/es\\\/2008\\\/01\\\/interamerica-la-sede-comienza-el-ano-con-una-nota-espiritual\\\/#article\",\"isPartOf\":{\"@id\":\"https:\\\/\\\/interamerica.org\\\/es\\\/2008\\\/01\\\/interamerica-la-sede-comienza-el-ano-con-una-nota-espiritual\\\/\"},\"author\":{\"name\":\"Lorenzo Verduzco\",\"@id\":\"https:\\\/\\\/interamerica.org\\\/es\\\/#\\\/schema\\\/person\\\/68ede8bdc292885bb76c1e3810e73c39\"},\"headline\":\"Interamerica: La sede comienza el a\u00f1o con una nota espiritual\",\"datePublished\":\"2008-01-08T04:00:00+00:00\",\"dateModified\":\"2017-06-02T13:10:21+00:00\",\"mainEntityOfPage\":{\"@id\":\"https:\\\/\\\/interamerica.org\\\/es\\\/2008\\\/01\\\/interamerica-la-sede-comienza-el-ano-con-una-nota-espiritual\\\/\"},\"wordCount\":390,\"articleSection\":[\"Archivo\"],\"inLanguage\":\"es\"},{\"@type\":\"WebPage\",\"@id\":\"https:\\\/\\\/interamerica.org\\\/es\\\/2008\\\/01\\\/interamerica-la-sede-comienza-el-ano-con-una-nota-espiritual\\\/\",\"url\":\"https:\\\/\\\/interamerica.org\\\/es\\\/2008\\\/01\\\/interamerica-la-sede-comienza-el-ano-con-una-nota-espiritual\\\/\",\"name\":\"Interamerica: La sede comienza el a\u00f1o con una nota espiritual - Iglesia Adventista del S\u00e9ptimo D\u00eda - Divisi\u00f3n Interamericana\",\"isPartOf\":{\"@id\":\"https:\\\/\\\/interamerica.org\\\/es\\\/#website\"},\"datePublished\":\"2008-01-08T04:00:00+00:00\",\"dateModified\":\"2017-06-02T13:10:21+00:00\",\"author\":{\"@id\":\"https:\\\/\\\/interamerica.org\\\/es\\\/#\\\/schema\\\/person\\\/68ede8bdc292885bb76c1e3810e73c39\"},\"breadcrumb\":{\"@id\":\"https:\\\/\\\/interamerica.org\\\/es\\\/2008\\\/01\\\/interamerica-la-sede-comienza-el-ano-con-una-nota-espiritual\\\/#breadcrumb\"},\"inLanguage\":\"es\",\"potentialAction\":[{\"@type\":\"ReadAction\",\"target\":[\"https:\\\/\\\/interamerica.org\\\/es\\\/2008\\\/01\\\/interamerica-la-sede-comienza-el-ano-con-una-nota-espiritual\\\/\"]}]},{\"@type\":\"BreadcrumbList\",\"@id\":\"https:\\\/\\\/interamerica.org\\\/es\\\/2008\\\/01\\\/interamerica-la-sede-comienza-el-ano-con-una-nota-espiritual\\\/#breadcrumb\",\"itemListElement\":[{\"@type\":\"ListItem\",\"position\":1,\"name\":\"Home\",\"item\":\"https:\\\/\\\/interamerica.org\\\/es\\\/\"},{\"@type\":\"ListItem\",\"position\":2,\"name\":\"Interamerica: La sede comienza el a\u00f1o con una nota espiritual\"}]},{\"@type\":\"WebSite\",\"@id\":\"https:\\\/\\\/interamerica.org\\\/es\\\/#website\",\"url\":\"https:\\\/\\\/interamerica.org\\\/es\\\/\",\"name\":\"Iglesia Adventista del S\u00e9ptimo D\u00eda - Divisi\u00f3n Interamericana\",\"description\":\"\",\"potentialAction\":[{\"@type\":\"SearchAction\",\"target\":{\"@type\":\"EntryPoint\",\"urlTemplate\":\"https:\\\/\\\/interamerica.org\\\/es\\\/?s={search_term_string}\"},\"query-input\":{\"@type\":\"PropertyValueSpecification\",\"valueRequired\":true,\"valueName\":\"search_term_string\"}}],\"inLanguage\":\"es\"},{\"@type\":\"Person\",\"@id\":\"https:\\\/\\\/interamerica.org\\\/es\\\/#\\\/schema\\\/person\\\/68ede8bdc292885bb76c1e3810e73c39\",\"name\":\"Lorenzo Verduzco\",\"image\":{\"@type\":\"ImageObject\",\"inLanguage\":\"es\",\"@id\":\"https:\\\/\\\/secure.gravatar.com\\\/avatar\\\/fb81a55b6218459490a9c1dc841a34909185b81904c5337b4b27f7a6fd60c49e?s=96&d=mm&r=g\",\"url\":\"https:\\\/\\\/secure.gravatar.com\\\/avatar\\\/fb81a55b6218459490a9c1dc841a34909185b81904c5337b4b27f7a6fd60c49e?s=96&d=mm&r=g\",\"contentUrl\":\"https:\\\/\\\/secure.gravatar.com\\\/avatar\\\/fb81a55b6218459490a9c1dc841a34909185b81904c5337b4b27f7a6fd60c49e?s=96&d=mm&r=g\",\"caption\":\"Lorenzo Verduzco\"}}]}<\/script>\n<!-- \/ Yoast SEO plugin. -->","yoast_head_json":{"title":"Interamerica: La sede comienza el a\u00f1o con una nota espiritual - Iglesia Adventista del S\u00e9ptimo D\u00eda - Divisi\u00f3n Interamericana","robots":{"index":"index","follow":"follow","max-snippet":"max-snippet:-1","max-image-preview":"max-image-preview:large","max-video-preview":"max-video-preview:-1"},"canonical":"https:\/\/interamerica.org\/es\/2008\/01\/interamerica-la-sede-comienza-el-ano-con-una-nota-espiritual\/","og_locale":"es_ES","og_type":"article","og_title":"Interamerica: La sede comienza el a\u00f1o con una nota espiritual - Iglesia Adventista del S\u00e9ptimo D\u00eda - Divisi\u00f3n Interamericana","og_description":"Al inicio del 2008, el personal de oficina de la Divisi\u00f3n Interamericana (DIA) le dio la bienvenida al 2008 con un servicio especial para poner el tono para el nuevo a\u00f1o en Miami, Floida, el 2 de enero. El personal, compuesto de m\u00e1s d","og_url":"https:\/\/interamerica.org\/es\/2008\/01\/interamerica-la-sede-comienza-el-ano-con-una-nota-espiritual\/","og_site_name":"Iglesia Adventista del S\u00e9ptimo D\u00eda - Divisi\u00f3n Interamericana","article_published_time":"2008-01-08T04:00:00+00:00","article_modified_time":"2017-06-02T13:10:21+00:00","author":"Lorenzo Verduzco","twitter_card":"summary_large_image","twitter_misc":{"Escrito por":"Lorenzo Verduzco","Tiempo de lectura":"2 minutos"},"schema":{"@context":"https:\/\/schema.org","@graph":[{"@type":"Article","@id":"https:\/\/interamerica.org\/es\/2008\/01\/interamerica-la-sede-comienza-el-ano-con-una-nota-espiritual\/#article","isPartOf":{"@id":"https:\/\/interamerica.org\/es\/2008\/01\/interamerica-la-sede-comienza-el-ano-con-una-nota-espiritual\/"},"author":{"name":"Lorenzo Verduzco","@id":"https:\/\/interamerica.org\/es\/#\/schema\/person\/68ede8bdc292885bb76c1e3810e73c39"},"headline":"Interamerica: La sede comienza el a\u00f1o con una nota espiritual","datePublished":"2008-01-08T04:00:00+00:00","dateModified":"2017-06-02T13:10:21+00:00","mainEntityOfPage":{"@id":"https:\/\/interamerica.org\/es\/2008\/01\/interamerica-la-sede-comienza-el-ano-con-una-nota-espiritual\/"},"wordCount":390,"articleSection":["Archivo"],"inLanguage":"es"},{"@type":"WebPage","@id":"https:\/\/interamerica.org\/es\/2008\/01\/interamerica-la-sede-comienza-el-ano-con-una-nota-espiritual\/","url":"https:\/\/interamerica.org\/es\/2008\/01\/interamerica-la-sede-comienza-el-ano-con-una-nota-espiritual\/","name":"Interamerica: La sede comienza el a\u00f1o con una nota espiritual - Iglesia Adventista del S\u00e9ptimo D\u00eda - Divisi\u00f3n Interamericana","isPartOf":{"@id":"https:\/\/interamerica.org\/es\/#website"},"datePublished":"2008-01-08T04:00:00+00:00","dateModified":"2017-06-02T13:10:21+00:00","author":{"@id":"https:\/\/interamerica.org\/es\/#\/schema\/person\/68ede8bdc292885bb76c1e3810e73c39"},"breadcrumb":{"@id":"https:\/\/interamerica.org\/es\/2008\/01\/interamerica-la-sede-comienza-el-ano-con-una-nota-espiritual\/#breadcrumb"},"inLanguage":"es","potentialAction":[{"@type":"ReadAction","target":["https:\/\/interamerica.org\/es\/2008\/01\/interamerica-la-sede-comienza-el-ano-con-una-nota-espiritual\/"]}]},{"@type":"BreadcrumbList","@id":"https:\/\/interamerica.org\/es\/2008\/01\/interamerica-la-sede-comienza-el-ano-con-una-nota-espiritual\/#breadcrumb","itemListElement":[{"@type":"ListItem","position":1,"name":"Home","item":"https:\/\/interamerica.org\/es\/"},{"@type":"ListItem","position":2,"name":"Interamerica: La sede comienza el a\u00f1o con una nota espiritual"}]},{"@type":"WebSite","@id":"https:\/\/interamerica.org\/es\/#website","url":"https:\/\/interamerica.org\/es\/","name":"Iglesia Adventista del S\u00e9ptimo D\u00eda - Divisi\u00f3n Interamericana","description":"","potentialAction":[{"@type":"SearchAction","target":{"@type":"EntryPoint","urlTemplate":"https:\/\/interamerica.org\/es\/?s={search_term_string}"},"query-input":{"@type":"PropertyValueSpecification","valueRequired":true,"valueName":"search_term_string"}}],"inLanguage":"es"},{"@type":"Person","@id":"https:\/\/interamerica.org\/es\/#\/schema\/person\/68ede8bdc292885bb76c1e3810e73c39","name":"Lorenzo Verduzco","image":{"@type":"ImageObject","inLanguage":"es","@id":"https:\/\/secure.gravatar.com\/avatar\/fb81a55b6218459490a9c1dc841a34909185b81904c5337b4b27f7a6fd60c49e?s=96&d=mm&r=g","url":"https:\/\/secure.gravatar.com\/avatar\/fb81a55b6218459490a9c1dc841a34909185b81904c5337b4b27f7a6fd60c49e?s=96&d=mm&r=g","contentUrl":"https:\/\/secure.gravatar.com\/avatar\/fb81a55b6218459490a9c1dc841a34909185b81904c5337b4b27f7a6fd60c49e?s=96&d=mm&r=g","caption":"Lorenzo Verduzco"}}]}},"_links":{"self":[{"href":"https:\/\/interamerica.org\/es\/wp-json\/wp\/v2\/posts\/11092","targetHints":{"allow":["GET"]}}],"collection":[{"href":"https:\/\/interamerica.org\/es\/wp-json\/wp\/v2\/posts"}],"about":[{"href":"https:\/\/interamerica.org\/es\/wp-json\/wp\/v2\/types\/post"}],"author":[{"embeddable":true,"href":"https:\/\/interamerica.org\/es\/wp-json\/wp\/v2\/users\/1"}],"replies":[{"embeddable":true,"href":"https:\/\/interamerica.org\/es\/wp-json\/wp\/v2\/comments?post=11092"}],"version-history":[{"count":0,"href":"https:\/\/interamerica.org\/es\/wp-json\/wp\/v2\/posts\/11092\/revisions"}],"wp:attachment":[{"href":"https:\/\/interamerica.org\/es\/wp-json\/wp\/v2\/media?parent=11092"}],"wp:term":[{"taxonomy":"category","embeddable":true,"href":"https:\/\/interamerica.org\/es\/wp-json\/wp\/v2\/categories?post=11092"},{"taxonomy":"post_tag","embeddable":true,"href":"https:\/\/interamerica.org\/es\/wp-json\/wp\/v2\/tags?post=11092"}],"curies":[{"name":"wp","href":"https:\/\/api.w.org\/{rel}","templated":true}]}}