{"id":111056,"date":"2024-03-13T15:51:30","date_gmt":"2024-03-13T19:51:30","guid":{"rendered":"https:\/\/interamerica.org\/?p=111056"},"modified":"2024-03-14T10:05:28","modified_gmt":"2024-03-14T14:05:28","slug":"division-interamericana-relanza-su-biblioteca-virtual-adventista","status":"publish","type":"post","link":"https:\/\/interamerica.org\/es\/2024\/03\/division-interamericana-relanza-su-biblioteca-virtual-adventista\/","title":{"rendered":"Divisi\u00f3n Interamericana relanza su Biblioteca Virtual Adventista"},"content":{"rendered":"<h4><em>Durante evento en l\u00ednea en vivo, los l\u00edderes destacan nuevo rebranding, recursos y herramientas.<\/em><\/h4>\n<p>13 de marzo de 2024 | Alajuela, Costa Rica | Libna Stevens, Noticias de la Divisi\u00f3n Interamericana<\/p>\n<p>La Divisi\u00f3n Interamericana lanz\u00f3 su remodelada Biblioteca Virtual Adventista para cientos de escuelas y universidades de su sistema educativo, durante una ceremonia en l\u00ednea en vivo llevada a cabo en Alajuela, Costa Rica, el 4 de marzo de 2024. Decenas de estudiantes, docentes, educadores, l\u00edderes de la iglesia y administradores se dieron cita en la Universidad Adventista de Centroam\u00e9rica para ser testigos de la nueva interfaz, el nuevo rebranding de marca y los nuevos recursos disponibles.<\/p>\n<p>La Biblioteca Virtual Adventista de la Divisi\u00f3n Interamericana, que es una herramienta de servicio que depende del departamento de educaci\u00f3n, fue establecida por primera vez en 2007 para apoyar los recursos de biblioteca, mejorar la cultura de investigaci\u00f3n y la lectura de los estudiantes de todas las edades que asisten a las 13 universidades, dos seminarios, y cientos de escuelas primarias de las 24 uniones, o principales regiones eclesi\u00e1sticas, del territorio.<\/p>\n<p><div id=\"attachment_111027\" style=\"width: 610px\" class=\"wp-caption aligncenter\"><img fetchpriority=\"high\" decoding=\"async\" aria-describedby=\"caption-attachment-111027\" class=\"wp-image-111027 size-full\" src=\"https:\/\/interamerica.org\/wp-content\/uploads\/2024\/03\/biva-web-spanish.jpg\" alt=\"\" width=\"600\" height=\"950\" srcset=\"https:\/\/interamerica.org\/wp-content\/uploads\/2024\/03\/biva-web-spanish.jpg 600w, https:\/\/interamerica.org\/wp-content\/uploads\/2024\/03\/biva-web-spanish-189x300.jpg 189w\" sizes=\"(max-width: 600px) 100vw, 600px\" \/><p id=\"caption-attachment-111027\" class=\"wp-caption-text\">El nuevo rebranding, dise\u00f1o y portal lanzado el pasado 4 de marzo de 2024, con recursos adicionales en ingl\u00e9s, espa\u00f1ol y franc\u00e9s. [Fotograf\u00eda: captura de pantalla de la BiVA]<\/p><\/div><strong>Nuevo sitio web, nuevo dise\u00f1o, nuevo logotipo<\/strong><\/p>\n<p>Con su nuevo sitio, nuevo dise\u00f1o, nuevo logotipo y nuevas herramientas de navegaci\u00f3n, la Biblioteca Virtual Adventista (BiVA) brinda acceso a cientos de miles de libros, libros de texto, enciclopedias, art\u00edculos y revistas en todas las \u00e1reas de estudio, dijeron los educadores.<\/p>\n<p>\u201cEste lanzamiento inaugural representa m\u00e1s que tan solo un programa, porque encarna las aspiraciones de toda una comunidad ansiosa de adoptar el poder de la educaci\u00f3n y el conocimiento\u201d, dijo el pastor Elie Henry, presidente de la Divisi\u00f3n Interamericana, al dirigirse al grupo en la biblioteca del campus. \u201cLas bibliotecas son faros y fuentes de conocimiento que ofrecen oportunidades ilimitadas, para que las personas puedan explorar, descubrir y crecer\u201d, a\u00f1adi\u00f3. \u201cQue este gran espacio pueda estar accesible en todo momento, que sea \u00fatil y que enriquezca a muchas vidas y comunidades\u201d.<\/p>\n<p><div id=\"attachment_111033\" style=\"width: 914px\" class=\"wp-caption aligncenter\"><img decoding=\"async\" aria-describedby=\"caption-attachment-111033\" class=\" wp-image-111031\" src=\"https:\/\/interamerica.org\/wp-content\/uploads\/2024\/03\/oscarcamacho-unadeca-biva-launch.jpg\" alt=\"\" width=\"904\" height=\"589\" srcset=\"https:\/\/interamerica.org\/wp-content\/uploads\/2024\/03\/oscarcamacho-unadeca-biva-launch.jpg 1000w, https:\/\/interamerica.org\/wp-content\/uploads\/2024\/03\/oscarcamacho-unadeca-biva-launch-300x196.jpg 300w, https:\/\/interamerica.org\/wp-content\/uploads\/2024\/03\/oscarcamacho-unadeca-biva-launch-768x501.jpg 768w\" sizes=\"(max-width: 904px) 100vw, 904px\" \/><p id=\"caption-attachment-111033\" class=\"wp-caption-text\">El doctor Oscar Camacho, presidente de la Universidad Adventista Centroamericana en Alajuela, Costa Rica, da la bienvenida a los estudiantes, docentes, y l\u00edderes de la iglesia al lanzamiento en l\u00ednea de la nueva Biblioteca Virtual Adventista de la Divisi\u00f3n Interamericana el pasado 4 de marzo de 2024. [Fotograf\u00eda: Libna Stevens\/DIA]<\/p><\/div>La ocasi\u00f3n marca la culminaci\u00f3n de la dedicaci\u00f3n de tantos que contribuyeron al crecimiento de la biblioteca virtual, dijo el pastor Henry. Agradeci\u00f3 a Evelyn Velazquez, exdirectora de la BiVA, al doctor Mois\u00e9s Velazquez, exdirector de educaci\u00f3n de la Divisi\u00f3n Interamericana, por su visi\u00f3n y esfuerzos para establecer la biblioteca virtual, y a los pastores Israel Leito y Filiberto Verduzco, expresidente y tesorero de la Divisi\u00f3n Interamericana respectivamente, por su liderazgo y apoyo.<\/p>\n<p>El pastor Henry se comprometi\u00f3 a seguir apoyando, junto a sus colegas administradores, a la biblioteca virtual y su valioso impacto en los estudiantes, las personas y las familias de toda la Divisi\u00f3n Interamericana. \u201cEspero que sean testigos de la influencia positiva que tendr\u00e1 la BiVA, y que el esp\u00edritu de descubrimiento e iluminaci\u00f3n impregne cada aspecto en esta nueva traves\u00eda que busca inspirar las mentes y transformar vidas\u201d.<\/p>\n<p><div id=\"attachment_111039\" style=\"width: 891px\" class=\"wp-caption aligncenter\"><img decoding=\"async\" aria-describedby=\"caption-attachment-111039\" class=\" wp-image-111037\" src=\"https:\/\/interamerica.org\/wp-content\/uploads\/2024\/03\/elie-henry-biva-launch-unadeca.jpg\" alt=\"\" width=\"881\" height=\"582\" srcset=\"https:\/\/interamerica.org\/wp-content\/uploads\/2024\/03\/elie-henry-biva-launch-unadeca.jpg 1000w, https:\/\/interamerica.org\/wp-content\/uploads\/2024\/03\/elie-henry-biva-launch-unadeca-300x198.jpg 300w, https:\/\/interamerica.org\/wp-content\/uploads\/2024\/03\/elie-henry-biva-launch-unadeca-768x508.jpg 768w\" sizes=\"(max-width: 881px) 100vw, 881px\" \/><p id=\"caption-attachment-111039\" class=\"wp-caption-text\">El pastor Elie Henry, presidente de la Divisi\u00f3n Interamericana, se comprometi\u00f3 a continuar apoyando la biblioteca virtual y su valioso impacto en los estudiantes, las personas y las familias del territorio. [Fotograf\u00eda: Libna Stevens\/DIA]<\/p><\/div><strong>Una herramienta invalorable para la educaci\u00f3n adventista<\/strong><\/p>\n<p>La doctora Faye Patterson, directora de educaci\u00f3n de la Divisi\u00f3n Interamericana, se hizo eco de su aprecio a los l\u00edderes y administradores de la Divisi\u00f3n Interamericana, por otorgar a la iglesia una herramienta tan invalorable para el sistema educativo adventista en el territorio.<\/p>\n<p>\u201cEn un mundo que cambia a un ritmo acelerado, la capacidad del aprendizaje continuo ha llegado a ser una habilidad fundamental, transformando a las bibliotecas virtuales en pilares fundamentales del proceso educativo\u201d, dijo la doctora Patterson. \u201cEsta herramienta no solo amplifica el acceso a una amplia gama de informaci\u00f3n, sino que tambi\u00e9n enriquece la experiencia educativa de sus usuarios y promueve el desarrollo acad\u00e9mico y profesional. Por ello, las bibliotecas virtuales emergen como herramientas fundamentales para los que quieren expandir sus conocimientos y explorar nuevas \u00e1reas de aprendizaje para perfeccionar sus capacidades\u201d.<\/p>\n<p><div id=\"attachment_111042\" style=\"width: 903px\" class=\"wp-caption aligncenter\"><img loading=\"lazy\" decoding=\"async\" aria-describedby=\"caption-attachment-111042\" class=\" wp-image-111040\" src=\"https:\/\/interamerica.org\/wp-content\/uploads\/2024\/03\/biva-unadeca-group-2024.jpg\" alt=\"\" width=\"893\" height=\"500\" srcset=\"https:\/\/interamerica.org\/wp-content\/uploads\/2024\/03\/biva-unadeca-group-2024.jpg 1000w, https:\/\/interamerica.org\/wp-content\/uploads\/2024\/03\/biva-unadeca-group-2024-300x168.jpg 300w, https:\/\/interamerica.org\/wp-content\/uploads\/2024\/03\/biva-unadeca-group-2024-768x430.jpg 768w\" sizes=\"(max-width: 893px) 100vw, 893px\" \/><p id=\"caption-attachment-111042\" class=\"wp-caption-text\">M\u00e1s de doscientos estudiantes de todas las edades, educadores y l\u00edderes se congregaron en una sala de reuniones en la biblioteca del campus de la Universidad Adventista Centroamericana en Alajuela, Costa Rica. [Fotograf\u00eda: Libna Stevens\/DIA]<\/p><\/div>Gracias a la herramienta virtual, los ni\u00f1os y los j\u00f3venes de lugares remotos tienen acceso a informaci\u00f3n relevante, que es crucial en la sociedad actual, expres\u00f3. \u201cAdem\u00e1s de ello, muchas escuelas que carecen de bibliotecas f\u00edsicas pueden realizar investigaciones, respondiendo a una necesidad imperativa en el mundo contempor\u00e1neo\u201d, dijo Patterson.<\/p>\n<p>La biblioteca virtual extensiva tambi\u00e9n es un requerimiento importante de acreditaci\u00f3n para las instituciones de nivel primario, secundario y terciario, no solo dentro del sistema educacional adventista en Interam\u00e9rica sino para los gobiernos de cada pa\u00eds, dijo la doctora Patterson.<\/p>\n<p><div id=\"attachment_111021\" style=\"width: 894px\" class=\"wp-caption aligncenter\"><img loading=\"lazy\" decoding=\"async\" aria-describedby=\"caption-attachment-111021\" class=\" wp-image-111019\" src=\"https:\/\/interamerica.org\/wp-content\/uploads\/2024\/03\/faye-patterson-biva-launch2024.jpg\" alt=\"\" width=\"884\" height=\"540\" srcset=\"https:\/\/interamerica.org\/wp-content\/uploads\/2024\/03\/faye-patterson-biva-launch2024.jpg 1000w, https:\/\/interamerica.org\/wp-content\/uploads\/2024\/03\/faye-patterson-biva-launch2024-300x183.jpg 300w, https:\/\/interamerica.org\/wp-content\/uploads\/2024\/03\/faye-patterson-biva-launch2024-768x469.jpg 768w\" sizes=\"(max-width: 884px) 100vw, 884px\" \/><p id=\"caption-attachment-111021\" class=\"wp-caption-text\">La doctora Faye Patterson, directora de educaci\u00f3n de la Divisi\u00f3n Interamericana, explica que la Biblioteca Virtual Adventista es un pilar fundamental del proceso educativo. [Fotograf\u00eda: Libna Stevens\/DIA]<\/p><\/div><strong>Progreso de la biblioteca virtual desde 2007<\/strong><\/p>\n<p>La biblioteca virtual ha estado ofreciendo recursos desde 2007, y requiri\u00f3 algo de trabajo mejorar su funcionalidad y expandir sus recursos en ingl\u00e9s, espa\u00f1ol y franc\u00e9s, dijo la doctora Yanet Cima, directora asistente de educaci\u00f3n de la Divisi\u00f3n Interamericana. La doctora Cima, a quien se le encomend\u00f3 dirigir la BiVA en 2021, dijo que trabaj\u00f3 de manera incansable con un equipo de expertos, profesionales y voluntarios en el proceso de rebranding, hallar m\u00f3dulos f\u00e1ciles de usar, expandir los recursos de enciclopedia, los libros de texto, y todo lo relacionado con la gesti\u00f3n y presentaci\u00f3n de nuevas suscripciones a la biblioteca virtual, entre otros servicios.<\/p>\n<p>Los recursos de la BiVA, que est\u00e1n disponibles para los estudiantes, docentes, educadores y l\u00edderes de las escuelas primarias, secundarias, universidades y seminarios, puedan consultarse con un c\u00f3digo de acceso que se brinda a cada uni\u00f3n y a cada instituci\u00f3n educativa dentro del sistema educativo de la Divisi\u00f3n Interamericana. La biblioteca virtual tambi\u00e9n cuenta con repositorios teol\u00f3gicos que est\u00e1n disponibles en varias universidades y seminarios de la Divisi\u00f3n Interamericana.<\/p>\n<p><div id=\"attachment_111015\" style=\"width: 941px\" class=\"wp-caption aligncenter\"><img loading=\"lazy\" decoding=\"async\" aria-describedby=\"caption-attachment-111015\" class=\" wp-image-111013\" src=\"https:\/\/interamerica.org\/wp-content\/uploads\/2024\/03\/yanet-cima-biva-launch-2024.jpg\" alt=\"\" width=\"931\" height=\"602\" srcset=\"https:\/\/interamerica.org\/wp-content\/uploads\/2024\/03\/yanet-cima-biva-launch-2024.jpg 1000w, https:\/\/interamerica.org\/wp-content\/uploads\/2024\/03\/yanet-cima-biva-launch-2024-300x194.jpg 300w, https:\/\/interamerica.org\/wp-content\/uploads\/2024\/03\/yanet-cima-biva-launch-2024-768x497.jpg 768w\" sizes=\"(max-width: 931px) 100vw, 931px\" \/><p id=\"caption-attachment-111015\" class=\"wp-caption-text\">La doctora Yanet Cima, directora asistente de educaci\u00f3n de la Divisi\u00f3n Interamericana y directora de la Biblioteca Virtual Adventista, presenta un informe sobre los recursos expandidos disponibles en el nuevo portal. [Fotograf\u00eda: Libna Stevens\/DIA]<\/p><\/div>La BiVA de Interam\u00e9rica funciona gracias al apoyo financiero de las 24 uniones, las universidades adventistas, y la Divisi\u00f3n Interamericana, expres\u00f3 Cima.<\/p>\n<p>\u201cEs una adici\u00f3n tan buena tener esta biblioteca virtual cerca de nuestras escuelas, lo que ayuda a motivar a los estudiantes para que lean m\u00e1s y profundicen en sus investigaciones\u201d, dijo Cima. Desde el a\u00f1o pasado, ha estado capacitando a docentes y profesores universitarios y de colegios para que la usen, y promoviendo la funcionalidad y los recursos de datos de la biblioteca para las instituciones de nivel primario, secundario y terciario.<\/p>\n<p>El a\u00f1o pasado se consultaron m\u00e1s de 3,3 millones de p\u00e1ginas de la BiVA, report\u00f3 Cima. Se espera que este a\u00f1o se alcancen m\u00e1s recursos, a\u00f1adi\u00f3. La biblioteca virtual cuenta con recursos en espa\u00f1ol e ingl\u00e9s, y art\u00edculo en franc\u00e9s, adem\u00e1s de opciones de traducci\u00f3n del franc\u00e9s.<\/p>\n<p><div id=\"attachment_111036\" style=\"width: 908px\" class=\"wp-caption aligncenter\"><img loading=\"lazy\" decoding=\"async\" aria-describedby=\"caption-attachment-111036\" class=\" wp-image-111034\" src=\"https:\/\/interamerica.org\/wp-content\/uploads\/2024\/03\/biva-audience1-launch.jpg\" alt=\"\" width=\"898\" height=\"599\" srcset=\"https:\/\/interamerica.org\/wp-content\/uploads\/2024\/03\/biva-audience1-launch.jpg 1000w, https:\/\/interamerica.org\/wp-content\/uploads\/2024\/03\/biva-audience1-launch-300x200.jpg 300w, https:\/\/interamerica.org\/wp-content\/uploads\/2024\/03\/biva-audience1-launch-768x512.jpg 768w\" sizes=\"(max-width: 898px) 100vw, 898px\" \/><p id=\"caption-attachment-111036\" class=\"wp-caption-text\">Decenas se reunieron para ver c\u00f3mo navegar por el nuevo portal de la biblioteca virtual y para conocer su funcionalidad, el pasado 4 de marzo de 2024. [Fotograf\u00eda: Libna Stevens\/DIA]<\/p><\/div><b>Planes para la BiVA<\/b><\/p>\n<p>La Biblioteca Virtual Adventista de la Divisi\u00f3n Interamericana es \u00fanica entre otras bibliotecas virtuales de la iglesia mundial, dijo Cima.<\/p>\n<p>La doctora Cima, junto con Mtra. Heidi B\u00e1ez, bibliotecaria de la Universidad de Linda Vista y ahora tambi\u00e9n bibliotecaria del BiVA, present\u00f3 el nuevo portal de la biblioteca virtual, recorri\u00f3 sus p\u00e1ginas, y coordin\u00f3 una sesi\u00f3n de preguntas y respuestas durante el programa en vivo.<\/p>\n<p>\u201cUstedes han visto sus comienzos, d\u00f3nde estamos ahora, queremos compartir con ustedes los planes que tenemos para expandir la BiVA\u201d, dijo Cima. Se est\u00e1n haciendo planes para lanzar la aplicaci\u00f3n de la BiVA, brindando mayor accesibilidad, un programa de lectura para los niveles primarios y secundarios que siga con libros digitales espec\u00edficos, y para expandir el uso de la BiVA en todas las instituciones educacionales de la Divisi\u00f3n Interamericana.<\/p>\n<p>El programa en l\u00ednea en vivo tambi\u00e9n cont\u00f3 con un informe de video sobre el trabajo que se llev\u00f3 a cabo para el rebranding y el dise\u00f1o, los comienzos de la biblioteca virtual, adem\u00e1s de testimonios de estudiantes y docentes que han estado utilizando la biblioteca virtual. La BiVA tambi\u00e9n cuenta con una serie de videos sobre c\u00f3mo navegar y aprovechar al m\u00e1ximo los recursos digitales.<\/p>\n<p><div id=\"attachment_111018\" style=\"width: 917px\" class=\"wp-caption aligncenter\"><img loading=\"lazy\" decoding=\"async\" aria-describedby=\"caption-attachment-111018\" class=\" wp-image-111016\" src=\"https:\/\/interamerica.org\/wp-content\/uploads\/2024\/03\/heidi-baez-biva-launch2024.jpg\" alt=\"\" width=\"907\" height=\"592\" srcset=\"https:\/\/interamerica.org\/wp-content\/uploads\/2024\/03\/heidi-baez-biva-launch2024.jpg 1000w, https:\/\/interamerica.org\/wp-content\/uploads\/2024\/03\/heidi-baez-biva-launch2024-300x196.jpg 300w, https:\/\/interamerica.org\/wp-content\/uploads\/2024\/03\/heidi-baez-biva-launch2024-768x502.jpg 768w\" sizes=\"(max-width: 907px) 100vw, 907px\" \/><p id=\"caption-attachment-111018\" class=\"wp-caption-text\">Mtra. Heidi B\u00e1ez (izquierda), bibliotecaria de la Universidad Linda Vista en M\u00e9xico y bibliotecaria de la Biblioteca Virtual Adventista, coordina una sesi\u00f3n de preguntas y respuestas junto a la doctora Yanet Cima, directora de la biblioteca virtual, durante el lanzamiento en l\u00ednea el pasado 4 de marzo de 2024. [Fotograf\u00eda: Libna Stevens\/DIA]<\/p><\/div>La doctora Xenia Gamboa de Burgos, rectora del Centro Educativo Adventista en Hatillo, Costa Rica (la escuela primaria y secundaria biling\u00fce m\u00e1s grande de la Divisi\u00f3n Interamericana), dijo que no quiso perderse el lanzamiento de la biblioteca virtual.<\/p>\n<p>\u201cCreo que el nuevo rebranding de la biblioteca [virtual] era sumamente necesario, porque se requer\u00eda de una imagen m\u00e1s moderna y din\u00e1mica, y s\u00e9 que la diferencia en su uso depender\u00e1 de c\u00f3mo los docentes naveguen y disfruten de los beneficios de la plataforma, para que puedan compartirla con sus estudiantes\u201d, dijo la doctora Burgos. Para la instituci\u00f3n, eso significa que los 87 docentes y el personal tendr\u00e1n que involucrar a sus m\u00e1s de mil estudiantes en la Biblioteca Virtual Adventista, un plan que ella comenzar\u00e1 a implementar en los pr\u00f3ximos d\u00edas.<\/p>\n<p>\u201cHay otras herramientas similares que est\u00e1n a disposici\u00f3n de nuestros estudiantes, pero nuestra Biblioteca Virtual Adventista protege a nuestros estudiantes de que encuentren informaci\u00f3n que podr\u00eda afectarlos, como por ejemplo sitios web inapropiados\u201d, dijo la doctora Burgos.<\/p>\n<p><div id=\"attachment_111012\" style=\"width: 892px\" class=\"wp-caption aligncenter\"><img loading=\"lazy\" decoding=\"async\" aria-describedby=\"caption-attachment-111012\" class=\" wp-image-111010\" src=\"https:\/\/interamerica.org\/wp-content\/uploads\/2024\/03\/biva-team-technicalstaff-unadeca-2024.jpg\" alt=\"\" width=\"882\" height=\"610\" srcset=\"https:\/\/interamerica.org\/wp-content\/uploads\/2024\/03\/biva-team-technicalstaff-unadeca-2024.jpg 1000w, https:\/\/interamerica.org\/wp-content\/uploads\/2024\/03\/biva-team-technicalstaff-unadeca-2024-300x207.jpg 300w, https:\/\/interamerica.org\/wp-content\/uploads\/2024\/03\/biva-team-technicalstaff-unadeca-2024-768x531.jpg 768w\" sizes=\"(max-width: 882px) 100vw, 882px\" \/><p id=\"caption-attachment-111012\" class=\"wp-caption-text\">El equipo de profesionales y expertos de la Universidad Adventista Centroamericana que contribuy\u00f3 al rebranding de la nueva Biblioteca Virtual Adventista, comparte un momento de risas al final del programa de lanzamiento en l\u00ednea el pasado 4 de marzo de 2024. [Fotograf\u00eda: Libna Stevens\/DIA]<\/p><\/div><strong>Una herramienta para continuar cumpliendo la misi\u00f3n<\/strong><\/p>\n<p>La BiVA fue creada para facilitar el acceso a diversas bases de datos y enlaces en varios idiomas y diversas disciplinas educacionales que complementan el proceso de ense\u00f1anza-aprendizaje e investigaci\u00f3n en todas las instituciones educativas adventistas que forman parte de la Divisi\u00f3n Interamericana, reafirm\u00f3 Cima.<\/p>\n<p>\u201cNuestra BiVA est\u00e1 m\u00e1s viva, hermosa y lista para continuar cumpliendo la misi\u00f3n con excelencia, y nos comprometemos durante este programa al servicio de Dios, agradeci\u00e9ndole y agradeciendo a todos los que han hecho posible este nuevo lanzamiento\u201d, dijo la doctora Cima.<\/p>\n<p>Para ver el programa en l\u00ednea del relanzamiento de la Biblioteca Virtual de la Divisi\u00f3n Interamericana, ingrese <a href=\"https:\/\/www.youtube.com\/watch?v=agiFDPo4dwI\">AQU\u00cd<\/a><\/p>\n<p>Para visitar la Biblioteca Virtual Adventista de la Divisi\u00f3n Interamericana, ingrese a <a href=\"https:\/\/biva.interamerica.org\/en\/home\/\">biva.interamerica.org<\/a><\/p>\n<p>Vea una galer\u00eda de fotograf\u00edas del programa en l\u00ednea <a href=\"https:\/\/www.flickr.com\/photos\/interamerica\/albums\/72177720315286984\">AQU\u00cd<\/a><\/p>\n<p>Para visitar la Biblioteca Virtual Adventista de la Divisi\u00f3n Interamericana, ingrese a <a href=\"https:\/\/biva.interamerica.org\/en\/home\/\">biva.interamerica.org<\/a><\/p>\n<p>Traducci\u00f3n de Marcos Paseggi<\/p>\n","protected":false},"excerpt":{"rendered":"<p>Durante evento en l\u00ednea en vivo, los l\u00edderes destacan nuevo rebranding, recursos y herramientas. 13 de marzo de 2024 | Alajuela, Costa Rica | Libna Stevens, Noticias de la Divisi\u00f3n&#8230;<\/p>\n","protected":false},"author":3,"featured_media":110999,"comment_status":"closed","ping_status":"closed","sticky":false,"template":"","format":"standard","meta":{"_acf_changed":false,"footnotes":""},"categories":[16,15],"tags":[],"class_list":["post-111056","post","type-post","status-publish","format-standard","has-post-thumbnail","hentry","category-desde-la-sede","category-rss-espanol"],"acf":[],"yoast_head":"<!-- This site is optimized with the Yoast SEO plugin v27.3 - https:\/\/yoast.com\/product\/yoast-seo-wordpress\/ -->\n<title>Divisi\u00f3n Interamericana relanza su Biblioteca Virtual Adventista - Iglesia Adventista del S\u00e9ptimo D\u00eda - Divisi\u00f3n Interamericana<\/title>\n<meta name=\"robots\" content=\"index, follow, max-snippet:-1, max-image-preview:large, max-video-preview:-1\" \/>\n<link rel=\"canonical\" href=\"https:\/\/interamerica.org\/es\/2024\/03\/division-interamericana-relanza-su-biblioteca-virtual-adventista\/\" \/>\n<meta property=\"og:locale\" content=\"es_ES\" \/>\n<meta property=\"og:type\" content=\"article\" \/>\n<meta property=\"og:title\" content=\"Divisi\u00f3n Interamericana relanza su Biblioteca Virtual Adventista - Iglesia Adventista del S\u00e9ptimo D\u00eda - Divisi\u00f3n Interamericana\" \/>\n<meta property=\"og:description\" content=\"Durante evento en l\u00ednea en vivo, los l\u00edderes destacan nuevo rebranding, recursos y herramientas. 13 de marzo de 2024 | Alajuela, Costa Rica | Libna Stevens, Noticias de la Divisi\u00f3n...\" \/>\n<meta property=\"og:url\" content=\"https:\/\/interamerica.org\/es\/2024\/03\/division-interamericana-relanza-su-biblioteca-virtual-adventista\/\" \/>\n<meta property=\"og:site_name\" content=\"Iglesia Adventista del S\u00e9ptimo D\u00eda - Divisi\u00f3n Interamericana\" \/>\n<meta property=\"article:published_time\" content=\"2024-03-13T19:51:30+00:00\" \/>\n<meta property=\"article:modified_time\" content=\"2024-03-14T14:05:28+00:00\" \/>\n<meta property=\"og:image\" content=\"https:\/\/interamerica.org\/wp-content\/uploads\/2024\/03\/biva-website-spanish.png\" \/>\n\t<meta property=\"og:image:width\" content=\"1000\" \/>\n\t<meta property=\"og:image:height\" content=\"696\" \/>\n\t<meta property=\"og:image:type\" content=\"image\/png\" \/>\n<meta name=\"author\" content=\"libna\" \/>\n<meta name=\"twitter:card\" content=\"summary_large_image\" \/>\n<meta name=\"twitter:label1\" content=\"Escrito por\" \/>\n\t<meta name=\"twitter:data1\" content=\"libna\" \/>\n\t<meta name=\"twitter:label2\" content=\"Tiempo de lectura\" \/>\n\t<meta name=\"twitter:data2\" content=\"11 minutos\" \/>\n<script type=\"application\/ld+json\" class=\"yoast-schema-graph\">{\"@context\":\"https:\\\/\\\/schema.org\",\"@graph\":[{\"@type\":\"Article\",\"@id\":\"https:\\\/\\\/interamerica.org\\\/es\\\/2024\\\/03\\\/division-interamericana-relanza-su-biblioteca-virtual-adventista\\\/#article\",\"isPartOf\":{\"@id\":\"https:\\\/\\\/interamerica.org\\\/es\\\/2024\\\/03\\\/division-interamericana-relanza-su-biblioteca-virtual-adventista\\\/\"},\"author\":{\"name\":\"libna\",\"@id\":\"https:\\\/\\\/interamerica.org\\\/es\\\/#\\\/schema\\\/person\\\/29998f2bc2d8bd0d38662909289b54f1\"},\"headline\":\"Divisi\u00f3n Interamericana relanza su Biblioteca Virtual Adventista\",\"datePublished\":\"2024-03-13T19:51:30+00:00\",\"dateModified\":\"2024-03-14T14:05:28+00:00\",\"mainEntityOfPage\":{\"@id\":\"https:\\\/\\\/interamerica.org\\\/es\\\/2024\\\/03\\\/division-interamericana-relanza-su-biblioteca-virtual-adventista\\\/\"},\"wordCount\":2092,\"image\":{\"@id\":\"https:\\\/\\\/interamerica.org\\\/es\\\/2024\\\/03\\\/division-interamericana-relanza-su-biblioteca-virtual-adventista\\\/#primaryimage\"},\"thumbnailUrl\":\"https:\\\/\\\/interamerica.org\\\/wp-content\\\/uploads\\\/2024\\\/03\\\/biva-website-spanish.png\",\"articleSection\":[\"Desde la sede\",\"RSS Espa\u00f1ol\"],\"inLanguage\":\"es\"},{\"@type\":\"WebPage\",\"@id\":\"https:\\\/\\\/interamerica.org\\\/es\\\/2024\\\/03\\\/division-interamericana-relanza-su-biblioteca-virtual-adventista\\\/\",\"url\":\"https:\\\/\\\/interamerica.org\\\/es\\\/2024\\\/03\\\/division-interamericana-relanza-su-biblioteca-virtual-adventista\\\/\",\"name\":\"Divisi\u00f3n Interamericana relanza su Biblioteca Virtual Adventista - Iglesia Adventista del S\u00e9ptimo D\u00eda - Divisi\u00f3n Interamericana\",\"isPartOf\":{\"@id\":\"https:\\\/\\\/interamerica.org\\\/es\\\/#website\"},\"primaryImageOfPage\":{\"@id\":\"https:\\\/\\\/interamerica.org\\\/es\\\/2024\\\/03\\\/division-interamericana-relanza-su-biblioteca-virtual-adventista\\\/#primaryimage\"},\"image\":{\"@id\":\"https:\\\/\\\/interamerica.org\\\/es\\\/2024\\\/03\\\/division-interamericana-relanza-su-biblioteca-virtual-adventista\\\/#primaryimage\"},\"thumbnailUrl\":\"https:\\\/\\\/interamerica.org\\\/wp-content\\\/uploads\\\/2024\\\/03\\\/biva-website-spanish.png\",\"datePublished\":\"2024-03-13T19:51:30+00:00\",\"dateModified\":\"2024-03-14T14:05:28+00:00\",\"author\":{\"@id\":\"https:\\\/\\\/interamerica.org\\\/es\\\/#\\\/schema\\\/person\\\/29998f2bc2d8bd0d38662909289b54f1\"},\"breadcrumb\":{\"@id\":\"https:\\\/\\\/interamerica.org\\\/es\\\/2024\\\/03\\\/division-interamericana-relanza-su-biblioteca-virtual-adventista\\\/#breadcrumb\"},\"inLanguage\":\"es\",\"potentialAction\":[{\"@type\":\"ReadAction\",\"target\":[\"https:\\\/\\\/interamerica.org\\\/es\\\/2024\\\/03\\\/division-interamericana-relanza-su-biblioteca-virtual-adventista\\\/\"]}]},{\"@type\":\"ImageObject\",\"inLanguage\":\"es\",\"@id\":\"https:\\\/\\\/interamerica.org\\\/es\\\/2024\\\/03\\\/division-interamericana-relanza-su-biblioteca-virtual-adventista\\\/#primaryimage\",\"url\":\"https:\\\/\\\/interamerica.org\\\/wp-content\\\/uploads\\\/2024\\\/03\\\/biva-website-spanish.png\",\"contentUrl\":\"https:\\\/\\\/interamerica.org\\\/wp-content\\\/uploads\\\/2024\\\/03\\\/biva-website-spanish.png\",\"width\":1000,\"height\":696},{\"@type\":\"BreadcrumbList\",\"@id\":\"https:\\\/\\\/interamerica.org\\\/es\\\/2024\\\/03\\\/division-interamericana-relanza-su-biblioteca-virtual-adventista\\\/#breadcrumb\",\"itemListElement\":[{\"@type\":\"ListItem\",\"position\":1,\"name\":\"Home\",\"item\":\"https:\\\/\\\/interamerica.org\\\/es\\\/\"},{\"@type\":\"ListItem\",\"position\":2,\"name\":\"Divisi\u00f3n Interamericana relanza su Biblioteca Virtual Adventista\"}]},{\"@type\":\"WebSite\",\"@id\":\"https:\\\/\\\/interamerica.org\\\/es\\\/#website\",\"url\":\"https:\\\/\\\/interamerica.org\\\/es\\\/\",\"name\":\"Iglesia Adventista del S\u00e9ptimo D\u00eda - Divisi\u00f3n Interamericana\",\"description\":\"\",\"potentialAction\":[{\"@type\":\"SearchAction\",\"target\":{\"@type\":\"EntryPoint\",\"urlTemplate\":\"https:\\\/\\\/interamerica.org\\\/es\\\/?s={search_term_string}\"},\"query-input\":{\"@type\":\"PropertyValueSpecification\",\"valueRequired\":true,\"valueName\":\"search_term_string\"}}],\"inLanguage\":\"es\"},{\"@type\":\"Person\",\"@id\":\"https:\\\/\\\/interamerica.org\\\/es\\\/#\\\/schema\\\/person\\\/29998f2bc2d8bd0d38662909289b54f1\",\"name\":\"libna\",\"image\":{\"@type\":\"ImageObject\",\"inLanguage\":\"es\",\"@id\":\"https:\\\/\\\/secure.gravatar.com\\\/avatar\\\/7c5bd30ae4b47a9ba3c856590957fd1d96dc588bf3ac05719d247e126840331f?s=96&d=mm&r=g\",\"url\":\"https:\\\/\\\/secure.gravatar.com\\\/avatar\\\/7c5bd30ae4b47a9ba3c856590957fd1d96dc588bf3ac05719d247e126840331f?s=96&d=mm&r=g\",\"contentUrl\":\"https:\\\/\\\/secure.gravatar.com\\\/avatar\\\/7c5bd30ae4b47a9ba3c856590957fd1d96dc588bf3ac05719d247e126840331f?s=96&d=mm&r=g\",\"caption\":\"libna\"}}]}<\/script>\n<!-- \/ Yoast SEO plugin. -->","yoast_head_json":{"title":"Divisi\u00f3n Interamericana relanza su Biblioteca Virtual Adventista - Iglesia Adventista del S\u00e9ptimo D\u00eda - Divisi\u00f3n Interamericana","robots":{"index":"index","follow":"follow","max-snippet":"max-snippet:-1","max-image-preview":"max-image-preview:large","max-video-preview":"max-video-preview:-1"},"canonical":"https:\/\/interamerica.org\/es\/2024\/03\/division-interamericana-relanza-su-biblioteca-virtual-adventista\/","og_locale":"es_ES","og_type":"article","og_title":"Divisi\u00f3n Interamericana relanza su Biblioteca Virtual Adventista - Iglesia Adventista del S\u00e9ptimo D\u00eda - Divisi\u00f3n Interamericana","og_description":"Durante evento en l\u00ednea en vivo, los l\u00edderes destacan nuevo rebranding, recursos y herramientas. 13 de marzo de 2024 | Alajuela, Costa Rica | Libna Stevens, Noticias de la Divisi\u00f3n...","og_url":"https:\/\/interamerica.org\/es\/2024\/03\/division-interamericana-relanza-su-biblioteca-virtual-adventista\/","og_site_name":"Iglesia Adventista del S\u00e9ptimo D\u00eda - Divisi\u00f3n Interamericana","article_published_time":"2024-03-13T19:51:30+00:00","article_modified_time":"2024-03-14T14:05:28+00:00","og_image":[{"width":1000,"height":696,"url":"https:\/\/interamerica.org\/wp-content\/uploads\/2024\/03\/biva-website-spanish.png","type":"image\/png"}],"author":"libna","twitter_card":"summary_large_image","twitter_misc":{"Escrito por":"libna","Tiempo de lectura":"11 minutos"},"schema":{"@context":"https:\/\/schema.org","@graph":[{"@type":"Article","@id":"https:\/\/interamerica.org\/es\/2024\/03\/division-interamericana-relanza-su-biblioteca-virtual-adventista\/#article","isPartOf":{"@id":"https:\/\/interamerica.org\/es\/2024\/03\/division-interamericana-relanza-su-biblioteca-virtual-adventista\/"},"author":{"name":"libna","@id":"https:\/\/interamerica.org\/es\/#\/schema\/person\/29998f2bc2d8bd0d38662909289b54f1"},"headline":"Divisi\u00f3n Interamericana relanza su Biblioteca Virtual Adventista","datePublished":"2024-03-13T19:51:30+00:00","dateModified":"2024-03-14T14:05:28+00:00","mainEntityOfPage":{"@id":"https:\/\/interamerica.org\/es\/2024\/03\/division-interamericana-relanza-su-biblioteca-virtual-adventista\/"},"wordCount":2092,"image":{"@id":"https:\/\/interamerica.org\/es\/2024\/03\/division-interamericana-relanza-su-biblioteca-virtual-adventista\/#primaryimage"},"thumbnailUrl":"https:\/\/interamerica.org\/wp-content\/uploads\/2024\/03\/biva-website-spanish.png","articleSection":["Desde la sede","RSS Espa\u00f1ol"],"inLanguage":"es"},{"@type":"WebPage","@id":"https:\/\/interamerica.org\/es\/2024\/03\/division-interamericana-relanza-su-biblioteca-virtual-adventista\/","url":"https:\/\/interamerica.org\/es\/2024\/03\/division-interamericana-relanza-su-biblioteca-virtual-adventista\/","name":"Divisi\u00f3n Interamericana relanza su Biblioteca Virtual Adventista - Iglesia Adventista del S\u00e9ptimo D\u00eda - Divisi\u00f3n Interamericana","isPartOf":{"@id":"https:\/\/interamerica.org\/es\/#website"},"primaryImageOfPage":{"@id":"https:\/\/interamerica.org\/es\/2024\/03\/division-interamericana-relanza-su-biblioteca-virtual-adventista\/#primaryimage"},"image":{"@id":"https:\/\/interamerica.org\/es\/2024\/03\/division-interamericana-relanza-su-biblioteca-virtual-adventista\/#primaryimage"},"thumbnailUrl":"https:\/\/interamerica.org\/wp-content\/uploads\/2024\/03\/biva-website-spanish.png","datePublished":"2024-03-13T19:51:30+00:00","dateModified":"2024-03-14T14:05:28+00:00","author":{"@id":"https:\/\/interamerica.org\/es\/#\/schema\/person\/29998f2bc2d8bd0d38662909289b54f1"},"breadcrumb":{"@id":"https:\/\/interamerica.org\/es\/2024\/03\/division-interamericana-relanza-su-biblioteca-virtual-adventista\/#breadcrumb"},"inLanguage":"es","potentialAction":[{"@type":"ReadAction","target":["https:\/\/interamerica.org\/es\/2024\/03\/division-interamericana-relanza-su-biblioteca-virtual-adventista\/"]}]},{"@type":"ImageObject","inLanguage":"es","@id":"https:\/\/interamerica.org\/es\/2024\/03\/division-interamericana-relanza-su-biblioteca-virtual-adventista\/#primaryimage","url":"https:\/\/interamerica.org\/wp-content\/uploads\/2024\/03\/biva-website-spanish.png","contentUrl":"https:\/\/interamerica.org\/wp-content\/uploads\/2024\/03\/biva-website-spanish.png","width":1000,"height":696},{"@type":"BreadcrumbList","@id":"https:\/\/interamerica.org\/es\/2024\/03\/division-interamericana-relanza-su-biblioteca-virtual-adventista\/#breadcrumb","itemListElement":[{"@type":"ListItem","position":1,"name":"Home","item":"https:\/\/interamerica.org\/es\/"},{"@type":"ListItem","position":2,"name":"Divisi\u00f3n Interamericana relanza su Biblioteca Virtual Adventista"}]},{"@type":"WebSite","@id":"https:\/\/interamerica.org\/es\/#website","url":"https:\/\/interamerica.org\/es\/","name":"Iglesia Adventista del S\u00e9ptimo D\u00eda - Divisi\u00f3n Interamericana","description":"","potentialAction":[{"@type":"SearchAction","target":{"@type":"EntryPoint","urlTemplate":"https:\/\/interamerica.org\/es\/?s={search_term_string}"},"query-input":{"@type":"PropertyValueSpecification","valueRequired":true,"valueName":"search_term_string"}}],"inLanguage":"es"},{"@type":"Person","@id":"https:\/\/interamerica.org\/es\/#\/schema\/person\/29998f2bc2d8bd0d38662909289b54f1","name":"libna","image":{"@type":"ImageObject","inLanguage":"es","@id":"https:\/\/secure.gravatar.com\/avatar\/7c5bd30ae4b47a9ba3c856590957fd1d96dc588bf3ac05719d247e126840331f?s=96&d=mm&r=g","url":"https:\/\/secure.gravatar.com\/avatar\/7c5bd30ae4b47a9ba3c856590957fd1d96dc588bf3ac05719d247e126840331f?s=96&d=mm&r=g","contentUrl":"https:\/\/secure.gravatar.com\/avatar\/7c5bd30ae4b47a9ba3c856590957fd1d96dc588bf3ac05719d247e126840331f?s=96&d=mm&r=g","caption":"libna"}}]}},"_links":{"self":[{"href":"https:\/\/interamerica.org\/es\/wp-json\/wp\/v2\/posts\/111056","targetHints":{"allow":["GET"]}}],"collection":[{"href":"https:\/\/interamerica.org\/es\/wp-json\/wp\/v2\/posts"}],"about":[{"href":"https:\/\/interamerica.org\/es\/wp-json\/wp\/v2\/types\/post"}],"author":[{"embeddable":true,"href":"https:\/\/interamerica.org\/es\/wp-json\/wp\/v2\/users\/3"}],"replies":[{"embeddable":true,"href":"https:\/\/interamerica.org\/es\/wp-json\/wp\/v2\/comments?post=111056"}],"version-history":[{"count":0,"href":"https:\/\/interamerica.org\/es\/wp-json\/wp\/v2\/posts\/111056\/revisions"}],"wp:featuredmedia":[{"embeddable":true,"href":"https:\/\/interamerica.org\/es\/wp-json\/wp\/v2\/media\/110999"}],"wp:attachment":[{"href":"https:\/\/interamerica.org\/es\/wp-json\/wp\/v2\/media?parent=111056"}],"wp:term":[{"taxonomy":"category","embeddable":true,"href":"https:\/\/interamerica.org\/es\/wp-json\/wp\/v2\/categories?post=111056"},{"taxonomy":"post_tag","embeddable":true,"href":"https:\/\/interamerica.org\/es\/wp-json\/wp\/v2\/tags?post=111056"}],"curies":[{"name":"wp","href":"https:\/\/api.w.org\/{rel}","templated":true}]}}