{"id":111443,"date":"2024-03-21T16:52:17","date_gmt":"2024-03-21T20:52:17","guid":{"rendered":"https:\/\/interamerica.org\/?p=111443"},"modified":"2024-03-21T23:06:42","modified_gmt":"2024-03-22T03:06:42","slug":"una-advertencia-triple-parte-3","status":"publish","type":"post","link":"https:\/\/interamerica.org\/es\/2024\/03\/una-advertencia-triple-parte-3\/","title":{"rendered":"Una advertencia triple (parte 3)"},"content":{"rendered":"<p>21 de marzo del 2024 | Silver Spring, Maryland, Estados Unidos | Ted N.C. Wilson, Presidente de la Asociaci\u00f3n General de los Adventistas del S\u00e9ptimo D\u00eda<\/p>\n<p>Hola, amigos. Estamos continuando nuestro del Conflicto de los Siglos, y hoy nos enfocaremos en una profec\u00eda encontrada en el libro de Apocalipsis, cap\u00edtulo 13. A medida que buscamos entender la profec\u00eda y sus muchos s\u00edmbolos, es \u00fatil tener en cuenta que la Biblia es un libro maravilloso que se interpreta a s\u00ed mismo, al comparar Escritura con la Escritura.<\/p>\n<p>En el video de la semana pasada, consideramos el mensaje triple encontrado en Apocalipsis 14, y el simbolismo encontrado all\u00ed, especialmente en el mensaje del tercer \u00e1ngel en el vers\u00edculo 9 donde leemos sobre una bestia y su imagen.<\/p>\n<p>Para entender m\u00e1s acerca de estos s\u00edmbolos, ahora retrocederemos a Apocalipsis 13 donde leeremos acerca de una extra\u00f1a bestia nueva. Comenzando en el vers\u00edculo 11 leemos:<\/p>\n<p>Luego vi otra bestia que sub\u00eda de la tierra, y ten\u00eda dos cuernos como de cordero y hablaba como un drag\u00f3n. Y ejerce toda la autoridad de la primera bestia en su presencia, y hace que la tierra y los que moran en ella adoren a la primera bestia, cuya herida mortal fue sanada. Realiza grandes se\u00f1ales, incluso hace que caiga fuego del cielo a la tierra a la vista de los hombres.<\/p>\n<p>\u00abY enga\u00f1a a los habitantes de la tierra con las se\u00f1ales que se le permiti\u00f3 hacer delante de la bestia, diciendo a los habitantes de la tierra que hagan una imagen a la bestia que fue herida por la espada y vivi\u00f3\u00bb.<\/p>\n<p>\u00ab\u00bfQui\u00e9n, o qu\u00e9, es esta bestia semejante a un cordero que tiene dos cuernos pero habla como un drag\u00f3n? Bueno, la Biblia nos da varias pistas. Primero, a diferencia de las bestias anteriores que hemos visto en la profec\u00eda que surgen de un mar turbulento y ventoso, esta, nos dicen, surge \u00abde la tierra\u00bb. Adem\u00e1s, todas las bestias anteriores que representan reinos terrenales eran bestias feroces de presa: un le\u00f3n, un oso, un leopardo, y as\u00ed sucesivamente.\u00bb<\/p>\n<p>\u00abEn Daniel 7:2 leemos que las bestias que el profeta Daniel vio en visi\u00f3n se levantaban cuando \u00ablos cuatro vientos del cielo luchaban sobre el gran mar\u00bb. Y en Apocalipsis 17:15 leemos que las aguas representan \u00abpueblos, multitudes, naciones y lenguas.\u00bb<\/p>\n<p>Pero esta bestia, que, al igual que las bestias anteriores de la profec\u00eda, tambi\u00e9n representa a una naci\u00f3n, es diferente: surge de la tierra, lo que significa que surge en un lugar donde hay muy pocas personas y crece gradualmente. Parece pac\u00edfica al principio, pero luego habla como un drag\u00f3n. En la l\u00ednea de tiempo prof\u00e9tica, surge justo a tiempo.<\/p>\n<p>El libro, El Conflicto de los Siglos, arroja luz clara sobre qui\u00e9n es esta bestia prof\u00e9tica, o naci\u00f3n. Leemos: \u00abNo podr\u00eda&#8230; surgir entre las abarrotadas y luchadoras nacionalidades del Viejo Mundo, ese mar turbulento de &#8216;pueblos, y multitudes, y naciones, y lenguas&#8217;. Debe buscarse en el Continente Occidental\u00bb.<\/p>\n<p>La autora inspirada luego pregunta: \u00ab\u00bfQu\u00e9 naci\u00f3n del Nuevo Mundo estaba en 1798 ascendiendo al poder, dando promesa de fuerza y grandeza, y atrayendo la atenci\u00f3n del mundo? La aplicaci\u00f3n del s\u00edmbolo no admite dudas. Una naci\u00f3n, y solo una, cumple con las especificaciones de esta profec\u00eda; apunta inequ\u00edvocamente a los Estados Unidos de Am\u00e9rica\u00bb.<\/p>\n<p>Aunque esto pueda parecer impactante al principio, al mirar la historia, podemos ver que la profec\u00eda es cierta. La naci\u00f3n que se convertir\u00eda en los Estados Unidos comenz\u00f3 primero como un lugar de refugio para aquellos que hu\u00edan de la persecuci\u00f3n religiosa en Europa. Ellos buscaron establecer un gobierno que proporcionara libertad civil y religiosa. La libertad de fe religiosa era especialmente importante donde cada persona pod\u00eda adorar a Dios seg\u00fan su propia conciencia, sin que el gobierno impusiera ning\u00fan tipo de religi\u00f3n.<\/p>\n<p>Sin embargo, la profec\u00eda nos dice que esta naci\u00f3n aparentemente pac\u00edfica hablar\u00e1 un d\u00eda \u00abcomo un drag\u00f3n\u00bb y obligar\u00e1 a la gente a \u00abadorar a la primera bestia, cuya herida mortal fue sanada\u00bb.<\/p>\n<p>\u00abEn el vers\u00edculo 14 leemos que esta bestia dijo \u00aba los que moran en la tierra que hicieran una imagen a la bestia que fue herida por la espada y vivi\u00f3\u00bb. Continuando en el vers\u00edculo 15 leemos, \u00abSe le concedi\u00f3 poder para dar aliento a la imagen de la bestia, para que la imagen de la bestia hablara y causara que todos los que no adoraran la imagen de la bestia fueran muertos. \u00c9l hace que todos, peque\u00f1os y grandes, ricos y pobres, libres y esclavos, reciban una marca en la mano derecha o en la frente, y que nadie pueda comprar ni vender excepto aquel que tenga la marca del nombre de la bestia, o el n\u00famero de su nombre\u201d.<\/p>\n<p>Por lo tanto, estos vers\u00edculos revelan que un d\u00eda, esta naci\u00f3n que ha sido conocida en todo el mundo como un lugar de libertad religiosa, intentar\u00e1 obligar a todos a adorar a un poder religioso recibiendo una marca especial.<\/p>\n<p>\u00ab\u00bfQu\u00e9 es esta marca? \u00bfEs una marca literal, o es un s\u00edmbolo que lleva un significado m\u00e1s profundo? En nuestro pr\u00f3ximo video, exploraremos m\u00e1s a fondo qu\u00e9 es esta \u00abmarca de la bestia\u00bb y c\u00f3mo evitarla.\u00bb<\/p>\n<p>Mientras tanto, sin embargo, te animo, si a\u00fan no lo has hecho, a descargar el libro \u00abEl Conflicto de los Siglos\u00bb, disponible en varios idiomas en la URL que se muestra en la parte inferior de la pantalla. All\u00ed encontrar\u00e1s una explicaci\u00f3n m\u00e1s detallada de estas profec\u00edas muy importantes que estamos estudiando juntos.<\/p>\n<p>Que el Se\u00f1or se acerque a ti mientras seguimos aprendiendo m\u00e1s sobre la profec\u00eda y lo que el futuro nos depara.<\/p>\n<p>Te invito a orar conmigo en este momento.<\/p>\n<p>Padre celestial, gracias por revelarnos en la profec\u00eda, en los libros de Daniel y Apocalipsis y en otras partes de la Escritura. Tus planes para el futuro y c\u00f3mo se desarrollar\u00e1n las cosas nos ayudan a comprender que cada d\u00eda debemos estar conectados contigo. Reconociendo que nuestra libertad religiosa y nuestras libertades de conciencia pueden ser arrebatadas de nosotros, pero nunca podemos ser privados de apoyarnos en ti. Y de estar conectados contigo. Contigo, estamos seguros. T\u00fa nos llevar\u00e1s incluso durante los momentos m\u00e1s dif\u00edciles.<\/p>\n<p>Gracias por escucharnos en esta oraci\u00f3n y bend\u00edcenos mientras continuamos estudiando sobre estas magn\u00edficas profec\u00edas en el nombre de Jes\u00fas, te lo pedimos. Am\u00e9n.<\/p>\n<p><iframe title=\"La Gran Controversia: Una Advertencia Triple, Parte 3 | Pastor Ted Wilson\" width=\"500\" height=\"281\" src=\"https:\/\/www.youtube.com\/embed\/G-pFhUYsOeo?feature=oembed\" frameborder=\"0\" allow=\"accelerometer; autoplay; clipboard-write; encrypted-media; gyroscope; picture-in-picture; web-share\" referrerpolicy=\"strict-origin-when-cross-origin\" allowfullscreen><\/iframe><\/p>\n","protected":false},"excerpt":{"rendered":"<p>21 de marzo del 2024 | Silver Spring, Maryland, Estados Unidos | Ted N.C. Wilson, Presidente de la Asociaci\u00f3n General de los Adventistas del S\u00e9ptimo D\u00eda Hola, amigos. Estamos continuando&#8230;<\/p>\n","protected":false},"author":3,"featured_media":111429,"comment_status":"closed","ping_status":"closed","sticky":false,"template":"","format":"standard","meta":{"_acf_changed":false,"footnotes":""},"categories":[14,15],"tags":[],"class_list":["post-111443","post","type-post","status-publish","format-standard","has-post-thumbnail","hentry","category-de-la-iglesia-mundial","category-rss-espanol"],"acf":[],"yoast_head":"<!-- This site is optimized with the Yoast SEO plugin v27.3 - https:\/\/yoast.com\/product\/yoast-seo-wordpress\/ -->\n<title>Una advertencia triple (parte 3) - Iglesia Adventista del S\u00e9ptimo D\u00eda - Divisi\u00f3n Interamericana<\/title>\n<meta name=\"robots\" content=\"index, follow, max-snippet:-1, max-image-preview:large, max-video-preview:-1\" \/>\n<link rel=\"canonical\" href=\"https:\/\/interamerica.org\/es\/2024\/03\/una-advertencia-triple-parte-3\/\" \/>\n<meta property=\"og:locale\" content=\"es_ES\" \/>\n<meta property=\"og:type\" content=\"article\" \/>\n<meta property=\"og:title\" content=\"Una advertencia triple (parte 3) - Iglesia Adventista del S\u00e9ptimo D\u00eda - Divisi\u00f3n Interamericana\" \/>\n<meta property=\"og:description\" content=\"21 de marzo del 2024 | Silver Spring, Maryland, Estados Unidos | Ted N.C. Wilson, Presidente de la Asociaci\u00f3n General de los Adventistas del S\u00e9ptimo D\u00eda Hola, amigos. Estamos continuando...\" \/>\n<meta property=\"og:url\" content=\"https:\/\/interamerica.org\/es\/2024\/03\/una-advertencia-triple-parte-3\/\" \/>\n<meta property=\"og:site_name\" content=\"Iglesia Adventista del S\u00e9ptimo D\u00eda - Divisi\u00f3n Interamericana\" \/>\n<meta property=\"article:published_time\" content=\"2024-03-21T20:52:17+00:00\" \/>\n<meta property=\"article:modified_time\" content=\"2024-03-22T03:06:42+00:00\" \/>\n<meta property=\"og:image\" content=\"https:\/\/interamerica.org\/wp-content\/uploads\/2024\/03\/a-threefold-warning-part-3-es.jpg\" \/>\n\t<meta property=\"og:image:width\" content=\"1000\" \/>\n\t<meta property=\"og:image:height\" content=\"562\" \/>\n\t<meta property=\"og:image:type\" content=\"image\/jpeg\" \/>\n<meta name=\"author\" content=\"libna\" \/>\n<meta name=\"twitter:card\" content=\"summary_large_image\" \/>\n<meta name=\"twitter:label1\" content=\"Escrito por\" \/>\n\t<meta name=\"twitter:data1\" content=\"libna\" \/>\n\t<meta name=\"twitter:label2\" content=\"Tiempo de lectura\" \/>\n\t<meta name=\"twitter:data2\" content=\"5 minutos\" \/>\n<script type=\"application\/ld+json\" class=\"yoast-schema-graph\">{\"@context\":\"https:\\\/\\\/schema.org\",\"@graph\":[{\"@type\":\"Article\",\"@id\":\"https:\\\/\\\/interamerica.org\\\/es\\\/2024\\\/03\\\/una-advertencia-triple-parte-3\\\/#article\",\"isPartOf\":{\"@id\":\"https:\\\/\\\/interamerica.org\\\/es\\\/2024\\\/03\\\/una-advertencia-triple-parte-3\\\/\"},\"author\":{\"name\":\"libna\",\"@id\":\"https:\\\/\\\/interamerica.org\\\/es\\\/#\\\/schema\\\/person\\\/29998f2bc2d8bd0d38662909289b54f1\"},\"headline\":\"Una advertencia triple (parte 3)\",\"datePublished\":\"2024-03-21T20:52:17+00:00\",\"dateModified\":\"2024-03-22T03:06:42+00:00\",\"mainEntityOfPage\":{\"@id\":\"https:\\\/\\\/interamerica.org\\\/es\\\/2024\\\/03\\\/una-advertencia-triple-parte-3\\\/\"},\"wordCount\":1138,\"image\":{\"@id\":\"https:\\\/\\\/interamerica.org\\\/es\\\/2024\\\/03\\\/una-advertencia-triple-parte-3\\\/#primaryimage\"},\"thumbnailUrl\":\"https:\\\/\\\/interamerica.org\\\/wp-content\\\/uploads\\\/2024\\\/03\\\/a-threefold-warning-part-3-es.jpg\",\"articleSection\":[\"Desde la iglesia mundial\",\"RSS Espa\u00f1ol\"],\"inLanguage\":\"es\"},{\"@type\":\"WebPage\",\"@id\":\"https:\\\/\\\/interamerica.org\\\/es\\\/2024\\\/03\\\/una-advertencia-triple-parte-3\\\/\",\"url\":\"https:\\\/\\\/interamerica.org\\\/es\\\/2024\\\/03\\\/una-advertencia-triple-parte-3\\\/\",\"name\":\"Una advertencia triple (parte 3) - Iglesia Adventista del S\u00e9ptimo D\u00eda - Divisi\u00f3n Interamericana\",\"isPartOf\":{\"@id\":\"https:\\\/\\\/interamerica.org\\\/es\\\/#website\"},\"primaryImageOfPage\":{\"@id\":\"https:\\\/\\\/interamerica.org\\\/es\\\/2024\\\/03\\\/una-advertencia-triple-parte-3\\\/#primaryimage\"},\"image\":{\"@id\":\"https:\\\/\\\/interamerica.org\\\/es\\\/2024\\\/03\\\/una-advertencia-triple-parte-3\\\/#primaryimage\"},\"thumbnailUrl\":\"https:\\\/\\\/interamerica.org\\\/wp-content\\\/uploads\\\/2024\\\/03\\\/a-threefold-warning-part-3-es.jpg\",\"datePublished\":\"2024-03-21T20:52:17+00:00\",\"dateModified\":\"2024-03-22T03:06:42+00:00\",\"author\":{\"@id\":\"https:\\\/\\\/interamerica.org\\\/es\\\/#\\\/schema\\\/person\\\/29998f2bc2d8bd0d38662909289b54f1\"},\"breadcrumb\":{\"@id\":\"https:\\\/\\\/interamerica.org\\\/es\\\/2024\\\/03\\\/una-advertencia-triple-parte-3\\\/#breadcrumb\"},\"inLanguage\":\"es\",\"potentialAction\":[{\"@type\":\"ReadAction\",\"target\":[\"https:\\\/\\\/interamerica.org\\\/es\\\/2024\\\/03\\\/una-advertencia-triple-parte-3\\\/\"]}]},{\"@type\":\"ImageObject\",\"inLanguage\":\"es\",\"@id\":\"https:\\\/\\\/interamerica.org\\\/es\\\/2024\\\/03\\\/una-advertencia-triple-parte-3\\\/#primaryimage\",\"url\":\"https:\\\/\\\/interamerica.org\\\/wp-content\\\/uploads\\\/2024\\\/03\\\/a-threefold-warning-part-3-es.jpg\",\"contentUrl\":\"https:\\\/\\\/interamerica.org\\\/wp-content\\\/uploads\\\/2024\\\/03\\\/a-threefold-warning-part-3-es.jpg\",\"width\":1000,\"height\":562},{\"@type\":\"BreadcrumbList\",\"@id\":\"https:\\\/\\\/interamerica.org\\\/es\\\/2024\\\/03\\\/una-advertencia-triple-parte-3\\\/#breadcrumb\",\"itemListElement\":[{\"@type\":\"ListItem\",\"position\":1,\"name\":\"Home\",\"item\":\"https:\\\/\\\/interamerica.org\\\/es\\\/\"},{\"@type\":\"ListItem\",\"position\":2,\"name\":\"Una advertencia triple (parte 3)\"}]},{\"@type\":\"WebSite\",\"@id\":\"https:\\\/\\\/interamerica.org\\\/es\\\/#website\",\"url\":\"https:\\\/\\\/interamerica.org\\\/es\\\/\",\"name\":\"Iglesia Adventista del S\u00e9ptimo D\u00eda - Divisi\u00f3n Interamericana\",\"description\":\"\",\"potentialAction\":[{\"@type\":\"SearchAction\",\"target\":{\"@type\":\"EntryPoint\",\"urlTemplate\":\"https:\\\/\\\/interamerica.org\\\/es\\\/?s={search_term_string}\"},\"query-input\":{\"@type\":\"PropertyValueSpecification\",\"valueRequired\":true,\"valueName\":\"search_term_string\"}}],\"inLanguage\":\"es\"},{\"@type\":\"Person\",\"@id\":\"https:\\\/\\\/interamerica.org\\\/es\\\/#\\\/schema\\\/person\\\/29998f2bc2d8bd0d38662909289b54f1\",\"name\":\"libna\",\"image\":{\"@type\":\"ImageObject\",\"inLanguage\":\"es\",\"@id\":\"https:\\\/\\\/secure.gravatar.com\\\/avatar\\\/7c5bd30ae4b47a9ba3c856590957fd1d96dc588bf3ac05719d247e126840331f?s=96&d=mm&r=g\",\"url\":\"https:\\\/\\\/secure.gravatar.com\\\/avatar\\\/7c5bd30ae4b47a9ba3c856590957fd1d96dc588bf3ac05719d247e126840331f?s=96&d=mm&r=g\",\"contentUrl\":\"https:\\\/\\\/secure.gravatar.com\\\/avatar\\\/7c5bd30ae4b47a9ba3c856590957fd1d96dc588bf3ac05719d247e126840331f?s=96&d=mm&r=g\",\"caption\":\"libna\"}}]}<\/script>\n<!-- \/ Yoast SEO plugin. -->","yoast_head_json":{"title":"Una advertencia triple (parte 3) - Iglesia Adventista del S\u00e9ptimo D\u00eda - Divisi\u00f3n Interamericana","robots":{"index":"index","follow":"follow","max-snippet":"max-snippet:-1","max-image-preview":"max-image-preview:large","max-video-preview":"max-video-preview:-1"},"canonical":"https:\/\/interamerica.org\/es\/2024\/03\/una-advertencia-triple-parte-3\/","og_locale":"es_ES","og_type":"article","og_title":"Una advertencia triple (parte 3) - Iglesia Adventista del S\u00e9ptimo D\u00eda - Divisi\u00f3n Interamericana","og_description":"21 de marzo del 2024 | Silver Spring, Maryland, Estados Unidos | Ted N.C. Wilson, Presidente de la Asociaci\u00f3n General de los Adventistas del S\u00e9ptimo D\u00eda Hola, amigos. Estamos continuando...","og_url":"https:\/\/interamerica.org\/es\/2024\/03\/una-advertencia-triple-parte-3\/","og_site_name":"Iglesia Adventista del S\u00e9ptimo D\u00eda - Divisi\u00f3n Interamericana","article_published_time":"2024-03-21T20:52:17+00:00","article_modified_time":"2024-03-22T03:06:42+00:00","og_image":[{"width":1000,"height":562,"url":"https:\/\/interamerica.org\/wp-content\/uploads\/2024\/03\/a-threefold-warning-part-3-es.jpg","type":"image\/jpeg"}],"author":"libna","twitter_card":"summary_large_image","twitter_misc":{"Escrito por":"libna","Tiempo de lectura":"5 minutos"},"schema":{"@context":"https:\/\/schema.org","@graph":[{"@type":"Article","@id":"https:\/\/interamerica.org\/es\/2024\/03\/una-advertencia-triple-parte-3\/#article","isPartOf":{"@id":"https:\/\/interamerica.org\/es\/2024\/03\/una-advertencia-triple-parte-3\/"},"author":{"name":"libna","@id":"https:\/\/interamerica.org\/es\/#\/schema\/person\/29998f2bc2d8bd0d38662909289b54f1"},"headline":"Una advertencia triple (parte 3)","datePublished":"2024-03-21T20:52:17+00:00","dateModified":"2024-03-22T03:06:42+00:00","mainEntityOfPage":{"@id":"https:\/\/interamerica.org\/es\/2024\/03\/una-advertencia-triple-parte-3\/"},"wordCount":1138,"image":{"@id":"https:\/\/interamerica.org\/es\/2024\/03\/una-advertencia-triple-parte-3\/#primaryimage"},"thumbnailUrl":"https:\/\/interamerica.org\/wp-content\/uploads\/2024\/03\/a-threefold-warning-part-3-es.jpg","articleSection":["Desde la iglesia mundial","RSS Espa\u00f1ol"],"inLanguage":"es"},{"@type":"WebPage","@id":"https:\/\/interamerica.org\/es\/2024\/03\/una-advertencia-triple-parte-3\/","url":"https:\/\/interamerica.org\/es\/2024\/03\/una-advertencia-triple-parte-3\/","name":"Una advertencia triple (parte 3) - Iglesia Adventista del S\u00e9ptimo D\u00eda - Divisi\u00f3n Interamericana","isPartOf":{"@id":"https:\/\/interamerica.org\/es\/#website"},"primaryImageOfPage":{"@id":"https:\/\/interamerica.org\/es\/2024\/03\/una-advertencia-triple-parte-3\/#primaryimage"},"image":{"@id":"https:\/\/interamerica.org\/es\/2024\/03\/una-advertencia-triple-parte-3\/#primaryimage"},"thumbnailUrl":"https:\/\/interamerica.org\/wp-content\/uploads\/2024\/03\/a-threefold-warning-part-3-es.jpg","datePublished":"2024-03-21T20:52:17+00:00","dateModified":"2024-03-22T03:06:42+00:00","author":{"@id":"https:\/\/interamerica.org\/es\/#\/schema\/person\/29998f2bc2d8bd0d38662909289b54f1"},"breadcrumb":{"@id":"https:\/\/interamerica.org\/es\/2024\/03\/una-advertencia-triple-parte-3\/#breadcrumb"},"inLanguage":"es","potentialAction":[{"@type":"ReadAction","target":["https:\/\/interamerica.org\/es\/2024\/03\/una-advertencia-triple-parte-3\/"]}]},{"@type":"ImageObject","inLanguage":"es","@id":"https:\/\/interamerica.org\/es\/2024\/03\/una-advertencia-triple-parte-3\/#primaryimage","url":"https:\/\/interamerica.org\/wp-content\/uploads\/2024\/03\/a-threefold-warning-part-3-es.jpg","contentUrl":"https:\/\/interamerica.org\/wp-content\/uploads\/2024\/03\/a-threefold-warning-part-3-es.jpg","width":1000,"height":562},{"@type":"BreadcrumbList","@id":"https:\/\/interamerica.org\/es\/2024\/03\/una-advertencia-triple-parte-3\/#breadcrumb","itemListElement":[{"@type":"ListItem","position":1,"name":"Home","item":"https:\/\/interamerica.org\/es\/"},{"@type":"ListItem","position":2,"name":"Una advertencia triple (parte 3)"}]},{"@type":"WebSite","@id":"https:\/\/interamerica.org\/es\/#website","url":"https:\/\/interamerica.org\/es\/","name":"Iglesia Adventista del S\u00e9ptimo D\u00eda - Divisi\u00f3n Interamericana","description":"","potentialAction":[{"@type":"SearchAction","target":{"@type":"EntryPoint","urlTemplate":"https:\/\/interamerica.org\/es\/?s={search_term_string}"},"query-input":{"@type":"PropertyValueSpecification","valueRequired":true,"valueName":"search_term_string"}}],"inLanguage":"es"},{"@type":"Person","@id":"https:\/\/interamerica.org\/es\/#\/schema\/person\/29998f2bc2d8bd0d38662909289b54f1","name":"libna","image":{"@type":"ImageObject","inLanguage":"es","@id":"https:\/\/secure.gravatar.com\/avatar\/7c5bd30ae4b47a9ba3c856590957fd1d96dc588bf3ac05719d247e126840331f?s=96&d=mm&r=g","url":"https:\/\/secure.gravatar.com\/avatar\/7c5bd30ae4b47a9ba3c856590957fd1d96dc588bf3ac05719d247e126840331f?s=96&d=mm&r=g","contentUrl":"https:\/\/secure.gravatar.com\/avatar\/7c5bd30ae4b47a9ba3c856590957fd1d96dc588bf3ac05719d247e126840331f?s=96&d=mm&r=g","caption":"libna"}}]}},"_links":{"self":[{"href":"https:\/\/interamerica.org\/es\/wp-json\/wp\/v2\/posts\/111443","targetHints":{"allow":["GET"]}}],"collection":[{"href":"https:\/\/interamerica.org\/es\/wp-json\/wp\/v2\/posts"}],"about":[{"href":"https:\/\/interamerica.org\/es\/wp-json\/wp\/v2\/types\/post"}],"author":[{"embeddable":true,"href":"https:\/\/interamerica.org\/es\/wp-json\/wp\/v2\/users\/3"}],"replies":[{"embeddable":true,"href":"https:\/\/interamerica.org\/es\/wp-json\/wp\/v2\/comments?post=111443"}],"version-history":[{"count":0,"href":"https:\/\/interamerica.org\/es\/wp-json\/wp\/v2\/posts\/111443\/revisions"}],"wp:featuredmedia":[{"embeddable":true,"href":"https:\/\/interamerica.org\/es\/wp-json\/wp\/v2\/media\/111429"}],"wp:attachment":[{"href":"https:\/\/interamerica.org\/es\/wp-json\/wp\/v2\/media?parent=111443"}],"wp:term":[{"taxonomy":"category","embeddable":true,"href":"https:\/\/interamerica.org\/es\/wp-json\/wp\/v2\/categories?post=111443"},{"taxonomy":"post_tag","embeddable":true,"href":"https:\/\/interamerica.org\/es\/wp-json\/wp\/v2\/tags?post=111443"}],"curies":[{"name":"wp","href":"https:\/\/api.w.org\/{rel}","templated":true}]}}