{"id":11304,"date":"2009-01-06T00:00:00","date_gmt":"2009-01-06T04:00:00","guid":{"rendered":"http:\/\/192.81.217.108\/interamerica\/2009\/01\/interamerica-la-sede-de-la-iglesia-recibe-el-nuevo-ano\/"},"modified":"2017-06-02T09:06:38","modified_gmt":"2017-06-02T13:06:38","slug":"interamerica-la-sede-de-la-iglesia-recibe-el-nuevo-ano","status":"publish","type":"post","link":"https:\/\/interamerica.org\/es\/2009\/01\/interamerica-la-sede-de-la-iglesia-recibe-el-nuevo-ano\/","title":{"rendered":"Interam\u00e9rica:  La sede de la iglesia recibe el nuevo a\u00f1o"},"content":{"rendered":"<p>6 de enero, 2009, Miami, Florida, Estados Unidos&#8230;[Libna Stevens\/DIA] <\/p>\n<p>Empleados y dirigentes adventistas del s\u00e9ptimo d\u00eda de la sede de la Divisi\u00f3n Interamericna (DIA) le dieron la bienvenida al a\u00f1o 2009 en una nota espiritual durante un servicio de adoraci\u00f3n especial en Miami, Florida, el 5 de enero. M\u00e1s de 50 dirigentes y empleados de la iglesia adoraron y oraron juntos al reflexionar sobre las bendiciones del a\u00f1o anterior y la esperanza y fe de adelantar el evangelio a trav\u00e9s del territorio. <\/p>\n<p>El horador del momento fue el se\u00f1or Enrique Marshall, un miembro del personal en la DIA, que record\u00f3 a los compa\u00f1eros de trabajo de la necesidad de, como servidores de Dios, dejar a tr\u00e1s algunas cosas del pasado. <\/p>\n<p>Necesitamos dejar atr\u00e1s algunas cosas que nos han estorbado crecer espiritualmente; debemos hacer decisiones sabias y depender de las promesas de Dios para darle la cara al nuevo a\u00f1o\u00bb, dijo Marshall. <\/p>\n<p>Marshall record\u00f3 a los dirigentes y al personal de las frescas oportunidades de Dios y de los objetivos a ser alcanzados al hacer frente al nuevo a\u00f1o con la gracia y ayuda de Dios. <\/p>\n<p>El programa tambi\u00e9n present\u00f3 un concierto por el violinista N\u00e9stor D. Aponte, que vino desde Venezuela. Aponte, estudiante del Instituto Universitarios de Estudios Musicales en Venezuela, comparti\u00f3 su amor por la m\u00fasica y expres\u00f3 su compromiso de alabar a Dios. <\/p>\n<p>Los dirigentes de la iglesia tambi\u00e9n hablaron sobre la estabilidad financiera de la que ha gozado la DIA durante el a\u00f1o pasado en medio de la crisis econ\u00f3mica que afecta al mundo hoy. <\/p>\n<p>El pastor Israel Leio, presidente de la iglesia en Interam\u00e9rica, elogi\u00f3 las bendiciones de Dios sobre la iglesia en Interam\u00e9rica. \u00abDios ha sido bueno y confiamos en sus oraciones y su dedicaci\u00f3n al trabajo juntos para hacer nuestra parte en avanzar su obra\u00bb, dijo el pastor Leito. <\/p>\n<p>Durante un breve reporte, Filiberto Verduzco, tesorero de la iglesia en Interam\u00e9rica, habl\u00f3 de la estabilidad financiera que la iglesia en Interam\u00e9rica ha estado disfrutando. \u00abSabemos que el problema financiero de Estados Unidos est\u00e1 afectando nuestros pa\u00edses\u00bb, dijo Filiberto Veduzco, tesorero de la iglesia en Interam\u00e9rica. \u00abPero Dios ha sido tan bueno hacia nosotros que debemos mirar hacia adelante sabiendo que \u00e9l continuar\u00e1 bendiciendo su iglesia\u00bb. <\/p>\n<p>\u00abAunque el comportamiento de los diezmos en el territorio contin\u00faa creciendo, este es un tiempo para ser cuidadosos porque no estamos fuera de la crisis financiera, pero se nos asegura que Dios est\u00e1 con nosotros al ser cautelosos y cuidadosos al administrar los recursos que Dios nos ha confiado\u00bb, dijo Verduzco. <\/p>\n<p>La oficina central de la Divisi\u00f3n Interamericana es responsable por el trabajo de la Iglesia Adventista del S\u00e9ptimo D\u00eda en las 17 regiones del territorio que se enorgullece de m\u00e1s de 3 millones de miembros que adoran en m\u00e1s de 9,700 sitios de adoraci\u00f3n de la iglesia. <\/p>\n<\/p><\/p>\n","protected":false},"excerpt":{"rendered":"<p>Empleados y dirigentes adventistas del s\u00e9ptimo d\u00eda de la sede de la Divisi\u00f3n Interamericna (DIA) le dieron la bienvenida al a\u00f1o 2009 en una nota espiritual durnate un servicio de adoraci\u00f3n especial en Miami, Florida, el<\/p>\n","protected":false},"author":1,"featured_media":0,"comment_status":"closed","ping_status":"closed","sticky":false,"template":"","format":"standard","meta":{"_acf_changed":false,"footnotes":""},"categories":[8],"tags":[],"class_list":["post-11304","post","type-post","status-publish","format-standard","hentry","category-archivo"],"acf":[],"yoast_head":"<!-- This site is optimized with the Yoast SEO plugin v27.3 - https:\/\/yoast.com\/product\/yoast-seo-wordpress\/ -->\n<title>Interam\u00e9rica: La sede de la iglesia recibe el nuevo a\u00f1o - Iglesia Adventista del S\u00e9ptimo D\u00eda - Divisi\u00f3n Interamericana<\/title>\n<meta name=\"robots\" content=\"index, follow, max-snippet:-1, max-image-preview:large, max-video-preview:-1\" \/>\n<link rel=\"canonical\" href=\"https:\/\/interamerica.org\/es\/2009\/01\/interamerica-la-sede-de-la-iglesia-recibe-el-nuevo-ano\/\" \/>\n<meta property=\"og:locale\" content=\"es_ES\" \/>\n<meta property=\"og:type\" content=\"article\" \/>\n<meta property=\"og:title\" content=\"Interam\u00e9rica: La sede de la iglesia recibe el nuevo a\u00f1o - Iglesia Adventista del S\u00e9ptimo D\u00eda - Divisi\u00f3n Interamericana\" \/>\n<meta property=\"og:description\" content=\"Empleados y dirigentes adventistas del s\u00e9ptimo d\u00eda de la sede de la Divisi\u00f3n Interamericna (DIA) le dieron la bienvenida al a\u00f1o 2009 en una nota espiritual durnate un servicio de adoraci\u00f3n especial en Miami, Florida, el\" \/>\n<meta property=\"og:url\" content=\"https:\/\/interamerica.org\/es\/2009\/01\/interamerica-la-sede-de-la-iglesia-recibe-el-nuevo-ano\/\" \/>\n<meta property=\"og:site_name\" content=\"Iglesia Adventista del S\u00e9ptimo D\u00eda - Divisi\u00f3n Interamericana\" \/>\n<meta property=\"article:published_time\" content=\"2009-01-06T04:00:00+00:00\" \/>\n<meta property=\"article:modified_time\" content=\"2017-06-02T13:06:38+00:00\" \/>\n<meta name=\"author\" content=\"Lorenzo Verduzco\" \/>\n<meta name=\"twitter:card\" content=\"summary_large_image\" \/>\n<meta name=\"twitter:label1\" content=\"Escrito por\" \/>\n\t<meta name=\"twitter:data1\" content=\"Lorenzo Verduzco\" \/>\n\t<meta name=\"twitter:label2\" content=\"Tiempo de lectura\" \/>\n\t<meta name=\"twitter:data2\" content=\"2 minutos\" \/>\n<script type=\"application\/ld+json\" class=\"yoast-schema-graph\">{\"@context\":\"https:\\\/\\\/schema.org\",\"@graph\":[{\"@type\":\"Article\",\"@id\":\"https:\\\/\\\/interamerica.org\\\/es\\\/2009\\\/01\\\/interamerica-la-sede-de-la-iglesia-recibe-el-nuevo-ano\\\/#article\",\"isPartOf\":{\"@id\":\"https:\\\/\\\/interamerica.org\\\/es\\\/2009\\\/01\\\/interamerica-la-sede-de-la-iglesia-recibe-el-nuevo-ano\\\/\"},\"author\":{\"name\":\"Lorenzo Verduzco\",\"@id\":\"https:\\\/\\\/interamerica.org\\\/es\\\/#\\\/schema\\\/person\\\/68ede8bdc292885bb76c1e3810e73c39\"},\"headline\":\"Interam\u00e9rica: La sede de la iglesia recibe el nuevo a\u00f1o\",\"datePublished\":\"2009-01-06T04:00:00+00:00\",\"dateModified\":\"2017-06-02T13:06:38+00:00\",\"mainEntityOfPage\":{\"@id\":\"https:\\\/\\\/interamerica.org\\\/es\\\/2009\\\/01\\\/interamerica-la-sede-de-la-iglesia-recibe-el-nuevo-ano\\\/\"},\"wordCount\":509,\"articleSection\":[\"Archivo\"],\"inLanguage\":\"es\"},{\"@type\":\"WebPage\",\"@id\":\"https:\\\/\\\/interamerica.org\\\/es\\\/2009\\\/01\\\/interamerica-la-sede-de-la-iglesia-recibe-el-nuevo-ano\\\/\",\"url\":\"https:\\\/\\\/interamerica.org\\\/es\\\/2009\\\/01\\\/interamerica-la-sede-de-la-iglesia-recibe-el-nuevo-ano\\\/\",\"name\":\"Interam\u00e9rica: La sede de la iglesia recibe el nuevo a\u00f1o - Iglesia Adventista del S\u00e9ptimo D\u00eda - Divisi\u00f3n Interamericana\",\"isPartOf\":{\"@id\":\"https:\\\/\\\/interamerica.org\\\/es\\\/#website\"},\"datePublished\":\"2009-01-06T04:00:00+00:00\",\"dateModified\":\"2017-06-02T13:06:38+00:00\",\"author\":{\"@id\":\"https:\\\/\\\/interamerica.org\\\/es\\\/#\\\/schema\\\/person\\\/68ede8bdc292885bb76c1e3810e73c39\"},\"breadcrumb\":{\"@id\":\"https:\\\/\\\/interamerica.org\\\/es\\\/2009\\\/01\\\/interamerica-la-sede-de-la-iglesia-recibe-el-nuevo-ano\\\/#breadcrumb\"},\"inLanguage\":\"es\",\"potentialAction\":[{\"@type\":\"ReadAction\",\"target\":[\"https:\\\/\\\/interamerica.org\\\/es\\\/2009\\\/01\\\/interamerica-la-sede-de-la-iglesia-recibe-el-nuevo-ano\\\/\"]}]},{\"@type\":\"BreadcrumbList\",\"@id\":\"https:\\\/\\\/interamerica.org\\\/es\\\/2009\\\/01\\\/interamerica-la-sede-de-la-iglesia-recibe-el-nuevo-ano\\\/#breadcrumb\",\"itemListElement\":[{\"@type\":\"ListItem\",\"position\":1,\"name\":\"Home\",\"item\":\"https:\\\/\\\/interamerica.org\\\/es\\\/\"},{\"@type\":\"ListItem\",\"position\":2,\"name\":\"Interam\u00e9rica: La sede de la iglesia recibe el nuevo a\u00f1o\"}]},{\"@type\":\"WebSite\",\"@id\":\"https:\\\/\\\/interamerica.org\\\/es\\\/#website\",\"url\":\"https:\\\/\\\/interamerica.org\\\/es\\\/\",\"name\":\"Iglesia Adventista del S\u00e9ptimo D\u00eda - Divisi\u00f3n Interamericana\",\"description\":\"\",\"potentialAction\":[{\"@type\":\"SearchAction\",\"target\":{\"@type\":\"EntryPoint\",\"urlTemplate\":\"https:\\\/\\\/interamerica.org\\\/es\\\/?s={search_term_string}\"},\"query-input\":{\"@type\":\"PropertyValueSpecification\",\"valueRequired\":true,\"valueName\":\"search_term_string\"}}],\"inLanguage\":\"es\"},{\"@type\":\"Person\",\"@id\":\"https:\\\/\\\/interamerica.org\\\/es\\\/#\\\/schema\\\/person\\\/68ede8bdc292885bb76c1e3810e73c39\",\"name\":\"Lorenzo Verduzco\",\"image\":{\"@type\":\"ImageObject\",\"inLanguage\":\"es\",\"@id\":\"https:\\\/\\\/secure.gravatar.com\\\/avatar\\\/fb81a55b6218459490a9c1dc841a34909185b81904c5337b4b27f7a6fd60c49e?s=96&d=mm&r=g\",\"url\":\"https:\\\/\\\/secure.gravatar.com\\\/avatar\\\/fb81a55b6218459490a9c1dc841a34909185b81904c5337b4b27f7a6fd60c49e?s=96&d=mm&r=g\",\"contentUrl\":\"https:\\\/\\\/secure.gravatar.com\\\/avatar\\\/fb81a55b6218459490a9c1dc841a34909185b81904c5337b4b27f7a6fd60c49e?s=96&d=mm&r=g\",\"caption\":\"Lorenzo Verduzco\"}}]}<\/script>\n<!-- \/ Yoast SEO plugin. -->","yoast_head_json":{"title":"Interam\u00e9rica: La sede de la iglesia recibe el nuevo a\u00f1o - Iglesia Adventista del S\u00e9ptimo D\u00eda - Divisi\u00f3n Interamericana","robots":{"index":"index","follow":"follow","max-snippet":"max-snippet:-1","max-image-preview":"max-image-preview:large","max-video-preview":"max-video-preview:-1"},"canonical":"https:\/\/interamerica.org\/es\/2009\/01\/interamerica-la-sede-de-la-iglesia-recibe-el-nuevo-ano\/","og_locale":"es_ES","og_type":"article","og_title":"Interam\u00e9rica: La sede de la iglesia recibe el nuevo a\u00f1o - Iglesia Adventista del S\u00e9ptimo D\u00eda - Divisi\u00f3n Interamericana","og_description":"Empleados y dirigentes adventistas del s\u00e9ptimo d\u00eda de la sede de la Divisi\u00f3n Interamericna (DIA) le dieron la bienvenida al a\u00f1o 2009 en una nota espiritual durnate un servicio de adoraci\u00f3n especial en Miami, Florida, el","og_url":"https:\/\/interamerica.org\/es\/2009\/01\/interamerica-la-sede-de-la-iglesia-recibe-el-nuevo-ano\/","og_site_name":"Iglesia Adventista del S\u00e9ptimo D\u00eda - Divisi\u00f3n Interamericana","article_published_time":"2009-01-06T04:00:00+00:00","article_modified_time":"2017-06-02T13:06:38+00:00","author":"Lorenzo Verduzco","twitter_card":"summary_large_image","twitter_misc":{"Escrito por":"Lorenzo Verduzco","Tiempo de lectura":"2 minutos"},"schema":{"@context":"https:\/\/schema.org","@graph":[{"@type":"Article","@id":"https:\/\/interamerica.org\/es\/2009\/01\/interamerica-la-sede-de-la-iglesia-recibe-el-nuevo-ano\/#article","isPartOf":{"@id":"https:\/\/interamerica.org\/es\/2009\/01\/interamerica-la-sede-de-la-iglesia-recibe-el-nuevo-ano\/"},"author":{"name":"Lorenzo Verduzco","@id":"https:\/\/interamerica.org\/es\/#\/schema\/person\/68ede8bdc292885bb76c1e3810e73c39"},"headline":"Interam\u00e9rica: La sede de la iglesia recibe el nuevo a\u00f1o","datePublished":"2009-01-06T04:00:00+00:00","dateModified":"2017-06-02T13:06:38+00:00","mainEntityOfPage":{"@id":"https:\/\/interamerica.org\/es\/2009\/01\/interamerica-la-sede-de-la-iglesia-recibe-el-nuevo-ano\/"},"wordCount":509,"articleSection":["Archivo"],"inLanguage":"es"},{"@type":"WebPage","@id":"https:\/\/interamerica.org\/es\/2009\/01\/interamerica-la-sede-de-la-iglesia-recibe-el-nuevo-ano\/","url":"https:\/\/interamerica.org\/es\/2009\/01\/interamerica-la-sede-de-la-iglesia-recibe-el-nuevo-ano\/","name":"Interam\u00e9rica: La sede de la iglesia recibe el nuevo a\u00f1o - Iglesia Adventista del S\u00e9ptimo D\u00eda - Divisi\u00f3n Interamericana","isPartOf":{"@id":"https:\/\/interamerica.org\/es\/#website"},"datePublished":"2009-01-06T04:00:00+00:00","dateModified":"2017-06-02T13:06:38+00:00","author":{"@id":"https:\/\/interamerica.org\/es\/#\/schema\/person\/68ede8bdc292885bb76c1e3810e73c39"},"breadcrumb":{"@id":"https:\/\/interamerica.org\/es\/2009\/01\/interamerica-la-sede-de-la-iglesia-recibe-el-nuevo-ano\/#breadcrumb"},"inLanguage":"es","potentialAction":[{"@type":"ReadAction","target":["https:\/\/interamerica.org\/es\/2009\/01\/interamerica-la-sede-de-la-iglesia-recibe-el-nuevo-ano\/"]}]},{"@type":"BreadcrumbList","@id":"https:\/\/interamerica.org\/es\/2009\/01\/interamerica-la-sede-de-la-iglesia-recibe-el-nuevo-ano\/#breadcrumb","itemListElement":[{"@type":"ListItem","position":1,"name":"Home","item":"https:\/\/interamerica.org\/es\/"},{"@type":"ListItem","position":2,"name":"Interam\u00e9rica: La sede de la iglesia recibe el nuevo a\u00f1o"}]},{"@type":"WebSite","@id":"https:\/\/interamerica.org\/es\/#website","url":"https:\/\/interamerica.org\/es\/","name":"Iglesia Adventista del S\u00e9ptimo D\u00eda - Divisi\u00f3n Interamericana","description":"","potentialAction":[{"@type":"SearchAction","target":{"@type":"EntryPoint","urlTemplate":"https:\/\/interamerica.org\/es\/?s={search_term_string}"},"query-input":{"@type":"PropertyValueSpecification","valueRequired":true,"valueName":"search_term_string"}}],"inLanguage":"es"},{"@type":"Person","@id":"https:\/\/interamerica.org\/es\/#\/schema\/person\/68ede8bdc292885bb76c1e3810e73c39","name":"Lorenzo Verduzco","image":{"@type":"ImageObject","inLanguage":"es","@id":"https:\/\/secure.gravatar.com\/avatar\/fb81a55b6218459490a9c1dc841a34909185b81904c5337b4b27f7a6fd60c49e?s=96&d=mm&r=g","url":"https:\/\/secure.gravatar.com\/avatar\/fb81a55b6218459490a9c1dc841a34909185b81904c5337b4b27f7a6fd60c49e?s=96&d=mm&r=g","contentUrl":"https:\/\/secure.gravatar.com\/avatar\/fb81a55b6218459490a9c1dc841a34909185b81904c5337b4b27f7a6fd60c49e?s=96&d=mm&r=g","caption":"Lorenzo Verduzco"}}]}},"_links":{"self":[{"href":"https:\/\/interamerica.org\/es\/wp-json\/wp\/v2\/posts\/11304","targetHints":{"allow":["GET"]}}],"collection":[{"href":"https:\/\/interamerica.org\/es\/wp-json\/wp\/v2\/posts"}],"about":[{"href":"https:\/\/interamerica.org\/es\/wp-json\/wp\/v2\/types\/post"}],"author":[{"embeddable":true,"href":"https:\/\/interamerica.org\/es\/wp-json\/wp\/v2\/users\/1"}],"replies":[{"embeddable":true,"href":"https:\/\/interamerica.org\/es\/wp-json\/wp\/v2\/comments?post=11304"}],"version-history":[{"count":0,"href":"https:\/\/interamerica.org\/es\/wp-json\/wp\/v2\/posts\/11304\/revisions"}],"wp:attachment":[{"href":"https:\/\/interamerica.org\/es\/wp-json\/wp\/v2\/media?parent=11304"}],"wp:term":[{"taxonomy":"category","embeddable":true,"href":"https:\/\/interamerica.org\/es\/wp-json\/wp\/v2\/categories?post=11304"},{"taxonomy":"post_tag","embeddable":true,"href":"https:\/\/interamerica.org\/es\/wp-json\/wp\/v2\/tags?post=11304"}],"curies":[{"name":"wp","href":"https:\/\/api.w.org\/{rel}","templated":true}]}}