{"id":11305,"date":"2009-01-12T00:00:00","date_gmt":"2009-01-12T04:00:00","guid":{"rendered":"http:\/\/192.81.217.108\/interamerica\/2009\/01\/costa-rica-iglesia-adventista-ayuda-en-situacion-despues-del-terremoto\/"},"modified":"2017-06-02T09:06:37","modified_gmt":"2017-06-02T13:06:37","slug":"costa-rica-iglesia-adventista-ayuda-en-situacion-despues-del-terremoto","status":"publish","type":"post","link":"https:\/\/interamerica.org\/es\/2009\/01\/costa-rica-iglesia-adventista-ayuda-en-situacion-despues-del-terremoto\/","title":{"rendered":"Costa Rica: Iglesia Adventista ayuda en situaci\u00f3n despu\u00e9s del terremoto"},"content":{"rendered":"<p>Alajuela, Costa Rica, 12 de enero de 2009 [Libna Stevens\/IAD]<\/p>\n<p>La Iglesia Adventista del S\u00e9ptimo D\u00eda y la Agencia Adventista de Desarrollo y Recursos Asistenciales (ADRA) en Costa Rica a\u00fan eval\u00faan los da\u00f1os infligidos por un terremoto de magnitud 6.1 que golpe\u00f3 la parte norte del pa\u00eds el jueves 8 de enero. Docenas de personas no aparecen, y miles est\u00e1n sin agua, electricidad y servicio telef\u00f3nico. Aunque el n\u00famero de v\u00edctimas permanece ahora en 20, los l\u00edderes de la iglesia no han reportado ninguna muerte entre los miembros de la iglesia. <\/p>\n<p>El terremoto tuvo su epicentro a unas 22 millas al noroeste de San Jos\u00e9, cerca del Parque Nacional del Volc\u00e1n Po\u00e1s. <\/p>\n<p>\u201cLa situaci\u00f3n es muy angustiosa\u201d, dijo Roberto Romero, director de ADRA Costa Rica. \u201cEl terremoto golpe\u00f3 un \u00e1rea monta\u00f1osa con pocos habitantes y casas, y sin embargo cerca de 42 comunidades desaparecieron completamente; ahora esos lugares son como pueblos fantasma\u201d.<\/p>\n<p>El pastor marlon Moodie, secretario ejecutivo y director de comunicaci\u00f3n para la iglesia en la Uni\u00f3n Centroamericana del Sur con sede en Alajuela, Costa Rica, dijo que est\u00e1n llegando informes de miembros de iglesia que han perdido sus hogares. De acuerdo con el pastor Moodie, UNADECA, la universidad adventista en Alajuela, sufri\u00f3 da\u00f1os en su iglesia, biblioteca, cafeter\u00eda y el edificio de la escuela de ingenier\u00eda.<\/p>\n<p>\u201cEl golpe m\u00e1s duro fue en la regi\u00f3n de la Misi\u00f3n del Norte de Costa Rica, que supervisa m\u00e1s de 55 iglesias\u201d, dijo el pastor Moodie. \u201cTres de nuestras oficinas regionales [en Costa Rica] comenzaron a recoger alimentos para ser distribuidos\u201d. Los l\u00edderes de la iglesia a\u00fan tratan de hacer cuentas de todos sus miembros, y eval\u00faan los da\u00f1os mientras las v\u00edas se hacen m\u00e1s accesibles para el transporte, dicen los l\u00edderes de la iglesia.<\/p>\n<p>De acuerdo con Romero, cerca de 20 j\u00f3venes adventistas, cadetes m\u00e9dicos provenientes de San Jos\u00e9, estuvieron ofreciendo atenci\u00f3n m\u00e9dica el d\u00eda posterior al terremoto. Docenas de j\u00f3venes adventistas tambi\u00e9n sirvieron como voluntarios con la Comisi\u00f3n Nacional de Emergencia de Costa Rica, para ayudar en el rescate y las operaciones de ayuda humanitaria despu\u00e9s del terremoto.<\/p>\n<p>ADRA Costa Rica contin\u00faa coordinando con iglesias adventistas locales en la recolecci\u00f3n de comida que ser\u00e1 distribuida en centros designados por el gobierno para atenci\u00f3n a desastres. Recolecci\u00f3n y distribuci\u00f3n adicional de alimentos est\u00e1n programadas para continuar por toda esta semana, dijo Romero.<\/p>\n<p>Ubicada en Centroam\u00e9rica, entre Nicaragua y Panam\u00e1, Costa Rica tiene cerca de 60.000 adventistas del s\u00e9ptimo d\u00eda adorando en 173 iglesias <\/p>\n","protected":false},"excerpt":{"rendered":"<p>La Iglesia Adventista del S\u00e9ptimo D\u00eda y la Agencia Adventista de Desarrollo y Recursos Asistenciales (ADRA) en Costa Rica a\u00fan eval\u00faan los da\u00f1os infligidos por un terremoto de magnitud 6.1 que golpe\u00f3 la parte norte<\/p>\n","protected":false},"author":1,"featured_media":0,"comment_status":"closed","ping_status":"closed","sticky":false,"template":"","format":"standard","meta":{"_acf_changed":false,"footnotes":""},"categories":[8],"tags":[],"class_list":["post-11305","post","type-post","status-publish","format-standard","hentry","category-archivo"],"acf":[],"yoast_head":"<!-- This site is optimized with the Yoast SEO plugin v27.3 - https:\/\/yoast.com\/product\/yoast-seo-wordpress\/ -->\n<title>Costa Rica: Iglesia Adventista ayuda en situaci\u00f3n despu\u00e9s del terremoto - Iglesia Adventista del S\u00e9ptimo D\u00eda - Divisi\u00f3n Interamericana<\/title>\n<meta name=\"robots\" content=\"index, follow, max-snippet:-1, max-image-preview:large, max-video-preview:-1\" \/>\n<link rel=\"canonical\" href=\"https:\/\/interamerica.org\/es\/2009\/01\/costa-rica-iglesia-adventista-ayuda-en-situacion-despues-del-terremoto\/\" \/>\n<meta property=\"og:locale\" content=\"es_ES\" \/>\n<meta property=\"og:type\" content=\"article\" \/>\n<meta property=\"og:title\" content=\"Costa Rica: Iglesia Adventista ayuda en situaci\u00f3n despu\u00e9s del terremoto - Iglesia Adventista del S\u00e9ptimo D\u00eda - Divisi\u00f3n Interamericana\" \/>\n<meta property=\"og:description\" content=\"La Iglesia Adventista del S\u00e9ptimo D\u00eda y la Agencia Adventista de Desarrollo y Recursos Asistenciales (ADRA) en Costa Rica a\u00fan eval\u00faan los da\u00f1os infligidos por un terremoto de magnitud 6.1 que golpe\u00f3 la parte norte\" \/>\n<meta property=\"og:url\" content=\"https:\/\/interamerica.org\/es\/2009\/01\/costa-rica-iglesia-adventista-ayuda-en-situacion-despues-del-terremoto\/\" \/>\n<meta property=\"og:site_name\" content=\"Iglesia Adventista del S\u00e9ptimo D\u00eda - Divisi\u00f3n Interamericana\" \/>\n<meta property=\"article:published_time\" content=\"2009-01-12T04:00:00+00:00\" \/>\n<meta property=\"article:modified_time\" content=\"2017-06-02T13:06:37+00:00\" \/>\n<meta name=\"author\" content=\"Lorenzo Verduzco\" \/>\n<meta name=\"twitter:card\" content=\"summary_large_image\" \/>\n<meta name=\"twitter:label1\" content=\"Escrito por\" \/>\n\t<meta name=\"twitter:data1\" content=\"Lorenzo Verduzco\" \/>\n\t<meta name=\"twitter:label2\" content=\"Tiempo de lectura\" \/>\n\t<meta name=\"twitter:data2\" content=\"2 minutos\" \/>\n<script type=\"application\/ld+json\" class=\"yoast-schema-graph\">{\"@context\":\"https:\\\/\\\/schema.org\",\"@graph\":[{\"@type\":\"Article\",\"@id\":\"https:\\\/\\\/interamerica.org\\\/es\\\/2009\\\/01\\\/costa-rica-iglesia-adventista-ayuda-en-situacion-despues-del-terremoto\\\/#article\",\"isPartOf\":{\"@id\":\"https:\\\/\\\/interamerica.org\\\/es\\\/2009\\\/01\\\/costa-rica-iglesia-adventista-ayuda-en-situacion-despues-del-terremoto\\\/\"},\"author\":{\"name\":\"Lorenzo Verduzco\",\"@id\":\"https:\\\/\\\/interamerica.org\\\/es\\\/#\\\/schema\\\/person\\\/68ede8bdc292885bb76c1e3810e73c39\"},\"headline\":\"Costa Rica: Iglesia Adventista ayuda en situaci\u00f3n despu\u00e9s del terremoto\",\"datePublished\":\"2009-01-12T04:00:00+00:00\",\"dateModified\":\"2017-06-02T13:06:37+00:00\",\"mainEntityOfPage\":{\"@id\":\"https:\\\/\\\/interamerica.org\\\/es\\\/2009\\\/01\\\/costa-rica-iglesia-adventista-ayuda-en-situacion-despues-del-terremoto\\\/\"},\"wordCount\":464,\"articleSection\":[\"Archivo\"],\"inLanguage\":\"es\"},{\"@type\":\"WebPage\",\"@id\":\"https:\\\/\\\/interamerica.org\\\/es\\\/2009\\\/01\\\/costa-rica-iglesia-adventista-ayuda-en-situacion-despues-del-terremoto\\\/\",\"url\":\"https:\\\/\\\/interamerica.org\\\/es\\\/2009\\\/01\\\/costa-rica-iglesia-adventista-ayuda-en-situacion-despues-del-terremoto\\\/\",\"name\":\"Costa Rica: Iglesia Adventista ayuda en situaci\u00f3n despu\u00e9s del terremoto - Iglesia Adventista del S\u00e9ptimo D\u00eda - Divisi\u00f3n Interamericana\",\"isPartOf\":{\"@id\":\"https:\\\/\\\/interamerica.org\\\/es\\\/#website\"},\"datePublished\":\"2009-01-12T04:00:00+00:00\",\"dateModified\":\"2017-06-02T13:06:37+00:00\",\"author\":{\"@id\":\"https:\\\/\\\/interamerica.org\\\/es\\\/#\\\/schema\\\/person\\\/68ede8bdc292885bb76c1e3810e73c39\"},\"breadcrumb\":{\"@id\":\"https:\\\/\\\/interamerica.org\\\/es\\\/2009\\\/01\\\/costa-rica-iglesia-adventista-ayuda-en-situacion-despues-del-terremoto\\\/#breadcrumb\"},\"inLanguage\":\"es\",\"potentialAction\":[{\"@type\":\"ReadAction\",\"target\":[\"https:\\\/\\\/interamerica.org\\\/es\\\/2009\\\/01\\\/costa-rica-iglesia-adventista-ayuda-en-situacion-despues-del-terremoto\\\/\"]}]},{\"@type\":\"BreadcrumbList\",\"@id\":\"https:\\\/\\\/interamerica.org\\\/es\\\/2009\\\/01\\\/costa-rica-iglesia-adventista-ayuda-en-situacion-despues-del-terremoto\\\/#breadcrumb\",\"itemListElement\":[{\"@type\":\"ListItem\",\"position\":1,\"name\":\"Home\",\"item\":\"https:\\\/\\\/interamerica.org\\\/es\\\/\"},{\"@type\":\"ListItem\",\"position\":2,\"name\":\"Costa Rica: Iglesia Adventista ayuda en situaci\u00f3n despu\u00e9s del terremoto\"}]},{\"@type\":\"WebSite\",\"@id\":\"https:\\\/\\\/interamerica.org\\\/es\\\/#website\",\"url\":\"https:\\\/\\\/interamerica.org\\\/es\\\/\",\"name\":\"Iglesia Adventista del S\u00e9ptimo D\u00eda - Divisi\u00f3n Interamericana\",\"description\":\"\",\"potentialAction\":[{\"@type\":\"SearchAction\",\"target\":{\"@type\":\"EntryPoint\",\"urlTemplate\":\"https:\\\/\\\/interamerica.org\\\/es\\\/?s={search_term_string}\"},\"query-input\":{\"@type\":\"PropertyValueSpecification\",\"valueRequired\":true,\"valueName\":\"search_term_string\"}}],\"inLanguage\":\"es\"},{\"@type\":\"Person\",\"@id\":\"https:\\\/\\\/interamerica.org\\\/es\\\/#\\\/schema\\\/person\\\/68ede8bdc292885bb76c1e3810e73c39\",\"name\":\"Lorenzo Verduzco\",\"image\":{\"@type\":\"ImageObject\",\"inLanguage\":\"es\",\"@id\":\"https:\\\/\\\/secure.gravatar.com\\\/avatar\\\/fb81a55b6218459490a9c1dc841a34909185b81904c5337b4b27f7a6fd60c49e?s=96&d=mm&r=g\",\"url\":\"https:\\\/\\\/secure.gravatar.com\\\/avatar\\\/fb81a55b6218459490a9c1dc841a34909185b81904c5337b4b27f7a6fd60c49e?s=96&d=mm&r=g\",\"contentUrl\":\"https:\\\/\\\/secure.gravatar.com\\\/avatar\\\/fb81a55b6218459490a9c1dc841a34909185b81904c5337b4b27f7a6fd60c49e?s=96&d=mm&r=g\",\"caption\":\"Lorenzo Verduzco\"}}]}<\/script>\n<!-- \/ Yoast SEO plugin. -->","yoast_head_json":{"title":"Costa Rica: Iglesia Adventista ayuda en situaci\u00f3n despu\u00e9s del terremoto - Iglesia Adventista del S\u00e9ptimo D\u00eda - Divisi\u00f3n Interamericana","robots":{"index":"index","follow":"follow","max-snippet":"max-snippet:-1","max-image-preview":"max-image-preview:large","max-video-preview":"max-video-preview:-1"},"canonical":"https:\/\/interamerica.org\/es\/2009\/01\/costa-rica-iglesia-adventista-ayuda-en-situacion-despues-del-terremoto\/","og_locale":"es_ES","og_type":"article","og_title":"Costa Rica: Iglesia Adventista ayuda en situaci\u00f3n despu\u00e9s del terremoto - Iglesia Adventista del S\u00e9ptimo D\u00eda - Divisi\u00f3n Interamericana","og_description":"La Iglesia Adventista del S\u00e9ptimo D\u00eda y la Agencia Adventista de Desarrollo y Recursos Asistenciales (ADRA) en Costa Rica a\u00fan eval\u00faan los da\u00f1os infligidos por un terremoto de magnitud 6.1 que golpe\u00f3 la parte norte","og_url":"https:\/\/interamerica.org\/es\/2009\/01\/costa-rica-iglesia-adventista-ayuda-en-situacion-despues-del-terremoto\/","og_site_name":"Iglesia Adventista del S\u00e9ptimo D\u00eda - Divisi\u00f3n Interamericana","article_published_time":"2009-01-12T04:00:00+00:00","article_modified_time":"2017-06-02T13:06:37+00:00","author":"Lorenzo Verduzco","twitter_card":"summary_large_image","twitter_misc":{"Escrito por":"Lorenzo Verduzco","Tiempo de lectura":"2 minutos"},"schema":{"@context":"https:\/\/schema.org","@graph":[{"@type":"Article","@id":"https:\/\/interamerica.org\/es\/2009\/01\/costa-rica-iglesia-adventista-ayuda-en-situacion-despues-del-terremoto\/#article","isPartOf":{"@id":"https:\/\/interamerica.org\/es\/2009\/01\/costa-rica-iglesia-adventista-ayuda-en-situacion-despues-del-terremoto\/"},"author":{"name":"Lorenzo Verduzco","@id":"https:\/\/interamerica.org\/es\/#\/schema\/person\/68ede8bdc292885bb76c1e3810e73c39"},"headline":"Costa Rica: Iglesia Adventista ayuda en situaci\u00f3n despu\u00e9s del terremoto","datePublished":"2009-01-12T04:00:00+00:00","dateModified":"2017-06-02T13:06:37+00:00","mainEntityOfPage":{"@id":"https:\/\/interamerica.org\/es\/2009\/01\/costa-rica-iglesia-adventista-ayuda-en-situacion-despues-del-terremoto\/"},"wordCount":464,"articleSection":["Archivo"],"inLanguage":"es"},{"@type":"WebPage","@id":"https:\/\/interamerica.org\/es\/2009\/01\/costa-rica-iglesia-adventista-ayuda-en-situacion-despues-del-terremoto\/","url":"https:\/\/interamerica.org\/es\/2009\/01\/costa-rica-iglesia-adventista-ayuda-en-situacion-despues-del-terremoto\/","name":"Costa Rica: Iglesia Adventista ayuda en situaci\u00f3n despu\u00e9s del terremoto - Iglesia Adventista del S\u00e9ptimo D\u00eda - Divisi\u00f3n Interamericana","isPartOf":{"@id":"https:\/\/interamerica.org\/es\/#website"},"datePublished":"2009-01-12T04:00:00+00:00","dateModified":"2017-06-02T13:06:37+00:00","author":{"@id":"https:\/\/interamerica.org\/es\/#\/schema\/person\/68ede8bdc292885bb76c1e3810e73c39"},"breadcrumb":{"@id":"https:\/\/interamerica.org\/es\/2009\/01\/costa-rica-iglesia-adventista-ayuda-en-situacion-despues-del-terremoto\/#breadcrumb"},"inLanguage":"es","potentialAction":[{"@type":"ReadAction","target":["https:\/\/interamerica.org\/es\/2009\/01\/costa-rica-iglesia-adventista-ayuda-en-situacion-despues-del-terremoto\/"]}]},{"@type":"BreadcrumbList","@id":"https:\/\/interamerica.org\/es\/2009\/01\/costa-rica-iglesia-adventista-ayuda-en-situacion-despues-del-terremoto\/#breadcrumb","itemListElement":[{"@type":"ListItem","position":1,"name":"Home","item":"https:\/\/interamerica.org\/es\/"},{"@type":"ListItem","position":2,"name":"Costa Rica: Iglesia Adventista ayuda en situaci\u00f3n despu\u00e9s del terremoto"}]},{"@type":"WebSite","@id":"https:\/\/interamerica.org\/es\/#website","url":"https:\/\/interamerica.org\/es\/","name":"Iglesia Adventista del S\u00e9ptimo D\u00eda - Divisi\u00f3n Interamericana","description":"","potentialAction":[{"@type":"SearchAction","target":{"@type":"EntryPoint","urlTemplate":"https:\/\/interamerica.org\/es\/?s={search_term_string}"},"query-input":{"@type":"PropertyValueSpecification","valueRequired":true,"valueName":"search_term_string"}}],"inLanguage":"es"},{"@type":"Person","@id":"https:\/\/interamerica.org\/es\/#\/schema\/person\/68ede8bdc292885bb76c1e3810e73c39","name":"Lorenzo Verduzco","image":{"@type":"ImageObject","inLanguage":"es","@id":"https:\/\/secure.gravatar.com\/avatar\/fb81a55b6218459490a9c1dc841a34909185b81904c5337b4b27f7a6fd60c49e?s=96&d=mm&r=g","url":"https:\/\/secure.gravatar.com\/avatar\/fb81a55b6218459490a9c1dc841a34909185b81904c5337b4b27f7a6fd60c49e?s=96&d=mm&r=g","contentUrl":"https:\/\/secure.gravatar.com\/avatar\/fb81a55b6218459490a9c1dc841a34909185b81904c5337b4b27f7a6fd60c49e?s=96&d=mm&r=g","caption":"Lorenzo Verduzco"}}]}},"_links":{"self":[{"href":"https:\/\/interamerica.org\/es\/wp-json\/wp\/v2\/posts\/11305","targetHints":{"allow":["GET"]}}],"collection":[{"href":"https:\/\/interamerica.org\/es\/wp-json\/wp\/v2\/posts"}],"about":[{"href":"https:\/\/interamerica.org\/es\/wp-json\/wp\/v2\/types\/post"}],"author":[{"embeddable":true,"href":"https:\/\/interamerica.org\/es\/wp-json\/wp\/v2\/users\/1"}],"replies":[{"embeddable":true,"href":"https:\/\/interamerica.org\/es\/wp-json\/wp\/v2\/comments?post=11305"}],"version-history":[{"count":0,"href":"https:\/\/interamerica.org\/es\/wp-json\/wp\/v2\/posts\/11305\/revisions"}],"wp:attachment":[{"href":"https:\/\/interamerica.org\/es\/wp-json\/wp\/v2\/media?parent=11305"}],"wp:term":[{"taxonomy":"category","embeddable":true,"href":"https:\/\/interamerica.org\/es\/wp-json\/wp\/v2\/categories?post=11305"},{"taxonomy":"post_tag","embeddable":true,"href":"https:\/\/interamerica.org\/es\/wp-json\/wp\/v2\/tags?post=11305"}],"curies":[{"name":"wp","href":"https:\/\/api.w.org\/{rel}","templated":true}]}}