{"id":11306,"date":"2009-01-13T00:00:00","date_gmt":"2009-01-13T04:00:00","guid":{"rendered":"http:\/\/192.81.217.108\/interamerica\/2009\/01\/jamaica-lider-adventista-es-nombrado-gobernador-general\/"},"modified":"2017-06-02T09:06:35","modified_gmt":"2017-06-02T13:06:35","slug":"jamaica-lider-adventista-es-nombrado-gobernador-general","status":"publish","type":"post","link":"https:\/\/interamerica.org\/es\/2009\/01\/jamaica-lider-adventista-es-nombrado-gobernador-general\/","title":{"rendered":"Jamaica: L\u00edder adventista es nombrado gobernador general"},"content":{"rendered":"<p>13 de enero,<em > 2009, Mandeville, Jamaica&#8230; [Libna Stevens\/Nigel Coke\/DIA]<\/em >, Mandeville, Jamaica&#8230; [Libna Stevens\/Nigel Coke\/DIA] <\/p>\n<p>El gobierno de Jamaica anunci\u00f3 hoy el nombramiento del Dr. Patrick Allen, presidente de la iglesia en la regi\u00f3n de las Indias Occidentales, como Gobernador General del Estado.  El anuncio se hizo cuando cuando el Primer Ministro de Jamaica, Honorable Bruce Golding se dirig\u00eda al palamento. <\/p>\n<p>El Dr. Allen est\u00e1 programado para el juramento oficial como Gobernador General en <em >King&#39;s House (<\/em >la casa de gobierno) el 26 de febrero, 2009.   <\/p>\n<p>El Dr. Allen ser\u00e1 el primer administrador de la iglesia en ocupar tan alta posici\u00f3n en el gobierno de Jamaica y el segundo adventista en Interam\u00e9rica en tener tal posici\u00f3n.  Sir James Carlisle sirvi\u00f3 como Gobernador General en Antigua de 1993 a 2007. <\/p>\n<p>\u00abEl nombramiento del Dr. Allen como Gobernador General de Jamaica es algo muy hist\u00f3rico en ese pa\u00eds y en el campo mundial\u00bb, dijo el Pastor Israel Leito, presidente de la iglesia en Interam\u00e9rica.  \u00abLa Divisi\u00f3n Interamericana est\u00e1 muy complacida de que uno de sus l\u00edderes a trav\u00e9s de la alta posici\u00f3n de la iglesia haya alcanzado tal renombre\u00bb. <\/p>\n<p>\u00abDeseamos al Dr. Allen todo lo mejor, al comprender los serios desaf\u00edos que tendr\u00e1 &#8211;ser el l\u00edder con ninguna autoridad pol\u00edtica, no obstante en posici\u00f3n de liderazgo para todo un pa\u00eds\u00bb, continu\u00f3 el pastor Leito. \u00abSeguiremos orando por \u00e9l y podemos asegurarle que, en cualquier momento que \u00e9l quiera regresar al ministerio, las puertas de la iglesia est\u00e1n siempre abiertas para \u00e9l. La iglesia estar\u00e1 orando siempre por \u00e9l en ese cargo\u00bb <\/p>\n<p>El doctor Allen, que tiene un grado de Doctor en Filosof\u00eda en Administraci\u00f3n Educacional y Supervisi\u00f3n, un grado de Maestr\u00eda en Teolog\u00eda Sistem\u00e1tica y un grado  de Bachillerato en Historia y Religi\u00f3n, ha servido por m\u00e1s de 27 a\u00f1os en la iglesia. Se ha desempe\u00f1ado como presidente de la iglesia en la regi\u00f3n de las Indias Occidentales desde el a\u00f1o 2000 y previamente trabaj\u00f3 como pastor de distrito, director de escuela y maestro.   <\/p>\n<p>El doctor Allen remplazar\u00e1 al Gobernador General Kenneth Hall que someti\u00f3 su renuncia por motivos de salud, de acuerdo con un parte de prensa de la oficina del Primer Ministro. <\/p>\n<p>En el a\u00f1o 2006, el doctor Allen fue honrado con la Orden de Distinci\u00f3n por el Gobernador General Sir Kenneth Hall durante la Ceremonia Nacional de Honores y Premiaci\u00f3n por su contribuci\u00f3n a la iglesia y a la religi\u00f3n en Jamaica. <\/p>\n<p>En la actualidad, el docor Allen participa en muchas juntas y comit\u00e9s nacionales incluyendo la<em > Police Civilian Oversight Authority<\/em > (autoridad policial), la <em >Strategic Review Implementation Oversight Committee of Jamaica Constabulary Force. <\/em >Es un <em >Justice of the Peace <\/em >para <em >Parish of Manchester (<\/em >Parroquia de Manchester), Jamaica. <\/p>\n<p>Respecto a la direcci\u00f3n de los 262,000 adventistas del s\u00e9ptimo d\u00eda en las Indias Occidentales, el pastor Leito dijo que se reunir\u00e1 con el comit\u00e9 de la Uni\u00f3n para elegir a un nuevo presidente el 10 de febrero, 2009. <\/p>\n<p>El doctor llen y su esposa Denise Patricia Beckford tienen tres hijos y tres nietos. <\/p><\/p>\n","protected":false},"excerpt":{"rendered":"<p>El gobierno de Jamaica anunci\u00f3 hoy el nombramiento del Dr. Patrick Allen, presidente de la iglesia en la regi\u00f3n de las Indias Occidentales, como Gobernador General del Estado.  El anuncio se hizo cuando cuando el Primer Ministro de Jamaica,<\/p>\n","protected":false},"author":1,"featured_media":0,"comment_status":"closed","ping_status":"closed","sticky":false,"template":"","format":"standard","meta":{"_acf_changed":false,"footnotes":""},"categories":[8],"tags":[],"class_list":["post-11306","post","type-post","status-publish","format-standard","hentry","category-archivo"],"acf":[],"yoast_head":"<!-- This site is optimized with the Yoast SEO plugin v27.3 - https:\/\/yoast.com\/product\/yoast-seo-wordpress\/ -->\n<title>Jamaica: L\u00edder adventista es nombrado gobernador general - Iglesia Adventista del S\u00e9ptimo D\u00eda - Divisi\u00f3n Interamericana<\/title>\n<meta name=\"robots\" content=\"index, follow, max-snippet:-1, max-image-preview:large, max-video-preview:-1\" \/>\n<link rel=\"canonical\" href=\"https:\/\/interamerica.org\/es\/2009\/01\/jamaica-lider-adventista-es-nombrado-gobernador-general\/\" \/>\n<meta property=\"og:locale\" content=\"es_ES\" \/>\n<meta property=\"og:type\" content=\"article\" \/>\n<meta property=\"og:title\" content=\"Jamaica: L\u00edder adventista es nombrado gobernador general - Iglesia Adventista del S\u00e9ptimo D\u00eda - Divisi\u00f3n Interamericana\" \/>\n<meta property=\"og:description\" content=\"El gobierno de Jamaica anunci\u00f3 hoy el nombramiento del Dr. Patrick Allen, presidente de la iglesia en la regi\u00f3n de las Indias Occidentales, como Gobernador General del Estado. El anuncio se hizo cuando cuando el Primer Ministro de Jamaica,\" \/>\n<meta property=\"og:url\" content=\"https:\/\/interamerica.org\/es\/2009\/01\/jamaica-lider-adventista-es-nombrado-gobernador-general\/\" \/>\n<meta property=\"og:site_name\" content=\"Iglesia Adventista del S\u00e9ptimo D\u00eda - Divisi\u00f3n Interamericana\" \/>\n<meta property=\"article:published_time\" content=\"2009-01-13T04:00:00+00:00\" \/>\n<meta property=\"article:modified_time\" content=\"2017-06-02T13:06:35+00:00\" \/>\n<meta name=\"author\" content=\"Lorenzo Verduzco\" \/>\n<meta name=\"twitter:card\" content=\"summary_large_image\" \/>\n<meta name=\"twitter:label1\" content=\"Escrito por\" \/>\n\t<meta name=\"twitter:data1\" content=\"Lorenzo Verduzco\" \/>\n\t<meta name=\"twitter:label2\" content=\"Tiempo de lectura\" \/>\n\t<meta name=\"twitter:data2\" content=\"3 minutos\" \/>\n<script type=\"application\/ld+json\" class=\"yoast-schema-graph\">{\"@context\":\"https:\\\/\\\/schema.org\",\"@graph\":[{\"@type\":\"Article\",\"@id\":\"https:\\\/\\\/interamerica.org\\\/es\\\/2009\\\/01\\\/jamaica-lider-adventista-es-nombrado-gobernador-general\\\/#article\",\"isPartOf\":{\"@id\":\"https:\\\/\\\/interamerica.org\\\/es\\\/2009\\\/01\\\/jamaica-lider-adventista-es-nombrado-gobernador-general\\\/\"},\"author\":{\"name\":\"Lorenzo Verduzco\",\"@id\":\"https:\\\/\\\/interamerica.org\\\/es\\\/#\\\/schema\\\/person\\\/68ede8bdc292885bb76c1e3810e73c39\"},\"headline\":\"Jamaica: L\u00edder adventista es nombrado gobernador general\",\"datePublished\":\"2009-01-13T04:00:00+00:00\",\"dateModified\":\"2017-06-02T13:06:35+00:00\",\"mainEntityOfPage\":{\"@id\":\"https:\\\/\\\/interamerica.org\\\/es\\\/2009\\\/01\\\/jamaica-lider-adventista-es-nombrado-gobernador-general\\\/\"},\"wordCount\":541,\"articleSection\":[\"Archivo\"],\"inLanguage\":\"es\"},{\"@type\":\"WebPage\",\"@id\":\"https:\\\/\\\/interamerica.org\\\/es\\\/2009\\\/01\\\/jamaica-lider-adventista-es-nombrado-gobernador-general\\\/\",\"url\":\"https:\\\/\\\/interamerica.org\\\/es\\\/2009\\\/01\\\/jamaica-lider-adventista-es-nombrado-gobernador-general\\\/\",\"name\":\"Jamaica: L\u00edder adventista es nombrado gobernador general - Iglesia Adventista del S\u00e9ptimo D\u00eda - Divisi\u00f3n Interamericana\",\"isPartOf\":{\"@id\":\"https:\\\/\\\/interamerica.org\\\/es\\\/#website\"},\"datePublished\":\"2009-01-13T04:00:00+00:00\",\"dateModified\":\"2017-06-02T13:06:35+00:00\",\"author\":{\"@id\":\"https:\\\/\\\/interamerica.org\\\/es\\\/#\\\/schema\\\/person\\\/68ede8bdc292885bb76c1e3810e73c39\"},\"breadcrumb\":{\"@id\":\"https:\\\/\\\/interamerica.org\\\/es\\\/2009\\\/01\\\/jamaica-lider-adventista-es-nombrado-gobernador-general\\\/#breadcrumb\"},\"inLanguage\":\"es\",\"potentialAction\":[{\"@type\":\"ReadAction\",\"target\":[\"https:\\\/\\\/interamerica.org\\\/es\\\/2009\\\/01\\\/jamaica-lider-adventista-es-nombrado-gobernador-general\\\/\"]}]},{\"@type\":\"BreadcrumbList\",\"@id\":\"https:\\\/\\\/interamerica.org\\\/es\\\/2009\\\/01\\\/jamaica-lider-adventista-es-nombrado-gobernador-general\\\/#breadcrumb\",\"itemListElement\":[{\"@type\":\"ListItem\",\"position\":1,\"name\":\"Home\",\"item\":\"https:\\\/\\\/interamerica.org\\\/es\\\/\"},{\"@type\":\"ListItem\",\"position\":2,\"name\":\"Jamaica: L\u00edder adventista es nombrado gobernador general\"}]},{\"@type\":\"WebSite\",\"@id\":\"https:\\\/\\\/interamerica.org\\\/es\\\/#website\",\"url\":\"https:\\\/\\\/interamerica.org\\\/es\\\/\",\"name\":\"Iglesia Adventista del S\u00e9ptimo D\u00eda - Divisi\u00f3n Interamericana\",\"description\":\"\",\"potentialAction\":[{\"@type\":\"SearchAction\",\"target\":{\"@type\":\"EntryPoint\",\"urlTemplate\":\"https:\\\/\\\/interamerica.org\\\/es\\\/?s={search_term_string}\"},\"query-input\":{\"@type\":\"PropertyValueSpecification\",\"valueRequired\":true,\"valueName\":\"search_term_string\"}}],\"inLanguage\":\"es\"},{\"@type\":\"Person\",\"@id\":\"https:\\\/\\\/interamerica.org\\\/es\\\/#\\\/schema\\\/person\\\/68ede8bdc292885bb76c1e3810e73c39\",\"name\":\"Lorenzo Verduzco\",\"image\":{\"@type\":\"ImageObject\",\"inLanguage\":\"es\",\"@id\":\"https:\\\/\\\/secure.gravatar.com\\\/avatar\\\/fb81a55b6218459490a9c1dc841a34909185b81904c5337b4b27f7a6fd60c49e?s=96&d=mm&r=g\",\"url\":\"https:\\\/\\\/secure.gravatar.com\\\/avatar\\\/fb81a55b6218459490a9c1dc841a34909185b81904c5337b4b27f7a6fd60c49e?s=96&d=mm&r=g\",\"contentUrl\":\"https:\\\/\\\/secure.gravatar.com\\\/avatar\\\/fb81a55b6218459490a9c1dc841a34909185b81904c5337b4b27f7a6fd60c49e?s=96&d=mm&r=g\",\"caption\":\"Lorenzo Verduzco\"}}]}<\/script>\n<!-- \/ Yoast SEO plugin. -->","yoast_head_json":{"title":"Jamaica: L\u00edder adventista es nombrado gobernador general - Iglesia Adventista del S\u00e9ptimo D\u00eda - Divisi\u00f3n Interamericana","robots":{"index":"index","follow":"follow","max-snippet":"max-snippet:-1","max-image-preview":"max-image-preview:large","max-video-preview":"max-video-preview:-1"},"canonical":"https:\/\/interamerica.org\/es\/2009\/01\/jamaica-lider-adventista-es-nombrado-gobernador-general\/","og_locale":"es_ES","og_type":"article","og_title":"Jamaica: L\u00edder adventista es nombrado gobernador general - Iglesia Adventista del S\u00e9ptimo D\u00eda - Divisi\u00f3n Interamericana","og_description":"El gobierno de Jamaica anunci\u00f3 hoy el nombramiento del Dr. Patrick Allen, presidente de la iglesia en la regi\u00f3n de las Indias Occidentales, como Gobernador General del Estado. El anuncio se hizo cuando cuando el Primer Ministro de Jamaica,","og_url":"https:\/\/interamerica.org\/es\/2009\/01\/jamaica-lider-adventista-es-nombrado-gobernador-general\/","og_site_name":"Iglesia Adventista del S\u00e9ptimo D\u00eda - Divisi\u00f3n Interamericana","article_published_time":"2009-01-13T04:00:00+00:00","article_modified_time":"2017-06-02T13:06:35+00:00","author":"Lorenzo Verduzco","twitter_card":"summary_large_image","twitter_misc":{"Escrito por":"Lorenzo Verduzco","Tiempo de lectura":"3 minutos"},"schema":{"@context":"https:\/\/schema.org","@graph":[{"@type":"Article","@id":"https:\/\/interamerica.org\/es\/2009\/01\/jamaica-lider-adventista-es-nombrado-gobernador-general\/#article","isPartOf":{"@id":"https:\/\/interamerica.org\/es\/2009\/01\/jamaica-lider-adventista-es-nombrado-gobernador-general\/"},"author":{"name":"Lorenzo Verduzco","@id":"https:\/\/interamerica.org\/es\/#\/schema\/person\/68ede8bdc292885bb76c1e3810e73c39"},"headline":"Jamaica: L\u00edder adventista es nombrado gobernador general","datePublished":"2009-01-13T04:00:00+00:00","dateModified":"2017-06-02T13:06:35+00:00","mainEntityOfPage":{"@id":"https:\/\/interamerica.org\/es\/2009\/01\/jamaica-lider-adventista-es-nombrado-gobernador-general\/"},"wordCount":541,"articleSection":["Archivo"],"inLanguage":"es"},{"@type":"WebPage","@id":"https:\/\/interamerica.org\/es\/2009\/01\/jamaica-lider-adventista-es-nombrado-gobernador-general\/","url":"https:\/\/interamerica.org\/es\/2009\/01\/jamaica-lider-adventista-es-nombrado-gobernador-general\/","name":"Jamaica: L\u00edder adventista es nombrado gobernador general - Iglesia Adventista del S\u00e9ptimo D\u00eda - Divisi\u00f3n Interamericana","isPartOf":{"@id":"https:\/\/interamerica.org\/es\/#website"},"datePublished":"2009-01-13T04:00:00+00:00","dateModified":"2017-06-02T13:06:35+00:00","author":{"@id":"https:\/\/interamerica.org\/es\/#\/schema\/person\/68ede8bdc292885bb76c1e3810e73c39"},"breadcrumb":{"@id":"https:\/\/interamerica.org\/es\/2009\/01\/jamaica-lider-adventista-es-nombrado-gobernador-general\/#breadcrumb"},"inLanguage":"es","potentialAction":[{"@type":"ReadAction","target":["https:\/\/interamerica.org\/es\/2009\/01\/jamaica-lider-adventista-es-nombrado-gobernador-general\/"]}]},{"@type":"BreadcrumbList","@id":"https:\/\/interamerica.org\/es\/2009\/01\/jamaica-lider-adventista-es-nombrado-gobernador-general\/#breadcrumb","itemListElement":[{"@type":"ListItem","position":1,"name":"Home","item":"https:\/\/interamerica.org\/es\/"},{"@type":"ListItem","position":2,"name":"Jamaica: L\u00edder adventista es nombrado gobernador general"}]},{"@type":"WebSite","@id":"https:\/\/interamerica.org\/es\/#website","url":"https:\/\/interamerica.org\/es\/","name":"Iglesia Adventista del S\u00e9ptimo D\u00eda - Divisi\u00f3n Interamericana","description":"","potentialAction":[{"@type":"SearchAction","target":{"@type":"EntryPoint","urlTemplate":"https:\/\/interamerica.org\/es\/?s={search_term_string}"},"query-input":{"@type":"PropertyValueSpecification","valueRequired":true,"valueName":"search_term_string"}}],"inLanguage":"es"},{"@type":"Person","@id":"https:\/\/interamerica.org\/es\/#\/schema\/person\/68ede8bdc292885bb76c1e3810e73c39","name":"Lorenzo Verduzco","image":{"@type":"ImageObject","inLanguage":"es","@id":"https:\/\/secure.gravatar.com\/avatar\/fb81a55b6218459490a9c1dc841a34909185b81904c5337b4b27f7a6fd60c49e?s=96&d=mm&r=g","url":"https:\/\/secure.gravatar.com\/avatar\/fb81a55b6218459490a9c1dc841a34909185b81904c5337b4b27f7a6fd60c49e?s=96&d=mm&r=g","contentUrl":"https:\/\/secure.gravatar.com\/avatar\/fb81a55b6218459490a9c1dc841a34909185b81904c5337b4b27f7a6fd60c49e?s=96&d=mm&r=g","caption":"Lorenzo Verduzco"}}]}},"_links":{"self":[{"href":"https:\/\/interamerica.org\/es\/wp-json\/wp\/v2\/posts\/11306","targetHints":{"allow":["GET"]}}],"collection":[{"href":"https:\/\/interamerica.org\/es\/wp-json\/wp\/v2\/posts"}],"about":[{"href":"https:\/\/interamerica.org\/es\/wp-json\/wp\/v2\/types\/post"}],"author":[{"embeddable":true,"href":"https:\/\/interamerica.org\/es\/wp-json\/wp\/v2\/users\/1"}],"replies":[{"embeddable":true,"href":"https:\/\/interamerica.org\/es\/wp-json\/wp\/v2\/comments?post=11306"}],"version-history":[{"count":0,"href":"https:\/\/interamerica.org\/es\/wp-json\/wp\/v2\/posts\/11306\/revisions"}],"wp:attachment":[{"href":"https:\/\/interamerica.org\/es\/wp-json\/wp\/v2\/media?parent=11306"}],"wp:term":[{"taxonomy":"category","embeddable":true,"href":"https:\/\/interamerica.org\/es\/wp-json\/wp\/v2\/categories?post=11306"},{"taxonomy":"post_tag","embeddable":true,"href":"https:\/\/interamerica.org\/es\/wp-json\/wp\/v2\/tags?post=11306"}],"curies":[{"name":"wp","href":"https:\/\/api.w.org\/{rel}","templated":true}]}}