{"id":11307,"date":"2009-01-13T00:00:00","date_gmt":"2009-01-13T04:00:00","guid":{"rendered":"http:\/\/192.81.217.108\/interamerica\/2009\/01\/oficial-de-la-iglesia-adventista-nombrado-en-jamaica\/"},"modified":"2017-06-02T09:06:36","modified_gmt":"2017-06-02T13:06:36","slug":"oficial-de-la-iglesia-adventista-nombrado-en-jamaica","status":"publish","type":"post","link":"https:\/\/interamerica.org\/es\/2009\/01\/oficial-de-la-iglesia-adventista-nombrado-en-jamaica\/","title":{"rendered":"Oficial de la iglesia Adventista nombrado en Jamaica"},"content":{"rendered":"<p><em >13 de enero, 2009 <\/em >Kingston, Jamaica&#8230;Elizabeth Lechleitner\/ANN <\/p>\n<p>Un veterano dirigente de la iglesia Adventista del S\u00e9ptimo D\u00eda en el Caribe es nombrado para ser el sexto gobernador general de Jamaica, anunci\u00f3 el primer ministro de la naci\u00f3n durante una reuni\u00f3n del parlamento esta tarde. <\/p>\n<p>Patrick Linton Allen, de 58 a\u00f1os de edad, actual presidente de la Uni\u00f3n de las Indias Occidentales de la iglesia adventista, remplazar\u00e1 a Sir Kenneth Hall, Gobernador General de Jamaica, que someti\u00f3 petici\u00f3n de relevo de su cargo el a\u00f1o pasado por motivos de salud, dijo a los miembros de la C\u00e1mara de Representantes de Jamaica el Primer Ministro Bruce Golding. <\/p>\n<p>Se espera que Allen empiece en su cargo a fines de febrero, dijo Golding. <\/p>\n<p>Nombrado por Elizabeth II, Allen servir\u00e1 como el representante directo de la reina en Jamaica en ocasiones oficiales, tales como apertura del parlamento y la presentaci\u00f3n de honores de estado, de acuerdo con el Servicio de Informaci\u00f3n de Jamaica. Aunque el desempe\u00f1o es apol\u00edtico, la constituci\u00f3n de Jamaica le permite al gobernador general nombrar y supervisar los oficiales del servicio civil. <\/p>\n<p>Allen dijo que su fe adventista \u00abapoyar\u00eda\u00bb su nuevo desempe\u00f1o. \u00abCualquier decisi\u00f3n que yo hago ser\u00e1 emitida en justicia, equidad, y compasi\u00f3n\u00bb, dijo \u00e9l. <\/p>\n<p>Un \u00e1rea a la cual Allen expres\u00f3 que espera dedicarle atenci\u00f3n significativa, es justicia restaurativa, trabajando dentro del sistema judicial de Jamaica para mediar entre perpetradores y v\u00edctimas. Allen dijo que compart\u00eda el cometido del presidente de la iglesia adventista a nivel mundial a la justicia social, Jan Paulsen y dedicar\u00eda su \u00abliderazgo e influencia\u00bb para enfatizar los derechos humanos y la participaci\u00f3n de la comunidad en su nueva actuaci\u00f3n. <\/p>\n<p>La oficina de la sede mundial de la iglesia emiti\u00f3 una declaraci\u00f3n esta tarde felicitando a Allen por su nombramiento. \u00abOramos por las continuadas bendiciones de Dios al \u00e9l llevar a cabo sus nuevas responsabilidades c\u00edvicas\u00bb, dec\u00eda la declaraci\u00f3n. <\/p>\n<p>Allen lleva con \u00e9l a la posici\u00f3n un s\u00f3lido respaldo educacional. Despu\u00e9s de estudiar en <em >Moneague Teachers College <\/em >en Jamaica, obtuvo tres grados &#8211; incluyendo un doctorado en Administraci\u00f3n Educacional y Supervisi\u00f3n de la Universidad Andrews de la iglesia adventista en Berrien Spring, Michigan. <\/p>\n<p>Allen se ha desempe\u00f1ado en muchas funciones dentro y fuera de la iglesia adventista, incluyendo la presidencia de la Asociaci\u00f3n Central de Jamaica, director de Educaci\u00f3n y Vida Familiar en la Uni\u00f3n-Asociaci\u00f3n Indias Occidentales y pastor de distrito, encargado de m\u00e1s de 20 iglesias y grupos. <\/p>\n<p>Allen tambi\u00e9n es miembro de un n\u00famero de juntas y comit\u00e9s nacionales e internacionales, incluyendo el Comit\u00e9 Ejecutivo de la iglesia adventista a nivel mundial y la <em >Police Civilian Oversight Authority, <\/em >que sirve para asegurar que la fuerza policial funciona dentro de la ley y se mantienen los derechos ciudadanos. Tambi\u00e9n se desempe\u00f1a como <em >Justice of the Peace <\/em >para <em >Parish of Manchester <\/em >(comunidad rural), Jamaica. En 2006, el gobierno de Jamaica le confiri\u00f3 a Allen el honor de <em >Commander of the Order of Distinction (<\/em >Comandante de la Orden de Distinci\u00f3n) por servicios sobresalientes a su pa\u00eds.   <\/p>\n<p>La carrera de ense\u00f1anza de Allen se inici\u00f3 en 1972 e incluye un tiempo como profesor adjunto en la Universidad Caribe\u00f1a del Norte (NCU), administrada por la iglesia, para esa \u00e9poca -1991 a 1993 &#8211; bajo el nombre de Colegio de las Indias Occidentales. <\/p>\n<p>Hoy, reaccionando al nombramiento de Allen, el presidente de NCU, Herbert Thompson, le dijo al peri\u00f3dico <em >The Jamaican Gleaner <\/em >que \u00e9l espera que Allen traiga una nueva visi\u00f3n moral a Jamaica.   <\/p>\n<p>Calificando el nombramiento como \u00abhist\u00f3rico\u00bb, Israel Leito, presidente de la iglesia para Interam\u00e9rica, dijo que la elecci\u00f3n de Allen por la reina reflejaba la respetada presencia de la iglesia adventista en Jamaica. Cerca de uno de cada 12 personas en el pa\u00eds es adventista, y la iglesia en notable por su participaci\u00f3n en la comunidad y su colaboraci\u00f3n con los esfuerzos del gobierno para derrotar el crimen.    <\/p>\n<p>En agosto \u00faltimo los l\u00edderes de la iglesia organizaron un <em >D\u00eda Nacional de Oraci\u00f3n<\/em > en reacci\u00f3n al aumento en la tasa de homicidios y la propagada pobreza en el pa\u00eds, un esfuerzo que involucraba m\u00e1s de 650 iglesias adventistas. Al comienzo del a\u00f1o, oficiales de salud de Jamaica reunieron a los pastores adventistas para capacitarlos como consejeros en un esfuerzo en todo el pa\u00eds para darle la cara a los problemas sociales. <\/p>\n<p>En una reuni\u00f3n en el 2007 entre Paulsen y l\u00edderes nacionales, el Gobernador General, Hall, dijo que los adventistas estaban idealmente ubicados para ofrecer direcci\u00f3n y liderazgo moral a los j\u00f3venes del pa\u00eds. Hall tambi\u00e9n felicit\u00f3 la visibilidad de la iglesia dentro de la comunidad. La iglesia ha llegado a ser tan visible en todas partes, dijo \u00e9l, que \u00absi usted est\u00e1 dando direcciones en Jamaica, a menudo tiene que decir, \u2018Doble despu\u00e9s del r\u00f3tulo para la iglesia adventista&#39;\u00bb. <\/p>\n<p>Allen es el segundo adventista del s\u00e9ptimo d\u00eda que se desempe\u00f1a como gobernador general en la regi\u00f3n del Caribe. De 1993 a 2007, James Carlisle fue gobernador general de Antigua. Tres adventistas m\u00e1s sirven actualmente en la C\u00e1mara de Representantes de Jamaica. <\/p>\n<p>Se espera que Allen renuncie, dentro de poco,  a su puesto como presidente de la Uni\u00f3n de las Indias Occidentales. Entonces se tendr\u00e1 una sesi\u00f3n ejecutiva especial &#8211; el mes entrante &#8211; para nombrar un sucesor, dijo Leito.    <\/p>\n<p>\u00abLe deseamos todo lo mejor al doctor Allen, reconociendo los serios retos que tendr\u00e1\u00bb, a\u00f1adi\u00f3 Leito. \u00abLa iglesia siempre estar\u00e1 orando por \u00e9l en este desempe\u00f1o\u00bb. <\/p><\/p>\n","protected":false},"excerpt":{"rendered":"<p>Un veterano dirigente de la iglesia Adventista del S\u00e9ptimo D\u00eda en el Caribe es nombrado para ser el sexto gobernador general de Jamaica, anunci\u00f3 el primer ministro de la naci\u00f3n durante una reuni\u00f3n del parlamento esta tar<\/p>\n","protected":false},"author":1,"featured_media":0,"comment_status":"closed","ping_status":"closed","sticky":false,"template":"","format":"standard","meta":{"_acf_changed":false,"footnotes":""},"categories":[8],"tags":[],"class_list":["post-11307","post","type-post","status-publish","format-standard","hentry","category-archivo"],"acf":[],"yoast_head":"<!-- This site is optimized with the Yoast SEO plugin v27.3 - https:\/\/yoast.com\/product\/yoast-seo-wordpress\/ -->\n<title>Oficial de la iglesia Adventista nombrado en Jamaica - Iglesia Adventista del S\u00e9ptimo D\u00eda - Divisi\u00f3n Interamericana<\/title>\n<meta name=\"robots\" content=\"index, follow, max-snippet:-1, max-image-preview:large, max-video-preview:-1\" \/>\n<link rel=\"canonical\" href=\"https:\/\/interamerica.org\/es\/2009\/01\/oficial-de-la-iglesia-adventista-nombrado-en-jamaica\/\" \/>\n<meta property=\"og:locale\" content=\"es_ES\" \/>\n<meta property=\"og:type\" content=\"article\" \/>\n<meta property=\"og:title\" content=\"Oficial de la iglesia Adventista nombrado en Jamaica - Iglesia Adventista del S\u00e9ptimo D\u00eda - Divisi\u00f3n Interamericana\" \/>\n<meta property=\"og:description\" content=\"Un veterano dirigente de la iglesia Adventista del S\u00e9ptimo D\u00eda en el Caribe es nombrado para ser el sexto gobernador general de Jamaica, anunci\u00f3 el primer ministro de la naci\u00f3n durante una reuni\u00f3n del parlamento esta tar\" \/>\n<meta property=\"og:url\" content=\"https:\/\/interamerica.org\/es\/2009\/01\/oficial-de-la-iglesia-adventista-nombrado-en-jamaica\/\" \/>\n<meta property=\"og:site_name\" content=\"Iglesia Adventista del S\u00e9ptimo D\u00eda - Divisi\u00f3n Interamericana\" \/>\n<meta property=\"article:published_time\" content=\"2009-01-13T04:00:00+00:00\" \/>\n<meta property=\"article:modified_time\" content=\"2017-06-02T13:06:36+00:00\" \/>\n<meta name=\"author\" content=\"Lorenzo Verduzco\" \/>\n<meta name=\"twitter:card\" content=\"summary_large_image\" \/>\n<meta name=\"twitter:label1\" content=\"Escrito por\" \/>\n\t<meta name=\"twitter:data1\" content=\"Lorenzo Verduzco\" \/>\n\t<meta name=\"twitter:label2\" content=\"Tiempo de lectura\" \/>\n\t<meta name=\"twitter:data2\" content=\"5 minutos\" \/>\n<script type=\"application\/ld+json\" class=\"yoast-schema-graph\">{\"@context\":\"https:\\\/\\\/schema.org\",\"@graph\":[{\"@type\":\"Article\",\"@id\":\"https:\\\/\\\/interamerica.org\\\/es\\\/2009\\\/01\\\/oficial-de-la-iglesia-adventista-nombrado-en-jamaica\\\/#article\",\"isPartOf\":{\"@id\":\"https:\\\/\\\/interamerica.org\\\/es\\\/2009\\\/01\\\/oficial-de-la-iglesia-adventista-nombrado-en-jamaica\\\/\"},\"author\":{\"name\":\"Lorenzo Verduzco\",\"@id\":\"https:\\\/\\\/interamerica.org\\\/es\\\/#\\\/schema\\\/person\\\/68ede8bdc292885bb76c1e3810e73c39\"},\"headline\":\"Oficial de la iglesia Adventista nombrado en Jamaica\",\"datePublished\":\"2009-01-13T04:00:00+00:00\",\"dateModified\":\"2017-06-02T13:06:36+00:00\",\"mainEntityOfPage\":{\"@id\":\"https:\\\/\\\/interamerica.org\\\/es\\\/2009\\\/01\\\/oficial-de-la-iglesia-adventista-nombrado-en-jamaica\\\/\"},\"wordCount\":978,\"articleSection\":[\"Archivo\"],\"inLanguage\":\"es\"},{\"@type\":\"WebPage\",\"@id\":\"https:\\\/\\\/interamerica.org\\\/es\\\/2009\\\/01\\\/oficial-de-la-iglesia-adventista-nombrado-en-jamaica\\\/\",\"url\":\"https:\\\/\\\/interamerica.org\\\/es\\\/2009\\\/01\\\/oficial-de-la-iglesia-adventista-nombrado-en-jamaica\\\/\",\"name\":\"Oficial de la iglesia Adventista nombrado en Jamaica - Iglesia Adventista del S\u00e9ptimo D\u00eda - Divisi\u00f3n Interamericana\",\"isPartOf\":{\"@id\":\"https:\\\/\\\/interamerica.org\\\/es\\\/#website\"},\"datePublished\":\"2009-01-13T04:00:00+00:00\",\"dateModified\":\"2017-06-02T13:06:36+00:00\",\"author\":{\"@id\":\"https:\\\/\\\/interamerica.org\\\/es\\\/#\\\/schema\\\/person\\\/68ede8bdc292885bb76c1e3810e73c39\"},\"breadcrumb\":{\"@id\":\"https:\\\/\\\/interamerica.org\\\/es\\\/2009\\\/01\\\/oficial-de-la-iglesia-adventista-nombrado-en-jamaica\\\/#breadcrumb\"},\"inLanguage\":\"es\",\"potentialAction\":[{\"@type\":\"ReadAction\",\"target\":[\"https:\\\/\\\/interamerica.org\\\/es\\\/2009\\\/01\\\/oficial-de-la-iglesia-adventista-nombrado-en-jamaica\\\/\"]}]},{\"@type\":\"BreadcrumbList\",\"@id\":\"https:\\\/\\\/interamerica.org\\\/es\\\/2009\\\/01\\\/oficial-de-la-iglesia-adventista-nombrado-en-jamaica\\\/#breadcrumb\",\"itemListElement\":[{\"@type\":\"ListItem\",\"position\":1,\"name\":\"Home\",\"item\":\"https:\\\/\\\/interamerica.org\\\/es\\\/\"},{\"@type\":\"ListItem\",\"position\":2,\"name\":\"Oficial de la iglesia Adventista nombrado en Jamaica\"}]},{\"@type\":\"WebSite\",\"@id\":\"https:\\\/\\\/interamerica.org\\\/es\\\/#website\",\"url\":\"https:\\\/\\\/interamerica.org\\\/es\\\/\",\"name\":\"Iglesia Adventista del S\u00e9ptimo D\u00eda - Divisi\u00f3n Interamericana\",\"description\":\"\",\"potentialAction\":[{\"@type\":\"SearchAction\",\"target\":{\"@type\":\"EntryPoint\",\"urlTemplate\":\"https:\\\/\\\/interamerica.org\\\/es\\\/?s={search_term_string}\"},\"query-input\":{\"@type\":\"PropertyValueSpecification\",\"valueRequired\":true,\"valueName\":\"search_term_string\"}}],\"inLanguage\":\"es\"},{\"@type\":\"Person\",\"@id\":\"https:\\\/\\\/interamerica.org\\\/es\\\/#\\\/schema\\\/person\\\/68ede8bdc292885bb76c1e3810e73c39\",\"name\":\"Lorenzo Verduzco\",\"image\":{\"@type\":\"ImageObject\",\"inLanguage\":\"es\",\"@id\":\"https:\\\/\\\/secure.gravatar.com\\\/avatar\\\/fb81a55b6218459490a9c1dc841a34909185b81904c5337b4b27f7a6fd60c49e?s=96&d=mm&r=g\",\"url\":\"https:\\\/\\\/secure.gravatar.com\\\/avatar\\\/fb81a55b6218459490a9c1dc841a34909185b81904c5337b4b27f7a6fd60c49e?s=96&d=mm&r=g\",\"contentUrl\":\"https:\\\/\\\/secure.gravatar.com\\\/avatar\\\/fb81a55b6218459490a9c1dc841a34909185b81904c5337b4b27f7a6fd60c49e?s=96&d=mm&r=g\",\"caption\":\"Lorenzo Verduzco\"}}]}<\/script>\n<!-- \/ Yoast SEO plugin. -->","yoast_head_json":{"title":"Oficial de la iglesia Adventista nombrado en Jamaica - Iglesia Adventista del S\u00e9ptimo D\u00eda - Divisi\u00f3n Interamericana","robots":{"index":"index","follow":"follow","max-snippet":"max-snippet:-1","max-image-preview":"max-image-preview:large","max-video-preview":"max-video-preview:-1"},"canonical":"https:\/\/interamerica.org\/es\/2009\/01\/oficial-de-la-iglesia-adventista-nombrado-en-jamaica\/","og_locale":"es_ES","og_type":"article","og_title":"Oficial de la iglesia Adventista nombrado en Jamaica - Iglesia Adventista del S\u00e9ptimo D\u00eda - Divisi\u00f3n Interamericana","og_description":"Un veterano dirigente de la iglesia Adventista del S\u00e9ptimo D\u00eda en el Caribe es nombrado para ser el sexto gobernador general de Jamaica, anunci\u00f3 el primer ministro de la naci\u00f3n durante una reuni\u00f3n del parlamento esta tar","og_url":"https:\/\/interamerica.org\/es\/2009\/01\/oficial-de-la-iglesia-adventista-nombrado-en-jamaica\/","og_site_name":"Iglesia Adventista del S\u00e9ptimo D\u00eda - Divisi\u00f3n Interamericana","article_published_time":"2009-01-13T04:00:00+00:00","article_modified_time":"2017-06-02T13:06:36+00:00","author":"Lorenzo Verduzco","twitter_card":"summary_large_image","twitter_misc":{"Escrito por":"Lorenzo Verduzco","Tiempo de lectura":"5 minutos"},"schema":{"@context":"https:\/\/schema.org","@graph":[{"@type":"Article","@id":"https:\/\/interamerica.org\/es\/2009\/01\/oficial-de-la-iglesia-adventista-nombrado-en-jamaica\/#article","isPartOf":{"@id":"https:\/\/interamerica.org\/es\/2009\/01\/oficial-de-la-iglesia-adventista-nombrado-en-jamaica\/"},"author":{"name":"Lorenzo Verduzco","@id":"https:\/\/interamerica.org\/es\/#\/schema\/person\/68ede8bdc292885bb76c1e3810e73c39"},"headline":"Oficial de la iglesia Adventista nombrado en Jamaica","datePublished":"2009-01-13T04:00:00+00:00","dateModified":"2017-06-02T13:06:36+00:00","mainEntityOfPage":{"@id":"https:\/\/interamerica.org\/es\/2009\/01\/oficial-de-la-iglesia-adventista-nombrado-en-jamaica\/"},"wordCount":978,"articleSection":["Archivo"],"inLanguage":"es"},{"@type":"WebPage","@id":"https:\/\/interamerica.org\/es\/2009\/01\/oficial-de-la-iglesia-adventista-nombrado-en-jamaica\/","url":"https:\/\/interamerica.org\/es\/2009\/01\/oficial-de-la-iglesia-adventista-nombrado-en-jamaica\/","name":"Oficial de la iglesia Adventista nombrado en Jamaica - Iglesia Adventista del S\u00e9ptimo D\u00eda - Divisi\u00f3n Interamericana","isPartOf":{"@id":"https:\/\/interamerica.org\/es\/#website"},"datePublished":"2009-01-13T04:00:00+00:00","dateModified":"2017-06-02T13:06:36+00:00","author":{"@id":"https:\/\/interamerica.org\/es\/#\/schema\/person\/68ede8bdc292885bb76c1e3810e73c39"},"breadcrumb":{"@id":"https:\/\/interamerica.org\/es\/2009\/01\/oficial-de-la-iglesia-adventista-nombrado-en-jamaica\/#breadcrumb"},"inLanguage":"es","potentialAction":[{"@type":"ReadAction","target":["https:\/\/interamerica.org\/es\/2009\/01\/oficial-de-la-iglesia-adventista-nombrado-en-jamaica\/"]}]},{"@type":"BreadcrumbList","@id":"https:\/\/interamerica.org\/es\/2009\/01\/oficial-de-la-iglesia-adventista-nombrado-en-jamaica\/#breadcrumb","itemListElement":[{"@type":"ListItem","position":1,"name":"Home","item":"https:\/\/interamerica.org\/es\/"},{"@type":"ListItem","position":2,"name":"Oficial de la iglesia Adventista nombrado en Jamaica"}]},{"@type":"WebSite","@id":"https:\/\/interamerica.org\/es\/#website","url":"https:\/\/interamerica.org\/es\/","name":"Iglesia Adventista del S\u00e9ptimo D\u00eda - Divisi\u00f3n Interamericana","description":"","potentialAction":[{"@type":"SearchAction","target":{"@type":"EntryPoint","urlTemplate":"https:\/\/interamerica.org\/es\/?s={search_term_string}"},"query-input":{"@type":"PropertyValueSpecification","valueRequired":true,"valueName":"search_term_string"}}],"inLanguage":"es"},{"@type":"Person","@id":"https:\/\/interamerica.org\/es\/#\/schema\/person\/68ede8bdc292885bb76c1e3810e73c39","name":"Lorenzo Verduzco","image":{"@type":"ImageObject","inLanguage":"es","@id":"https:\/\/secure.gravatar.com\/avatar\/fb81a55b6218459490a9c1dc841a34909185b81904c5337b4b27f7a6fd60c49e?s=96&d=mm&r=g","url":"https:\/\/secure.gravatar.com\/avatar\/fb81a55b6218459490a9c1dc841a34909185b81904c5337b4b27f7a6fd60c49e?s=96&d=mm&r=g","contentUrl":"https:\/\/secure.gravatar.com\/avatar\/fb81a55b6218459490a9c1dc841a34909185b81904c5337b4b27f7a6fd60c49e?s=96&d=mm&r=g","caption":"Lorenzo Verduzco"}}]}},"_links":{"self":[{"href":"https:\/\/interamerica.org\/es\/wp-json\/wp\/v2\/posts\/11307","targetHints":{"allow":["GET"]}}],"collection":[{"href":"https:\/\/interamerica.org\/es\/wp-json\/wp\/v2\/posts"}],"about":[{"href":"https:\/\/interamerica.org\/es\/wp-json\/wp\/v2\/types\/post"}],"author":[{"embeddable":true,"href":"https:\/\/interamerica.org\/es\/wp-json\/wp\/v2\/users\/1"}],"replies":[{"embeddable":true,"href":"https:\/\/interamerica.org\/es\/wp-json\/wp\/v2\/comments?post=11307"}],"version-history":[{"count":0,"href":"https:\/\/interamerica.org\/es\/wp-json\/wp\/v2\/posts\/11307\/revisions"}],"wp:attachment":[{"href":"https:\/\/interamerica.org\/es\/wp-json\/wp\/v2\/media?parent=11307"}],"wp:term":[{"taxonomy":"category","embeddable":true,"href":"https:\/\/interamerica.org\/es\/wp-json\/wp\/v2\/categories?post=11307"},{"taxonomy":"post_tag","embeddable":true,"href":"https:\/\/interamerica.org\/es\/wp-json\/wp\/v2\/tags?post=11307"}],"curies":[{"name":"wp","href":"https:\/\/api.w.org\/{rel}","templated":true}]}}