{"id":11308,"date":"2009-01-20T00:00:00","date_gmt":"2009-01-20T04:00:00","guid":{"rendered":"http:\/\/192.81.217.108\/interamerica\/2009\/01\/historica-inauguracion-preserva-la-tradicion-de-la-oracion\/"},"modified":"2017-06-02T09:06:35","modified_gmt":"2017-06-02T13:06:35","slug":"historica-inauguracion-preserva-la-tradicion-de-la-oracion","status":"publish","type":"post","link":"https:\/\/interamerica.org\/es\/2009\/01\/historica-inauguracion-preserva-la-tradicion-de-la-oracion\/","title":{"rendered":"Hist\u00f3rica inauguraci\u00f3n preserva la tradici\u00f3n de la oraci\u00f3n"},"content":{"rendered":"<p><em >20 de enero, 2009,<\/em > Washington, D.C., Estados Unidos&#8230;Elizabeth Lechleitner\/ANN <\/p>\n<\/p>\n<p>Oficiales del gobierno y ciudadanos de Estados Unidos que se reunieron hoy en el Capitolio de la naci\u00f3n para la inauguraci\u00f3n del presidente electo Barack Obama, celebrar\u00e1n muchas cosas por primera vez, pero tambi\u00e9n conf\u00edan en una base preservada por m\u00e1s de 200 a\u00f1os, reforzada por tales reflexiones como la oraci\u00f3n inaugural, dice el capell\u00e1n del Senado de los Estados Unidos, Barry C. Black. <\/p>\n<p>Una oraci\u00f3n no es algo para ir con un marcador rojo, dice \u00e9l. Diferente a los discursos, las oraciones no son \u00abotro acto en el drama\u00bb, asegura Black, un adventista del s\u00e9ptimo d\u00eda y veterano capell\u00e1n de la Flota Naval de Estados Unidos. Las oraciones deben ser, m\u00e1s bien, reflexivas y profundamente sinceras. \u00abMe preocupar\u00eda mucho si alguien o alg\u00fan comit\u00e9 estuviera listo para inspeccionar lo que alguien ha sentido se ha sentido impulsado a decirle fervientemente a Dios  por la gente en una ocasi\u00f3n espec\u00edfica\u00bb, dice Black.  <\/p>\n<p>Black, que tendr\u00e1 la invocaci\u00f3n para el almuerzo tradicional que sigue inmediatamente despu\u00e9s de la inauguraci\u00f3n hoy, dice que los que est\u00e1n en el Capitolio lo han o\u00eddo orar suficiente &#8211; \u00e9l abre cada sesi\u00f3n del Senado con una oraci\u00f3n &#8211; para estar seguros que no dir\u00e9 ninguna cosa \u00abque evidencie una posici\u00f3n err\u00f3nea o muy exc\u00e9ntrica\u00bb. <\/p>\n<p>Adem\u00e1s, dice Black, el proceso de selecci\u00f3n para emplear un capell\u00e1n o, en el caso de Rick Warren y Joseph Lowry &#8211; los dos est\u00e1n orando durante la ceremonia inaugural de hoy &#8211; es suficientemente rigurosa que usted conf\u00eda que la persona har\u00e1 una oraci\u00f3n pertinente\u00bb. <\/p>\n<p>Black dice que algunos pueden arg\u00fcir que la oraci\u00f3n en eventos estatales, como inauguraciones, es un poquito m\u00e1s que una formalidad o tradici\u00f3n &#8211; George Washington inici\u00f3 la primera oraci\u00f3n de este tipo despu\u00e9s que fue juramentado por un capell\u00e1n que us\u00f3 el libro <em >Book of Common Prayer <\/em >(libro de oraciones corrientes). Algunos han ido tan lejos para reclamar que una oraci\u00f3n inaugural es inconstitucional y viola la separaci\u00f3n de iglesia y estado. <\/p>\n<p>Sin embargo, Black dice que la necesidad por oraci\u00f3n de la naci\u00f3n es tan crucial como nunca. \u00abLos Forjadores de la naci\u00f3n\u00bb, a pesar de su cometido para mantener separados la iglesia y el estado, reconocieron la necesidad de una dimensi\u00f3n espiritual del gobierno\u00bb. La postura en s\u00ed misma de Black fue establecida en 1789, por la sugerencia de forjadores de la naci\u00f3n como Benjam\u00edn Bralnklin, a quien Black le acredita el haber dicho que era \u00abmuy improbable\u00bb para una naci\u00f3n surgir sin la ayuda de Dios sin un \u00abpajarillo no puede caer sin que [\u00c9l] lo note\u00bb. <\/p>\n<p>La posici\u00f3n de capell\u00e1n del Senado continu\u00f3 una tradici\u00f3n establecida durante el Primer Congreso Continental en 1774. Los deberes del capell\u00e1n actualmente incluyen proveer atenci\u00f3n espiritual y consejer\u00eda para los senadores, sus familiares y miembros de su personal, as\u00ed como abrir la sesi\u00f3n de cada d\u00eda con oraci\u00f3n. El reconocimiento de la direcci\u00f3n de Dios en el surgimiento y la ca\u00edda de las naciones, a\u00fan hoy, resuena en los salones de reuniones del Congreso de los Estados Unidos\u00bb, dice Black. <\/p>\n<p>\u00abCreo que lo que Pablo dice en Filipenses 4 &#8211; \u2018Ellos son santos en la familia del C\u00e9sar&#39; &#8211; podr\u00eda decirse de muchos que trabajan en el Capitolio\u00bb, dice Black, agregando que tantos como 35 de los 100 senadores &#8211; de ambos lados del pasillo &#8211; asisten en forma regular a los desayunos semanales de oraci\u00f3n y estudios de la Biblia. Entre los que asisten est\u00e1n Obama y el vicepresidente electo Joseph Biden, de quienes Black dice \u00abson personas muy espirituales\u00bb. El antes jefe de capellanes de la Flota Naval dice que ha tenido la oportunidad de interactuar de forma regular con Obama, a quien considera un amigo. El entonces senador por Illinois provey\u00f3 un endoso de la cubierta trasera del libro de Black del 2006, <em >From The Hood to the Hill <\/em >(Del Barrio a la Colina)      <\/p>\n<p>Trabajar en el Capitolio, \u00abparticularmente la naturaleza ponderosa, deliberativa\u00bb del proceso legislativo y el significado del manejo de ese nivel de responsabilidad, puede ser agotador, dejando a los senadores \u00abespiritualmente vulnerables\u00bb, dice Black. Cualquiera que sea el nivel de espiritualidad que uno traiga al trabajo se duplica, pienso, al uno descubrir una intensa necesidad de madurar esa conexi\u00f3n con Dios\u00bb. <\/p>\n<p>Durante sus a\u00f1os de direcci\u00f3n espiritual a los l\u00edderes de la naci\u00f3n, Black dice que ha observado la imposibilidad de separar por completo \u00abla espiritualidad de una persona del trabajo que realiza &#8211; sea hombre o mujer\u00bb. Ciertamente, agrega \u00e9l, en algunas circunstancias, los senadores deben votar en oposici\u00f3n a sus convicciones personales por el bien de sus constituyentes, pero \u00abla espiritualidad que much\u00edsimos de nuestros legisladores poseen los satura suficientemente con lo necesario que ello va afectar su juicio, su visi\u00f3n del mundo y de c\u00f3mo v\u00e9rselas respecto a la toma de decisiones\u00bb. <\/p>\n<p>Black, cuya oficina mira hacia el <em >National Mall <\/em >(centro comercial nacional), dice que la \u00abespl\u00e9ndida vista\u00bb contribuye al \u00bb sentido de asombro\u00bb que siente cada vez que entra al Capitolio nacional. <\/p>\n<p>\u00abTengo la oportunidad de interactuar con algunas de las personas m\u00e1s brillantes de quienes tengo conocimiento, y ellos est\u00e1n interesados en mis opiniones sobre las dimensiones \u00e9ticas de los asuntos que debaten en la sala de reuniones. Ese privilegio &#8211; esa responsabilidad &#8211; es sobria, y muy, muy emocionante\u00bb, dice Black. <\/p>\n","protected":false},"excerpt":{"rendered":"<p>Oficiales del gobierno y ciudadanos de EU que se reunieron hoy en el Capitolio de la naci\u00f3n para la inauguraci\u00f3n del presidente electo Barack Obama, celebrar\u00e1n muchas cosas por primera vez, pero tambi\u00e9n conf\u00edan en una<\/p>\n","protected":false},"author":1,"featured_media":0,"comment_status":"closed","ping_status":"closed","sticky":false,"template":"","format":"standard","meta":{"_acf_changed":false,"footnotes":""},"categories":[8],"tags":[],"class_list":["post-11308","post","type-post","status-publish","format-standard","hentry","category-archivo"],"acf":[],"yoast_head":"<!-- This site is optimized with the Yoast SEO plugin v27.3 - https:\/\/yoast.com\/product\/yoast-seo-wordpress\/ -->\n<title>Hist\u00f3rica inauguraci\u00f3n preserva la tradici\u00f3n de la oraci\u00f3n - Iglesia Adventista del S\u00e9ptimo D\u00eda - Divisi\u00f3n Interamericana<\/title>\n<meta name=\"robots\" content=\"index, follow, max-snippet:-1, max-image-preview:large, max-video-preview:-1\" \/>\n<link rel=\"canonical\" href=\"https:\/\/interamerica.org\/es\/2009\/01\/historica-inauguracion-preserva-la-tradicion-de-la-oracion\/\" \/>\n<meta property=\"og:locale\" content=\"es_ES\" \/>\n<meta property=\"og:type\" content=\"article\" \/>\n<meta property=\"og:title\" content=\"Hist\u00f3rica inauguraci\u00f3n preserva la tradici\u00f3n de la oraci\u00f3n - Iglesia Adventista del S\u00e9ptimo D\u00eda - Divisi\u00f3n Interamericana\" \/>\n<meta property=\"og:description\" content=\"Oficiales del gobierno y ciudadanos de EU que se reunieron hoy en el Capitolio de la naci\u00f3n para la inauguraci\u00f3n del presidente electo Barack Obama, celebrar\u00e1n muchas cosas por primera vez, pero tambi\u00e9n conf\u00edan en una\" \/>\n<meta property=\"og:url\" content=\"https:\/\/interamerica.org\/es\/2009\/01\/historica-inauguracion-preserva-la-tradicion-de-la-oracion\/\" \/>\n<meta property=\"og:site_name\" content=\"Iglesia Adventista del S\u00e9ptimo D\u00eda - Divisi\u00f3n Interamericana\" \/>\n<meta property=\"article:published_time\" content=\"2009-01-20T04:00:00+00:00\" \/>\n<meta property=\"article:modified_time\" content=\"2017-06-02T13:06:35+00:00\" \/>\n<meta name=\"author\" content=\"Lorenzo Verduzco\" \/>\n<meta name=\"twitter:card\" content=\"summary_large_image\" \/>\n<meta name=\"twitter:label1\" content=\"Escrito por\" \/>\n\t<meta name=\"twitter:data1\" content=\"Lorenzo Verduzco\" \/>\n\t<meta name=\"twitter:label2\" content=\"Tiempo de lectura\" \/>\n\t<meta name=\"twitter:data2\" content=\"5 minutos\" \/>\n<script type=\"application\/ld+json\" class=\"yoast-schema-graph\">{\"@context\":\"https:\\\/\\\/schema.org\",\"@graph\":[{\"@type\":\"Article\",\"@id\":\"https:\\\/\\\/interamerica.org\\\/es\\\/2009\\\/01\\\/historica-inauguracion-preserva-la-tradicion-de-la-oracion\\\/#article\",\"isPartOf\":{\"@id\":\"https:\\\/\\\/interamerica.org\\\/es\\\/2009\\\/01\\\/historica-inauguracion-preserva-la-tradicion-de-la-oracion\\\/\"},\"author\":{\"name\":\"Lorenzo Verduzco\",\"@id\":\"https:\\\/\\\/interamerica.org\\\/es\\\/#\\\/schema\\\/person\\\/68ede8bdc292885bb76c1e3810e73c39\"},\"headline\":\"Hist\u00f3rica inauguraci\u00f3n preserva la tradici\u00f3n de la oraci\u00f3n\",\"datePublished\":\"2009-01-20T04:00:00+00:00\",\"dateModified\":\"2017-06-02T13:06:35+00:00\",\"mainEntityOfPage\":{\"@id\":\"https:\\\/\\\/interamerica.org\\\/es\\\/2009\\\/01\\\/historica-inauguracion-preserva-la-tradicion-de-la-oracion\\\/\"},\"wordCount\":972,\"articleSection\":[\"Archivo\"],\"inLanguage\":\"es\"},{\"@type\":\"WebPage\",\"@id\":\"https:\\\/\\\/interamerica.org\\\/es\\\/2009\\\/01\\\/historica-inauguracion-preserva-la-tradicion-de-la-oracion\\\/\",\"url\":\"https:\\\/\\\/interamerica.org\\\/es\\\/2009\\\/01\\\/historica-inauguracion-preserva-la-tradicion-de-la-oracion\\\/\",\"name\":\"Hist\u00f3rica inauguraci\u00f3n preserva la tradici\u00f3n de la oraci\u00f3n - Iglesia Adventista del S\u00e9ptimo D\u00eda - Divisi\u00f3n Interamericana\",\"isPartOf\":{\"@id\":\"https:\\\/\\\/interamerica.org\\\/es\\\/#website\"},\"datePublished\":\"2009-01-20T04:00:00+00:00\",\"dateModified\":\"2017-06-02T13:06:35+00:00\",\"author\":{\"@id\":\"https:\\\/\\\/interamerica.org\\\/es\\\/#\\\/schema\\\/person\\\/68ede8bdc292885bb76c1e3810e73c39\"},\"breadcrumb\":{\"@id\":\"https:\\\/\\\/interamerica.org\\\/es\\\/2009\\\/01\\\/historica-inauguracion-preserva-la-tradicion-de-la-oracion\\\/#breadcrumb\"},\"inLanguage\":\"es\",\"potentialAction\":[{\"@type\":\"ReadAction\",\"target\":[\"https:\\\/\\\/interamerica.org\\\/es\\\/2009\\\/01\\\/historica-inauguracion-preserva-la-tradicion-de-la-oracion\\\/\"]}]},{\"@type\":\"BreadcrumbList\",\"@id\":\"https:\\\/\\\/interamerica.org\\\/es\\\/2009\\\/01\\\/historica-inauguracion-preserva-la-tradicion-de-la-oracion\\\/#breadcrumb\",\"itemListElement\":[{\"@type\":\"ListItem\",\"position\":1,\"name\":\"Home\",\"item\":\"https:\\\/\\\/interamerica.org\\\/es\\\/\"},{\"@type\":\"ListItem\",\"position\":2,\"name\":\"Hist\u00f3rica inauguraci\u00f3n preserva la tradici\u00f3n de la oraci\u00f3n\"}]},{\"@type\":\"WebSite\",\"@id\":\"https:\\\/\\\/interamerica.org\\\/es\\\/#website\",\"url\":\"https:\\\/\\\/interamerica.org\\\/es\\\/\",\"name\":\"Iglesia Adventista del S\u00e9ptimo D\u00eda - Divisi\u00f3n Interamericana\",\"description\":\"\",\"potentialAction\":[{\"@type\":\"SearchAction\",\"target\":{\"@type\":\"EntryPoint\",\"urlTemplate\":\"https:\\\/\\\/interamerica.org\\\/es\\\/?s={search_term_string}\"},\"query-input\":{\"@type\":\"PropertyValueSpecification\",\"valueRequired\":true,\"valueName\":\"search_term_string\"}}],\"inLanguage\":\"es\"},{\"@type\":\"Person\",\"@id\":\"https:\\\/\\\/interamerica.org\\\/es\\\/#\\\/schema\\\/person\\\/68ede8bdc292885bb76c1e3810e73c39\",\"name\":\"Lorenzo Verduzco\",\"image\":{\"@type\":\"ImageObject\",\"inLanguage\":\"es\",\"@id\":\"https:\\\/\\\/secure.gravatar.com\\\/avatar\\\/fb81a55b6218459490a9c1dc841a34909185b81904c5337b4b27f7a6fd60c49e?s=96&d=mm&r=g\",\"url\":\"https:\\\/\\\/secure.gravatar.com\\\/avatar\\\/fb81a55b6218459490a9c1dc841a34909185b81904c5337b4b27f7a6fd60c49e?s=96&d=mm&r=g\",\"contentUrl\":\"https:\\\/\\\/secure.gravatar.com\\\/avatar\\\/fb81a55b6218459490a9c1dc841a34909185b81904c5337b4b27f7a6fd60c49e?s=96&d=mm&r=g\",\"caption\":\"Lorenzo Verduzco\"}}]}<\/script>\n<!-- \/ Yoast SEO plugin. -->","yoast_head_json":{"title":"Hist\u00f3rica inauguraci\u00f3n preserva la tradici\u00f3n de la oraci\u00f3n - Iglesia Adventista del S\u00e9ptimo D\u00eda - Divisi\u00f3n Interamericana","robots":{"index":"index","follow":"follow","max-snippet":"max-snippet:-1","max-image-preview":"max-image-preview:large","max-video-preview":"max-video-preview:-1"},"canonical":"https:\/\/interamerica.org\/es\/2009\/01\/historica-inauguracion-preserva-la-tradicion-de-la-oracion\/","og_locale":"es_ES","og_type":"article","og_title":"Hist\u00f3rica inauguraci\u00f3n preserva la tradici\u00f3n de la oraci\u00f3n - Iglesia Adventista del S\u00e9ptimo D\u00eda - Divisi\u00f3n Interamericana","og_description":"Oficiales del gobierno y ciudadanos de EU que se reunieron hoy en el Capitolio de la naci\u00f3n para la inauguraci\u00f3n del presidente electo Barack Obama, celebrar\u00e1n muchas cosas por primera vez, pero tambi\u00e9n conf\u00edan en una","og_url":"https:\/\/interamerica.org\/es\/2009\/01\/historica-inauguracion-preserva-la-tradicion-de-la-oracion\/","og_site_name":"Iglesia Adventista del S\u00e9ptimo D\u00eda - Divisi\u00f3n Interamericana","article_published_time":"2009-01-20T04:00:00+00:00","article_modified_time":"2017-06-02T13:06:35+00:00","author":"Lorenzo Verduzco","twitter_card":"summary_large_image","twitter_misc":{"Escrito por":"Lorenzo Verduzco","Tiempo de lectura":"5 minutos"},"schema":{"@context":"https:\/\/schema.org","@graph":[{"@type":"Article","@id":"https:\/\/interamerica.org\/es\/2009\/01\/historica-inauguracion-preserva-la-tradicion-de-la-oracion\/#article","isPartOf":{"@id":"https:\/\/interamerica.org\/es\/2009\/01\/historica-inauguracion-preserva-la-tradicion-de-la-oracion\/"},"author":{"name":"Lorenzo Verduzco","@id":"https:\/\/interamerica.org\/es\/#\/schema\/person\/68ede8bdc292885bb76c1e3810e73c39"},"headline":"Hist\u00f3rica inauguraci\u00f3n preserva la tradici\u00f3n de la oraci\u00f3n","datePublished":"2009-01-20T04:00:00+00:00","dateModified":"2017-06-02T13:06:35+00:00","mainEntityOfPage":{"@id":"https:\/\/interamerica.org\/es\/2009\/01\/historica-inauguracion-preserva-la-tradicion-de-la-oracion\/"},"wordCount":972,"articleSection":["Archivo"],"inLanguage":"es"},{"@type":"WebPage","@id":"https:\/\/interamerica.org\/es\/2009\/01\/historica-inauguracion-preserva-la-tradicion-de-la-oracion\/","url":"https:\/\/interamerica.org\/es\/2009\/01\/historica-inauguracion-preserva-la-tradicion-de-la-oracion\/","name":"Hist\u00f3rica inauguraci\u00f3n preserva la tradici\u00f3n de la oraci\u00f3n - Iglesia Adventista del S\u00e9ptimo D\u00eda - Divisi\u00f3n Interamericana","isPartOf":{"@id":"https:\/\/interamerica.org\/es\/#website"},"datePublished":"2009-01-20T04:00:00+00:00","dateModified":"2017-06-02T13:06:35+00:00","author":{"@id":"https:\/\/interamerica.org\/es\/#\/schema\/person\/68ede8bdc292885bb76c1e3810e73c39"},"breadcrumb":{"@id":"https:\/\/interamerica.org\/es\/2009\/01\/historica-inauguracion-preserva-la-tradicion-de-la-oracion\/#breadcrumb"},"inLanguage":"es","potentialAction":[{"@type":"ReadAction","target":["https:\/\/interamerica.org\/es\/2009\/01\/historica-inauguracion-preserva-la-tradicion-de-la-oracion\/"]}]},{"@type":"BreadcrumbList","@id":"https:\/\/interamerica.org\/es\/2009\/01\/historica-inauguracion-preserva-la-tradicion-de-la-oracion\/#breadcrumb","itemListElement":[{"@type":"ListItem","position":1,"name":"Home","item":"https:\/\/interamerica.org\/es\/"},{"@type":"ListItem","position":2,"name":"Hist\u00f3rica inauguraci\u00f3n preserva la tradici\u00f3n de la oraci\u00f3n"}]},{"@type":"WebSite","@id":"https:\/\/interamerica.org\/es\/#website","url":"https:\/\/interamerica.org\/es\/","name":"Iglesia Adventista del S\u00e9ptimo D\u00eda - Divisi\u00f3n Interamericana","description":"","potentialAction":[{"@type":"SearchAction","target":{"@type":"EntryPoint","urlTemplate":"https:\/\/interamerica.org\/es\/?s={search_term_string}"},"query-input":{"@type":"PropertyValueSpecification","valueRequired":true,"valueName":"search_term_string"}}],"inLanguage":"es"},{"@type":"Person","@id":"https:\/\/interamerica.org\/es\/#\/schema\/person\/68ede8bdc292885bb76c1e3810e73c39","name":"Lorenzo Verduzco","image":{"@type":"ImageObject","inLanguage":"es","@id":"https:\/\/secure.gravatar.com\/avatar\/fb81a55b6218459490a9c1dc841a34909185b81904c5337b4b27f7a6fd60c49e?s=96&d=mm&r=g","url":"https:\/\/secure.gravatar.com\/avatar\/fb81a55b6218459490a9c1dc841a34909185b81904c5337b4b27f7a6fd60c49e?s=96&d=mm&r=g","contentUrl":"https:\/\/secure.gravatar.com\/avatar\/fb81a55b6218459490a9c1dc841a34909185b81904c5337b4b27f7a6fd60c49e?s=96&d=mm&r=g","caption":"Lorenzo Verduzco"}}]}},"_links":{"self":[{"href":"https:\/\/interamerica.org\/es\/wp-json\/wp\/v2\/posts\/11308","targetHints":{"allow":["GET"]}}],"collection":[{"href":"https:\/\/interamerica.org\/es\/wp-json\/wp\/v2\/posts"}],"about":[{"href":"https:\/\/interamerica.org\/es\/wp-json\/wp\/v2\/types\/post"}],"author":[{"embeddable":true,"href":"https:\/\/interamerica.org\/es\/wp-json\/wp\/v2\/users\/1"}],"replies":[{"embeddable":true,"href":"https:\/\/interamerica.org\/es\/wp-json\/wp\/v2\/comments?post=11308"}],"version-history":[{"count":0,"href":"https:\/\/interamerica.org\/es\/wp-json\/wp\/v2\/posts\/11308\/revisions"}],"wp:attachment":[{"href":"https:\/\/interamerica.org\/es\/wp-json\/wp\/v2\/media?parent=11308"}],"wp:term":[{"taxonomy":"category","embeddable":true,"href":"https:\/\/interamerica.org\/es\/wp-json\/wp\/v2\/categories?post=11308"},{"taxonomy":"post_tag","embeddable":true,"href":"https:\/\/interamerica.org\/es\/wp-json\/wp\/v2\/tags?post=11308"}],"curies":[{"name":"wp","href":"https:\/\/api.w.org\/{rel}","templated":true}]}}