{"id":11310,"date":"2009-01-27T00:00:00","date_gmt":"2009-01-27T04:00:00","guid":{"rendered":"http:\/\/192.81.217.108\/interamerica\/2009\/01\/cantante-adventista-phipps-dice-que-el-impacto-de-la-inauguracion-tiene-largo-alcance\/"},"modified":"2017-06-02T09:06:33","modified_gmt":"2017-06-02T13:06:33","slug":"cantante-adventista-phipps-dice-que-el-impacto-de-la-inauguracion-tiene-largo-alcance","status":"publish","type":"post","link":"https:\/\/interamerica.org\/es\/2009\/01\/cantante-adventista-phipps-dice-que-el-impacto-de-la-inauguracion-tiene-largo-alcance\/","title":{"rendered":"Cantante adventista Phipps dice que el impacto de la inauguraci\u00f3n tiene largo alcance"},"content":{"rendered":"<p>Washington, D.C., Estados Unidos, 27 de enero de 2009&#8230; Personal de ANN<\/p>\n<p>El cantante de m\u00fasica religiosa Wintley Phipps, nominado a Grammy, cant\u00f3 \u00abAmazing Grace\u00bb [Sublime Gracia] para el reci\u00e9n juramentado presidente Barack Obama durante el Servicio de Oraci\u00f3n Presidencial Inaugural el 21 de enero. Phipps, un pastor adventista del s\u00e9ptimo d\u00eda, dijo al peri\u00f3dico TCPalm en Florida que su pieza musical en solo fue un honor y una bendici\u00f3n.<\/p>\n<p>Phipps, quien ha hecho presentaciones musicales en pasados eventos presidenciales inaugurales, est\u00e1 acostumbrado a cantar en frente de audiencias distinguidas, y dijo que el Servicio de Oraci\u00f3n no fue la excepci\u00f3n.<\/p>\n<p>\u00abLo que fue particularmente interesante fue que la Secretaria de Estado, la Sra. Hillary Clinton y el antiguo presidente Clinton estuvieron presentes\u00bb, dijo Phipps durante una entrevista con la Revista Adventista. \u00abUna cantidad de miembros del Gabinete y el Senador John McCain [el rival del presidente Obama en el a\u00f1o 2008] y el senador Joe Lieberman tambi\u00e9n estuvieron all\u00ed. Ese fue un servicio poderoso. Es un lugar espectacular en el cual cantar\u00bb. <\/p>\n<p>Phipps coment\u00f3 acerca de lo que el nuevo presidente significar\u00e1 para un segmento particular de la sociedad norteamericana.<\/p>\n<p>\u00abNo tenemos idea del impacto que la ascendencia del presidente Obama est\u00e1 a punto de tener en los corazones y en las mentes de los j\u00f3venes afroamericanos. Eso est\u00e1 m\u00e1s all\u00e1 de lo que realmente podamos calcular o imaginar\u00bb, dijo \u00e9l.<\/p>\n<p>Phipps tambi\u00e9n es el fundador de U.S. Dream Academy [academia del sue\u00f1o americano], una organizaci\u00f3n sin \u00e1nimo de lucro que provee asesor\u00eda y educaci\u00f3n a los hijos de reclusos.<\/p>\n<p>Haga clic <a  href=\"http:\/\/www.youtube.com\/watch?v=xLdeDWm8B8k\" target=\"_blank\">aqu\u00ed<\/a > para ver la presentaci\u00f3n musical de Phipps. <\/p>\n","protected":false},"excerpt":{"rendered":"<p>El cantante de m\u00fasica religiosa Wintley Phipps, nominado a Grammy,cant\u00f3 \u00abAmazing Grace\u00bb [Sublime Gracia] para el reci\u00e9n juramentadopresidente Barack Obama durante el Servicio de Oraci\u00f3n PresidencialInaugural el<\/p>\n","protected":false},"author":1,"featured_media":0,"comment_status":"closed","ping_status":"closed","sticky":false,"template":"","format":"standard","meta":{"_acf_changed":false,"footnotes":""},"categories":[8],"tags":[],"class_list":["post-11310","post","type-post","status-publish","format-standard","hentry","category-archivo"],"acf":[],"yoast_head":"<!-- This site is optimized with the Yoast SEO plugin v27.3 - https:\/\/yoast.com\/product\/yoast-seo-wordpress\/ -->\n<title>Cantante adventista Phipps dice que el impacto de la inauguraci\u00f3n tiene largo alcance - Iglesia Adventista del S\u00e9ptimo D\u00eda - Divisi\u00f3n Interamericana<\/title>\n<meta name=\"robots\" content=\"index, follow, max-snippet:-1, max-image-preview:large, max-video-preview:-1\" \/>\n<link rel=\"canonical\" href=\"https:\/\/interamerica.org\/es\/2009\/01\/cantante-adventista-phipps-dice-que-el-impacto-de-la-inauguracion-tiene-largo-alcance\/\" \/>\n<meta property=\"og:locale\" content=\"es_ES\" \/>\n<meta property=\"og:type\" content=\"article\" \/>\n<meta property=\"og:title\" content=\"Cantante adventista Phipps dice que el impacto de la inauguraci\u00f3n tiene largo alcance - Iglesia Adventista del S\u00e9ptimo D\u00eda - Divisi\u00f3n Interamericana\" \/>\n<meta property=\"og:description\" content=\"El cantante de m\u00fasica religiosa Wintley Phipps, nominado a Grammy,cant\u00f3 &quot;Amazing Grace&quot; [Sublime Gracia] para el reci\u00e9n juramentadopresidente Barack Obama durante el Servicio de Oraci\u00f3n PresidencialInaugural el\" \/>\n<meta property=\"og:url\" content=\"https:\/\/interamerica.org\/es\/2009\/01\/cantante-adventista-phipps-dice-que-el-impacto-de-la-inauguracion-tiene-largo-alcance\/\" \/>\n<meta property=\"og:site_name\" content=\"Iglesia Adventista del S\u00e9ptimo D\u00eda - Divisi\u00f3n Interamericana\" \/>\n<meta property=\"article:published_time\" content=\"2009-01-27T04:00:00+00:00\" \/>\n<meta property=\"article:modified_time\" content=\"2017-06-02T13:06:33+00:00\" \/>\n<meta name=\"author\" content=\"Lorenzo Verduzco\" \/>\n<meta name=\"twitter:card\" content=\"summary_large_image\" \/>\n<meta name=\"twitter:label1\" content=\"Escrito por\" \/>\n\t<meta name=\"twitter:data1\" content=\"Lorenzo Verduzco\" \/>\n\t<meta name=\"twitter:label2\" content=\"Tiempo de lectura\" \/>\n\t<meta name=\"twitter:data2\" content=\"1 minuto\" \/>\n<script type=\"application\/ld+json\" class=\"yoast-schema-graph\">{\"@context\":\"https:\\\/\\\/schema.org\",\"@graph\":[{\"@type\":\"Article\",\"@id\":\"https:\\\/\\\/interamerica.org\\\/es\\\/2009\\\/01\\\/cantante-adventista-phipps-dice-que-el-impacto-de-la-inauguracion-tiene-largo-alcance\\\/#article\",\"isPartOf\":{\"@id\":\"https:\\\/\\\/interamerica.org\\\/es\\\/2009\\\/01\\\/cantante-adventista-phipps-dice-que-el-impacto-de-la-inauguracion-tiene-largo-alcance\\\/\"},\"author\":{\"name\":\"Lorenzo Verduzco\",\"@id\":\"https:\\\/\\\/interamerica.org\\\/es\\\/#\\\/schema\\\/person\\\/68ede8bdc292885bb76c1e3810e73c39\"},\"headline\":\"Cantante adventista Phipps dice que el impacto de la inauguraci\u00f3n tiene largo alcance\",\"datePublished\":\"2009-01-27T04:00:00+00:00\",\"dateModified\":\"2017-06-02T13:06:33+00:00\",\"mainEntityOfPage\":{\"@id\":\"https:\\\/\\\/interamerica.org\\\/es\\\/2009\\\/01\\\/cantante-adventista-phipps-dice-que-el-impacto-de-la-inauguracion-tiene-largo-alcance\\\/\"},\"wordCount\":302,\"articleSection\":[\"Archivo\"],\"inLanguage\":\"es\"},{\"@type\":\"WebPage\",\"@id\":\"https:\\\/\\\/interamerica.org\\\/es\\\/2009\\\/01\\\/cantante-adventista-phipps-dice-que-el-impacto-de-la-inauguracion-tiene-largo-alcance\\\/\",\"url\":\"https:\\\/\\\/interamerica.org\\\/es\\\/2009\\\/01\\\/cantante-adventista-phipps-dice-que-el-impacto-de-la-inauguracion-tiene-largo-alcance\\\/\",\"name\":\"Cantante adventista Phipps dice que el impacto de la inauguraci\u00f3n tiene largo alcance - Iglesia Adventista del S\u00e9ptimo D\u00eda - Divisi\u00f3n Interamericana\",\"isPartOf\":{\"@id\":\"https:\\\/\\\/interamerica.org\\\/es\\\/#website\"},\"datePublished\":\"2009-01-27T04:00:00+00:00\",\"dateModified\":\"2017-06-02T13:06:33+00:00\",\"author\":{\"@id\":\"https:\\\/\\\/interamerica.org\\\/es\\\/#\\\/schema\\\/person\\\/68ede8bdc292885bb76c1e3810e73c39\"},\"breadcrumb\":{\"@id\":\"https:\\\/\\\/interamerica.org\\\/es\\\/2009\\\/01\\\/cantante-adventista-phipps-dice-que-el-impacto-de-la-inauguracion-tiene-largo-alcance\\\/#breadcrumb\"},\"inLanguage\":\"es\",\"potentialAction\":[{\"@type\":\"ReadAction\",\"target\":[\"https:\\\/\\\/interamerica.org\\\/es\\\/2009\\\/01\\\/cantante-adventista-phipps-dice-que-el-impacto-de-la-inauguracion-tiene-largo-alcance\\\/\"]}]},{\"@type\":\"BreadcrumbList\",\"@id\":\"https:\\\/\\\/interamerica.org\\\/es\\\/2009\\\/01\\\/cantante-adventista-phipps-dice-que-el-impacto-de-la-inauguracion-tiene-largo-alcance\\\/#breadcrumb\",\"itemListElement\":[{\"@type\":\"ListItem\",\"position\":1,\"name\":\"Home\",\"item\":\"https:\\\/\\\/interamerica.org\\\/es\\\/\"},{\"@type\":\"ListItem\",\"position\":2,\"name\":\"Cantante adventista Phipps dice que el impacto de la inauguraci\u00f3n tiene largo alcance\"}]},{\"@type\":\"WebSite\",\"@id\":\"https:\\\/\\\/interamerica.org\\\/es\\\/#website\",\"url\":\"https:\\\/\\\/interamerica.org\\\/es\\\/\",\"name\":\"Iglesia Adventista del S\u00e9ptimo D\u00eda - Divisi\u00f3n Interamericana\",\"description\":\"\",\"potentialAction\":[{\"@type\":\"SearchAction\",\"target\":{\"@type\":\"EntryPoint\",\"urlTemplate\":\"https:\\\/\\\/interamerica.org\\\/es\\\/?s={search_term_string}\"},\"query-input\":{\"@type\":\"PropertyValueSpecification\",\"valueRequired\":true,\"valueName\":\"search_term_string\"}}],\"inLanguage\":\"es\"},{\"@type\":\"Person\",\"@id\":\"https:\\\/\\\/interamerica.org\\\/es\\\/#\\\/schema\\\/person\\\/68ede8bdc292885bb76c1e3810e73c39\",\"name\":\"Lorenzo Verduzco\",\"image\":{\"@type\":\"ImageObject\",\"inLanguage\":\"es\",\"@id\":\"https:\\\/\\\/secure.gravatar.com\\\/avatar\\\/fb81a55b6218459490a9c1dc841a34909185b81904c5337b4b27f7a6fd60c49e?s=96&d=mm&r=g\",\"url\":\"https:\\\/\\\/secure.gravatar.com\\\/avatar\\\/fb81a55b6218459490a9c1dc841a34909185b81904c5337b4b27f7a6fd60c49e?s=96&d=mm&r=g\",\"contentUrl\":\"https:\\\/\\\/secure.gravatar.com\\\/avatar\\\/fb81a55b6218459490a9c1dc841a34909185b81904c5337b4b27f7a6fd60c49e?s=96&d=mm&r=g\",\"caption\":\"Lorenzo Verduzco\"}}]}<\/script>\n<!-- \/ Yoast SEO plugin. -->","yoast_head_json":{"title":"Cantante adventista Phipps dice que el impacto de la inauguraci\u00f3n tiene largo alcance - Iglesia Adventista del S\u00e9ptimo D\u00eda - Divisi\u00f3n Interamericana","robots":{"index":"index","follow":"follow","max-snippet":"max-snippet:-1","max-image-preview":"max-image-preview:large","max-video-preview":"max-video-preview:-1"},"canonical":"https:\/\/interamerica.org\/es\/2009\/01\/cantante-adventista-phipps-dice-que-el-impacto-de-la-inauguracion-tiene-largo-alcance\/","og_locale":"es_ES","og_type":"article","og_title":"Cantante adventista Phipps dice que el impacto de la inauguraci\u00f3n tiene largo alcance - Iglesia Adventista del S\u00e9ptimo D\u00eda - Divisi\u00f3n Interamericana","og_description":"El cantante de m\u00fasica religiosa Wintley Phipps, nominado a Grammy,cant\u00f3 \"Amazing Grace\" [Sublime Gracia] para el reci\u00e9n juramentadopresidente Barack Obama durante el Servicio de Oraci\u00f3n PresidencialInaugural el","og_url":"https:\/\/interamerica.org\/es\/2009\/01\/cantante-adventista-phipps-dice-que-el-impacto-de-la-inauguracion-tiene-largo-alcance\/","og_site_name":"Iglesia Adventista del S\u00e9ptimo D\u00eda - Divisi\u00f3n Interamericana","article_published_time":"2009-01-27T04:00:00+00:00","article_modified_time":"2017-06-02T13:06:33+00:00","author":"Lorenzo Verduzco","twitter_card":"summary_large_image","twitter_misc":{"Escrito por":"Lorenzo Verduzco","Tiempo de lectura":"1 minuto"},"schema":{"@context":"https:\/\/schema.org","@graph":[{"@type":"Article","@id":"https:\/\/interamerica.org\/es\/2009\/01\/cantante-adventista-phipps-dice-que-el-impacto-de-la-inauguracion-tiene-largo-alcance\/#article","isPartOf":{"@id":"https:\/\/interamerica.org\/es\/2009\/01\/cantante-adventista-phipps-dice-que-el-impacto-de-la-inauguracion-tiene-largo-alcance\/"},"author":{"name":"Lorenzo Verduzco","@id":"https:\/\/interamerica.org\/es\/#\/schema\/person\/68ede8bdc292885bb76c1e3810e73c39"},"headline":"Cantante adventista Phipps dice que el impacto de la inauguraci\u00f3n tiene largo alcance","datePublished":"2009-01-27T04:00:00+00:00","dateModified":"2017-06-02T13:06:33+00:00","mainEntityOfPage":{"@id":"https:\/\/interamerica.org\/es\/2009\/01\/cantante-adventista-phipps-dice-que-el-impacto-de-la-inauguracion-tiene-largo-alcance\/"},"wordCount":302,"articleSection":["Archivo"],"inLanguage":"es"},{"@type":"WebPage","@id":"https:\/\/interamerica.org\/es\/2009\/01\/cantante-adventista-phipps-dice-que-el-impacto-de-la-inauguracion-tiene-largo-alcance\/","url":"https:\/\/interamerica.org\/es\/2009\/01\/cantante-adventista-phipps-dice-que-el-impacto-de-la-inauguracion-tiene-largo-alcance\/","name":"Cantante adventista Phipps dice que el impacto de la inauguraci\u00f3n tiene largo alcance - Iglesia Adventista del S\u00e9ptimo D\u00eda - Divisi\u00f3n Interamericana","isPartOf":{"@id":"https:\/\/interamerica.org\/es\/#website"},"datePublished":"2009-01-27T04:00:00+00:00","dateModified":"2017-06-02T13:06:33+00:00","author":{"@id":"https:\/\/interamerica.org\/es\/#\/schema\/person\/68ede8bdc292885bb76c1e3810e73c39"},"breadcrumb":{"@id":"https:\/\/interamerica.org\/es\/2009\/01\/cantante-adventista-phipps-dice-que-el-impacto-de-la-inauguracion-tiene-largo-alcance\/#breadcrumb"},"inLanguage":"es","potentialAction":[{"@type":"ReadAction","target":["https:\/\/interamerica.org\/es\/2009\/01\/cantante-adventista-phipps-dice-que-el-impacto-de-la-inauguracion-tiene-largo-alcance\/"]}]},{"@type":"BreadcrumbList","@id":"https:\/\/interamerica.org\/es\/2009\/01\/cantante-adventista-phipps-dice-que-el-impacto-de-la-inauguracion-tiene-largo-alcance\/#breadcrumb","itemListElement":[{"@type":"ListItem","position":1,"name":"Home","item":"https:\/\/interamerica.org\/es\/"},{"@type":"ListItem","position":2,"name":"Cantante adventista Phipps dice que el impacto de la inauguraci\u00f3n tiene largo alcance"}]},{"@type":"WebSite","@id":"https:\/\/interamerica.org\/es\/#website","url":"https:\/\/interamerica.org\/es\/","name":"Iglesia Adventista del S\u00e9ptimo D\u00eda - Divisi\u00f3n Interamericana","description":"","potentialAction":[{"@type":"SearchAction","target":{"@type":"EntryPoint","urlTemplate":"https:\/\/interamerica.org\/es\/?s={search_term_string}"},"query-input":{"@type":"PropertyValueSpecification","valueRequired":true,"valueName":"search_term_string"}}],"inLanguage":"es"},{"@type":"Person","@id":"https:\/\/interamerica.org\/es\/#\/schema\/person\/68ede8bdc292885bb76c1e3810e73c39","name":"Lorenzo Verduzco","image":{"@type":"ImageObject","inLanguage":"es","@id":"https:\/\/secure.gravatar.com\/avatar\/fb81a55b6218459490a9c1dc841a34909185b81904c5337b4b27f7a6fd60c49e?s=96&d=mm&r=g","url":"https:\/\/secure.gravatar.com\/avatar\/fb81a55b6218459490a9c1dc841a34909185b81904c5337b4b27f7a6fd60c49e?s=96&d=mm&r=g","contentUrl":"https:\/\/secure.gravatar.com\/avatar\/fb81a55b6218459490a9c1dc841a34909185b81904c5337b4b27f7a6fd60c49e?s=96&d=mm&r=g","caption":"Lorenzo Verduzco"}}]}},"_links":{"self":[{"href":"https:\/\/interamerica.org\/es\/wp-json\/wp\/v2\/posts\/11310","targetHints":{"allow":["GET"]}}],"collection":[{"href":"https:\/\/interamerica.org\/es\/wp-json\/wp\/v2\/posts"}],"about":[{"href":"https:\/\/interamerica.org\/es\/wp-json\/wp\/v2\/types\/post"}],"author":[{"embeddable":true,"href":"https:\/\/interamerica.org\/es\/wp-json\/wp\/v2\/users\/1"}],"replies":[{"embeddable":true,"href":"https:\/\/interamerica.org\/es\/wp-json\/wp\/v2\/comments?post=11310"}],"version-history":[{"count":0,"href":"https:\/\/interamerica.org\/es\/wp-json\/wp\/v2\/posts\/11310\/revisions"}],"wp:attachment":[{"href":"https:\/\/interamerica.org\/es\/wp-json\/wp\/v2\/media?parent=11310"}],"wp:term":[{"taxonomy":"category","embeddable":true,"href":"https:\/\/interamerica.org\/es\/wp-json\/wp\/v2\/categories?post=11310"},{"taxonomy":"post_tag","embeddable":true,"href":"https:\/\/interamerica.org\/es\/wp-json\/wp\/v2\/tags?post=11310"}],"curies":[{"name":"wp","href":"https:\/\/api.w.org\/{rel}","templated":true}]}}