{"id":11312,"date":"2009-01-29T00:00:00","date_gmt":"2009-01-29T04:00:00","guid":{"rendered":"http:\/\/192.81.217.108\/interamerica\/2009\/01\/indias-occidentales-la-iglesia-elige-dos-de-sus-lideres-principales\/"},"modified":"2017-06-02T09:06:32","modified_gmt":"2017-06-02T13:06:32","slug":"indias-occidentales-la-iglesia-elige-dos-de-sus-lideres-principales","status":"publish","type":"post","link":"https:\/\/interamerica.org\/es\/2009\/01\/indias-occidentales-la-iglesia-elige-dos-de-sus-lideres-principales\/","title":{"rendered":"Indias Occidentales: la iglesia elige dos de sus l\u00edderes principales"},"content":{"rendered":"<p>Mandeville, Jamaica, 29 de enero de 2009&#8230;[Nigel Coke\/DIA]<\/p>\n<p>La Iglesia Adventista del S\u00e9ptimo D\u00eda en la regi\u00f3n de las Indias Occidentales eligi\u00f3 a dos de sus l\u00edderes principales durante sus reuniones del comit\u00e9 ejecutivo ayer en su sede en Mandeville, Jamaica.<\/p>\n<p>El pastor Derek Bignall servir\u00e1 como el nuevo presidente de la iglesia en la regi\u00f3n de las Indias Occidentales, junto con el pastor Glen O. Samuels, quien servir\u00e1 como secretario ejecutivo.<\/p>\n<p>Al aceptar su nueva funci\u00f3n, el pastor Bignall agradeci\u00f3 al comit\u00e9 de la uni\u00f3n por la confianza colocada en \u00e9l y se comprometi\u00f3 a llevar a cabo el trabajo de su predecesor, el Dr. Patrick Allen, quien fue nombrado recientemente como gobernador general de Jamaica.<\/p>\n<p>\u201cEs una impresionante responsabilidad dirigir el equipo en esta etapa, con m\u00e1s de 260.000 miembros en m\u00e1s de 700 iglesias con diversas culturas\u201d, dijo el pastor Bignall. \u201cEl sendero que fue planeado para la iglesia ser\u00e1 continuado y ensanchado. Queremos que cada miembro capte la visi\u00f3n de compartir el evangelio. Aumentaremos nuestro compromiso con el trabajo en la comunidad, por los necesitados y aquellos que est\u00e1n deprimidos y oprimidos. La iglesia ser\u00e1 un faro para Jamaica en este aspecto. Por la gracia de Dios, lograremos estos objetivos\u201d.<\/p>\n<p>El pastor Bignall elogi\u00f3 al presidente saliente, el Dr. Allen, por su liderazgo visionario y dedicado durante los pasados ocho a\u00f1os, que ha guiado a la Uni\u00f3n desde cuatro asociaciones o campos locales en 2000 hasta su estado actual de seis asociaciones, dos misiones y un campo experimental.<\/p>\n<p>Antes de su elecci\u00f3n como presidente, el pastor Bignall serv\u00eda como secretario para la Uni\u00f3n, una posici\u00f3n que \u00e9l ocupaba desde el a\u00f1o 2005. Como pastor y administrador de la iglesia, \u00e9l ha servido a la iglesia en diversos niveles por m\u00e1s de 34 a\u00f1os.<\/p>\n<p>Egresado de West Indies Collage (ahora Universidad Caribe\u00f1a del Norte) y de la Universidad Andrews, en Michigan, Estados Unidos, el pastor Bignall tiene una Licenciatura en Teolog\u00eda y una Maestr\u00eda en Educaci\u00f3n. Actualmente, est\u00e1 terminando un Ph.D. en Educaci\u00f3n en la Universidad Caribe\u00f1a del Norte.<\/p>\n<p>El evangelista y pastor Glen O. Samuels se une a la oficina sede de la iglesia desde su posici\u00f3n de liderazgo como presidente en la Asociaci\u00f3n del Occidente de Jamaica.<\/p>\n<p>En su discurso de clausura para el comit\u00e9 ejecutivo, el Dr. Allen agradeci\u00f3 a los administradores, directores y l\u00edderes de campo y de instituciones en las Indias Occidentales, la Divisi\u00f3n Interamericana y la Asociaci\u00f3n General.<\/p>\n<p>\u201cEs con un sentido de ansiedad y algo de carga que me voy\u201d, dijo el Dr. Allen. \u201cFue tan bueno trabajar con este comit\u00e9, y les felicito por el nivel de discusi\u00f3n y decisi\u00f3n que hemos hecho, y el apoyo de ustedes para la visi\u00f3n que hemos lanzado en la Uni\u00f3n\u201d.<\/p>\n<p>La Iglesia Adventista del S\u00e9ptimo D\u00eda en la Uni\u00f3n de las Indias Occidentales comprende los territorios de Jamaica, las Bahamas, las Islas Turcas y Caicos, y las Islas Caim\u00e1n, con m\u00e1s de 262,000 miembros que adoran en m\u00e1s de 735 congregaciones.<\/p>\n","protected":false},"excerpt":{"rendered":"<p>La Iglesia Adventista del S\u00e9ptimo D\u00eda en la regi\u00f3n de las Indias Occidentales eligi\u00f3 a dos de sus l\u00edderes principales durante sus reuniones del comit\u00e9 ejecutivo ayer en su sede en Mandeville, Jamaica.<\/p>\n","protected":false},"author":1,"featured_media":0,"comment_status":"closed","ping_status":"closed","sticky":false,"template":"","format":"standard","meta":{"_acf_changed":false,"footnotes":""},"categories":[8],"tags":[],"class_list":["post-11312","post","type-post","status-publish","format-standard","hentry","category-archivo"],"acf":[],"yoast_head":"<!-- This site is optimized with the Yoast SEO plugin v27.3 - https:\/\/yoast.com\/product\/yoast-seo-wordpress\/ -->\n<title>Indias Occidentales: la iglesia elige dos de sus l\u00edderes principales - Iglesia Adventista del S\u00e9ptimo D\u00eda - Divisi\u00f3n Interamericana<\/title>\n<meta name=\"robots\" content=\"index, follow, max-snippet:-1, max-image-preview:large, max-video-preview:-1\" \/>\n<link rel=\"canonical\" href=\"https:\/\/interamerica.org\/es\/2009\/01\/indias-occidentales-la-iglesia-elige-dos-de-sus-lideres-principales\/\" \/>\n<meta property=\"og:locale\" content=\"es_ES\" \/>\n<meta property=\"og:type\" content=\"article\" \/>\n<meta property=\"og:title\" content=\"Indias Occidentales: la iglesia elige dos de sus l\u00edderes principales - Iglesia Adventista del S\u00e9ptimo D\u00eda - Divisi\u00f3n Interamericana\" \/>\n<meta property=\"og:description\" content=\"La Iglesia Adventista del S\u00e9ptimo D\u00eda en la regi\u00f3n de las Indias Occidentales eligi\u00f3 a dos de sus l\u00edderes principales durante sus reuniones del comit\u00e9 ejecutivo ayer en su sede en Mandeville, Jamaica.\" \/>\n<meta property=\"og:url\" content=\"https:\/\/interamerica.org\/es\/2009\/01\/indias-occidentales-la-iglesia-elige-dos-de-sus-lideres-principales\/\" \/>\n<meta property=\"og:site_name\" content=\"Iglesia Adventista del S\u00e9ptimo D\u00eda - Divisi\u00f3n Interamericana\" \/>\n<meta property=\"article:published_time\" content=\"2009-01-29T04:00:00+00:00\" \/>\n<meta property=\"article:modified_time\" content=\"2017-06-02T13:06:32+00:00\" \/>\n<meta name=\"author\" content=\"Lorenzo Verduzco\" \/>\n<meta name=\"twitter:card\" content=\"summary_large_image\" \/>\n<meta name=\"twitter:label1\" content=\"Escrito por\" \/>\n\t<meta name=\"twitter:data1\" content=\"Lorenzo Verduzco\" \/>\n\t<meta name=\"twitter:label2\" content=\"Tiempo de lectura\" \/>\n\t<meta name=\"twitter:data2\" content=\"3 minutos\" \/>\n<script type=\"application\/ld+json\" class=\"yoast-schema-graph\">{\"@context\":\"https:\\\/\\\/schema.org\",\"@graph\":[{\"@type\":\"Article\",\"@id\":\"https:\\\/\\\/interamerica.org\\\/es\\\/2009\\\/01\\\/indias-occidentales-la-iglesia-elige-dos-de-sus-lideres-principales\\\/#article\",\"isPartOf\":{\"@id\":\"https:\\\/\\\/interamerica.org\\\/es\\\/2009\\\/01\\\/indias-occidentales-la-iglesia-elige-dos-de-sus-lideres-principales\\\/\"},\"author\":{\"name\":\"Lorenzo Verduzco\",\"@id\":\"https:\\\/\\\/interamerica.org\\\/es\\\/#\\\/schema\\\/person\\\/68ede8bdc292885bb76c1e3810e73c39\"},\"headline\":\"Indias Occidentales: la iglesia elige dos de sus l\u00edderes principales\",\"datePublished\":\"2009-01-29T04:00:00+00:00\",\"dateModified\":\"2017-06-02T13:06:32+00:00\",\"mainEntityOfPage\":{\"@id\":\"https:\\\/\\\/interamerica.org\\\/es\\\/2009\\\/01\\\/indias-occidentales-la-iglesia-elige-dos-de-sus-lideres-principales\\\/\"},\"wordCount\":545,\"articleSection\":[\"Archivo\"],\"inLanguage\":\"es\"},{\"@type\":\"WebPage\",\"@id\":\"https:\\\/\\\/interamerica.org\\\/es\\\/2009\\\/01\\\/indias-occidentales-la-iglesia-elige-dos-de-sus-lideres-principales\\\/\",\"url\":\"https:\\\/\\\/interamerica.org\\\/es\\\/2009\\\/01\\\/indias-occidentales-la-iglesia-elige-dos-de-sus-lideres-principales\\\/\",\"name\":\"Indias Occidentales: la iglesia elige dos de sus l\u00edderes principales - Iglesia Adventista del S\u00e9ptimo D\u00eda - Divisi\u00f3n Interamericana\",\"isPartOf\":{\"@id\":\"https:\\\/\\\/interamerica.org\\\/es\\\/#website\"},\"datePublished\":\"2009-01-29T04:00:00+00:00\",\"dateModified\":\"2017-06-02T13:06:32+00:00\",\"author\":{\"@id\":\"https:\\\/\\\/interamerica.org\\\/es\\\/#\\\/schema\\\/person\\\/68ede8bdc292885bb76c1e3810e73c39\"},\"breadcrumb\":{\"@id\":\"https:\\\/\\\/interamerica.org\\\/es\\\/2009\\\/01\\\/indias-occidentales-la-iglesia-elige-dos-de-sus-lideres-principales\\\/#breadcrumb\"},\"inLanguage\":\"es\",\"potentialAction\":[{\"@type\":\"ReadAction\",\"target\":[\"https:\\\/\\\/interamerica.org\\\/es\\\/2009\\\/01\\\/indias-occidentales-la-iglesia-elige-dos-de-sus-lideres-principales\\\/\"]}]},{\"@type\":\"BreadcrumbList\",\"@id\":\"https:\\\/\\\/interamerica.org\\\/es\\\/2009\\\/01\\\/indias-occidentales-la-iglesia-elige-dos-de-sus-lideres-principales\\\/#breadcrumb\",\"itemListElement\":[{\"@type\":\"ListItem\",\"position\":1,\"name\":\"Home\",\"item\":\"https:\\\/\\\/interamerica.org\\\/es\\\/\"},{\"@type\":\"ListItem\",\"position\":2,\"name\":\"Indias Occidentales: la iglesia elige dos de sus l\u00edderes principales\"}]},{\"@type\":\"WebSite\",\"@id\":\"https:\\\/\\\/interamerica.org\\\/es\\\/#website\",\"url\":\"https:\\\/\\\/interamerica.org\\\/es\\\/\",\"name\":\"Iglesia Adventista del S\u00e9ptimo D\u00eda - Divisi\u00f3n Interamericana\",\"description\":\"\",\"potentialAction\":[{\"@type\":\"SearchAction\",\"target\":{\"@type\":\"EntryPoint\",\"urlTemplate\":\"https:\\\/\\\/interamerica.org\\\/es\\\/?s={search_term_string}\"},\"query-input\":{\"@type\":\"PropertyValueSpecification\",\"valueRequired\":true,\"valueName\":\"search_term_string\"}}],\"inLanguage\":\"es\"},{\"@type\":\"Person\",\"@id\":\"https:\\\/\\\/interamerica.org\\\/es\\\/#\\\/schema\\\/person\\\/68ede8bdc292885bb76c1e3810e73c39\",\"name\":\"Lorenzo Verduzco\",\"image\":{\"@type\":\"ImageObject\",\"inLanguage\":\"es\",\"@id\":\"https:\\\/\\\/secure.gravatar.com\\\/avatar\\\/fb81a55b6218459490a9c1dc841a34909185b81904c5337b4b27f7a6fd60c49e?s=96&d=mm&r=g\",\"url\":\"https:\\\/\\\/secure.gravatar.com\\\/avatar\\\/fb81a55b6218459490a9c1dc841a34909185b81904c5337b4b27f7a6fd60c49e?s=96&d=mm&r=g\",\"contentUrl\":\"https:\\\/\\\/secure.gravatar.com\\\/avatar\\\/fb81a55b6218459490a9c1dc841a34909185b81904c5337b4b27f7a6fd60c49e?s=96&d=mm&r=g\",\"caption\":\"Lorenzo Verduzco\"}}]}<\/script>\n<!-- \/ Yoast SEO plugin. -->","yoast_head_json":{"title":"Indias Occidentales: la iglesia elige dos de sus l\u00edderes principales - Iglesia Adventista del S\u00e9ptimo D\u00eda - Divisi\u00f3n Interamericana","robots":{"index":"index","follow":"follow","max-snippet":"max-snippet:-1","max-image-preview":"max-image-preview:large","max-video-preview":"max-video-preview:-1"},"canonical":"https:\/\/interamerica.org\/es\/2009\/01\/indias-occidentales-la-iglesia-elige-dos-de-sus-lideres-principales\/","og_locale":"es_ES","og_type":"article","og_title":"Indias Occidentales: la iglesia elige dos de sus l\u00edderes principales - Iglesia Adventista del S\u00e9ptimo D\u00eda - Divisi\u00f3n Interamericana","og_description":"La Iglesia Adventista del S\u00e9ptimo D\u00eda en la regi\u00f3n de las Indias Occidentales eligi\u00f3 a dos de sus l\u00edderes principales durante sus reuniones del comit\u00e9 ejecutivo ayer en su sede en Mandeville, Jamaica.","og_url":"https:\/\/interamerica.org\/es\/2009\/01\/indias-occidentales-la-iglesia-elige-dos-de-sus-lideres-principales\/","og_site_name":"Iglesia Adventista del S\u00e9ptimo D\u00eda - Divisi\u00f3n Interamericana","article_published_time":"2009-01-29T04:00:00+00:00","article_modified_time":"2017-06-02T13:06:32+00:00","author":"Lorenzo Verduzco","twitter_card":"summary_large_image","twitter_misc":{"Escrito por":"Lorenzo Verduzco","Tiempo de lectura":"3 minutos"},"schema":{"@context":"https:\/\/schema.org","@graph":[{"@type":"Article","@id":"https:\/\/interamerica.org\/es\/2009\/01\/indias-occidentales-la-iglesia-elige-dos-de-sus-lideres-principales\/#article","isPartOf":{"@id":"https:\/\/interamerica.org\/es\/2009\/01\/indias-occidentales-la-iglesia-elige-dos-de-sus-lideres-principales\/"},"author":{"name":"Lorenzo Verduzco","@id":"https:\/\/interamerica.org\/es\/#\/schema\/person\/68ede8bdc292885bb76c1e3810e73c39"},"headline":"Indias Occidentales: la iglesia elige dos de sus l\u00edderes principales","datePublished":"2009-01-29T04:00:00+00:00","dateModified":"2017-06-02T13:06:32+00:00","mainEntityOfPage":{"@id":"https:\/\/interamerica.org\/es\/2009\/01\/indias-occidentales-la-iglesia-elige-dos-de-sus-lideres-principales\/"},"wordCount":545,"articleSection":["Archivo"],"inLanguage":"es"},{"@type":"WebPage","@id":"https:\/\/interamerica.org\/es\/2009\/01\/indias-occidentales-la-iglesia-elige-dos-de-sus-lideres-principales\/","url":"https:\/\/interamerica.org\/es\/2009\/01\/indias-occidentales-la-iglesia-elige-dos-de-sus-lideres-principales\/","name":"Indias Occidentales: la iglesia elige dos de sus l\u00edderes principales - Iglesia Adventista del S\u00e9ptimo D\u00eda - Divisi\u00f3n Interamericana","isPartOf":{"@id":"https:\/\/interamerica.org\/es\/#website"},"datePublished":"2009-01-29T04:00:00+00:00","dateModified":"2017-06-02T13:06:32+00:00","author":{"@id":"https:\/\/interamerica.org\/es\/#\/schema\/person\/68ede8bdc292885bb76c1e3810e73c39"},"breadcrumb":{"@id":"https:\/\/interamerica.org\/es\/2009\/01\/indias-occidentales-la-iglesia-elige-dos-de-sus-lideres-principales\/#breadcrumb"},"inLanguage":"es","potentialAction":[{"@type":"ReadAction","target":["https:\/\/interamerica.org\/es\/2009\/01\/indias-occidentales-la-iglesia-elige-dos-de-sus-lideres-principales\/"]}]},{"@type":"BreadcrumbList","@id":"https:\/\/interamerica.org\/es\/2009\/01\/indias-occidentales-la-iglesia-elige-dos-de-sus-lideres-principales\/#breadcrumb","itemListElement":[{"@type":"ListItem","position":1,"name":"Home","item":"https:\/\/interamerica.org\/es\/"},{"@type":"ListItem","position":2,"name":"Indias Occidentales: la iglesia elige dos de sus l\u00edderes principales"}]},{"@type":"WebSite","@id":"https:\/\/interamerica.org\/es\/#website","url":"https:\/\/interamerica.org\/es\/","name":"Iglesia Adventista del S\u00e9ptimo D\u00eda - Divisi\u00f3n Interamericana","description":"","potentialAction":[{"@type":"SearchAction","target":{"@type":"EntryPoint","urlTemplate":"https:\/\/interamerica.org\/es\/?s={search_term_string}"},"query-input":{"@type":"PropertyValueSpecification","valueRequired":true,"valueName":"search_term_string"}}],"inLanguage":"es"},{"@type":"Person","@id":"https:\/\/interamerica.org\/es\/#\/schema\/person\/68ede8bdc292885bb76c1e3810e73c39","name":"Lorenzo Verduzco","image":{"@type":"ImageObject","inLanguage":"es","@id":"https:\/\/secure.gravatar.com\/avatar\/fb81a55b6218459490a9c1dc841a34909185b81904c5337b4b27f7a6fd60c49e?s=96&d=mm&r=g","url":"https:\/\/secure.gravatar.com\/avatar\/fb81a55b6218459490a9c1dc841a34909185b81904c5337b4b27f7a6fd60c49e?s=96&d=mm&r=g","contentUrl":"https:\/\/secure.gravatar.com\/avatar\/fb81a55b6218459490a9c1dc841a34909185b81904c5337b4b27f7a6fd60c49e?s=96&d=mm&r=g","caption":"Lorenzo Verduzco"}}]}},"_links":{"self":[{"href":"https:\/\/interamerica.org\/es\/wp-json\/wp\/v2\/posts\/11312","targetHints":{"allow":["GET"]}}],"collection":[{"href":"https:\/\/interamerica.org\/es\/wp-json\/wp\/v2\/posts"}],"about":[{"href":"https:\/\/interamerica.org\/es\/wp-json\/wp\/v2\/types\/post"}],"author":[{"embeddable":true,"href":"https:\/\/interamerica.org\/es\/wp-json\/wp\/v2\/users\/1"}],"replies":[{"embeddable":true,"href":"https:\/\/interamerica.org\/es\/wp-json\/wp\/v2\/comments?post=11312"}],"version-history":[{"count":0,"href":"https:\/\/interamerica.org\/es\/wp-json\/wp\/v2\/posts\/11312\/revisions"}],"wp:attachment":[{"href":"https:\/\/interamerica.org\/es\/wp-json\/wp\/v2\/media?parent=11312"}],"wp:term":[{"taxonomy":"category","embeddable":true,"href":"https:\/\/interamerica.org\/es\/wp-json\/wp\/v2\/categories?post=11312"},{"taxonomy":"post_tag","embeddable":true,"href":"https:\/\/interamerica.org\/es\/wp-json\/wp\/v2\/tags?post=11312"}],"curies":[{"name":"wp","href":"https:\/\/api.w.org\/{rel}","templated":true}]}}