{"id":11313,"date":"2009-01-30T00:00:00","date_gmt":"2009-01-30T04:00:00","guid":{"rendered":"http:\/\/192.81.217.108\/interamerica\/2009\/01\/segundo-dialogo-interamerica-de-cara-a-los-problemas-reune-a-maximos-lideres-y-miembros\/"},"modified":"2017-06-02T09:06:32","modified_gmt":"2017-06-02T13:06:32","slug":"segundo-dialogo-interamerica-de-cara-a-los-problemas-reune-a-maximos-lideres-y-miembros","status":"publish","type":"post","link":"https:\/\/interamerica.org\/es\/2009\/01\/segundo-dialogo-interamerica-de-cara-a-los-problemas-reune-a-maximos-lideres-y-miembros\/","title":{"rendered":"Segundo di\u00e1logo Interam\u00e9rica \u00abDe cara a los problemas\u00bb reune a m\u00e1ximos l\u00edderes y miembros"},"content":{"rendered":"<p>30 de enero, 2009 &#8211; Alajuela, Costa Rica&#8230;[Libna Stevens\/DIA] <\/p>\n<p>Los adventistas del s\u00e9ptimo d\u00eda en Centroam\u00e9rica enunciaron preguntas e hicieron o\u00edr sus inquietudes a los m\u00e1ximos l\u00edderes de la Divisi\u00f3n Interamericana (DIA) durante un programa en vivo y en directo llamado \u00abDe cara a los problemas\u00bb, el 24 de enero, 2009. El programa &#8211; que se realiz\u00f3 en la Universidad Adventista de Centroam\u00e9rica, en Alajuela, Costa Rica, fue el segundo en una serie de conversaciones in\u00e9ditas y sin gui\u00f3n entre los m\u00e1ximos l\u00edderes de la iglesia y un selecto grupo de miembros tra\u00eddos para representar la vigorosa feligres\u00eda de 800,000 personas de los pa\u00edses centroamericanos. <\/p>\n<p>Cientos asistieron mientras se transmit\u00eda en vivo y en directo por Internet el programa de dos horas de duraci\u00f3n. <\/p>\n<p>\u00abEs un privilegio para nosotros escucharles\u00bb dijo el pastor Israel Leito, presidente de la iglesia en Interam\u00e9rica y principal anfitri\u00f3n del programa. \u00abHemos venido no s\u00f3lo a hablarles, sino tambi\u00e9n para escucharles y saber qu\u00e9 piensan nuestros miembros y conocer sus necesidades, a fin de inquirir si los planes que han sido trazados est\u00e1n llenando las necesidades de la iglesia\u00bb. <\/p>\n<p>Los 27 miembros de iglesia que compon\u00edan el grupo foco representando a Panam\u00e1, Nicaragua, Honduras, El Salvador, Guatemala y Costa Rica, mostraban un intervalo en edades de 7 a 45 a\u00f1os de edad. El grupo hizo sus propias preguntas sobre asuntos sociales, g\u00e9nero, asuntos financieros de la iglesia, as\u00ed como sobre la misi\u00f3n, visi\u00f3n, y la estructura de la organizaci\u00f3n de la iglesia. <\/p>\n<p>Preguntas iniciales trataban de qu\u00e9 puede hacer la iglesia para proveer un futuro mejor para sus ni\u00f1os. <\/p>\n<p>\u00ab\u00bfQu\u00e9 planes tiene la iglesia para ayudar a los ni\u00f1os pobres?\u00bb pregunt\u00f3 Samuel, un jovencito de ocho a\u00f1os de edad. Otro chico pregunt\u00f3 c\u00f3mo la iglesia podr\u00eda hacer para que la educaci\u00f3n adventista fuese m\u00e1s accesible a cada ni\u00f1o de la iglesia. <\/p>\n<p>La iglesia est\u00e1 invirtiendo millones de d\u00f3lares en la educaci\u00f3n cristiana, en ayudar, ofrecer descuentos y subsidiando la educaci\u00f3n para que la calidad de la educaci\u00f3n pueda ser accesible a los ni\u00f1os en familias de bajos ingresos, as\u00ed como a los ni\u00f1os en nuestras iglesias\u00bb, dijo el pastor Leito. <\/p>\n<p>El pastor Leito agreg\u00f3 que los l\u00edderes de la iglesia estar\u00edan estudiando c\u00f3mo la educaci\u00f3n adventista puede mejorar en cada uno de los pa\u00edses en el territorio y c\u00f3mo asegurar que los maestros est\u00e1n recibiendo la remuneraci\u00f3n apropiada por el trabajo fiel que hacen. <\/p>\n<p>Otra pregunta trataba de la m\u00fasica en la iglesia y de lo que es apropiado. <\/p>\n<p>\u00abLa iglesia no ha asumido una posici\u00f3n respecto a la m\u00fasica debido a las diversas culturas alrededor del mundo con relaci\u00f3n a las normas musicales\u00bb, explic\u00f3 el pastor Leito, \u00abpero cada congregaci\u00f3n deber\u00eda estudiar y establecer el estilo de m\u00fasica que ser\u00e1 aceptable en su iglesia\u00bb. <\/p>\n<p>Algunas preguntas trataron de recursos disponibles para ni\u00f1os de edad escolar, programas para combatir las distracciones por los juegos de videos y la tecnolog\u00eda que est\u00e1 bombardeando a los peque\u00f1os, y programas e iniciativas disponibles para la juventud, adem\u00e1s de conquistadores y actividades del club de gu\u00edas mayores. <\/p>\n<p>Otras preguntas tuvieron que ver con mantener en alto las normas de la iglesia, programas disponibles para los discapacitados, retenci\u00f3n de miembros, ministerios de grupos peque\u00f1os y falta de pastores. <\/p>\n<p>Los l\u00edderes de la iglesia conf\u00edan que este tipo de di\u00e1logo facilitar\u00e1 m\u00e1s bases de c\u00f3mo la direcci\u00f3n y la feligres\u00eda de la iglesia local pueden construir un equipo m\u00e1s din\u00e1mico en la terminaci\u00f3n de la labor de la iglesia. <\/p>\n<p>\u00abEstoy muy agradecido por este di\u00e1logo con los dirigentes\u00bb, dijo Mauricio Herrera, un predicador de tiempo completo de Estel\u00ed, Nicaragua, que est\u00e1 preocupado por la falta de pastores en su pa\u00eds. \u00abEs muy importante que los miembros de la iglesia puedan expresarse, es francamente maravilloso el haber participado en este programa\u00bb, dijo Herrera. <\/p>\n<p>Rossina Fallace, una joven de 23 a\u00f1os, ingeniera industrial que representa la Iglesia Dimensi\u00f3n Prof\u00e9tica Adventista en la ciudad de Guatemala, dijo que estaba emocionada por formar parte de los panelistas.   <\/p>\n<p>\u00abEs maravilloso saber que nuestros l\u00edderes est\u00e1n dispuestos y son de mente abierta para escuchar al pueblo\u00bb, dijo Fallace. \u00abAl fin y al cabo, el trabajo es responsabilidad de todos nosotros y cualquier cosa que ayude a adelantar la iglesia es una bendici\u00f3n\u00bb.   <\/p>\n<p>\u00abEste di\u00e1logo fue muy importante. Me conmov\u00ed mucho con el poder del di\u00e1logo porque podemos lograr hacer grandes cosas\u00bb, dijo Glendolyn Miliner de 16 a\u00f1os, que desea ver  que se produzcan m\u00e1s programas para la juventud. \u00abSi no hablamos, nada se sabe, desde luego\u00bb. <\/p>\n<p>Es esa clase de di\u00e1logo de conjunto que \u00abDe cara a los problemas\u00bb busca, seg\u00fan el pastor Balvin Braham, organizador y asistente para el presidente de la DIA. <\/p>\n<p>\u00abEl cumplimiento de la misi\u00f3n de la iglesia es un esfuerzo de colaboraci\u00f3n entre el liderazgo y la feligres\u00eda. Por eso el di\u00e1logo es importante para crear el acercamiento requerido a fin de desarrollar una sociedad y una relaci\u00f3n de trabajo mejorada\u00bb, expres\u00f3 el pastor Braham.   <\/p>\n<p>El segundo &#8211; de una serie de seis -, el di\u00e1logo \u00abDe cara a los problemas\u00bb, fue muy productivo, sinti\u00f3 el pastor Braham. \u00abDe cara a los problemas realizado en Puerto Rico hace dos meses, se centr\u00f3 m\u00e1s en la juventud, aunque exhibi\u00f3 preocupaciones generales. Y en Costa Rica, revel\u00f3 un enfoque sobre la educaci\u00f3n y los ni\u00f1os\u00bb, dijo el pastor Braham. \u00abEstos di\u00e1logos nos hablaron sensiblemente como Divisi\u00f3n respecto a cu\u00e1les son las m\u00e1s grandes necesidades en las concernidas regiones\u00bb. <\/p>\n<p>Con m\u00e1s de 500 peticiones al <em >webcast <\/em >y m\u00e1s de 80 sitios particulares o iglesias viendo el programa del di\u00e1logo en vivo, los l\u00edderes de la iglesia est\u00e1n optimistas con el impacto positivo de \u00abDe cara a los problemas\u00bb para sus integrantes. <\/p>\n<p>\u00abGobernar en el siglo 21 requiere que los l\u00edderes en cualquier nivel involucren a sus integrantes en el di\u00e1logo. Es de esta forma que la direcci\u00f3n puede ser relevante en crear estrategias y satisfacer las necesidades de sus constituyentes. Por eso, insistiremos en conectarnos con los campos y la feligres\u00eda en di\u00e1logo porque, como l\u00edderes de iglesia, estamos determinados en ser relevantes\u00bb.                                 <\/p>\n<p>Los programas de transmisi\u00f3n por Internet de \u00abDe cara a los problemas\u00bb ya est\u00e1n previstos para ser difundidos por el <em >Canal Esperanza TV adventista<\/em > en fecha posterior. <\/p>\n<p>El pr\u00f3ximo di\u00e1logo de \u00abDe cara a los problemas\u00bb se transmitir\u00e1 desde M\u00e9rida, M\u00e9xico del Sur, donde cuatro regiones de la iglesia estar\u00e1n representadas el 21 de febrero de 2009. <\/p>\n<p>Para m\u00e1s informaci\u00f3n sobre el di\u00e1logo \u00abDe cara a los problemas\u00bb de Interm\u00e9rica, visite <a  href=\"https:\/\/recursing-golick.147-182-135-0.plesk.page\/\">https:\/\/recursing-golick.147-182-135-0.plesk.page\/<\/a >   <\/p>\n","protected":false},"excerpt":{"rendered":"<p>La Iglesia Adventista del S\u00e9ptimo D\u00eda en Centro Am\u00e9rica formul\u00f3 preguntas e hizo o\u00edr sus preocupaciones a los l\u00edderes de la Divisi\u00f3n Interamericana(DIA) durante un programa especial en vivo&#8230;<\/p>\n","protected":false},"author":1,"featured_media":0,"comment_status":"closed","ping_status":"closed","sticky":false,"template":"","format":"standard","meta":{"_acf_changed":false,"footnotes":""},"categories":[8],"tags":[],"class_list":["post-11313","post","type-post","status-publish","format-standard","hentry","category-archivo"],"acf":[],"yoast_head":"<!-- This site is optimized with the Yoast SEO plugin v27.3 - https:\/\/yoast.com\/product\/yoast-seo-wordpress\/ -->\n<title>Segundo di\u00e1logo Interam\u00e9rica &quot;De cara a los problemas&quot; reune a m\u00e1ximos l\u00edderes y miembros - Iglesia Adventista del S\u00e9ptimo D\u00eda - Divisi\u00f3n Interamericana<\/title>\n<meta name=\"robots\" content=\"index, follow, max-snippet:-1, max-image-preview:large, max-video-preview:-1\" \/>\n<link rel=\"canonical\" href=\"https:\/\/interamerica.org\/es\/2009\/01\/segundo-dialogo-interamerica-de-cara-a-los-problemas-reune-a-maximos-lideres-y-miembros\/\" \/>\n<meta property=\"og:locale\" content=\"es_ES\" \/>\n<meta property=\"og:type\" content=\"article\" \/>\n<meta property=\"og:title\" content=\"Segundo di\u00e1logo Interam\u00e9rica &quot;De cara a los problemas&quot; reune a m\u00e1ximos l\u00edderes y miembros - Iglesia Adventista del S\u00e9ptimo D\u00eda - Divisi\u00f3n Interamericana\" \/>\n<meta property=\"og:description\" content=\"La Iglesia Adventista del S\u00e9ptimo D\u00eda en Centro Am\u00e9rica formul\u00f3 preguntas e hizo o\u00edr sus preocupaciones a los l\u00edderes de la Divisi\u00f3n Interamericana(DIA) durante un programa especial en vivo...\" \/>\n<meta property=\"og:url\" content=\"https:\/\/interamerica.org\/es\/2009\/01\/segundo-dialogo-interamerica-de-cara-a-los-problemas-reune-a-maximos-lideres-y-miembros\/\" \/>\n<meta property=\"og:site_name\" content=\"Iglesia Adventista del S\u00e9ptimo D\u00eda - Divisi\u00f3n Interamericana\" \/>\n<meta property=\"article:published_time\" content=\"2009-01-30T04:00:00+00:00\" \/>\n<meta property=\"article:modified_time\" content=\"2017-06-02T13:06:32+00:00\" \/>\n<meta name=\"author\" content=\"Lorenzo Verduzco\" \/>\n<meta name=\"twitter:card\" content=\"summary_large_image\" \/>\n<meta name=\"twitter:label1\" content=\"Escrito por\" \/>\n\t<meta name=\"twitter:data1\" content=\"Lorenzo Verduzco\" \/>\n\t<meta name=\"twitter:label2\" content=\"Tiempo de lectura\" \/>\n\t<meta name=\"twitter:data2\" content=\"6 minutos\" \/>\n<script type=\"application\/ld+json\" class=\"yoast-schema-graph\">{\"@context\":\"https:\\\/\\\/schema.org\",\"@graph\":[{\"@type\":\"Article\",\"@id\":\"https:\\\/\\\/interamerica.org\\\/es\\\/2009\\\/01\\\/segundo-dialogo-interamerica-de-cara-a-los-problemas-reune-a-maximos-lideres-y-miembros\\\/#article\",\"isPartOf\":{\"@id\":\"https:\\\/\\\/interamerica.org\\\/es\\\/2009\\\/01\\\/segundo-dialogo-interamerica-de-cara-a-los-problemas-reune-a-maximos-lideres-y-miembros\\\/\"},\"author\":{\"name\":\"Lorenzo Verduzco\",\"@id\":\"https:\\\/\\\/interamerica.org\\\/es\\\/#\\\/schema\\\/person\\\/68ede8bdc292885bb76c1e3810e73c39\"},\"headline\":\"Segundo di\u00e1logo Interam\u00e9rica \u00abDe cara a los problemas\u00bb reune a m\u00e1ximos l\u00edderes y miembros\",\"datePublished\":\"2009-01-30T04:00:00+00:00\",\"dateModified\":\"2017-06-02T13:06:32+00:00\",\"mainEntityOfPage\":{\"@id\":\"https:\\\/\\\/interamerica.org\\\/es\\\/2009\\\/01\\\/segundo-dialogo-interamerica-de-cara-a-los-problemas-reune-a-maximos-lideres-y-miembros\\\/\"},\"wordCount\":1214,\"articleSection\":[\"Archivo\"],\"inLanguage\":\"es\"},{\"@type\":\"WebPage\",\"@id\":\"https:\\\/\\\/interamerica.org\\\/es\\\/2009\\\/01\\\/segundo-dialogo-interamerica-de-cara-a-los-problemas-reune-a-maximos-lideres-y-miembros\\\/\",\"url\":\"https:\\\/\\\/interamerica.org\\\/es\\\/2009\\\/01\\\/segundo-dialogo-interamerica-de-cara-a-los-problemas-reune-a-maximos-lideres-y-miembros\\\/\",\"name\":\"Segundo di\u00e1logo Interam\u00e9rica \\\"De cara a los problemas\\\" reune a m\u00e1ximos l\u00edderes y miembros - Iglesia Adventista del S\u00e9ptimo D\u00eda - Divisi\u00f3n Interamericana\",\"isPartOf\":{\"@id\":\"https:\\\/\\\/interamerica.org\\\/es\\\/#website\"},\"datePublished\":\"2009-01-30T04:00:00+00:00\",\"dateModified\":\"2017-06-02T13:06:32+00:00\",\"author\":{\"@id\":\"https:\\\/\\\/interamerica.org\\\/es\\\/#\\\/schema\\\/person\\\/68ede8bdc292885bb76c1e3810e73c39\"},\"breadcrumb\":{\"@id\":\"https:\\\/\\\/interamerica.org\\\/es\\\/2009\\\/01\\\/segundo-dialogo-interamerica-de-cara-a-los-problemas-reune-a-maximos-lideres-y-miembros\\\/#breadcrumb\"},\"inLanguage\":\"es\",\"potentialAction\":[{\"@type\":\"ReadAction\",\"target\":[\"https:\\\/\\\/interamerica.org\\\/es\\\/2009\\\/01\\\/segundo-dialogo-interamerica-de-cara-a-los-problemas-reune-a-maximos-lideres-y-miembros\\\/\"]}]},{\"@type\":\"BreadcrumbList\",\"@id\":\"https:\\\/\\\/interamerica.org\\\/es\\\/2009\\\/01\\\/segundo-dialogo-interamerica-de-cara-a-los-problemas-reune-a-maximos-lideres-y-miembros\\\/#breadcrumb\",\"itemListElement\":[{\"@type\":\"ListItem\",\"position\":1,\"name\":\"Home\",\"item\":\"https:\\\/\\\/interamerica.org\\\/es\\\/\"},{\"@type\":\"ListItem\",\"position\":2,\"name\":\"Segundo di\u00e1logo Interam\u00e9rica \u00abDe cara a los problemas\u00bb reune a m\u00e1ximos l\u00edderes y miembros\"}]},{\"@type\":\"WebSite\",\"@id\":\"https:\\\/\\\/interamerica.org\\\/es\\\/#website\",\"url\":\"https:\\\/\\\/interamerica.org\\\/es\\\/\",\"name\":\"Iglesia Adventista del S\u00e9ptimo D\u00eda - Divisi\u00f3n Interamericana\",\"description\":\"\",\"potentialAction\":[{\"@type\":\"SearchAction\",\"target\":{\"@type\":\"EntryPoint\",\"urlTemplate\":\"https:\\\/\\\/interamerica.org\\\/es\\\/?s={search_term_string}\"},\"query-input\":{\"@type\":\"PropertyValueSpecification\",\"valueRequired\":true,\"valueName\":\"search_term_string\"}}],\"inLanguage\":\"es\"},{\"@type\":\"Person\",\"@id\":\"https:\\\/\\\/interamerica.org\\\/es\\\/#\\\/schema\\\/person\\\/68ede8bdc292885bb76c1e3810e73c39\",\"name\":\"Lorenzo Verduzco\",\"image\":{\"@type\":\"ImageObject\",\"inLanguage\":\"es\",\"@id\":\"https:\\\/\\\/secure.gravatar.com\\\/avatar\\\/fb81a55b6218459490a9c1dc841a34909185b81904c5337b4b27f7a6fd60c49e?s=96&d=mm&r=g\",\"url\":\"https:\\\/\\\/secure.gravatar.com\\\/avatar\\\/fb81a55b6218459490a9c1dc841a34909185b81904c5337b4b27f7a6fd60c49e?s=96&d=mm&r=g\",\"contentUrl\":\"https:\\\/\\\/secure.gravatar.com\\\/avatar\\\/fb81a55b6218459490a9c1dc841a34909185b81904c5337b4b27f7a6fd60c49e?s=96&d=mm&r=g\",\"caption\":\"Lorenzo Verduzco\"}}]}<\/script>\n<!-- \/ Yoast SEO plugin. -->","yoast_head_json":{"title":"Segundo di\u00e1logo Interam\u00e9rica \"De cara a los problemas\" reune a m\u00e1ximos l\u00edderes y miembros - Iglesia Adventista del S\u00e9ptimo D\u00eda - Divisi\u00f3n Interamericana","robots":{"index":"index","follow":"follow","max-snippet":"max-snippet:-1","max-image-preview":"max-image-preview:large","max-video-preview":"max-video-preview:-1"},"canonical":"https:\/\/interamerica.org\/es\/2009\/01\/segundo-dialogo-interamerica-de-cara-a-los-problemas-reune-a-maximos-lideres-y-miembros\/","og_locale":"es_ES","og_type":"article","og_title":"Segundo di\u00e1logo Interam\u00e9rica \"De cara a los problemas\" reune a m\u00e1ximos l\u00edderes y miembros - Iglesia Adventista del S\u00e9ptimo D\u00eda - Divisi\u00f3n Interamericana","og_description":"La Iglesia Adventista del S\u00e9ptimo D\u00eda en Centro Am\u00e9rica formul\u00f3 preguntas e hizo o\u00edr sus preocupaciones a los l\u00edderes de la Divisi\u00f3n Interamericana(DIA) durante un programa especial en vivo...","og_url":"https:\/\/interamerica.org\/es\/2009\/01\/segundo-dialogo-interamerica-de-cara-a-los-problemas-reune-a-maximos-lideres-y-miembros\/","og_site_name":"Iglesia Adventista del S\u00e9ptimo D\u00eda - Divisi\u00f3n Interamericana","article_published_time":"2009-01-30T04:00:00+00:00","article_modified_time":"2017-06-02T13:06:32+00:00","author":"Lorenzo Verduzco","twitter_card":"summary_large_image","twitter_misc":{"Escrito por":"Lorenzo Verduzco","Tiempo de lectura":"6 minutos"},"schema":{"@context":"https:\/\/schema.org","@graph":[{"@type":"Article","@id":"https:\/\/interamerica.org\/es\/2009\/01\/segundo-dialogo-interamerica-de-cara-a-los-problemas-reune-a-maximos-lideres-y-miembros\/#article","isPartOf":{"@id":"https:\/\/interamerica.org\/es\/2009\/01\/segundo-dialogo-interamerica-de-cara-a-los-problemas-reune-a-maximos-lideres-y-miembros\/"},"author":{"name":"Lorenzo Verduzco","@id":"https:\/\/interamerica.org\/es\/#\/schema\/person\/68ede8bdc292885bb76c1e3810e73c39"},"headline":"Segundo di\u00e1logo Interam\u00e9rica \u00abDe cara a los problemas\u00bb reune a m\u00e1ximos l\u00edderes y miembros","datePublished":"2009-01-30T04:00:00+00:00","dateModified":"2017-06-02T13:06:32+00:00","mainEntityOfPage":{"@id":"https:\/\/interamerica.org\/es\/2009\/01\/segundo-dialogo-interamerica-de-cara-a-los-problemas-reune-a-maximos-lideres-y-miembros\/"},"wordCount":1214,"articleSection":["Archivo"],"inLanguage":"es"},{"@type":"WebPage","@id":"https:\/\/interamerica.org\/es\/2009\/01\/segundo-dialogo-interamerica-de-cara-a-los-problemas-reune-a-maximos-lideres-y-miembros\/","url":"https:\/\/interamerica.org\/es\/2009\/01\/segundo-dialogo-interamerica-de-cara-a-los-problemas-reune-a-maximos-lideres-y-miembros\/","name":"Segundo di\u00e1logo Interam\u00e9rica \"De cara a los problemas\" reune a m\u00e1ximos l\u00edderes y miembros - Iglesia Adventista del S\u00e9ptimo D\u00eda - Divisi\u00f3n Interamericana","isPartOf":{"@id":"https:\/\/interamerica.org\/es\/#website"},"datePublished":"2009-01-30T04:00:00+00:00","dateModified":"2017-06-02T13:06:32+00:00","author":{"@id":"https:\/\/interamerica.org\/es\/#\/schema\/person\/68ede8bdc292885bb76c1e3810e73c39"},"breadcrumb":{"@id":"https:\/\/interamerica.org\/es\/2009\/01\/segundo-dialogo-interamerica-de-cara-a-los-problemas-reune-a-maximos-lideres-y-miembros\/#breadcrumb"},"inLanguage":"es","potentialAction":[{"@type":"ReadAction","target":["https:\/\/interamerica.org\/es\/2009\/01\/segundo-dialogo-interamerica-de-cara-a-los-problemas-reune-a-maximos-lideres-y-miembros\/"]}]},{"@type":"BreadcrumbList","@id":"https:\/\/interamerica.org\/es\/2009\/01\/segundo-dialogo-interamerica-de-cara-a-los-problemas-reune-a-maximos-lideres-y-miembros\/#breadcrumb","itemListElement":[{"@type":"ListItem","position":1,"name":"Home","item":"https:\/\/interamerica.org\/es\/"},{"@type":"ListItem","position":2,"name":"Segundo di\u00e1logo Interam\u00e9rica \u00abDe cara a los problemas\u00bb reune a m\u00e1ximos l\u00edderes y miembros"}]},{"@type":"WebSite","@id":"https:\/\/interamerica.org\/es\/#website","url":"https:\/\/interamerica.org\/es\/","name":"Iglesia Adventista del S\u00e9ptimo D\u00eda - Divisi\u00f3n Interamericana","description":"","potentialAction":[{"@type":"SearchAction","target":{"@type":"EntryPoint","urlTemplate":"https:\/\/interamerica.org\/es\/?s={search_term_string}"},"query-input":{"@type":"PropertyValueSpecification","valueRequired":true,"valueName":"search_term_string"}}],"inLanguage":"es"},{"@type":"Person","@id":"https:\/\/interamerica.org\/es\/#\/schema\/person\/68ede8bdc292885bb76c1e3810e73c39","name":"Lorenzo Verduzco","image":{"@type":"ImageObject","inLanguage":"es","@id":"https:\/\/secure.gravatar.com\/avatar\/fb81a55b6218459490a9c1dc841a34909185b81904c5337b4b27f7a6fd60c49e?s=96&d=mm&r=g","url":"https:\/\/secure.gravatar.com\/avatar\/fb81a55b6218459490a9c1dc841a34909185b81904c5337b4b27f7a6fd60c49e?s=96&d=mm&r=g","contentUrl":"https:\/\/secure.gravatar.com\/avatar\/fb81a55b6218459490a9c1dc841a34909185b81904c5337b4b27f7a6fd60c49e?s=96&d=mm&r=g","caption":"Lorenzo Verduzco"}}]}},"_links":{"self":[{"href":"https:\/\/interamerica.org\/es\/wp-json\/wp\/v2\/posts\/11313","targetHints":{"allow":["GET"]}}],"collection":[{"href":"https:\/\/interamerica.org\/es\/wp-json\/wp\/v2\/posts"}],"about":[{"href":"https:\/\/interamerica.org\/es\/wp-json\/wp\/v2\/types\/post"}],"author":[{"embeddable":true,"href":"https:\/\/interamerica.org\/es\/wp-json\/wp\/v2\/users\/1"}],"replies":[{"embeddable":true,"href":"https:\/\/interamerica.org\/es\/wp-json\/wp\/v2\/comments?post=11313"}],"version-history":[{"count":0,"href":"https:\/\/interamerica.org\/es\/wp-json\/wp\/v2\/posts\/11313\/revisions"}],"wp:attachment":[{"href":"https:\/\/interamerica.org\/es\/wp-json\/wp\/v2\/media?parent=11313"}],"wp:term":[{"taxonomy":"category","embeddable":true,"href":"https:\/\/interamerica.org\/es\/wp-json\/wp\/v2\/categories?post=11313"},{"taxonomy":"post_tag","embeddable":true,"href":"https:\/\/interamerica.org\/es\/wp-json\/wp\/v2\/tags?post=11313"}],"curies":[{"name":"wp","href":"https:\/\/api.w.org\/{rel}","templated":true}]}}