{"id":11314,"date":"2009-01-31T00:00:00","date_gmt":"2009-01-31T04:00:00","guid":{"rendered":"http:\/\/192.81.217.108\/interamerica\/2009\/01\/colombia-adventista-recibe-prestigioso-premio-nacional-en-periodismo\/"},"modified":"2017-06-02T09:06:31","modified_gmt":"2017-06-02T13:06:31","slug":"colombia-adventista-recibe-prestigioso-premio-nacional-en-periodismo","status":"publish","type":"post","link":"https:\/\/interamerica.org\/es\/2009\/01\/colombia-adventista-recibe-prestigioso-premio-nacional-en-periodismo\/","title":{"rendered":"Colombia: Adventista recibe prestigioso premio nacional en periodismo"},"content":{"rendered":"<p>31 de enero de 2009 &#8211; Bucaramanga, Colombia&#8230;[Libna Stevens\/DIA]Evelyn Calder\u00f3n, de 21 a\u00f1os y residente de la ciudad de Bucaramanga, Colombia, hace poco se convirti\u00f3 en la primera estudiante y primera adventista del s\u00e9ptimo d\u00eda en recibir el Premio Nacional Sim\u00f3n Bol\u00edvar en periodismo, m\u00e1ximo reconocimiento otorgado a periodistas en el pa\u00eds.Calder\u00f3n recibi\u00f3 el prestigioso premio durante la ceremonia anual numero 33 a fines del a\u00f1o pasado en la categor\u00eda \u201cTrabajo revelaci\u00f3n prensa\u201d. Su art\u00edculo titulado \u201cUna esperanza y dos corazones\u201d, cuenta la historia de un transplante de coraz\u00f3n efectuado en una ni\u00f1a de seis a\u00f1os de edad. Durante el procedimiento de mas de seis horas, los cirujanos decidieron dejar en ella su propio coraz\u00f3n y agregar el nuevo.Calder\u00f3n, estudiante del \u00faltimo a\u00f1o en Comunicaci\u00f3n Social y Periodismo en la Universidad Pontificia Bolivariana de Bucaramanga, Colombia, dice que al editor de la revista le gust\u00f3 su escrito y lo someti\u00f3 a la oficina del Premio Nacional Sim\u00f3n Bol\u00edvar.El premio, dice Calder\u00f3n, fue dirigido por Dios.\u201cEl premio ha sido una gran bendici\u00f3n de Dios \uf818 un regalo por mi fidelidad al cuarto mandamiento. Me ha abierto muchas puertas\u201d, dice Calder\u00f3n. Ella cree que Dios ha reconocido el no haber ido a clase ni tomado ex\u00e1menes en s\u00e1bado.Calder\u00f3n indica que puede usar su estudio en comunicaci\u00f3n para comunicar el evangelio de salvaci\u00f3n. \u201cPuedo decir la verdad y contar historias que pueden ser \u00fatiles a otros y ayudar a la comunidad haciendo p\u00fablica la injusticia social en la regi\u00f3n\u201d, agrega ella.Calder\u00f3n, que canta y toca piano, se goza en trabajar con la juventud y los ni\u00f1os en varias de las Iglesias adventistas en Bucaramanga. Afirma que quiere desempe\u00f1arse donde pueda servir a Dios y a la gente con su profesi\u00f3n. Despu\u00e9s de graduada, tiene planes de viajar a Espa\u00f1a para estudiar una maestr\u00eda en periodismo.<\/p>\n","protected":false},"excerpt":{"rendered":"<p>Evelyn Calder\u00f3n, de 21 a\u00f1os y residente de la ciudad de Bucaramanga, Colombia, hace poco se convirti\u00f3 en la primera estudiante y primera adventista del s\u00e9ptimo d\u00eda en recibir el Premio Nacional Sim\u00f3n Bol\u00edvar en periodismo, m\u00e1ximo reconocimiento otorgado a<\/p>\n","protected":false},"author":1,"featured_media":0,"comment_status":"closed","ping_status":"closed","sticky":false,"template":"","format":"standard","meta":{"_acf_changed":false,"footnotes":""},"categories":[8],"tags":[],"class_list":["post-11314","post","type-post","status-publish","format-standard","hentry","category-archivo"],"acf":[],"yoast_head":"<!-- This site is optimized with the Yoast SEO plugin v27.3 - https:\/\/yoast.com\/product\/yoast-seo-wordpress\/ -->\n<title>Colombia: Adventista recibe prestigioso premio nacional en periodismo - Iglesia Adventista del S\u00e9ptimo D\u00eda - Divisi\u00f3n Interamericana<\/title>\n<meta name=\"robots\" content=\"index, follow, max-snippet:-1, max-image-preview:large, max-video-preview:-1\" \/>\n<link rel=\"canonical\" href=\"https:\/\/interamerica.org\/es\/2009\/01\/colombia-adventista-recibe-prestigioso-premio-nacional-en-periodismo\/\" \/>\n<meta property=\"og:locale\" content=\"es_ES\" \/>\n<meta property=\"og:type\" content=\"article\" \/>\n<meta property=\"og:title\" content=\"Colombia: Adventista recibe prestigioso premio nacional en periodismo - Iglesia Adventista del S\u00e9ptimo D\u00eda - Divisi\u00f3n Interamericana\" \/>\n<meta property=\"og:description\" content=\"Evelyn Calder\u00f3n, de 21 a\u00f1os y residente de la ciudad de Bucaramanga, Colombia, hace poco se convirti\u00f3 en la primera estudiante y primera adventista del s\u00e9ptimo d\u00eda en recibir el Premio Nacional Sim\u00f3n Bol\u00edvar en periodismo, m\u00e1ximo reconocimiento otorgado a\" \/>\n<meta property=\"og:url\" content=\"https:\/\/interamerica.org\/es\/2009\/01\/colombia-adventista-recibe-prestigioso-premio-nacional-en-periodismo\/\" \/>\n<meta property=\"og:site_name\" content=\"Iglesia Adventista del S\u00e9ptimo D\u00eda - Divisi\u00f3n Interamericana\" \/>\n<meta property=\"article:published_time\" content=\"2009-01-31T04:00:00+00:00\" \/>\n<meta property=\"article:modified_time\" content=\"2017-06-02T13:06:31+00:00\" \/>\n<meta name=\"author\" content=\"Lorenzo Verduzco\" \/>\n<meta name=\"twitter:card\" content=\"summary_large_image\" \/>\n<meta name=\"twitter:label1\" content=\"Escrito por\" \/>\n\t<meta name=\"twitter:data1\" content=\"Lorenzo Verduzco\" \/>\n\t<meta name=\"twitter:label2\" content=\"Tiempo de lectura\" \/>\n\t<meta name=\"twitter:data2\" content=\"2 minutos\" \/>\n<script type=\"application\/ld+json\" class=\"yoast-schema-graph\">{\"@context\":\"https:\\\/\\\/schema.org\",\"@graph\":[{\"@type\":\"Article\",\"@id\":\"https:\\\/\\\/interamerica.org\\\/es\\\/2009\\\/01\\\/colombia-adventista-recibe-prestigioso-premio-nacional-en-periodismo\\\/#article\",\"isPartOf\":{\"@id\":\"https:\\\/\\\/interamerica.org\\\/es\\\/2009\\\/01\\\/colombia-adventista-recibe-prestigioso-premio-nacional-en-periodismo\\\/\"},\"author\":{\"name\":\"Lorenzo Verduzco\",\"@id\":\"https:\\\/\\\/interamerica.org\\\/es\\\/#\\\/schema\\\/person\\\/68ede8bdc292885bb76c1e3810e73c39\"},\"headline\":\"Colombia: Adventista recibe prestigioso premio nacional en periodismo\",\"datePublished\":\"2009-01-31T04:00:00+00:00\",\"dateModified\":\"2017-06-02T13:06:31+00:00\",\"mainEntityOfPage\":{\"@id\":\"https:\\\/\\\/interamerica.org\\\/es\\\/2009\\\/01\\\/colombia-adventista-recibe-prestigioso-premio-nacional-en-periodismo\\\/\"},\"wordCount\":353,\"articleSection\":[\"Archivo\"],\"inLanguage\":\"es\"},{\"@type\":\"WebPage\",\"@id\":\"https:\\\/\\\/interamerica.org\\\/es\\\/2009\\\/01\\\/colombia-adventista-recibe-prestigioso-premio-nacional-en-periodismo\\\/\",\"url\":\"https:\\\/\\\/interamerica.org\\\/es\\\/2009\\\/01\\\/colombia-adventista-recibe-prestigioso-premio-nacional-en-periodismo\\\/\",\"name\":\"Colombia: Adventista recibe prestigioso premio nacional en periodismo - Iglesia Adventista del S\u00e9ptimo D\u00eda - Divisi\u00f3n Interamericana\",\"isPartOf\":{\"@id\":\"https:\\\/\\\/interamerica.org\\\/es\\\/#website\"},\"datePublished\":\"2009-01-31T04:00:00+00:00\",\"dateModified\":\"2017-06-02T13:06:31+00:00\",\"author\":{\"@id\":\"https:\\\/\\\/interamerica.org\\\/es\\\/#\\\/schema\\\/person\\\/68ede8bdc292885bb76c1e3810e73c39\"},\"breadcrumb\":{\"@id\":\"https:\\\/\\\/interamerica.org\\\/es\\\/2009\\\/01\\\/colombia-adventista-recibe-prestigioso-premio-nacional-en-periodismo\\\/#breadcrumb\"},\"inLanguage\":\"es\",\"potentialAction\":[{\"@type\":\"ReadAction\",\"target\":[\"https:\\\/\\\/interamerica.org\\\/es\\\/2009\\\/01\\\/colombia-adventista-recibe-prestigioso-premio-nacional-en-periodismo\\\/\"]}]},{\"@type\":\"BreadcrumbList\",\"@id\":\"https:\\\/\\\/interamerica.org\\\/es\\\/2009\\\/01\\\/colombia-adventista-recibe-prestigioso-premio-nacional-en-periodismo\\\/#breadcrumb\",\"itemListElement\":[{\"@type\":\"ListItem\",\"position\":1,\"name\":\"Home\",\"item\":\"https:\\\/\\\/interamerica.org\\\/es\\\/\"},{\"@type\":\"ListItem\",\"position\":2,\"name\":\"Colombia: Adventista recibe prestigioso premio nacional en periodismo\"}]},{\"@type\":\"WebSite\",\"@id\":\"https:\\\/\\\/interamerica.org\\\/es\\\/#website\",\"url\":\"https:\\\/\\\/interamerica.org\\\/es\\\/\",\"name\":\"Iglesia Adventista del S\u00e9ptimo D\u00eda - Divisi\u00f3n Interamericana\",\"description\":\"\",\"potentialAction\":[{\"@type\":\"SearchAction\",\"target\":{\"@type\":\"EntryPoint\",\"urlTemplate\":\"https:\\\/\\\/interamerica.org\\\/es\\\/?s={search_term_string}\"},\"query-input\":{\"@type\":\"PropertyValueSpecification\",\"valueRequired\":true,\"valueName\":\"search_term_string\"}}],\"inLanguage\":\"es\"},{\"@type\":\"Person\",\"@id\":\"https:\\\/\\\/interamerica.org\\\/es\\\/#\\\/schema\\\/person\\\/68ede8bdc292885bb76c1e3810e73c39\",\"name\":\"Lorenzo Verduzco\",\"image\":{\"@type\":\"ImageObject\",\"inLanguage\":\"es\",\"@id\":\"https:\\\/\\\/secure.gravatar.com\\\/avatar\\\/fb81a55b6218459490a9c1dc841a34909185b81904c5337b4b27f7a6fd60c49e?s=96&d=mm&r=g\",\"url\":\"https:\\\/\\\/secure.gravatar.com\\\/avatar\\\/fb81a55b6218459490a9c1dc841a34909185b81904c5337b4b27f7a6fd60c49e?s=96&d=mm&r=g\",\"contentUrl\":\"https:\\\/\\\/secure.gravatar.com\\\/avatar\\\/fb81a55b6218459490a9c1dc841a34909185b81904c5337b4b27f7a6fd60c49e?s=96&d=mm&r=g\",\"caption\":\"Lorenzo Verduzco\"}}]}<\/script>\n<!-- \/ Yoast SEO plugin. -->","yoast_head_json":{"title":"Colombia: Adventista recibe prestigioso premio nacional en periodismo - Iglesia Adventista del S\u00e9ptimo D\u00eda - Divisi\u00f3n Interamericana","robots":{"index":"index","follow":"follow","max-snippet":"max-snippet:-1","max-image-preview":"max-image-preview:large","max-video-preview":"max-video-preview:-1"},"canonical":"https:\/\/interamerica.org\/es\/2009\/01\/colombia-adventista-recibe-prestigioso-premio-nacional-en-periodismo\/","og_locale":"es_ES","og_type":"article","og_title":"Colombia: Adventista recibe prestigioso premio nacional en periodismo - Iglesia Adventista del S\u00e9ptimo D\u00eda - Divisi\u00f3n Interamericana","og_description":"Evelyn Calder\u00f3n, de 21 a\u00f1os y residente de la ciudad de Bucaramanga, Colombia, hace poco se convirti\u00f3 en la primera estudiante y primera adventista del s\u00e9ptimo d\u00eda en recibir el Premio Nacional Sim\u00f3n Bol\u00edvar en periodismo, m\u00e1ximo reconocimiento otorgado a","og_url":"https:\/\/interamerica.org\/es\/2009\/01\/colombia-adventista-recibe-prestigioso-premio-nacional-en-periodismo\/","og_site_name":"Iglesia Adventista del S\u00e9ptimo D\u00eda - Divisi\u00f3n Interamericana","article_published_time":"2009-01-31T04:00:00+00:00","article_modified_time":"2017-06-02T13:06:31+00:00","author":"Lorenzo Verduzco","twitter_card":"summary_large_image","twitter_misc":{"Escrito por":"Lorenzo Verduzco","Tiempo de lectura":"2 minutos"},"schema":{"@context":"https:\/\/schema.org","@graph":[{"@type":"Article","@id":"https:\/\/interamerica.org\/es\/2009\/01\/colombia-adventista-recibe-prestigioso-premio-nacional-en-periodismo\/#article","isPartOf":{"@id":"https:\/\/interamerica.org\/es\/2009\/01\/colombia-adventista-recibe-prestigioso-premio-nacional-en-periodismo\/"},"author":{"name":"Lorenzo Verduzco","@id":"https:\/\/interamerica.org\/es\/#\/schema\/person\/68ede8bdc292885bb76c1e3810e73c39"},"headline":"Colombia: Adventista recibe prestigioso premio nacional en periodismo","datePublished":"2009-01-31T04:00:00+00:00","dateModified":"2017-06-02T13:06:31+00:00","mainEntityOfPage":{"@id":"https:\/\/interamerica.org\/es\/2009\/01\/colombia-adventista-recibe-prestigioso-premio-nacional-en-periodismo\/"},"wordCount":353,"articleSection":["Archivo"],"inLanguage":"es"},{"@type":"WebPage","@id":"https:\/\/interamerica.org\/es\/2009\/01\/colombia-adventista-recibe-prestigioso-premio-nacional-en-periodismo\/","url":"https:\/\/interamerica.org\/es\/2009\/01\/colombia-adventista-recibe-prestigioso-premio-nacional-en-periodismo\/","name":"Colombia: Adventista recibe prestigioso premio nacional en periodismo - Iglesia Adventista del S\u00e9ptimo D\u00eda - Divisi\u00f3n Interamericana","isPartOf":{"@id":"https:\/\/interamerica.org\/es\/#website"},"datePublished":"2009-01-31T04:00:00+00:00","dateModified":"2017-06-02T13:06:31+00:00","author":{"@id":"https:\/\/interamerica.org\/es\/#\/schema\/person\/68ede8bdc292885bb76c1e3810e73c39"},"breadcrumb":{"@id":"https:\/\/interamerica.org\/es\/2009\/01\/colombia-adventista-recibe-prestigioso-premio-nacional-en-periodismo\/#breadcrumb"},"inLanguage":"es","potentialAction":[{"@type":"ReadAction","target":["https:\/\/interamerica.org\/es\/2009\/01\/colombia-adventista-recibe-prestigioso-premio-nacional-en-periodismo\/"]}]},{"@type":"BreadcrumbList","@id":"https:\/\/interamerica.org\/es\/2009\/01\/colombia-adventista-recibe-prestigioso-premio-nacional-en-periodismo\/#breadcrumb","itemListElement":[{"@type":"ListItem","position":1,"name":"Home","item":"https:\/\/interamerica.org\/es\/"},{"@type":"ListItem","position":2,"name":"Colombia: Adventista recibe prestigioso premio nacional en periodismo"}]},{"@type":"WebSite","@id":"https:\/\/interamerica.org\/es\/#website","url":"https:\/\/interamerica.org\/es\/","name":"Iglesia Adventista del S\u00e9ptimo D\u00eda - Divisi\u00f3n Interamericana","description":"","potentialAction":[{"@type":"SearchAction","target":{"@type":"EntryPoint","urlTemplate":"https:\/\/interamerica.org\/es\/?s={search_term_string}"},"query-input":{"@type":"PropertyValueSpecification","valueRequired":true,"valueName":"search_term_string"}}],"inLanguage":"es"},{"@type":"Person","@id":"https:\/\/interamerica.org\/es\/#\/schema\/person\/68ede8bdc292885bb76c1e3810e73c39","name":"Lorenzo Verduzco","image":{"@type":"ImageObject","inLanguage":"es","@id":"https:\/\/secure.gravatar.com\/avatar\/fb81a55b6218459490a9c1dc841a34909185b81904c5337b4b27f7a6fd60c49e?s=96&d=mm&r=g","url":"https:\/\/secure.gravatar.com\/avatar\/fb81a55b6218459490a9c1dc841a34909185b81904c5337b4b27f7a6fd60c49e?s=96&d=mm&r=g","contentUrl":"https:\/\/secure.gravatar.com\/avatar\/fb81a55b6218459490a9c1dc841a34909185b81904c5337b4b27f7a6fd60c49e?s=96&d=mm&r=g","caption":"Lorenzo Verduzco"}}]}},"_links":{"self":[{"href":"https:\/\/interamerica.org\/es\/wp-json\/wp\/v2\/posts\/11314","targetHints":{"allow":["GET"]}}],"collection":[{"href":"https:\/\/interamerica.org\/es\/wp-json\/wp\/v2\/posts"}],"about":[{"href":"https:\/\/interamerica.org\/es\/wp-json\/wp\/v2\/types\/post"}],"author":[{"embeddable":true,"href":"https:\/\/interamerica.org\/es\/wp-json\/wp\/v2\/users\/1"}],"replies":[{"embeddable":true,"href":"https:\/\/interamerica.org\/es\/wp-json\/wp\/v2\/comments?post=11314"}],"version-history":[{"count":0,"href":"https:\/\/interamerica.org\/es\/wp-json\/wp\/v2\/posts\/11314\/revisions"}],"wp:attachment":[{"href":"https:\/\/interamerica.org\/es\/wp-json\/wp\/v2\/media?parent=11314"}],"wp:term":[{"taxonomy":"category","embeddable":true,"href":"https:\/\/interamerica.org\/es\/wp-json\/wp\/v2\/categories?post=11314"},{"taxonomy":"post_tag","embeddable":true,"href":"https:\/\/interamerica.org\/es\/wp-json\/wp\/v2\/tags?post=11314"}],"curies":[{"name":"wp","href":"https:\/\/api.w.org\/{rel}","templated":true}]}}