{"id":11315,"date":"2009-02-02T00:00:00","date_gmt":"2009-02-02T04:00:00","guid":{"rendered":"http:\/\/192.81.217.108\/interamerica\/2009\/02\/presidente-de-la-iglesia-adventista-mundial-se-reunira-con-pastores-en-interamericana-durante-transmision-en-vivo-por-internet\/"},"modified":"2017-06-02T09:06:30","modified_gmt":"2017-06-02T13:06:30","slug":"presidente-de-la-iglesia-adventista-mundial-se-reunira-con-pastores-en-interamericana-durante-transmision-en-vivo-por-internet","status":"publish","type":"post","link":"https:\/\/interamerica.org\/es\/2009\/02\/presidente-de-la-iglesia-adventista-mundial-se-reunira-con-pastores-en-interamericana-durante-transmision-en-vivo-por-internet\/","title":{"rendered":"Presidente de la iglesia adventista mundial se reunir\u00e1 con pastores en Interam\u00e9ricana durante transmisi\u00f3n en vivo por internet"},"content":{"rendered":"<p><em      >2 de febrero, 2009<\/em      > &#8211; Miami, Florida, United States&#8230;[Libna Stevens\/IAD] <\/p      >\n<p>Siete pastores locales de todas las regiones de habla inglesa y francesa en Interam\u00e9rica tendr\u00e1n la oportunidad de dialogar con el presidente de la iglesia adventista a nivel mundial, el pastor Jan Paulsen, durante un evento en vivo ha transmitirse por internet desde Belice el domingo, 8 de febrero, 2009. <\/p      >\n<p>Un programa en vivo in\u00e9dito y sin gui\u00f3n, titulado <em      >\u00abPastores en Conversaci\u00f3n\u00bb<\/em      >  podr\u00e1 permitir \u00abun abierto y franco intercambio entre el l\u00edder adventista y los pastores de la iglesia\u00bb, dijo Rajmund Dabrowski, director de comunicaci\u00f3n en la sede mundial de la iglesia. <\/p      >\n<p>\u00abEl pastor Paulsen desea escuchar en forma personal qu\u00e9 es lo que ellos [los pastores] tienen que decir sobre los goces de los ministerios pastorales y los desaf\u00edos que enfrentan\u00bb, dijo Dabrowski. <\/p      >\n<p>Los l\u00edderes de las iglesias locales y miembros en Belice est\u00e1n emocionados de dar la bienvenida y presenciar la primera visita oficial de un presidente de la iglesia adventista a nivel mundial. <\/p      >\n<p>\u00abEstamos muy felices de tener la visita del pastor Paulsen a nuestra Uni\u00f3n de Iglesias de Belice y afirmar la feligres\u00eda all\u00e1 y hablar en forma personal y directa con algunos de nuestros pastores de nuestras uniones de habla inglesa y francesa, sobre las necesidades y desaf\u00edos que enfrentan mientras ministran la congregaci\u00f3n\u00bb, dijo el pastor Israel Leito, presidente para la iglesia en Interam\u00e9rica. <\/p      >\n<p>El sexto programa en di\u00e1logo organizado por la sede de la iglesia desde el 2007, tambi\u00e9n sera grabado en video y difundido por el <em      >Canal Esperanza TV adventista<\/em      > en fecha posterior. <\/p      >\n<p>Para ver la transmisi\u00f3n de una hora de duraci\u00f3n en vivo por internet de \u00abP<em      >astores en conversaci\u00f3n\u00bb<\/em      >, visite <a       href=\"https:\/\/recursing-golick.147-182-135-0.plesk.page\/\">www.interamerica.org<\/a      > a las 10:00 a.m. Tiempo Este (o hora de Miami). <\/p      >\n","protected":false},"excerpt":{"rendered":"<p>Siete pastores locales de todas las regiones de habla ingl\u00e9s y franc\u00e9s en Interam\u00e9rica tendr\u00e1n la oportunidad de dialogar con el presidente mundial de la iglesia adventista, el pastor Jan Paulsen, durante una transmisi\u00f3n<\/p>\n","protected":false},"author":1,"featured_media":0,"comment_status":"closed","ping_status":"closed","sticky":false,"template":"","format":"standard","meta":{"_acf_changed":false,"footnotes":""},"categories":[8],"tags":[],"class_list":["post-11315","post","type-post","status-publish","format-standard","hentry","category-archivo"],"acf":[],"yoast_head":"<!-- This site is optimized with the Yoast SEO plugin v27.3 - https:\/\/yoast.com\/product\/yoast-seo-wordpress\/ -->\n<title>Presidente de la iglesia adventista mundial se reunir\u00e1 con pastores en Interam\u00e9ricana durante transmisi\u00f3n en vivo por internet - Iglesia Adventista del S\u00e9ptimo D\u00eda - Divisi\u00f3n Interamericana<\/title>\n<meta name=\"robots\" content=\"index, follow, max-snippet:-1, max-image-preview:large, max-video-preview:-1\" \/>\n<link rel=\"canonical\" href=\"https:\/\/interamerica.org\/es\/2009\/02\/presidente-de-la-iglesia-adventista-mundial-se-reunira-con-pastores-en-interamericana-durante-transmision-en-vivo-por-internet\/\" \/>\n<meta property=\"og:locale\" content=\"es_ES\" \/>\n<meta property=\"og:type\" content=\"article\" \/>\n<meta property=\"og:title\" content=\"Presidente de la iglesia adventista mundial se reunir\u00e1 con pastores en Interam\u00e9ricana durante transmisi\u00f3n en vivo por internet - Iglesia Adventista del S\u00e9ptimo D\u00eda - Divisi\u00f3n Interamericana\" \/>\n<meta property=\"og:description\" content=\"Siete pastores locales de todas las regiones de habla ingl\u00e9s y franc\u00e9s en Interam\u00e9rica tendr\u00e1n la oportunidad de dialogar con el presidente mundial de la iglesia adventista, el pastor Jan Paulsen, durante una transmisi\u00f3n\" \/>\n<meta property=\"og:url\" content=\"https:\/\/interamerica.org\/es\/2009\/02\/presidente-de-la-iglesia-adventista-mundial-se-reunira-con-pastores-en-interamericana-durante-transmision-en-vivo-por-internet\/\" \/>\n<meta property=\"og:site_name\" content=\"Iglesia Adventista del S\u00e9ptimo D\u00eda - Divisi\u00f3n Interamericana\" \/>\n<meta property=\"article:published_time\" content=\"2009-02-02T04:00:00+00:00\" \/>\n<meta property=\"article:modified_time\" content=\"2017-06-02T13:06:30+00:00\" \/>\n<meta name=\"author\" content=\"Lorenzo Verduzco\" \/>\n<meta name=\"twitter:card\" content=\"summary_large_image\" \/>\n<meta name=\"twitter:label1\" content=\"Escrito por\" \/>\n\t<meta name=\"twitter:data1\" content=\"Lorenzo Verduzco\" \/>\n\t<meta name=\"twitter:label2\" content=\"Tiempo de lectura\" \/>\n\t<meta name=\"twitter:data2\" content=\"2 minutos\" \/>\n<script type=\"application\/ld+json\" class=\"yoast-schema-graph\">{\"@context\":\"https:\\\/\\\/schema.org\",\"@graph\":[{\"@type\":\"Article\",\"@id\":\"https:\\\/\\\/interamerica.org\\\/es\\\/2009\\\/02\\\/presidente-de-la-iglesia-adventista-mundial-se-reunira-con-pastores-en-interamericana-durante-transmision-en-vivo-por-internet\\\/#article\",\"isPartOf\":{\"@id\":\"https:\\\/\\\/interamerica.org\\\/es\\\/2009\\\/02\\\/presidente-de-la-iglesia-adventista-mundial-se-reunira-con-pastores-en-interamericana-durante-transmision-en-vivo-por-internet\\\/\"},\"author\":{\"name\":\"Lorenzo Verduzco\",\"@id\":\"https:\\\/\\\/interamerica.org\\\/es\\\/#\\\/schema\\\/person\\\/68ede8bdc292885bb76c1e3810e73c39\"},\"headline\":\"Presidente de la iglesia adventista mundial se reunir\u00e1 con pastores en Interam\u00e9ricana durante transmisi\u00f3n en vivo por internet\",\"datePublished\":\"2009-02-02T04:00:00+00:00\",\"dateModified\":\"2017-06-02T13:06:30+00:00\",\"mainEntityOfPage\":{\"@id\":\"https:\\\/\\\/interamerica.org\\\/es\\\/2009\\\/02\\\/presidente-de-la-iglesia-adventista-mundial-se-reunira-con-pastores-en-interamericana-durante-transmision-en-vivo-por-internet\\\/\"},\"wordCount\":329,\"articleSection\":[\"Archivo\"],\"inLanguage\":\"es\"},{\"@type\":\"WebPage\",\"@id\":\"https:\\\/\\\/interamerica.org\\\/es\\\/2009\\\/02\\\/presidente-de-la-iglesia-adventista-mundial-se-reunira-con-pastores-en-interamericana-durante-transmision-en-vivo-por-internet\\\/\",\"url\":\"https:\\\/\\\/interamerica.org\\\/es\\\/2009\\\/02\\\/presidente-de-la-iglesia-adventista-mundial-se-reunira-con-pastores-en-interamericana-durante-transmision-en-vivo-por-internet\\\/\",\"name\":\"Presidente de la iglesia adventista mundial se reunir\u00e1 con pastores en Interam\u00e9ricana durante transmisi\u00f3n en vivo por internet - Iglesia Adventista del S\u00e9ptimo D\u00eda - Divisi\u00f3n Interamericana\",\"isPartOf\":{\"@id\":\"https:\\\/\\\/interamerica.org\\\/es\\\/#website\"},\"datePublished\":\"2009-02-02T04:00:00+00:00\",\"dateModified\":\"2017-06-02T13:06:30+00:00\",\"author\":{\"@id\":\"https:\\\/\\\/interamerica.org\\\/es\\\/#\\\/schema\\\/person\\\/68ede8bdc292885bb76c1e3810e73c39\"},\"breadcrumb\":{\"@id\":\"https:\\\/\\\/interamerica.org\\\/es\\\/2009\\\/02\\\/presidente-de-la-iglesia-adventista-mundial-se-reunira-con-pastores-en-interamericana-durante-transmision-en-vivo-por-internet\\\/#breadcrumb\"},\"inLanguage\":\"es\",\"potentialAction\":[{\"@type\":\"ReadAction\",\"target\":[\"https:\\\/\\\/interamerica.org\\\/es\\\/2009\\\/02\\\/presidente-de-la-iglesia-adventista-mundial-se-reunira-con-pastores-en-interamericana-durante-transmision-en-vivo-por-internet\\\/\"]}]},{\"@type\":\"BreadcrumbList\",\"@id\":\"https:\\\/\\\/interamerica.org\\\/es\\\/2009\\\/02\\\/presidente-de-la-iglesia-adventista-mundial-se-reunira-con-pastores-en-interamericana-durante-transmision-en-vivo-por-internet\\\/#breadcrumb\",\"itemListElement\":[{\"@type\":\"ListItem\",\"position\":1,\"name\":\"Home\",\"item\":\"https:\\\/\\\/interamerica.org\\\/es\\\/\"},{\"@type\":\"ListItem\",\"position\":2,\"name\":\"Presidente de la iglesia adventista mundial se reunir\u00e1 con pastores en Interam\u00e9ricana durante transmisi\u00f3n en vivo por internet\"}]},{\"@type\":\"WebSite\",\"@id\":\"https:\\\/\\\/interamerica.org\\\/es\\\/#website\",\"url\":\"https:\\\/\\\/interamerica.org\\\/es\\\/\",\"name\":\"Iglesia Adventista del S\u00e9ptimo D\u00eda - Divisi\u00f3n Interamericana\",\"description\":\"\",\"potentialAction\":[{\"@type\":\"SearchAction\",\"target\":{\"@type\":\"EntryPoint\",\"urlTemplate\":\"https:\\\/\\\/interamerica.org\\\/es\\\/?s={search_term_string}\"},\"query-input\":{\"@type\":\"PropertyValueSpecification\",\"valueRequired\":true,\"valueName\":\"search_term_string\"}}],\"inLanguage\":\"es\"},{\"@type\":\"Person\",\"@id\":\"https:\\\/\\\/interamerica.org\\\/es\\\/#\\\/schema\\\/person\\\/68ede8bdc292885bb76c1e3810e73c39\",\"name\":\"Lorenzo Verduzco\",\"image\":{\"@type\":\"ImageObject\",\"inLanguage\":\"es\",\"@id\":\"https:\\\/\\\/secure.gravatar.com\\\/avatar\\\/fb81a55b6218459490a9c1dc841a34909185b81904c5337b4b27f7a6fd60c49e?s=96&d=mm&r=g\",\"url\":\"https:\\\/\\\/secure.gravatar.com\\\/avatar\\\/fb81a55b6218459490a9c1dc841a34909185b81904c5337b4b27f7a6fd60c49e?s=96&d=mm&r=g\",\"contentUrl\":\"https:\\\/\\\/secure.gravatar.com\\\/avatar\\\/fb81a55b6218459490a9c1dc841a34909185b81904c5337b4b27f7a6fd60c49e?s=96&d=mm&r=g\",\"caption\":\"Lorenzo Verduzco\"}}]}<\/script>\n<!-- \/ Yoast SEO plugin. -->","yoast_head_json":{"title":"Presidente de la iglesia adventista mundial se reunir\u00e1 con pastores en Interam\u00e9ricana durante transmisi\u00f3n en vivo por internet - Iglesia Adventista del S\u00e9ptimo D\u00eda - Divisi\u00f3n Interamericana","robots":{"index":"index","follow":"follow","max-snippet":"max-snippet:-1","max-image-preview":"max-image-preview:large","max-video-preview":"max-video-preview:-1"},"canonical":"https:\/\/interamerica.org\/es\/2009\/02\/presidente-de-la-iglesia-adventista-mundial-se-reunira-con-pastores-en-interamericana-durante-transmision-en-vivo-por-internet\/","og_locale":"es_ES","og_type":"article","og_title":"Presidente de la iglesia adventista mundial se reunir\u00e1 con pastores en Interam\u00e9ricana durante transmisi\u00f3n en vivo por internet - Iglesia Adventista del S\u00e9ptimo D\u00eda - Divisi\u00f3n Interamericana","og_description":"Siete pastores locales de todas las regiones de habla ingl\u00e9s y franc\u00e9s en Interam\u00e9rica tendr\u00e1n la oportunidad de dialogar con el presidente mundial de la iglesia adventista, el pastor Jan Paulsen, durante una transmisi\u00f3n","og_url":"https:\/\/interamerica.org\/es\/2009\/02\/presidente-de-la-iglesia-adventista-mundial-se-reunira-con-pastores-en-interamericana-durante-transmision-en-vivo-por-internet\/","og_site_name":"Iglesia Adventista del S\u00e9ptimo D\u00eda - Divisi\u00f3n Interamericana","article_published_time":"2009-02-02T04:00:00+00:00","article_modified_time":"2017-06-02T13:06:30+00:00","author":"Lorenzo Verduzco","twitter_card":"summary_large_image","twitter_misc":{"Escrito por":"Lorenzo Verduzco","Tiempo de lectura":"2 minutos"},"schema":{"@context":"https:\/\/schema.org","@graph":[{"@type":"Article","@id":"https:\/\/interamerica.org\/es\/2009\/02\/presidente-de-la-iglesia-adventista-mundial-se-reunira-con-pastores-en-interamericana-durante-transmision-en-vivo-por-internet\/#article","isPartOf":{"@id":"https:\/\/interamerica.org\/es\/2009\/02\/presidente-de-la-iglesia-adventista-mundial-se-reunira-con-pastores-en-interamericana-durante-transmision-en-vivo-por-internet\/"},"author":{"name":"Lorenzo Verduzco","@id":"https:\/\/interamerica.org\/es\/#\/schema\/person\/68ede8bdc292885bb76c1e3810e73c39"},"headline":"Presidente de la iglesia adventista mundial se reunir\u00e1 con pastores en Interam\u00e9ricana durante transmisi\u00f3n en vivo por internet","datePublished":"2009-02-02T04:00:00+00:00","dateModified":"2017-06-02T13:06:30+00:00","mainEntityOfPage":{"@id":"https:\/\/interamerica.org\/es\/2009\/02\/presidente-de-la-iglesia-adventista-mundial-se-reunira-con-pastores-en-interamericana-durante-transmision-en-vivo-por-internet\/"},"wordCount":329,"articleSection":["Archivo"],"inLanguage":"es"},{"@type":"WebPage","@id":"https:\/\/interamerica.org\/es\/2009\/02\/presidente-de-la-iglesia-adventista-mundial-se-reunira-con-pastores-en-interamericana-durante-transmision-en-vivo-por-internet\/","url":"https:\/\/interamerica.org\/es\/2009\/02\/presidente-de-la-iglesia-adventista-mundial-se-reunira-con-pastores-en-interamericana-durante-transmision-en-vivo-por-internet\/","name":"Presidente de la iglesia adventista mundial se reunir\u00e1 con pastores en Interam\u00e9ricana durante transmisi\u00f3n en vivo por internet - Iglesia Adventista del S\u00e9ptimo D\u00eda - Divisi\u00f3n Interamericana","isPartOf":{"@id":"https:\/\/interamerica.org\/es\/#website"},"datePublished":"2009-02-02T04:00:00+00:00","dateModified":"2017-06-02T13:06:30+00:00","author":{"@id":"https:\/\/interamerica.org\/es\/#\/schema\/person\/68ede8bdc292885bb76c1e3810e73c39"},"breadcrumb":{"@id":"https:\/\/interamerica.org\/es\/2009\/02\/presidente-de-la-iglesia-adventista-mundial-se-reunira-con-pastores-en-interamericana-durante-transmision-en-vivo-por-internet\/#breadcrumb"},"inLanguage":"es","potentialAction":[{"@type":"ReadAction","target":["https:\/\/interamerica.org\/es\/2009\/02\/presidente-de-la-iglesia-adventista-mundial-se-reunira-con-pastores-en-interamericana-durante-transmision-en-vivo-por-internet\/"]}]},{"@type":"BreadcrumbList","@id":"https:\/\/interamerica.org\/es\/2009\/02\/presidente-de-la-iglesia-adventista-mundial-se-reunira-con-pastores-en-interamericana-durante-transmision-en-vivo-por-internet\/#breadcrumb","itemListElement":[{"@type":"ListItem","position":1,"name":"Home","item":"https:\/\/interamerica.org\/es\/"},{"@type":"ListItem","position":2,"name":"Presidente de la iglesia adventista mundial se reunir\u00e1 con pastores en Interam\u00e9ricana durante transmisi\u00f3n en vivo por internet"}]},{"@type":"WebSite","@id":"https:\/\/interamerica.org\/es\/#website","url":"https:\/\/interamerica.org\/es\/","name":"Iglesia Adventista del S\u00e9ptimo D\u00eda - Divisi\u00f3n Interamericana","description":"","potentialAction":[{"@type":"SearchAction","target":{"@type":"EntryPoint","urlTemplate":"https:\/\/interamerica.org\/es\/?s={search_term_string}"},"query-input":{"@type":"PropertyValueSpecification","valueRequired":true,"valueName":"search_term_string"}}],"inLanguage":"es"},{"@type":"Person","@id":"https:\/\/interamerica.org\/es\/#\/schema\/person\/68ede8bdc292885bb76c1e3810e73c39","name":"Lorenzo Verduzco","image":{"@type":"ImageObject","inLanguage":"es","@id":"https:\/\/secure.gravatar.com\/avatar\/fb81a55b6218459490a9c1dc841a34909185b81904c5337b4b27f7a6fd60c49e?s=96&d=mm&r=g","url":"https:\/\/secure.gravatar.com\/avatar\/fb81a55b6218459490a9c1dc841a34909185b81904c5337b4b27f7a6fd60c49e?s=96&d=mm&r=g","contentUrl":"https:\/\/secure.gravatar.com\/avatar\/fb81a55b6218459490a9c1dc841a34909185b81904c5337b4b27f7a6fd60c49e?s=96&d=mm&r=g","caption":"Lorenzo Verduzco"}}]}},"_links":{"self":[{"href":"https:\/\/interamerica.org\/es\/wp-json\/wp\/v2\/posts\/11315","targetHints":{"allow":["GET"]}}],"collection":[{"href":"https:\/\/interamerica.org\/es\/wp-json\/wp\/v2\/posts"}],"about":[{"href":"https:\/\/interamerica.org\/es\/wp-json\/wp\/v2\/types\/post"}],"author":[{"embeddable":true,"href":"https:\/\/interamerica.org\/es\/wp-json\/wp\/v2\/users\/1"}],"replies":[{"embeddable":true,"href":"https:\/\/interamerica.org\/es\/wp-json\/wp\/v2\/comments?post=11315"}],"version-history":[{"count":0,"href":"https:\/\/interamerica.org\/es\/wp-json\/wp\/v2\/posts\/11315\/revisions"}],"wp:attachment":[{"href":"https:\/\/interamerica.org\/es\/wp-json\/wp\/v2\/media?parent=11315"}],"wp:term":[{"taxonomy":"category","embeddable":true,"href":"https:\/\/interamerica.org\/es\/wp-json\/wp\/v2\/categories?post=11315"},{"taxonomy":"post_tag","embeddable":true,"href":"https:\/\/interamerica.org\/es\/wp-json\/wp\/v2\/tags?post=11315"}],"curies":[{"name":"wp","href":"https:\/\/api.w.org\/{rel}","templated":true}]}}