{"id":11316,"date":"2009-02-04T00:00:00","date_gmt":"2009-02-04T04:00:00","guid":{"rendered":"http:\/\/192.81.217.108\/interamerica\/2009\/02\/nuevo-show-de-tv-adventista-aborda-la-iglesia-y-los-problemas-sociales\/"},"modified":"2017-06-02T09:06:30","modified_gmt":"2017-06-02T13:06:30","slug":"nuevo-show-de-tv-adventista-aborda-la-iglesia-y-los-problemas-sociales","status":"publish","type":"post","link":"https:\/\/interamerica.org\/es\/2009\/02\/nuevo-show-de-tv-adventista-aborda-la-iglesia-y-los-problemas-sociales\/","title":{"rendered":"Nuevo show de TV adventista aborda la iglesia y los problemas sociales"},"content":{"rendered":"<p><em >4 de febrero, 2009 <\/em >Silver Spring, Maryland, Estados Unidos&#8230;Personal de ANN  <\/p>\n<p>La Iglesia Adventista del S\u00e9ptimo D\u00eda est\u00e1 lanzando un nuevo <em >show<\/em > de televisi\u00f3n este mes, presentando panelistas que abordan temas tales como el rol de la mujer en la iglesia, la influencia de los medios de comunicaci\u00f3n en la cristiandad y la relevancia del matrimonio en la sociedad actual.    <\/p>\n<p><strong ><u >La serie, titulada, <\/u ><\/strong ><em ><strong ><u >\u00abIntersecci\u00f3n: Tu fe, Tu mundo\u00bb,<\/u ><\/strong ><\/em ><strong ><u > saldr\u00e1 al aire el 6 de febrero por la red satelital internacional de la iglesia, <\/u ><\/strong ><em ><strong ><u >Esperanza TV<\/u ><\/strong ><\/em ><strong ><u >. <\/u ><\/strong > Los programas estar\u00e1n disponibles para ser bajados en <a  href=\"http:\/\/www.intersection.adventis\/\"><\/a ><a  href=\"http:\/\/www.intersection.adventis\/org\">http:\/\/www.intersection.adventis\/org<\/a >org.  El <em >show<\/em > es una serie de cerca de 100 episodios que se presentar\u00e1n los viernes en la noche por dos a\u00f1os, con retransmisiones disponibles en otras horas de la semana. <\/p>\n<p>El programa busca explorar asuntos que todos enfrentamos en la sociedad, y como cristianos adventistas en nuestra comunidad de la fe\u00bb, expres\u00f3 Rajmund Dabrowski, productor ejecutivo y director de comunicaci\u00f3n para la iglesia adventista a nivel mundial.  <\/p>\n<p>El programa de mesa redonda, iniciado por el presidente de la iglesia a nivel mundial, el pastor Jan Paulsen, cubrir\u00e1 una serie de t\u00f3picos que incluyen: \u00abLos cristianos en una cultura de indiferencia\u00bb, \u00abLlegamos a ser lo que vemos\u00bb, \u00ab\u00bfEs a\u00fan relevante el matrimonio?\u00bb, \u00ab\u00bfPor qu\u00e9 estudiar la Biblia?\u00bb, \u00abEl arte de perdonar\u00bb y \u00abLos cristianos y la pol\u00edtica\u00bb.<\/p>\n<p>El programa tiene el prop\u00f3sito de servir como punto de partida para deliberaciones en grupos peque\u00f1os, estudios b\u00edblicos y clases de s\u00e1bados por la ma\u00f1ana, dijo Williams Costa Jr., director asociado de la iglesia para producci\u00f3n de los medios.  <\/p>\n<p>Dabrowski dijo que el programa tambi\u00e9n servir\u00e1 al prop\u00f3sito de introducir a los televidentes que no est\u00e1n familiarizados con el adventismo a las perspectivas de la iglesia respecto a los t\u00f3picos.  <\/p>\n<p>\u00abUn intercambio de opiniones por expertos proveer\u00e1 un examen abierto, esperamos, en lo que pensamos y c\u00f3mo aproximamos nuestro mundo como adventistas\u00bb, dijo \u00e9l. <\/p>\n<p>Bettina Krause, principal productora para intersecci\u00f3n, ser\u00e1 la anfitriona de las presentaciones.  <\/p>\n<p>Las fechas de presentaci\u00f3n para los programas son \ud83d\ude41<em >todos tiempos del Este de E.U.).<\/em > <\/p>\n<p>Viernes, 6 de febrero &#8211; 6 &#8211; 6 p.m.<br  \/>S\u00e1bado, 7 de febrero &#8211; 1:30 p.m. <\/p>\n<p>Domingo, 8 de febrero &#8211;  8 &#8211; 7:30 p.m.<br  \/>Mi\u00e9rcoles 11 de febrero- 9:30 a.m.<br  \/>Viernes, 13 de febrero &#8211;  6 p.m.<br  \/>S\u00e1bado, 14 de febrero &#8211;  1:30 a.m. &#038; 1:30 p.m.<br  \/>Domingo, 15 de febrero- 12 a.m. <\/p><\/p>\n","protected":false},"excerpt":{"rendered":"<p>La Iglesia Adventista del S\u00e9ptimo D\u00eda est\u00e1 lanzando un nuevo show de televisi\u00f3n este mes, presentando panelistas que abordan temas tales como el rol de la mujer en la iglesia, la influencia de los medios de comunicaci\u00f3n<\/p>\n","protected":false},"author":1,"featured_media":0,"comment_status":"closed","ping_status":"closed","sticky":false,"template":"","format":"standard","meta":{"_acf_changed":false,"footnotes":""},"categories":[8],"tags":[],"class_list":["post-11316","post","type-post","status-publish","format-standard","hentry","category-archivo"],"acf":[],"yoast_head":"<!-- This site is optimized with the Yoast SEO plugin v27.3 - https:\/\/yoast.com\/product\/yoast-seo-wordpress\/ -->\n<title>Nuevo show de TV adventista aborda la iglesia y los problemas sociales - Iglesia Adventista del S\u00e9ptimo D\u00eda - Divisi\u00f3n Interamericana<\/title>\n<meta name=\"robots\" content=\"index, follow, max-snippet:-1, max-image-preview:large, max-video-preview:-1\" \/>\n<link rel=\"canonical\" href=\"https:\/\/interamerica.org\/es\/2009\/02\/nuevo-show-de-tv-adventista-aborda-la-iglesia-y-los-problemas-sociales\/\" \/>\n<meta property=\"og:locale\" content=\"es_ES\" \/>\n<meta property=\"og:type\" content=\"article\" \/>\n<meta property=\"og:title\" content=\"Nuevo show de TV adventista aborda la iglesia y los problemas sociales - Iglesia Adventista del S\u00e9ptimo D\u00eda - Divisi\u00f3n Interamericana\" \/>\n<meta property=\"og:description\" content=\"La Iglesia Adventista del S\u00e9ptimo D\u00eda est\u00e1 lanzando un nuevo show de televisi\u00f3n este mes, presentando panelistas que abordan temas tales como el rol de la mujer en la iglesia, la influencia de los medios de comunicaci\u00f3n\" \/>\n<meta property=\"og:url\" content=\"https:\/\/interamerica.org\/es\/2009\/02\/nuevo-show-de-tv-adventista-aborda-la-iglesia-y-los-problemas-sociales\/\" \/>\n<meta property=\"og:site_name\" content=\"Iglesia Adventista del S\u00e9ptimo D\u00eda - Divisi\u00f3n Interamericana\" \/>\n<meta property=\"article:published_time\" content=\"2009-02-04T04:00:00+00:00\" \/>\n<meta property=\"article:modified_time\" content=\"2017-06-02T13:06:30+00:00\" \/>\n<meta name=\"author\" content=\"Lorenzo Verduzco\" \/>\n<meta name=\"twitter:card\" content=\"summary_large_image\" \/>\n<meta name=\"twitter:label1\" content=\"Escrito por\" \/>\n\t<meta name=\"twitter:data1\" content=\"Lorenzo Verduzco\" \/>\n\t<meta name=\"twitter:label2\" content=\"Tiempo de lectura\" \/>\n\t<meta name=\"twitter:data2\" content=\"2 minutos\" \/>\n<script type=\"application\/ld+json\" class=\"yoast-schema-graph\">{\"@context\":\"https:\\\/\\\/schema.org\",\"@graph\":[{\"@type\":\"Article\",\"@id\":\"https:\\\/\\\/interamerica.org\\\/es\\\/2009\\\/02\\\/nuevo-show-de-tv-adventista-aborda-la-iglesia-y-los-problemas-sociales\\\/#article\",\"isPartOf\":{\"@id\":\"https:\\\/\\\/interamerica.org\\\/es\\\/2009\\\/02\\\/nuevo-show-de-tv-adventista-aborda-la-iglesia-y-los-problemas-sociales\\\/\"},\"author\":{\"name\":\"Lorenzo Verduzco\",\"@id\":\"https:\\\/\\\/interamerica.org\\\/es\\\/#\\\/schema\\\/person\\\/68ede8bdc292885bb76c1e3810e73c39\"},\"headline\":\"Nuevo show de TV adventista aborda la iglesia y los problemas sociales\",\"datePublished\":\"2009-02-04T04:00:00+00:00\",\"dateModified\":\"2017-06-02T13:06:30+00:00\",\"mainEntityOfPage\":{\"@id\":\"https:\\\/\\\/interamerica.org\\\/es\\\/2009\\\/02\\\/nuevo-show-de-tv-adventista-aborda-la-iglesia-y-los-problemas-sociales\\\/\"},\"wordCount\":426,\"articleSection\":[\"Archivo\"],\"inLanguage\":\"es\"},{\"@type\":\"WebPage\",\"@id\":\"https:\\\/\\\/interamerica.org\\\/es\\\/2009\\\/02\\\/nuevo-show-de-tv-adventista-aborda-la-iglesia-y-los-problemas-sociales\\\/\",\"url\":\"https:\\\/\\\/interamerica.org\\\/es\\\/2009\\\/02\\\/nuevo-show-de-tv-adventista-aborda-la-iglesia-y-los-problemas-sociales\\\/\",\"name\":\"Nuevo show de TV adventista aborda la iglesia y los problemas sociales - Iglesia Adventista del S\u00e9ptimo D\u00eda - Divisi\u00f3n Interamericana\",\"isPartOf\":{\"@id\":\"https:\\\/\\\/interamerica.org\\\/es\\\/#website\"},\"datePublished\":\"2009-02-04T04:00:00+00:00\",\"dateModified\":\"2017-06-02T13:06:30+00:00\",\"author\":{\"@id\":\"https:\\\/\\\/interamerica.org\\\/es\\\/#\\\/schema\\\/person\\\/68ede8bdc292885bb76c1e3810e73c39\"},\"breadcrumb\":{\"@id\":\"https:\\\/\\\/interamerica.org\\\/es\\\/2009\\\/02\\\/nuevo-show-de-tv-adventista-aborda-la-iglesia-y-los-problemas-sociales\\\/#breadcrumb\"},\"inLanguage\":\"es\",\"potentialAction\":[{\"@type\":\"ReadAction\",\"target\":[\"https:\\\/\\\/interamerica.org\\\/es\\\/2009\\\/02\\\/nuevo-show-de-tv-adventista-aborda-la-iglesia-y-los-problemas-sociales\\\/\"]}]},{\"@type\":\"BreadcrumbList\",\"@id\":\"https:\\\/\\\/interamerica.org\\\/es\\\/2009\\\/02\\\/nuevo-show-de-tv-adventista-aborda-la-iglesia-y-los-problemas-sociales\\\/#breadcrumb\",\"itemListElement\":[{\"@type\":\"ListItem\",\"position\":1,\"name\":\"Home\",\"item\":\"https:\\\/\\\/interamerica.org\\\/es\\\/\"},{\"@type\":\"ListItem\",\"position\":2,\"name\":\"Nuevo show de TV adventista aborda la iglesia y los problemas sociales\"}]},{\"@type\":\"WebSite\",\"@id\":\"https:\\\/\\\/interamerica.org\\\/es\\\/#website\",\"url\":\"https:\\\/\\\/interamerica.org\\\/es\\\/\",\"name\":\"Iglesia Adventista del S\u00e9ptimo D\u00eda - Divisi\u00f3n Interamericana\",\"description\":\"\",\"potentialAction\":[{\"@type\":\"SearchAction\",\"target\":{\"@type\":\"EntryPoint\",\"urlTemplate\":\"https:\\\/\\\/interamerica.org\\\/es\\\/?s={search_term_string}\"},\"query-input\":{\"@type\":\"PropertyValueSpecification\",\"valueRequired\":true,\"valueName\":\"search_term_string\"}}],\"inLanguage\":\"es\"},{\"@type\":\"Person\",\"@id\":\"https:\\\/\\\/interamerica.org\\\/es\\\/#\\\/schema\\\/person\\\/68ede8bdc292885bb76c1e3810e73c39\",\"name\":\"Lorenzo Verduzco\",\"image\":{\"@type\":\"ImageObject\",\"inLanguage\":\"es\",\"@id\":\"https:\\\/\\\/secure.gravatar.com\\\/avatar\\\/fb81a55b6218459490a9c1dc841a34909185b81904c5337b4b27f7a6fd60c49e?s=96&d=mm&r=g\",\"url\":\"https:\\\/\\\/secure.gravatar.com\\\/avatar\\\/fb81a55b6218459490a9c1dc841a34909185b81904c5337b4b27f7a6fd60c49e?s=96&d=mm&r=g\",\"contentUrl\":\"https:\\\/\\\/secure.gravatar.com\\\/avatar\\\/fb81a55b6218459490a9c1dc841a34909185b81904c5337b4b27f7a6fd60c49e?s=96&d=mm&r=g\",\"caption\":\"Lorenzo Verduzco\"}}]}<\/script>\n<!-- \/ Yoast SEO plugin. -->","yoast_head_json":{"title":"Nuevo show de TV adventista aborda la iglesia y los problemas sociales - Iglesia Adventista del S\u00e9ptimo D\u00eda - Divisi\u00f3n Interamericana","robots":{"index":"index","follow":"follow","max-snippet":"max-snippet:-1","max-image-preview":"max-image-preview:large","max-video-preview":"max-video-preview:-1"},"canonical":"https:\/\/interamerica.org\/es\/2009\/02\/nuevo-show-de-tv-adventista-aborda-la-iglesia-y-los-problemas-sociales\/","og_locale":"es_ES","og_type":"article","og_title":"Nuevo show de TV adventista aborda la iglesia y los problemas sociales - Iglesia Adventista del S\u00e9ptimo D\u00eda - Divisi\u00f3n Interamericana","og_description":"La Iglesia Adventista del S\u00e9ptimo D\u00eda est\u00e1 lanzando un nuevo show de televisi\u00f3n este mes, presentando panelistas que abordan temas tales como el rol de la mujer en la iglesia, la influencia de los medios de comunicaci\u00f3n","og_url":"https:\/\/interamerica.org\/es\/2009\/02\/nuevo-show-de-tv-adventista-aborda-la-iglesia-y-los-problemas-sociales\/","og_site_name":"Iglesia Adventista del S\u00e9ptimo D\u00eda - Divisi\u00f3n Interamericana","article_published_time":"2009-02-04T04:00:00+00:00","article_modified_time":"2017-06-02T13:06:30+00:00","author":"Lorenzo Verduzco","twitter_card":"summary_large_image","twitter_misc":{"Escrito por":"Lorenzo Verduzco","Tiempo de lectura":"2 minutos"},"schema":{"@context":"https:\/\/schema.org","@graph":[{"@type":"Article","@id":"https:\/\/interamerica.org\/es\/2009\/02\/nuevo-show-de-tv-adventista-aborda-la-iglesia-y-los-problemas-sociales\/#article","isPartOf":{"@id":"https:\/\/interamerica.org\/es\/2009\/02\/nuevo-show-de-tv-adventista-aborda-la-iglesia-y-los-problemas-sociales\/"},"author":{"name":"Lorenzo Verduzco","@id":"https:\/\/interamerica.org\/es\/#\/schema\/person\/68ede8bdc292885bb76c1e3810e73c39"},"headline":"Nuevo show de TV adventista aborda la iglesia y los problemas sociales","datePublished":"2009-02-04T04:00:00+00:00","dateModified":"2017-06-02T13:06:30+00:00","mainEntityOfPage":{"@id":"https:\/\/interamerica.org\/es\/2009\/02\/nuevo-show-de-tv-adventista-aborda-la-iglesia-y-los-problemas-sociales\/"},"wordCount":426,"articleSection":["Archivo"],"inLanguage":"es"},{"@type":"WebPage","@id":"https:\/\/interamerica.org\/es\/2009\/02\/nuevo-show-de-tv-adventista-aborda-la-iglesia-y-los-problemas-sociales\/","url":"https:\/\/interamerica.org\/es\/2009\/02\/nuevo-show-de-tv-adventista-aborda-la-iglesia-y-los-problemas-sociales\/","name":"Nuevo show de TV adventista aborda la iglesia y los problemas sociales - Iglesia Adventista del S\u00e9ptimo D\u00eda - Divisi\u00f3n Interamericana","isPartOf":{"@id":"https:\/\/interamerica.org\/es\/#website"},"datePublished":"2009-02-04T04:00:00+00:00","dateModified":"2017-06-02T13:06:30+00:00","author":{"@id":"https:\/\/interamerica.org\/es\/#\/schema\/person\/68ede8bdc292885bb76c1e3810e73c39"},"breadcrumb":{"@id":"https:\/\/interamerica.org\/es\/2009\/02\/nuevo-show-de-tv-adventista-aborda-la-iglesia-y-los-problemas-sociales\/#breadcrumb"},"inLanguage":"es","potentialAction":[{"@type":"ReadAction","target":["https:\/\/interamerica.org\/es\/2009\/02\/nuevo-show-de-tv-adventista-aborda-la-iglesia-y-los-problemas-sociales\/"]}]},{"@type":"BreadcrumbList","@id":"https:\/\/interamerica.org\/es\/2009\/02\/nuevo-show-de-tv-adventista-aborda-la-iglesia-y-los-problemas-sociales\/#breadcrumb","itemListElement":[{"@type":"ListItem","position":1,"name":"Home","item":"https:\/\/interamerica.org\/es\/"},{"@type":"ListItem","position":2,"name":"Nuevo show de TV adventista aborda la iglesia y los problemas sociales"}]},{"@type":"WebSite","@id":"https:\/\/interamerica.org\/es\/#website","url":"https:\/\/interamerica.org\/es\/","name":"Iglesia Adventista del S\u00e9ptimo D\u00eda - Divisi\u00f3n Interamericana","description":"","potentialAction":[{"@type":"SearchAction","target":{"@type":"EntryPoint","urlTemplate":"https:\/\/interamerica.org\/es\/?s={search_term_string}"},"query-input":{"@type":"PropertyValueSpecification","valueRequired":true,"valueName":"search_term_string"}}],"inLanguage":"es"},{"@type":"Person","@id":"https:\/\/interamerica.org\/es\/#\/schema\/person\/68ede8bdc292885bb76c1e3810e73c39","name":"Lorenzo Verduzco","image":{"@type":"ImageObject","inLanguage":"es","@id":"https:\/\/secure.gravatar.com\/avatar\/fb81a55b6218459490a9c1dc841a34909185b81904c5337b4b27f7a6fd60c49e?s=96&d=mm&r=g","url":"https:\/\/secure.gravatar.com\/avatar\/fb81a55b6218459490a9c1dc841a34909185b81904c5337b4b27f7a6fd60c49e?s=96&d=mm&r=g","contentUrl":"https:\/\/secure.gravatar.com\/avatar\/fb81a55b6218459490a9c1dc841a34909185b81904c5337b4b27f7a6fd60c49e?s=96&d=mm&r=g","caption":"Lorenzo Verduzco"}}]}},"_links":{"self":[{"href":"https:\/\/interamerica.org\/es\/wp-json\/wp\/v2\/posts\/11316","targetHints":{"allow":["GET"]}}],"collection":[{"href":"https:\/\/interamerica.org\/es\/wp-json\/wp\/v2\/posts"}],"about":[{"href":"https:\/\/interamerica.org\/es\/wp-json\/wp\/v2\/types\/post"}],"author":[{"embeddable":true,"href":"https:\/\/interamerica.org\/es\/wp-json\/wp\/v2\/users\/1"}],"replies":[{"embeddable":true,"href":"https:\/\/interamerica.org\/es\/wp-json\/wp\/v2\/comments?post=11316"}],"version-history":[{"count":0,"href":"https:\/\/interamerica.org\/es\/wp-json\/wp\/v2\/posts\/11316\/revisions"}],"wp:attachment":[{"href":"https:\/\/interamerica.org\/es\/wp-json\/wp\/v2\/media?parent=11316"}],"wp:term":[{"taxonomy":"category","embeddable":true,"href":"https:\/\/interamerica.org\/es\/wp-json\/wp\/v2\/categories?post=11316"},{"taxonomy":"post_tag","embeddable":true,"href":"https:\/\/interamerica.org\/es\/wp-json\/wp\/v2\/tags?post=11316"}],"curies":[{"name":"wp","href":"https:\/\/api.w.org\/{rel}","templated":true}]}}