{"id":11317,"date":"2009-02-05T00:00:00","date_gmt":"2009-02-05T04:00:00","guid":{"rendered":"http:\/\/192.81.217.108\/interamerica\/2009\/02\/cuba-la-iglesia-alcanza-historica-marca-en-cuba-con-primera-graduacion-de-pastores-con-maestria\/"},"modified":"2017-06-02T09:06:29","modified_gmt":"2017-06-02T13:06:29","slug":"cuba-la-iglesia-alcanza-historica-marca-en-cuba-con-primera-graduacion-de-pastores-con-maestria","status":"publish","type":"post","link":"https:\/\/interamerica.org\/es\/2009\/02\/cuba-la-iglesia-alcanza-historica-marca-en-cuba-con-primera-graduacion-de-pastores-con-maestria\/","title":{"rendered":"Cuba: La iglesia alcanza hist\u00f3rica marca en Cuba con primera graduaci\u00f3n de pastores con maestr\u00eda."},"content":{"rendered":"<p><em  >Havana, Cuba, 5 de febrero, 2009<\/em  >&#8230;. [Libna Stevens\/IAD] <\/p>\n<p>La Iglesia Adventista del S\u00e9ptimo D\u00eda en Cuba celebr\u00f3 un progreso m\u00e1s en un acto especial el 17 de enero de 2009 con la graduaci\u00f3n de 15 de sus ministros que completaron grados de maestr\u00eda en Teolog\u00eda Pastoral. El grado, conferido por el Seminario Teol\u00f3gico de la Divisi\u00f3n Interamericana (IATS), Recinto de la Habana, Cuba, marca un progreso notable para la iglesia en la isla, dijeron los l\u00edderes de la iglesia. <\/p>\n<p>\u00abEsta es una Victoria para la iglesia, para nuestra divisi\u00f3n\u00bb, dijo Jaime Castrej\u00f3n, Ph.D., presidente de de IATS. \u00abNunca antes hab\u00edamos graduado ministros a ese nivel en Teolog\u00eda Pastoral en Cuba. Y estamos complacidos de que el Se\u00f1or lo vio cristalizado para nuestros pastores all\u00e1\u00bb.   <\/p>\n<p>Conllev\u00f3 dedicados esfuerzos de parte de los administradores IATS y la DIA para apoyar el tipo de curr\u00edculo para el nivel graduado para pastores en el caso de Cuba, dijo el doctor Castrej\u00f3n. <\/p>\n<p>\u00abSe dieron tiempos dif\u00edciles para conseguir maestros que pudieran viajar a la isla y que no fueran afectados por la situaci\u00f3n. Le agradecemos a Dios, sin embargo, por haber tenido \u00e9xito en la contrataci\u00f3n de maestros para llenar los requerimientos del programa\u00bb. <\/p>\n<p>El Seminario Teol\u00f3gico Adventista en Cuba, que recibi\u00f3 total acreditaci\u00f3n de la Asociaci\u00f3n Certificadora  Adventista para otorgar grados a nivel de bachillerato el a\u00f1o pasado, se convirti\u00f3 en el noveno recinto de IATS para educar, especialmente pastores, con grados de maestr\u00eda para servir a la creciente membres\u00eda en la isla. <\/p>\n<p>\u00abEste triunfo para la iglesia en Cuba significa que nuestros hermanos y hermanas en Cuba tienen pastores actualizados como el resto del territorio\u00bb, agreg\u00f3 el doctor Castrej\u00f3n. <\/p>\n<p>Tener pastores actualizados no es solamente el prop\u00f3sito de IATS. Su blanco es proveer pastores destacados, agreg\u00f3 Castrej\u00f3n. <\/p>\n<p>\u00abEl fin de la junta y la Divisi\u00f3n es proveer pastores destacados para retos especiales en el ministerio al servirle a una membres\u00eda sofisticada as\u00ed como servir en organizaciones como iglesias de universidades y colegios donde hay muchos profesionales\u00bb, explic\u00f3 el doctor Castrej\u00f3n.   <\/p>\n<p>Ese objetivo y compromiso es dar a los pastores a trav\u00e9s de toda Cuba la oportunidad de adelantar sus estudios y beneficiar los miles de miembros de iglesia que adoran en 273 iglesias y congregaciones en la isla. <\/p>\n<p>Ya hay 35 pastores matriculados en el programa de maestr\u00eda en el Seminario en Cuba, el cual comenz\u00f3 el programa de cuatro semestres de verano hacia el grado. <\/p>\n<p>Para m\u00e1s informaci\u00f3n sobre el Seminario Teol\u00f3gico de Interam\u00e9rica, entre a <a   href=\"\/\">https:\/\/recursing-golick.147-182-135-0.plesk.page\/<\/a  > <\/p>\n","protected":false},"excerpt":{"rendered":"<p>La Iglesia Adventista del S\u00e9ptimo D\u00eda en Cuba celebr\u00f3 un progreso m\u00e1s con la graduaci\u00f3n de 15 de sus ministros que completaron grados de maestr\u00eda en Teolog\u00eda Pastoral durante un acto especial el 17 de ene<\/p>\n","protected":false},"author":1,"featured_media":0,"comment_status":"closed","ping_status":"closed","sticky":false,"template":"","format":"standard","meta":{"_acf_changed":false,"footnotes":""},"categories":[8],"tags":[],"class_list":["post-11317","post","type-post","status-publish","format-standard","hentry","category-archivo"],"acf":[],"yoast_head":"<!-- This site is optimized with the Yoast SEO plugin v27.3 - https:\/\/yoast.com\/product\/yoast-seo-wordpress\/ -->\n<title>Cuba: La iglesia alcanza hist\u00f3rica marca en Cuba con primera graduaci\u00f3n de pastores con maestr\u00eda. - Iglesia Adventista del S\u00e9ptimo D\u00eda - Divisi\u00f3n Interamericana<\/title>\n<meta name=\"robots\" content=\"index, follow, max-snippet:-1, max-image-preview:large, max-video-preview:-1\" \/>\n<link rel=\"canonical\" href=\"https:\/\/interamerica.org\/es\/2009\/02\/cuba-la-iglesia-alcanza-historica-marca-en-cuba-con-primera-graduacion-de-pastores-con-maestria\/\" \/>\n<meta property=\"og:locale\" content=\"es_ES\" \/>\n<meta property=\"og:type\" content=\"article\" \/>\n<meta property=\"og:title\" content=\"Cuba: La iglesia alcanza hist\u00f3rica marca en Cuba con primera graduaci\u00f3n de pastores con maestr\u00eda. - Iglesia Adventista del S\u00e9ptimo D\u00eda - Divisi\u00f3n Interamericana\" \/>\n<meta property=\"og:description\" content=\"La Iglesia Adventista del S\u00e9ptimo D\u00eda en Cuba celebr\u00f3 un progreso m\u00e1s con la graduaci\u00f3n de 15 de sus ministros que completaron grados de maestr\u00eda en Teolog\u00eda Pastoral durante un acto especial el 17 de ene\" \/>\n<meta property=\"og:url\" content=\"https:\/\/interamerica.org\/es\/2009\/02\/cuba-la-iglesia-alcanza-historica-marca-en-cuba-con-primera-graduacion-de-pastores-con-maestria\/\" \/>\n<meta property=\"og:site_name\" content=\"Iglesia Adventista del S\u00e9ptimo D\u00eda - Divisi\u00f3n Interamericana\" \/>\n<meta property=\"article:published_time\" content=\"2009-02-05T04:00:00+00:00\" \/>\n<meta property=\"article:modified_time\" content=\"2017-06-02T13:06:29+00:00\" \/>\n<meta name=\"author\" content=\"Lorenzo Verduzco\" \/>\n<meta name=\"twitter:card\" content=\"summary_large_image\" \/>\n<meta name=\"twitter:label1\" content=\"Escrito por\" \/>\n\t<meta name=\"twitter:data1\" content=\"Lorenzo Verduzco\" \/>\n\t<meta name=\"twitter:label2\" content=\"Tiempo de lectura\" \/>\n\t<meta name=\"twitter:data2\" content=\"2 minutos\" \/>\n<script type=\"application\/ld+json\" class=\"yoast-schema-graph\">{\"@context\":\"https:\\\/\\\/schema.org\",\"@graph\":[{\"@type\":\"Article\",\"@id\":\"https:\\\/\\\/interamerica.org\\\/es\\\/2009\\\/02\\\/cuba-la-iglesia-alcanza-historica-marca-en-cuba-con-primera-graduacion-de-pastores-con-maestria\\\/#article\",\"isPartOf\":{\"@id\":\"https:\\\/\\\/interamerica.org\\\/es\\\/2009\\\/02\\\/cuba-la-iglesia-alcanza-historica-marca-en-cuba-con-primera-graduacion-de-pastores-con-maestria\\\/\"},\"author\":{\"name\":\"Lorenzo Verduzco\",\"@id\":\"https:\\\/\\\/interamerica.org\\\/es\\\/#\\\/schema\\\/person\\\/68ede8bdc292885bb76c1e3810e73c39\"},\"headline\":\"Cuba: La iglesia alcanza hist\u00f3rica marca en Cuba con primera graduaci\u00f3n de pastores con maestr\u00eda.\",\"datePublished\":\"2009-02-05T04:00:00+00:00\",\"dateModified\":\"2017-06-02T13:06:29+00:00\",\"mainEntityOfPage\":{\"@id\":\"https:\\\/\\\/interamerica.org\\\/es\\\/2009\\\/02\\\/cuba-la-iglesia-alcanza-historica-marca-en-cuba-con-primera-graduacion-de-pastores-con-maestria\\\/\"},\"wordCount\":471,\"articleSection\":[\"Archivo\"],\"inLanguage\":\"es\"},{\"@type\":\"WebPage\",\"@id\":\"https:\\\/\\\/interamerica.org\\\/es\\\/2009\\\/02\\\/cuba-la-iglesia-alcanza-historica-marca-en-cuba-con-primera-graduacion-de-pastores-con-maestria\\\/\",\"url\":\"https:\\\/\\\/interamerica.org\\\/es\\\/2009\\\/02\\\/cuba-la-iglesia-alcanza-historica-marca-en-cuba-con-primera-graduacion-de-pastores-con-maestria\\\/\",\"name\":\"Cuba: La iglesia alcanza hist\u00f3rica marca en Cuba con primera graduaci\u00f3n de pastores con maestr\u00eda. - Iglesia Adventista del S\u00e9ptimo D\u00eda - Divisi\u00f3n Interamericana\",\"isPartOf\":{\"@id\":\"https:\\\/\\\/interamerica.org\\\/es\\\/#website\"},\"datePublished\":\"2009-02-05T04:00:00+00:00\",\"dateModified\":\"2017-06-02T13:06:29+00:00\",\"author\":{\"@id\":\"https:\\\/\\\/interamerica.org\\\/es\\\/#\\\/schema\\\/person\\\/68ede8bdc292885bb76c1e3810e73c39\"},\"breadcrumb\":{\"@id\":\"https:\\\/\\\/interamerica.org\\\/es\\\/2009\\\/02\\\/cuba-la-iglesia-alcanza-historica-marca-en-cuba-con-primera-graduacion-de-pastores-con-maestria\\\/#breadcrumb\"},\"inLanguage\":\"es\",\"potentialAction\":[{\"@type\":\"ReadAction\",\"target\":[\"https:\\\/\\\/interamerica.org\\\/es\\\/2009\\\/02\\\/cuba-la-iglesia-alcanza-historica-marca-en-cuba-con-primera-graduacion-de-pastores-con-maestria\\\/\"]}]},{\"@type\":\"BreadcrumbList\",\"@id\":\"https:\\\/\\\/interamerica.org\\\/es\\\/2009\\\/02\\\/cuba-la-iglesia-alcanza-historica-marca-en-cuba-con-primera-graduacion-de-pastores-con-maestria\\\/#breadcrumb\",\"itemListElement\":[{\"@type\":\"ListItem\",\"position\":1,\"name\":\"Home\",\"item\":\"https:\\\/\\\/interamerica.org\\\/es\\\/\"},{\"@type\":\"ListItem\",\"position\":2,\"name\":\"Cuba: La iglesia alcanza hist\u00f3rica marca en Cuba con primera graduaci\u00f3n de pastores con maestr\u00eda.\"}]},{\"@type\":\"WebSite\",\"@id\":\"https:\\\/\\\/interamerica.org\\\/es\\\/#website\",\"url\":\"https:\\\/\\\/interamerica.org\\\/es\\\/\",\"name\":\"Iglesia Adventista del S\u00e9ptimo D\u00eda - Divisi\u00f3n Interamericana\",\"description\":\"\",\"potentialAction\":[{\"@type\":\"SearchAction\",\"target\":{\"@type\":\"EntryPoint\",\"urlTemplate\":\"https:\\\/\\\/interamerica.org\\\/es\\\/?s={search_term_string}\"},\"query-input\":{\"@type\":\"PropertyValueSpecification\",\"valueRequired\":true,\"valueName\":\"search_term_string\"}}],\"inLanguage\":\"es\"},{\"@type\":\"Person\",\"@id\":\"https:\\\/\\\/interamerica.org\\\/es\\\/#\\\/schema\\\/person\\\/68ede8bdc292885bb76c1e3810e73c39\",\"name\":\"Lorenzo Verduzco\",\"image\":{\"@type\":\"ImageObject\",\"inLanguage\":\"es\",\"@id\":\"https:\\\/\\\/secure.gravatar.com\\\/avatar\\\/fb81a55b6218459490a9c1dc841a34909185b81904c5337b4b27f7a6fd60c49e?s=96&d=mm&r=g\",\"url\":\"https:\\\/\\\/secure.gravatar.com\\\/avatar\\\/fb81a55b6218459490a9c1dc841a34909185b81904c5337b4b27f7a6fd60c49e?s=96&d=mm&r=g\",\"contentUrl\":\"https:\\\/\\\/secure.gravatar.com\\\/avatar\\\/fb81a55b6218459490a9c1dc841a34909185b81904c5337b4b27f7a6fd60c49e?s=96&d=mm&r=g\",\"caption\":\"Lorenzo Verduzco\"}}]}<\/script>\n<!-- \/ Yoast SEO plugin. -->","yoast_head_json":{"title":"Cuba: La iglesia alcanza hist\u00f3rica marca en Cuba con primera graduaci\u00f3n de pastores con maestr\u00eda. - Iglesia Adventista del S\u00e9ptimo D\u00eda - Divisi\u00f3n Interamericana","robots":{"index":"index","follow":"follow","max-snippet":"max-snippet:-1","max-image-preview":"max-image-preview:large","max-video-preview":"max-video-preview:-1"},"canonical":"https:\/\/interamerica.org\/es\/2009\/02\/cuba-la-iglesia-alcanza-historica-marca-en-cuba-con-primera-graduacion-de-pastores-con-maestria\/","og_locale":"es_ES","og_type":"article","og_title":"Cuba: La iglesia alcanza hist\u00f3rica marca en Cuba con primera graduaci\u00f3n de pastores con maestr\u00eda. - Iglesia Adventista del S\u00e9ptimo D\u00eda - Divisi\u00f3n Interamericana","og_description":"La Iglesia Adventista del S\u00e9ptimo D\u00eda en Cuba celebr\u00f3 un progreso m\u00e1s con la graduaci\u00f3n de 15 de sus ministros que completaron grados de maestr\u00eda en Teolog\u00eda Pastoral durante un acto especial el 17 de ene","og_url":"https:\/\/interamerica.org\/es\/2009\/02\/cuba-la-iglesia-alcanza-historica-marca-en-cuba-con-primera-graduacion-de-pastores-con-maestria\/","og_site_name":"Iglesia Adventista del S\u00e9ptimo D\u00eda - Divisi\u00f3n Interamericana","article_published_time":"2009-02-05T04:00:00+00:00","article_modified_time":"2017-06-02T13:06:29+00:00","author":"Lorenzo Verduzco","twitter_card":"summary_large_image","twitter_misc":{"Escrito por":"Lorenzo Verduzco","Tiempo de lectura":"2 minutos"},"schema":{"@context":"https:\/\/schema.org","@graph":[{"@type":"Article","@id":"https:\/\/interamerica.org\/es\/2009\/02\/cuba-la-iglesia-alcanza-historica-marca-en-cuba-con-primera-graduacion-de-pastores-con-maestria\/#article","isPartOf":{"@id":"https:\/\/interamerica.org\/es\/2009\/02\/cuba-la-iglesia-alcanza-historica-marca-en-cuba-con-primera-graduacion-de-pastores-con-maestria\/"},"author":{"name":"Lorenzo Verduzco","@id":"https:\/\/interamerica.org\/es\/#\/schema\/person\/68ede8bdc292885bb76c1e3810e73c39"},"headline":"Cuba: La iglesia alcanza hist\u00f3rica marca en Cuba con primera graduaci\u00f3n de pastores con maestr\u00eda.","datePublished":"2009-02-05T04:00:00+00:00","dateModified":"2017-06-02T13:06:29+00:00","mainEntityOfPage":{"@id":"https:\/\/interamerica.org\/es\/2009\/02\/cuba-la-iglesia-alcanza-historica-marca-en-cuba-con-primera-graduacion-de-pastores-con-maestria\/"},"wordCount":471,"articleSection":["Archivo"],"inLanguage":"es"},{"@type":"WebPage","@id":"https:\/\/interamerica.org\/es\/2009\/02\/cuba-la-iglesia-alcanza-historica-marca-en-cuba-con-primera-graduacion-de-pastores-con-maestria\/","url":"https:\/\/interamerica.org\/es\/2009\/02\/cuba-la-iglesia-alcanza-historica-marca-en-cuba-con-primera-graduacion-de-pastores-con-maestria\/","name":"Cuba: La iglesia alcanza hist\u00f3rica marca en Cuba con primera graduaci\u00f3n de pastores con maestr\u00eda. - Iglesia Adventista del S\u00e9ptimo D\u00eda - Divisi\u00f3n Interamericana","isPartOf":{"@id":"https:\/\/interamerica.org\/es\/#website"},"datePublished":"2009-02-05T04:00:00+00:00","dateModified":"2017-06-02T13:06:29+00:00","author":{"@id":"https:\/\/interamerica.org\/es\/#\/schema\/person\/68ede8bdc292885bb76c1e3810e73c39"},"breadcrumb":{"@id":"https:\/\/interamerica.org\/es\/2009\/02\/cuba-la-iglesia-alcanza-historica-marca-en-cuba-con-primera-graduacion-de-pastores-con-maestria\/#breadcrumb"},"inLanguage":"es","potentialAction":[{"@type":"ReadAction","target":["https:\/\/interamerica.org\/es\/2009\/02\/cuba-la-iglesia-alcanza-historica-marca-en-cuba-con-primera-graduacion-de-pastores-con-maestria\/"]}]},{"@type":"BreadcrumbList","@id":"https:\/\/interamerica.org\/es\/2009\/02\/cuba-la-iglesia-alcanza-historica-marca-en-cuba-con-primera-graduacion-de-pastores-con-maestria\/#breadcrumb","itemListElement":[{"@type":"ListItem","position":1,"name":"Home","item":"https:\/\/interamerica.org\/es\/"},{"@type":"ListItem","position":2,"name":"Cuba: La iglesia alcanza hist\u00f3rica marca en Cuba con primera graduaci\u00f3n de pastores con maestr\u00eda."}]},{"@type":"WebSite","@id":"https:\/\/interamerica.org\/es\/#website","url":"https:\/\/interamerica.org\/es\/","name":"Iglesia Adventista del S\u00e9ptimo D\u00eda - Divisi\u00f3n Interamericana","description":"","potentialAction":[{"@type":"SearchAction","target":{"@type":"EntryPoint","urlTemplate":"https:\/\/interamerica.org\/es\/?s={search_term_string}"},"query-input":{"@type":"PropertyValueSpecification","valueRequired":true,"valueName":"search_term_string"}}],"inLanguage":"es"},{"@type":"Person","@id":"https:\/\/interamerica.org\/es\/#\/schema\/person\/68ede8bdc292885bb76c1e3810e73c39","name":"Lorenzo Verduzco","image":{"@type":"ImageObject","inLanguage":"es","@id":"https:\/\/secure.gravatar.com\/avatar\/fb81a55b6218459490a9c1dc841a34909185b81904c5337b4b27f7a6fd60c49e?s=96&d=mm&r=g","url":"https:\/\/secure.gravatar.com\/avatar\/fb81a55b6218459490a9c1dc841a34909185b81904c5337b4b27f7a6fd60c49e?s=96&d=mm&r=g","contentUrl":"https:\/\/secure.gravatar.com\/avatar\/fb81a55b6218459490a9c1dc841a34909185b81904c5337b4b27f7a6fd60c49e?s=96&d=mm&r=g","caption":"Lorenzo Verduzco"}}]}},"_links":{"self":[{"href":"https:\/\/interamerica.org\/es\/wp-json\/wp\/v2\/posts\/11317","targetHints":{"allow":["GET"]}}],"collection":[{"href":"https:\/\/interamerica.org\/es\/wp-json\/wp\/v2\/posts"}],"about":[{"href":"https:\/\/interamerica.org\/es\/wp-json\/wp\/v2\/types\/post"}],"author":[{"embeddable":true,"href":"https:\/\/interamerica.org\/es\/wp-json\/wp\/v2\/users\/1"}],"replies":[{"embeddable":true,"href":"https:\/\/interamerica.org\/es\/wp-json\/wp\/v2\/comments?post=11317"}],"version-history":[{"count":0,"href":"https:\/\/interamerica.org\/es\/wp-json\/wp\/v2\/posts\/11317\/revisions"}],"wp:attachment":[{"href":"https:\/\/interamerica.org\/es\/wp-json\/wp\/v2\/media?parent=11317"}],"wp:term":[{"taxonomy":"category","embeddable":true,"href":"https:\/\/interamerica.org\/es\/wp-json\/wp\/v2\/categories?post=11317"},{"taxonomy":"post_tag","embeddable":true,"href":"https:\/\/interamerica.org\/es\/wp-json\/wp\/v2\/tags?post=11317"}],"curies":[{"name":"wp","href":"https:\/\/api.w.org\/{rel}","templated":true}]}}