{"id":11319,"date":"2009-02-11T00:00:00","date_gmt":"2009-02-11T04:00:00","guid":{"rendered":"http:\/\/192.81.217.108\/interamerica\/2009\/02\/belice-iglesia-da-la-bienvenida-a-lider-adventista-mundial\/"},"modified":"2017-06-02T09:06:28","modified_gmt":"2017-06-02T13:06:28","slug":"belice-iglesia-da-la-bienvenida-a-lider-adventista-mundial","status":"publish","type":"post","link":"https:\/\/interamerica.org\/es\/2009\/02\/belice-iglesia-da-la-bienvenida-a-lider-adventista-mundial\/","title":{"rendered":"Belice: Iglesia da la bienvenida a l\u00edder adventista mundial"},"content":{"rendered":"<p><em >11 de febrero, 2009<\/em > &#8211; Ciudad Belize, Belize&#8230;[Abilio Cima\/Personal de DIA] <\/p>\n<p>Cientos de conquistadores, dirigentes de la iglesia y miembros colmaron el Aeropuerto Internacional Phillip Goldson el 6 de febrero para darle la bienvenida al presidente de la iglesia adventista a nivel mundial, el Pastor Jan Paulsen en su primera visita a la iglesia en Belize. <\/p>\n<p>Al ser saludado por la Alcaldesa de la ciudad de Belize, Zenaida Moya y l\u00edderes de la iglesia, el pastor Paulsen dijo a los dirigentes y a los medios que su visita era primordialmente una de car\u00e1cter espiritual. <\/p>\n<p>\u00abVengo para asociarme con ustedes, para adorar y celebrar con los miembros en Belize porque han logrado un estatus \u00fanico dentro de la organizaci\u00f3n\u00bb, dijo el pastor Paulsen. \u00abHan sido reconocidos como una unidad en propiedad, una uni\u00f3n de iglesias en Belize\u00bb. <\/p>\n<p>La iglesia en Belize, que previamente fue parte de la Uni\u00f3n Central del Norte de Centroam\u00e9rica, fue establecida el a\u00f1o pasado como la Uni\u00f3n de Iglesias de Belize. Responde directamente a la direcci\u00f3n de la Divisi\u00f3n Interamericana con sede en Miami, Florida, Estados Unidos. <\/p>\n<p>Durante su declaraci\u00f3n introductoria en el servicio del s\u00e1bado el siguiente d\u00eda, el pastor Paulsen les habl\u00f3 a los m\u00e1s de 4,000 miembros de iglesia que abarrotaron el Centro C\u00edvico de Belize. <\/p>\n<p>\u00abHe venido a Belize con grandes esperanzas. Belize es ahora una uni\u00f3n de iglesias, ustedes se han elevado a cierto nivel de madurez y responsabilidad\u00bb, declar\u00f3 Paulsen. Seguido urgi\u00f3 a los miembros a orar por sus l\u00edderes. <\/p>\n<p>Al pastor Paulsen dar su mensaje espiritual, anim\u00f3 a los congregados a comprometerse con el Esp\u00edritu Santo y la unidad. <\/p>\n<p>\u00abEl Esp\u00edritu Santo est\u00e1 all\u00ed para que puedan ser una comunidad unida, y s\u00f3lo el Esp\u00edritu Santo puede darles su poder para predicar\u00bb, dijo \u00e9l. \u00abComo una comunidad de creyentes, ustedes deben permanecer unidos para que el poder y la presencia del Esp\u00edritu Santo les haga una comunidad poderosa al testificar por \u00e9l\u00bb. <\/p>\n<p>Durante su visita a Belize, el pastor Paulsen tambi\u00e9n se reuni\u00f3 con un equipo de seis pastores de partes de la regi\u00f3n del Caribe para un di\u00e1logo titulado:<em > Pastores: En Conversaci\u00f3n, <\/em >una serie de transmisiones por televisi\u00f3n e Internet en vivo y sin gui\u00f3n de la Iglesia Adventista del S\u00e9ptimo D\u00eda a nivel mundial que tiene el prop\u00f3sito de llegar a los pastores en las diversas culturas sobre los retos y oportunidades en su ministerio. <\/p>\n<p>Ubicada en la parte nororiental de Am\u00e9rica Central, Belize comparte fronteras con Guatemala y M\u00e9xico y tiene 31,000 adventistas del s\u00e9ptimo d\u00eda que adoran en 75 iglesias y congregaciones. <\/p><\/p>\n","protected":false},"excerpt":{"rendered":"<p>Cientos de conquistadores, dirigentes de la iglesia y miembros colmaron el Aeropuerto Internacional Phillip Goldson el 6 de febrero para darle la bienvenida al presidente de la iglesia adventista a nivel mundial, el pastor Jan paulsen en su primera visita<\/p>\n","protected":false},"author":1,"featured_media":0,"comment_status":"closed","ping_status":"closed","sticky":false,"template":"","format":"standard","meta":{"_acf_changed":false,"footnotes":""},"categories":[8],"tags":[],"class_list":["post-11319","post","type-post","status-publish","format-standard","hentry","category-archivo"],"acf":[],"yoast_head":"<!-- This site is optimized with the Yoast SEO plugin v27.3 - https:\/\/yoast.com\/product\/yoast-seo-wordpress\/ -->\n<title>Belice: Iglesia da la bienvenida a l\u00edder adventista mundial - Iglesia Adventista del S\u00e9ptimo D\u00eda - Divisi\u00f3n Interamericana<\/title>\n<meta name=\"robots\" content=\"index, follow, max-snippet:-1, max-image-preview:large, max-video-preview:-1\" \/>\n<link rel=\"canonical\" href=\"https:\/\/interamerica.org\/es\/2009\/02\/belice-iglesia-da-la-bienvenida-a-lider-adventista-mundial\/\" \/>\n<meta property=\"og:locale\" content=\"es_ES\" \/>\n<meta property=\"og:type\" content=\"article\" \/>\n<meta property=\"og:title\" content=\"Belice: Iglesia da la bienvenida a l\u00edder adventista mundial - Iglesia Adventista del S\u00e9ptimo D\u00eda - Divisi\u00f3n Interamericana\" \/>\n<meta property=\"og:description\" content=\"Cientos de conquistadores, dirigentes de la iglesia y miembros colmaron el Aeropuerto Internacional Phillip Goldson el 6 de febrero para darle la bienvenida al presidente de la iglesia adventista a nivel mundial, el pastor Jan paulsen en su primera visita\" \/>\n<meta property=\"og:url\" content=\"https:\/\/interamerica.org\/es\/2009\/02\/belice-iglesia-da-la-bienvenida-a-lider-adventista-mundial\/\" \/>\n<meta property=\"og:site_name\" content=\"Iglesia Adventista del S\u00e9ptimo D\u00eda - Divisi\u00f3n Interamericana\" \/>\n<meta property=\"article:published_time\" content=\"2009-02-11T04:00:00+00:00\" \/>\n<meta property=\"article:modified_time\" content=\"2017-06-02T13:06:28+00:00\" \/>\n<meta name=\"author\" content=\"Lorenzo Verduzco\" \/>\n<meta name=\"twitter:card\" content=\"summary_large_image\" \/>\n<meta name=\"twitter:label1\" content=\"Escrito por\" \/>\n\t<meta name=\"twitter:data1\" content=\"Lorenzo Verduzco\" \/>\n\t<meta name=\"twitter:label2\" content=\"Tiempo de lectura\" \/>\n\t<meta name=\"twitter:data2\" content=\"2 minutos\" \/>\n<script type=\"application\/ld+json\" class=\"yoast-schema-graph\">{\"@context\":\"https:\\\/\\\/schema.org\",\"@graph\":[{\"@type\":\"Article\",\"@id\":\"https:\\\/\\\/interamerica.org\\\/es\\\/2009\\\/02\\\/belice-iglesia-da-la-bienvenida-a-lider-adventista-mundial\\\/#article\",\"isPartOf\":{\"@id\":\"https:\\\/\\\/interamerica.org\\\/es\\\/2009\\\/02\\\/belice-iglesia-da-la-bienvenida-a-lider-adventista-mundial\\\/\"},\"author\":{\"name\":\"Lorenzo Verduzco\",\"@id\":\"https:\\\/\\\/interamerica.org\\\/es\\\/#\\\/schema\\\/person\\\/68ede8bdc292885bb76c1e3810e73c39\"},\"headline\":\"Belice: Iglesia da la bienvenida a l\u00edder adventista mundial\",\"datePublished\":\"2009-02-11T04:00:00+00:00\",\"dateModified\":\"2017-06-02T13:06:28+00:00\",\"mainEntityOfPage\":{\"@id\":\"https:\\\/\\\/interamerica.org\\\/es\\\/2009\\\/02\\\/belice-iglesia-da-la-bienvenida-a-lider-adventista-mundial\\\/\"},\"wordCount\":467,\"articleSection\":[\"Archivo\"],\"inLanguage\":\"es\"},{\"@type\":\"WebPage\",\"@id\":\"https:\\\/\\\/interamerica.org\\\/es\\\/2009\\\/02\\\/belice-iglesia-da-la-bienvenida-a-lider-adventista-mundial\\\/\",\"url\":\"https:\\\/\\\/interamerica.org\\\/es\\\/2009\\\/02\\\/belice-iglesia-da-la-bienvenida-a-lider-adventista-mundial\\\/\",\"name\":\"Belice: Iglesia da la bienvenida a l\u00edder adventista mundial - Iglesia Adventista del S\u00e9ptimo D\u00eda - Divisi\u00f3n Interamericana\",\"isPartOf\":{\"@id\":\"https:\\\/\\\/interamerica.org\\\/es\\\/#website\"},\"datePublished\":\"2009-02-11T04:00:00+00:00\",\"dateModified\":\"2017-06-02T13:06:28+00:00\",\"author\":{\"@id\":\"https:\\\/\\\/interamerica.org\\\/es\\\/#\\\/schema\\\/person\\\/68ede8bdc292885bb76c1e3810e73c39\"},\"breadcrumb\":{\"@id\":\"https:\\\/\\\/interamerica.org\\\/es\\\/2009\\\/02\\\/belice-iglesia-da-la-bienvenida-a-lider-adventista-mundial\\\/#breadcrumb\"},\"inLanguage\":\"es\",\"potentialAction\":[{\"@type\":\"ReadAction\",\"target\":[\"https:\\\/\\\/interamerica.org\\\/es\\\/2009\\\/02\\\/belice-iglesia-da-la-bienvenida-a-lider-adventista-mundial\\\/\"]}]},{\"@type\":\"BreadcrumbList\",\"@id\":\"https:\\\/\\\/interamerica.org\\\/es\\\/2009\\\/02\\\/belice-iglesia-da-la-bienvenida-a-lider-adventista-mundial\\\/#breadcrumb\",\"itemListElement\":[{\"@type\":\"ListItem\",\"position\":1,\"name\":\"Home\",\"item\":\"https:\\\/\\\/interamerica.org\\\/es\\\/\"},{\"@type\":\"ListItem\",\"position\":2,\"name\":\"Belice: Iglesia da la bienvenida a l\u00edder adventista mundial\"}]},{\"@type\":\"WebSite\",\"@id\":\"https:\\\/\\\/interamerica.org\\\/es\\\/#website\",\"url\":\"https:\\\/\\\/interamerica.org\\\/es\\\/\",\"name\":\"Iglesia Adventista del S\u00e9ptimo D\u00eda - Divisi\u00f3n Interamericana\",\"description\":\"\",\"potentialAction\":[{\"@type\":\"SearchAction\",\"target\":{\"@type\":\"EntryPoint\",\"urlTemplate\":\"https:\\\/\\\/interamerica.org\\\/es\\\/?s={search_term_string}\"},\"query-input\":{\"@type\":\"PropertyValueSpecification\",\"valueRequired\":true,\"valueName\":\"search_term_string\"}}],\"inLanguage\":\"es\"},{\"@type\":\"Person\",\"@id\":\"https:\\\/\\\/interamerica.org\\\/es\\\/#\\\/schema\\\/person\\\/68ede8bdc292885bb76c1e3810e73c39\",\"name\":\"Lorenzo Verduzco\",\"image\":{\"@type\":\"ImageObject\",\"inLanguage\":\"es\",\"@id\":\"https:\\\/\\\/secure.gravatar.com\\\/avatar\\\/fb81a55b6218459490a9c1dc841a34909185b81904c5337b4b27f7a6fd60c49e?s=96&d=mm&r=g\",\"url\":\"https:\\\/\\\/secure.gravatar.com\\\/avatar\\\/fb81a55b6218459490a9c1dc841a34909185b81904c5337b4b27f7a6fd60c49e?s=96&d=mm&r=g\",\"contentUrl\":\"https:\\\/\\\/secure.gravatar.com\\\/avatar\\\/fb81a55b6218459490a9c1dc841a34909185b81904c5337b4b27f7a6fd60c49e?s=96&d=mm&r=g\",\"caption\":\"Lorenzo Verduzco\"}}]}<\/script>\n<!-- \/ Yoast SEO plugin. -->","yoast_head_json":{"title":"Belice: Iglesia da la bienvenida a l\u00edder adventista mundial - Iglesia Adventista del S\u00e9ptimo D\u00eda - Divisi\u00f3n Interamericana","robots":{"index":"index","follow":"follow","max-snippet":"max-snippet:-1","max-image-preview":"max-image-preview:large","max-video-preview":"max-video-preview:-1"},"canonical":"https:\/\/interamerica.org\/es\/2009\/02\/belice-iglesia-da-la-bienvenida-a-lider-adventista-mundial\/","og_locale":"es_ES","og_type":"article","og_title":"Belice: Iglesia da la bienvenida a l\u00edder adventista mundial - Iglesia Adventista del S\u00e9ptimo D\u00eda - Divisi\u00f3n Interamericana","og_description":"Cientos de conquistadores, dirigentes de la iglesia y miembros colmaron el Aeropuerto Internacional Phillip Goldson el 6 de febrero para darle la bienvenida al presidente de la iglesia adventista a nivel mundial, el pastor Jan paulsen en su primera visita","og_url":"https:\/\/interamerica.org\/es\/2009\/02\/belice-iglesia-da-la-bienvenida-a-lider-adventista-mundial\/","og_site_name":"Iglesia Adventista del S\u00e9ptimo D\u00eda - Divisi\u00f3n Interamericana","article_published_time":"2009-02-11T04:00:00+00:00","article_modified_time":"2017-06-02T13:06:28+00:00","author":"Lorenzo Verduzco","twitter_card":"summary_large_image","twitter_misc":{"Escrito por":"Lorenzo Verduzco","Tiempo de lectura":"2 minutos"},"schema":{"@context":"https:\/\/schema.org","@graph":[{"@type":"Article","@id":"https:\/\/interamerica.org\/es\/2009\/02\/belice-iglesia-da-la-bienvenida-a-lider-adventista-mundial\/#article","isPartOf":{"@id":"https:\/\/interamerica.org\/es\/2009\/02\/belice-iglesia-da-la-bienvenida-a-lider-adventista-mundial\/"},"author":{"name":"Lorenzo Verduzco","@id":"https:\/\/interamerica.org\/es\/#\/schema\/person\/68ede8bdc292885bb76c1e3810e73c39"},"headline":"Belice: Iglesia da la bienvenida a l\u00edder adventista mundial","datePublished":"2009-02-11T04:00:00+00:00","dateModified":"2017-06-02T13:06:28+00:00","mainEntityOfPage":{"@id":"https:\/\/interamerica.org\/es\/2009\/02\/belice-iglesia-da-la-bienvenida-a-lider-adventista-mundial\/"},"wordCount":467,"articleSection":["Archivo"],"inLanguage":"es"},{"@type":"WebPage","@id":"https:\/\/interamerica.org\/es\/2009\/02\/belice-iglesia-da-la-bienvenida-a-lider-adventista-mundial\/","url":"https:\/\/interamerica.org\/es\/2009\/02\/belice-iglesia-da-la-bienvenida-a-lider-adventista-mundial\/","name":"Belice: Iglesia da la bienvenida a l\u00edder adventista mundial - Iglesia Adventista del S\u00e9ptimo D\u00eda - Divisi\u00f3n Interamericana","isPartOf":{"@id":"https:\/\/interamerica.org\/es\/#website"},"datePublished":"2009-02-11T04:00:00+00:00","dateModified":"2017-06-02T13:06:28+00:00","author":{"@id":"https:\/\/interamerica.org\/es\/#\/schema\/person\/68ede8bdc292885bb76c1e3810e73c39"},"breadcrumb":{"@id":"https:\/\/interamerica.org\/es\/2009\/02\/belice-iglesia-da-la-bienvenida-a-lider-adventista-mundial\/#breadcrumb"},"inLanguage":"es","potentialAction":[{"@type":"ReadAction","target":["https:\/\/interamerica.org\/es\/2009\/02\/belice-iglesia-da-la-bienvenida-a-lider-adventista-mundial\/"]}]},{"@type":"BreadcrumbList","@id":"https:\/\/interamerica.org\/es\/2009\/02\/belice-iglesia-da-la-bienvenida-a-lider-adventista-mundial\/#breadcrumb","itemListElement":[{"@type":"ListItem","position":1,"name":"Home","item":"https:\/\/interamerica.org\/es\/"},{"@type":"ListItem","position":2,"name":"Belice: Iglesia da la bienvenida a l\u00edder adventista mundial"}]},{"@type":"WebSite","@id":"https:\/\/interamerica.org\/es\/#website","url":"https:\/\/interamerica.org\/es\/","name":"Iglesia Adventista del S\u00e9ptimo D\u00eda - Divisi\u00f3n Interamericana","description":"","potentialAction":[{"@type":"SearchAction","target":{"@type":"EntryPoint","urlTemplate":"https:\/\/interamerica.org\/es\/?s={search_term_string}"},"query-input":{"@type":"PropertyValueSpecification","valueRequired":true,"valueName":"search_term_string"}}],"inLanguage":"es"},{"@type":"Person","@id":"https:\/\/interamerica.org\/es\/#\/schema\/person\/68ede8bdc292885bb76c1e3810e73c39","name":"Lorenzo Verduzco","image":{"@type":"ImageObject","inLanguage":"es","@id":"https:\/\/secure.gravatar.com\/avatar\/fb81a55b6218459490a9c1dc841a34909185b81904c5337b4b27f7a6fd60c49e?s=96&d=mm&r=g","url":"https:\/\/secure.gravatar.com\/avatar\/fb81a55b6218459490a9c1dc841a34909185b81904c5337b4b27f7a6fd60c49e?s=96&d=mm&r=g","contentUrl":"https:\/\/secure.gravatar.com\/avatar\/fb81a55b6218459490a9c1dc841a34909185b81904c5337b4b27f7a6fd60c49e?s=96&d=mm&r=g","caption":"Lorenzo Verduzco"}}]}},"_links":{"self":[{"href":"https:\/\/interamerica.org\/es\/wp-json\/wp\/v2\/posts\/11319","targetHints":{"allow":["GET"]}}],"collection":[{"href":"https:\/\/interamerica.org\/es\/wp-json\/wp\/v2\/posts"}],"about":[{"href":"https:\/\/interamerica.org\/es\/wp-json\/wp\/v2\/types\/post"}],"author":[{"embeddable":true,"href":"https:\/\/interamerica.org\/es\/wp-json\/wp\/v2\/users\/1"}],"replies":[{"embeddable":true,"href":"https:\/\/interamerica.org\/es\/wp-json\/wp\/v2\/comments?post=11319"}],"version-history":[{"count":0,"href":"https:\/\/interamerica.org\/es\/wp-json\/wp\/v2\/posts\/11319\/revisions"}],"wp:attachment":[{"href":"https:\/\/interamerica.org\/es\/wp-json\/wp\/v2\/media?parent=11319"}],"wp:term":[{"taxonomy":"category","embeddable":true,"href":"https:\/\/interamerica.org\/es\/wp-json\/wp\/v2\/categories?post=11319"},{"taxonomy":"post_tag","embeddable":true,"href":"https:\/\/interamerica.org\/es\/wp-json\/wp\/v2\/tags?post=11319"}],"curies":[{"name":"wp","href":"https:\/\/api.w.org\/{rel}","templated":true}]}}