{"id":11321,"date":"2009-02-13T00:00:00","date_gmt":"2009-02-13T04:00:00","guid":{"rendered":"http:\/\/192.81.217.108\/interamerica\/2009\/02\/3abn-va-transmitira-evento-especial-del-dia-de-la-bondad-y-la-compasion-en-interamerica\/"},"modified":"2017-06-02T09:06:27","modified_gmt":"2017-06-02T13:06:27","slug":"3abn-va-transmitira-evento-especial-del-dia-de-la-bondad-y-la-compasion-en-interamerica","status":"publish","type":"post","link":"https:\/\/interamerica.org\/es\/2009\/02\/3abn-va-transmitira-evento-especial-del-dia-de-la-bondad-y-la-compasion-en-interamerica\/","title":{"rendered":"3ABN va transmitir\u00e1 evento especial del D\u00eda de la Bondad y la Compasi\u00f3n en Interam\u00e9rica"},"content":{"rendered":"<p><em >13 de febrero, 2009<\/em > &#8211; Miami, Florida, Estados Unidos&#8230;[Libna Stevens\/DIA] <\/p>\n<p>La <em >Red Adventista 3ABN<\/em > televisar\u00e1 un programa especial el domingo, 15 de febrero, 2009. El programa presentara el \u00faltimo evento del \u00abd\u00eda de la bondad y la compasi\u00f3n\u00bb de octubre pasado, as\u00ed como tambi\u00e9n la repetici\u00f3n del evento este a\u00f1o que tendr\u00e1 lugar el 10 de octubre. <\/p>\n<p>El D\u00eda de la Bondad y la Compasi\u00f3n fue una iniciativa de un d\u00eda de duraci\u00f3n organizada por la iglesia adventista del s\u00e9ptimo d\u00eda en Interam\u00e9rica y la Agencia Adventista de Desarrollo y Recursos Asistenciales (ADRA qui\u00e9nes movilizaron cerca de un mill\u00f3n de miembros voluntarios para alimentar a los necesitados a trav\u00e9s del territorio.  M\u00e1s de 800,000 personas recibieron una comida durante el evento. <\/p>\n<p>El D\u00eda de la Bondad y la Compasi\u00f3n fue una iniciativa de un d\u00eda de duraci\u00f3n organizada por la iglesia adventista del s\u00e9ptimo d\u00eda en Interam\u00e9rica y la Agencia Adventista de Desarrollo y Recursos Asistenciales (ADRA qui\u00e9nes movilizaron cerca de un mill\u00f3n de miembros voluntarios para alimentar a los necesitados a trav\u00e9s del territorio.  M\u00e1s de 800,000 personas recibieron una comida durante el evento. <\/p>\n<p>Durante el programa 3ABN, los organizadores del evento de la Interamericana podr\u00e1n testificar de los desaf\u00edos log\u00edsticos del evento del a\u00f1o pasado, y los que afrentan mientras preparan la iniciativa de este a\u00f1o. <\/p>\n<p>Wally Amundson, director de ADRA para la iglesia en Interam\u00e9rica, se complaci\u00f3 en haber tenido la oportunidad de compartir con los millones de televidentes en la Red Adventista sobre el impacto que esta actividad podr\u00eda tener en los miembros de la iglesia en las comunidades vecinas. <\/p>\n<p>\u00abTenemos todos los elementos a nuestra disposici\u00f3n:  fe, medios sencillos, muchos j\u00f3venes voluntarios con energ\u00eda y vecinos que esperan por una acto de bondad de parte de alguien que est\u00e1 dispuesto a expresar el amor de Dios a trav\u00e9s del servicio a la comunidad\u00bb, expresa Amundson.  <\/p>\n<\/p>\n<p>\u00abMi esperanza es que cuando los televidentes alrededor del mundo vean este informe, sean inspirados a expresar su fe en acci\u00f3n, y a hacer algo similar este a\u00f1o en sus comunidades doquiera vivan\u00bb, a\u00f1adi\u00f3 \u00e9l. <\/p>\n<p>El programa de una hora de duraci\u00f3n en ingl\u00e9s saldr\u00e1 al aire en 3ABN hoy, domingo 15 de febrero, 2009 a la 1:00 a.m., 3:00 p.m., y a las 9:00 p.m. (Tiempo Central). <\/p>\n<p>La versi\u00f3n en espa\u00f1ol del programa saldr\u00e1 al aire en 3ABN Latino el martes, 28 de febrero, 2009. <\/p>\n<p>Para los horarios actualizados de las programaciones 3ABN, visite 3ABN: <a  href=\"http:\/\/www.3abn.org\/\">http:\/\/www.3abn.org\/<\/a >. <\/p>\n<\/p>\n<\/p><\/p>\n","protected":false},"excerpt":{"rendered":"<p>La Red Adventista 3ABN televisar\u00e1 un programa especial el domingo, 15 de febrero, 2009. El programa presentara el \u00faltimo evento del \u00abd\u00eda de la bondad y la compasi\u00f3n\u00bb de octubre pasado, as\u00ed como tambi\u00e9n<\/p>\n","protected":false},"author":1,"featured_media":0,"comment_status":"closed","ping_status":"closed","sticky":false,"template":"","format":"standard","meta":{"_acf_changed":false,"footnotes":""},"categories":[8],"tags":[],"class_list":["post-11321","post","type-post","status-publish","format-standard","hentry","category-archivo"],"acf":[],"yoast_head":"<!-- This site is optimized with the Yoast SEO plugin v27.3 - https:\/\/yoast.com\/product\/yoast-seo-wordpress\/ -->\n<title>3ABN va transmitir\u00e1 evento especial del D\u00eda de la Bondad y la Compasi\u00f3n en Interam\u00e9rica - Iglesia Adventista del S\u00e9ptimo D\u00eda - Divisi\u00f3n Interamericana<\/title>\n<meta name=\"robots\" content=\"index, follow, max-snippet:-1, max-image-preview:large, max-video-preview:-1\" \/>\n<link rel=\"canonical\" href=\"https:\/\/interamerica.org\/es\/2009\/02\/3abn-va-transmitira-evento-especial-del-dia-de-la-bondad-y-la-compasion-en-interamerica\/\" \/>\n<meta property=\"og:locale\" content=\"es_ES\" \/>\n<meta property=\"og:type\" content=\"article\" \/>\n<meta property=\"og:title\" content=\"3ABN va transmitir\u00e1 evento especial del D\u00eda de la Bondad y la Compasi\u00f3n en Interam\u00e9rica - Iglesia Adventista del S\u00e9ptimo D\u00eda - Divisi\u00f3n Interamericana\" \/>\n<meta property=\"og:description\" content=\"La Red Adventista 3ABN televisar\u00e1 un programa especial el domingo, 15 de febrero, 2009. El programa presentara el \u00faltimo evento del &quot;d\u00eda de la bondad y la compasi\u00f3n&quot; de octubre pasado, as\u00ed como tambi\u00e9n\" \/>\n<meta property=\"og:url\" content=\"https:\/\/interamerica.org\/es\/2009\/02\/3abn-va-transmitira-evento-especial-del-dia-de-la-bondad-y-la-compasion-en-interamerica\/\" \/>\n<meta property=\"og:site_name\" content=\"Iglesia Adventista del S\u00e9ptimo D\u00eda - Divisi\u00f3n Interamericana\" \/>\n<meta property=\"article:published_time\" content=\"2009-02-13T04:00:00+00:00\" \/>\n<meta property=\"article:modified_time\" content=\"2017-06-02T13:06:27+00:00\" \/>\n<meta name=\"author\" content=\"Lorenzo Verduzco\" \/>\n<meta name=\"twitter:card\" content=\"summary_large_image\" \/>\n<meta name=\"twitter:label1\" content=\"Escrito por\" \/>\n\t<meta name=\"twitter:data1\" content=\"Lorenzo Verduzco\" \/>\n\t<meta name=\"twitter:label2\" content=\"Tiempo de lectura\" \/>\n\t<meta name=\"twitter:data2\" content=\"2 minutos\" \/>\n<script type=\"application\/ld+json\" class=\"yoast-schema-graph\">{\"@context\":\"https:\\\/\\\/schema.org\",\"@graph\":[{\"@type\":\"Article\",\"@id\":\"https:\\\/\\\/interamerica.org\\\/es\\\/2009\\\/02\\\/3abn-va-transmitira-evento-especial-del-dia-de-la-bondad-y-la-compasion-en-interamerica\\\/#article\",\"isPartOf\":{\"@id\":\"https:\\\/\\\/interamerica.org\\\/es\\\/2009\\\/02\\\/3abn-va-transmitira-evento-especial-del-dia-de-la-bondad-y-la-compasion-en-interamerica\\\/\"},\"author\":{\"name\":\"Lorenzo Verduzco\",\"@id\":\"https:\\\/\\\/interamerica.org\\\/es\\\/#\\\/schema\\\/person\\\/68ede8bdc292885bb76c1e3810e73c39\"},\"headline\":\"3ABN va transmitir\u00e1 evento especial del D\u00eda de la Bondad y la Compasi\u00f3n en Interam\u00e9rica\",\"datePublished\":\"2009-02-13T04:00:00+00:00\",\"dateModified\":\"2017-06-02T13:06:27+00:00\",\"mainEntityOfPage\":{\"@id\":\"https:\\\/\\\/interamerica.org\\\/es\\\/2009\\\/02\\\/3abn-va-transmitira-evento-especial-del-dia-de-la-bondad-y-la-compasion-en-interamerica\\\/\"},\"wordCount\":464,\"articleSection\":[\"Archivo\"],\"inLanguage\":\"es\"},{\"@type\":\"WebPage\",\"@id\":\"https:\\\/\\\/interamerica.org\\\/es\\\/2009\\\/02\\\/3abn-va-transmitira-evento-especial-del-dia-de-la-bondad-y-la-compasion-en-interamerica\\\/\",\"url\":\"https:\\\/\\\/interamerica.org\\\/es\\\/2009\\\/02\\\/3abn-va-transmitira-evento-especial-del-dia-de-la-bondad-y-la-compasion-en-interamerica\\\/\",\"name\":\"3ABN va transmitir\u00e1 evento especial del D\u00eda de la Bondad y la Compasi\u00f3n en Interam\u00e9rica - Iglesia Adventista del S\u00e9ptimo D\u00eda - Divisi\u00f3n Interamericana\",\"isPartOf\":{\"@id\":\"https:\\\/\\\/interamerica.org\\\/es\\\/#website\"},\"datePublished\":\"2009-02-13T04:00:00+00:00\",\"dateModified\":\"2017-06-02T13:06:27+00:00\",\"author\":{\"@id\":\"https:\\\/\\\/interamerica.org\\\/es\\\/#\\\/schema\\\/person\\\/68ede8bdc292885bb76c1e3810e73c39\"},\"breadcrumb\":{\"@id\":\"https:\\\/\\\/interamerica.org\\\/es\\\/2009\\\/02\\\/3abn-va-transmitira-evento-especial-del-dia-de-la-bondad-y-la-compasion-en-interamerica\\\/#breadcrumb\"},\"inLanguage\":\"es\",\"potentialAction\":[{\"@type\":\"ReadAction\",\"target\":[\"https:\\\/\\\/interamerica.org\\\/es\\\/2009\\\/02\\\/3abn-va-transmitira-evento-especial-del-dia-de-la-bondad-y-la-compasion-en-interamerica\\\/\"]}]},{\"@type\":\"BreadcrumbList\",\"@id\":\"https:\\\/\\\/interamerica.org\\\/es\\\/2009\\\/02\\\/3abn-va-transmitira-evento-especial-del-dia-de-la-bondad-y-la-compasion-en-interamerica\\\/#breadcrumb\",\"itemListElement\":[{\"@type\":\"ListItem\",\"position\":1,\"name\":\"Home\",\"item\":\"https:\\\/\\\/interamerica.org\\\/es\\\/\"},{\"@type\":\"ListItem\",\"position\":2,\"name\":\"3ABN va transmitir\u00e1 evento especial del D\u00eda de la Bondad y la Compasi\u00f3n en Interam\u00e9rica\"}]},{\"@type\":\"WebSite\",\"@id\":\"https:\\\/\\\/interamerica.org\\\/es\\\/#website\",\"url\":\"https:\\\/\\\/interamerica.org\\\/es\\\/\",\"name\":\"Iglesia Adventista del S\u00e9ptimo D\u00eda - Divisi\u00f3n Interamericana\",\"description\":\"\",\"potentialAction\":[{\"@type\":\"SearchAction\",\"target\":{\"@type\":\"EntryPoint\",\"urlTemplate\":\"https:\\\/\\\/interamerica.org\\\/es\\\/?s={search_term_string}\"},\"query-input\":{\"@type\":\"PropertyValueSpecification\",\"valueRequired\":true,\"valueName\":\"search_term_string\"}}],\"inLanguage\":\"es\"},{\"@type\":\"Person\",\"@id\":\"https:\\\/\\\/interamerica.org\\\/es\\\/#\\\/schema\\\/person\\\/68ede8bdc292885bb76c1e3810e73c39\",\"name\":\"Lorenzo Verduzco\",\"image\":{\"@type\":\"ImageObject\",\"inLanguage\":\"es\",\"@id\":\"https:\\\/\\\/secure.gravatar.com\\\/avatar\\\/fb81a55b6218459490a9c1dc841a34909185b81904c5337b4b27f7a6fd60c49e?s=96&d=mm&r=g\",\"url\":\"https:\\\/\\\/secure.gravatar.com\\\/avatar\\\/fb81a55b6218459490a9c1dc841a34909185b81904c5337b4b27f7a6fd60c49e?s=96&d=mm&r=g\",\"contentUrl\":\"https:\\\/\\\/secure.gravatar.com\\\/avatar\\\/fb81a55b6218459490a9c1dc841a34909185b81904c5337b4b27f7a6fd60c49e?s=96&d=mm&r=g\",\"caption\":\"Lorenzo Verduzco\"}}]}<\/script>\n<!-- \/ Yoast SEO plugin. -->","yoast_head_json":{"title":"3ABN va transmitir\u00e1 evento especial del D\u00eda de la Bondad y la Compasi\u00f3n en Interam\u00e9rica - Iglesia Adventista del S\u00e9ptimo D\u00eda - Divisi\u00f3n Interamericana","robots":{"index":"index","follow":"follow","max-snippet":"max-snippet:-1","max-image-preview":"max-image-preview:large","max-video-preview":"max-video-preview:-1"},"canonical":"https:\/\/interamerica.org\/es\/2009\/02\/3abn-va-transmitira-evento-especial-del-dia-de-la-bondad-y-la-compasion-en-interamerica\/","og_locale":"es_ES","og_type":"article","og_title":"3ABN va transmitir\u00e1 evento especial del D\u00eda de la Bondad y la Compasi\u00f3n en Interam\u00e9rica - Iglesia Adventista del S\u00e9ptimo D\u00eda - Divisi\u00f3n Interamericana","og_description":"La Red Adventista 3ABN televisar\u00e1 un programa especial el domingo, 15 de febrero, 2009. El programa presentara el \u00faltimo evento del \"d\u00eda de la bondad y la compasi\u00f3n\" de octubre pasado, as\u00ed como tambi\u00e9n","og_url":"https:\/\/interamerica.org\/es\/2009\/02\/3abn-va-transmitira-evento-especial-del-dia-de-la-bondad-y-la-compasion-en-interamerica\/","og_site_name":"Iglesia Adventista del S\u00e9ptimo D\u00eda - Divisi\u00f3n Interamericana","article_published_time":"2009-02-13T04:00:00+00:00","article_modified_time":"2017-06-02T13:06:27+00:00","author":"Lorenzo Verduzco","twitter_card":"summary_large_image","twitter_misc":{"Escrito por":"Lorenzo Verduzco","Tiempo de lectura":"2 minutos"},"schema":{"@context":"https:\/\/schema.org","@graph":[{"@type":"Article","@id":"https:\/\/interamerica.org\/es\/2009\/02\/3abn-va-transmitira-evento-especial-del-dia-de-la-bondad-y-la-compasion-en-interamerica\/#article","isPartOf":{"@id":"https:\/\/interamerica.org\/es\/2009\/02\/3abn-va-transmitira-evento-especial-del-dia-de-la-bondad-y-la-compasion-en-interamerica\/"},"author":{"name":"Lorenzo Verduzco","@id":"https:\/\/interamerica.org\/es\/#\/schema\/person\/68ede8bdc292885bb76c1e3810e73c39"},"headline":"3ABN va transmitir\u00e1 evento especial del D\u00eda de la Bondad y la Compasi\u00f3n en Interam\u00e9rica","datePublished":"2009-02-13T04:00:00+00:00","dateModified":"2017-06-02T13:06:27+00:00","mainEntityOfPage":{"@id":"https:\/\/interamerica.org\/es\/2009\/02\/3abn-va-transmitira-evento-especial-del-dia-de-la-bondad-y-la-compasion-en-interamerica\/"},"wordCount":464,"articleSection":["Archivo"],"inLanguage":"es"},{"@type":"WebPage","@id":"https:\/\/interamerica.org\/es\/2009\/02\/3abn-va-transmitira-evento-especial-del-dia-de-la-bondad-y-la-compasion-en-interamerica\/","url":"https:\/\/interamerica.org\/es\/2009\/02\/3abn-va-transmitira-evento-especial-del-dia-de-la-bondad-y-la-compasion-en-interamerica\/","name":"3ABN va transmitir\u00e1 evento especial del D\u00eda de la Bondad y la Compasi\u00f3n en Interam\u00e9rica - Iglesia Adventista del S\u00e9ptimo D\u00eda - Divisi\u00f3n Interamericana","isPartOf":{"@id":"https:\/\/interamerica.org\/es\/#website"},"datePublished":"2009-02-13T04:00:00+00:00","dateModified":"2017-06-02T13:06:27+00:00","author":{"@id":"https:\/\/interamerica.org\/es\/#\/schema\/person\/68ede8bdc292885bb76c1e3810e73c39"},"breadcrumb":{"@id":"https:\/\/interamerica.org\/es\/2009\/02\/3abn-va-transmitira-evento-especial-del-dia-de-la-bondad-y-la-compasion-en-interamerica\/#breadcrumb"},"inLanguage":"es","potentialAction":[{"@type":"ReadAction","target":["https:\/\/interamerica.org\/es\/2009\/02\/3abn-va-transmitira-evento-especial-del-dia-de-la-bondad-y-la-compasion-en-interamerica\/"]}]},{"@type":"BreadcrumbList","@id":"https:\/\/interamerica.org\/es\/2009\/02\/3abn-va-transmitira-evento-especial-del-dia-de-la-bondad-y-la-compasion-en-interamerica\/#breadcrumb","itemListElement":[{"@type":"ListItem","position":1,"name":"Home","item":"https:\/\/interamerica.org\/es\/"},{"@type":"ListItem","position":2,"name":"3ABN va transmitir\u00e1 evento especial del D\u00eda de la Bondad y la Compasi\u00f3n en Interam\u00e9rica"}]},{"@type":"WebSite","@id":"https:\/\/interamerica.org\/es\/#website","url":"https:\/\/interamerica.org\/es\/","name":"Iglesia Adventista del S\u00e9ptimo D\u00eda - Divisi\u00f3n Interamericana","description":"","potentialAction":[{"@type":"SearchAction","target":{"@type":"EntryPoint","urlTemplate":"https:\/\/interamerica.org\/es\/?s={search_term_string}"},"query-input":{"@type":"PropertyValueSpecification","valueRequired":true,"valueName":"search_term_string"}}],"inLanguage":"es"},{"@type":"Person","@id":"https:\/\/interamerica.org\/es\/#\/schema\/person\/68ede8bdc292885bb76c1e3810e73c39","name":"Lorenzo Verduzco","image":{"@type":"ImageObject","inLanguage":"es","@id":"https:\/\/secure.gravatar.com\/avatar\/fb81a55b6218459490a9c1dc841a34909185b81904c5337b4b27f7a6fd60c49e?s=96&d=mm&r=g","url":"https:\/\/secure.gravatar.com\/avatar\/fb81a55b6218459490a9c1dc841a34909185b81904c5337b4b27f7a6fd60c49e?s=96&d=mm&r=g","contentUrl":"https:\/\/secure.gravatar.com\/avatar\/fb81a55b6218459490a9c1dc841a34909185b81904c5337b4b27f7a6fd60c49e?s=96&d=mm&r=g","caption":"Lorenzo Verduzco"}}]}},"_links":{"self":[{"href":"https:\/\/interamerica.org\/es\/wp-json\/wp\/v2\/posts\/11321","targetHints":{"allow":["GET"]}}],"collection":[{"href":"https:\/\/interamerica.org\/es\/wp-json\/wp\/v2\/posts"}],"about":[{"href":"https:\/\/interamerica.org\/es\/wp-json\/wp\/v2\/types\/post"}],"author":[{"embeddable":true,"href":"https:\/\/interamerica.org\/es\/wp-json\/wp\/v2\/users\/1"}],"replies":[{"embeddable":true,"href":"https:\/\/interamerica.org\/es\/wp-json\/wp\/v2\/comments?post=11321"}],"version-history":[{"count":0,"href":"https:\/\/interamerica.org\/es\/wp-json\/wp\/v2\/posts\/11321\/revisions"}],"wp:attachment":[{"href":"https:\/\/interamerica.org\/es\/wp-json\/wp\/v2\/media?parent=11321"}],"wp:term":[{"taxonomy":"category","embeddable":true,"href":"https:\/\/interamerica.org\/es\/wp-json\/wp\/v2\/categories?post=11321"},{"taxonomy":"post_tag","embeddable":true,"href":"https:\/\/interamerica.org\/es\/wp-json\/wp\/v2\/tags?post=11321"}],"curies":[{"name":"wp","href":"https:\/\/api.w.org\/{rel}","templated":true}]}}