{"id":11323,"date":"2009-02-18T00:00:00","date_gmt":"2009-02-18T04:00:00","guid":{"rendered":"http:\/\/192.81.217.108\/interamerica\/2009\/02\/ataque-de-rebeldes-aplaza-visita-de-la-iglesia-a-guinea-ecuatorial\/"},"modified":"2017-06-02T09:06:26","modified_gmt":"2017-06-02T13:06:26","slug":"ataque-de-rebeldes-aplaza-visita-de-la-iglesia-a-guinea-ecuatorial","status":"publish","type":"post","link":"https:\/\/interamerica.org\/es\/2009\/02\/ataque-de-rebeldes-aplaza-visita-de-la-iglesia-a-guinea-ecuatorial\/","title":{"rendered":"Ataque de rebeldes aplaza visita de la iglesia a Guinea Ecuatorial"},"content":{"rendered":"<p><em >18 de febrero, 2009<\/em > Douala, Camer\u00fan&#8230;Abraham Bakari\/Personal ANN  <\/p>\n<p>Un ataque temprano en la ma\u00f1ana de ayer sobre la capital de Guinea Ecuatorial, frustr\u00f3 los planes de varios l\u00edderes de la iglesia adventista del s\u00e9ptimo d\u00eda de visitar la naci\u00f3n occidental africana aplazando una rara oportunidad de reunirse con los miembros de iglesia en un pa\u00eds donde el adventismo fue establecido apenas en 1986, expresaron los l\u00edderes de la iglesia local.   <\/p>\n<p>Un avi\u00f3n programado para volar con tres ejecutivos de la iglesia desde Camer\u00fan a Malabo fue cancelado el lunes en la tarde, el 16 de febrero, a pocas horas antes que hombres armados en botes motorizados atacaran la capital, ubicada en Bioko, una isla en la costa oeste de \u00c1frica. <\/p>\n<p>El grupo inclu\u00eda a Mathew Bediako, secretario ejecutivo para la iglesia mundial; Rosa Banks, una secretaria asociada para la iglesia mundial, y Gilbert Wari, presidente para la iglesia adventista en \u00c1frica Centro Occidental. <\/p>\n<p>Inicialmente frustrados porque el viaje hab\u00eda sido cancelado ya en tres ocasiones por varias razones, los l\u00edderes de la iglesia m\u00e1s tarde expresaron gratitud de que no hab\u00edan sido atrapados en la capital durante el ataque. Todos los vuelos de llegada y salida del aeropuerto de Malabo, de inmediato fueron suspendidos tan pronto como se escucharon los disparos, dijeron oficiales locales de la iglesia.   <\/p>\n<p>Si los militantes que empezaron el fuego eran de N\u00edger Delta o mercenarios no identificados temprano en la ma\u00f1ana, queda a\u00fan por aclarar, dijeron los reportes noticiosos. <\/p>\n<p>\u00abSent\u00ed la direcci\u00f3n del Se\u00f1or al mantenernos fuera de Guinea Ecuatorial en esta ocasi\u00f3n\u00bb, dijo Banks. <\/p>\n<p>La parada del grupo en Guinea Ecuatorial fue parte de una jira de 11 d\u00edas en \u00c1frica Centro Occidental ten\u00eda como prop\u00f3sito ayudar a los oficiales de la iglesia evaluar las necesidades de la membres\u00eda local y ofrecerles \u00e1nimo, dijo Bediako. Cerca de 3,000 miembros de iglesia adoran en 20 iglesias a trav\u00e9s de Guinea Ecuatorial, un pa\u00eds de medio mill\u00f3n de personas. Se han planeado visitas a Chad, Congo y Gabon.   <\/p>\n<p>Bediako y Banks volaron a Chad esta tarde, con planes tentativos de visitar Guinea Ecuatorial m\u00e1s tarde este mes, dijo Wari.  Una calma relativa volvi\u00f3 a la capital despu\u00e9s que las fuerzas armadas del gobierno subyugaron a los atacantes, pero los movimientos son restringidos y el aeropuerto permanece cerrado, dijo Allah-Ridy Kone, un pastor adventista de Malabo. <\/p>\n<p>Como \u00c1frica es el tercer exportador de petr\u00f3leo, Guinea Ecuatorial es un objetivo para los militantes que buscan tumbar el gobierno y controlar los ricos yacimientos petrol\u00edferos del pa\u00eds.  Conflictos subsiguientes han llevado a d\u00e9cadas de volatilidad en la antigua colonia espa\u00f1ola.   <\/p>\n<p>Los l\u00edderes de la iglesia local no informaron p\u00e9rdidas de vidas o da\u00f1os a las propiedades de la iglesia durante los ataques m\u00e1s recientes.  Las fuerzas armadas del gobierno mataron al menos un atacante, y otro grupo se ahog\u00f3 cuando el ej\u00e9rcito naval del pa\u00eds hundi\u00f3 las lanchas de motor, inform\u00f3 Reuters.  <\/p>\n<\/p><\/p>\n","protected":false},"excerpt":{"rendered":"<p>Un ataque temprano en la ma\u00f1ana de ayer sobre la capital de Guinea Ecuatorial, frustr\u00f3 los planes de varios l\u00edderes de la iglesia adventista del s\u00e9ptimo d\u00eda de visitar la naci\u00f3n occidental africana aplazando una<\/p>\n","protected":false},"author":1,"featured_media":0,"comment_status":"closed","ping_status":"closed","sticky":false,"template":"","format":"standard","meta":{"_acf_changed":false,"footnotes":""},"categories":[8],"tags":[],"class_list":["post-11323","post","type-post","status-publish","format-standard","hentry","category-archivo"],"acf":[],"yoast_head":"<!-- This site is optimized with the Yoast SEO plugin v27.3 - https:\/\/yoast.com\/product\/yoast-seo-wordpress\/ -->\n<title>Ataque de rebeldes aplaza visita de la iglesia a Guinea Ecuatorial - Iglesia Adventista del S\u00e9ptimo D\u00eda - Divisi\u00f3n Interamericana<\/title>\n<meta name=\"robots\" content=\"index, follow, max-snippet:-1, max-image-preview:large, max-video-preview:-1\" \/>\n<link rel=\"canonical\" href=\"https:\/\/interamerica.org\/es\/2009\/02\/ataque-de-rebeldes-aplaza-visita-de-la-iglesia-a-guinea-ecuatorial\/\" \/>\n<meta property=\"og:locale\" content=\"es_ES\" \/>\n<meta property=\"og:type\" content=\"article\" \/>\n<meta property=\"og:title\" content=\"Ataque de rebeldes aplaza visita de la iglesia a Guinea Ecuatorial - Iglesia Adventista del S\u00e9ptimo D\u00eda - Divisi\u00f3n Interamericana\" \/>\n<meta property=\"og:description\" content=\"Un ataque temprano en la ma\u00f1ana de ayer sobre la capital de Guinea Ecuatorial, frustr\u00f3 los planes de varios l\u00edderes de la iglesia adventista del s\u00e9ptimo d\u00eda de visitar la naci\u00f3n occidental africana aplazando una\" \/>\n<meta property=\"og:url\" content=\"https:\/\/interamerica.org\/es\/2009\/02\/ataque-de-rebeldes-aplaza-visita-de-la-iglesia-a-guinea-ecuatorial\/\" \/>\n<meta property=\"og:site_name\" content=\"Iglesia Adventista del S\u00e9ptimo D\u00eda - Divisi\u00f3n Interamericana\" \/>\n<meta property=\"article:published_time\" content=\"2009-02-18T04:00:00+00:00\" \/>\n<meta property=\"article:modified_time\" content=\"2017-06-02T13:06:26+00:00\" \/>\n<meta name=\"author\" content=\"Lorenzo Verduzco\" \/>\n<meta name=\"twitter:card\" content=\"summary_large_image\" \/>\n<meta name=\"twitter:label1\" content=\"Escrito por\" \/>\n\t<meta name=\"twitter:data1\" content=\"Lorenzo Verduzco\" \/>\n\t<meta name=\"twitter:label2\" content=\"Tiempo de lectura\" \/>\n\t<meta name=\"twitter:data2\" content=\"3 minutos\" \/>\n<script type=\"application\/ld+json\" class=\"yoast-schema-graph\">{\"@context\":\"https:\\\/\\\/schema.org\",\"@graph\":[{\"@type\":\"Article\",\"@id\":\"https:\\\/\\\/interamerica.org\\\/es\\\/2009\\\/02\\\/ataque-de-rebeldes-aplaza-visita-de-la-iglesia-a-guinea-ecuatorial\\\/#article\",\"isPartOf\":{\"@id\":\"https:\\\/\\\/interamerica.org\\\/es\\\/2009\\\/02\\\/ataque-de-rebeldes-aplaza-visita-de-la-iglesia-a-guinea-ecuatorial\\\/\"},\"author\":{\"name\":\"Lorenzo Verduzco\",\"@id\":\"https:\\\/\\\/interamerica.org\\\/es\\\/#\\\/schema\\\/person\\\/68ede8bdc292885bb76c1e3810e73c39\"},\"headline\":\"Ataque de rebeldes aplaza visita de la iglesia a Guinea Ecuatorial\",\"datePublished\":\"2009-02-18T04:00:00+00:00\",\"dateModified\":\"2017-06-02T13:06:26+00:00\",\"mainEntityOfPage\":{\"@id\":\"https:\\\/\\\/interamerica.org\\\/es\\\/2009\\\/02\\\/ataque-de-rebeldes-aplaza-visita-de-la-iglesia-a-guinea-ecuatorial\\\/\"},\"wordCount\":530,\"articleSection\":[\"Archivo\"],\"inLanguage\":\"es\"},{\"@type\":\"WebPage\",\"@id\":\"https:\\\/\\\/interamerica.org\\\/es\\\/2009\\\/02\\\/ataque-de-rebeldes-aplaza-visita-de-la-iglesia-a-guinea-ecuatorial\\\/\",\"url\":\"https:\\\/\\\/interamerica.org\\\/es\\\/2009\\\/02\\\/ataque-de-rebeldes-aplaza-visita-de-la-iglesia-a-guinea-ecuatorial\\\/\",\"name\":\"Ataque de rebeldes aplaza visita de la iglesia a Guinea Ecuatorial - Iglesia Adventista del S\u00e9ptimo D\u00eda - Divisi\u00f3n Interamericana\",\"isPartOf\":{\"@id\":\"https:\\\/\\\/interamerica.org\\\/es\\\/#website\"},\"datePublished\":\"2009-02-18T04:00:00+00:00\",\"dateModified\":\"2017-06-02T13:06:26+00:00\",\"author\":{\"@id\":\"https:\\\/\\\/interamerica.org\\\/es\\\/#\\\/schema\\\/person\\\/68ede8bdc292885bb76c1e3810e73c39\"},\"breadcrumb\":{\"@id\":\"https:\\\/\\\/interamerica.org\\\/es\\\/2009\\\/02\\\/ataque-de-rebeldes-aplaza-visita-de-la-iglesia-a-guinea-ecuatorial\\\/#breadcrumb\"},\"inLanguage\":\"es\",\"potentialAction\":[{\"@type\":\"ReadAction\",\"target\":[\"https:\\\/\\\/interamerica.org\\\/es\\\/2009\\\/02\\\/ataque-de-rebeldes-aplaza-visita-de-la-iglesia-a-guinea-ecuatorial\\\/\"]}]},{\"@type\":\"BreadcrumbList\",\"@id\":\"https:\\\/\\\/interamerica.org\\\/es\\\/2009\\\/02\\\/ataque-de-rebeldes-aplaza-visita-de-la-iglesia-a-guinea-ecuatorial\\\/#breadcrumb\",\"itemListElement\":[{\"@type\":\"ListItem\",\"position\":1,\"name\":\"Home\",\"item\":\"https:\\\/\\\/interamerica.org\\\/es\\\/\"},{\"@type\":\"ListItem\",\"position\":2,\"name\":\"Ataque de rebeldes aplaza visita de la iglesia a Guinea Ecuatorial\"}]},{\"@type\":\"WebSite\",\"@id\":\"https:\\\/\\\/interamerica.org\\\/es\\\/#website\",\"url\":\"https:\\\/\\\/interamerica.org\\\/es\\\/\",\"name\":\"Iglesia Adventista del S\u00e9ptimo D\u00eda - Divisi\u00f3n Interamericana\",\"description\":\"\",\"potentialAction\":[{\"@type\":\"SearchAction\",\"target\":{\"@type\":\"EntryPoint\",\"urlTemplate\":\"https:\\\/\\\/interamerica.org\\\/es\\\/?s={search_term_string}\"},\"query-input\":{\"@type\":\"PropertyValueSpecification\",\"valueRequired\":true,\"valueName\":\"search_term_string\"}}],\"inLanguage\":\"es\"},{\"@type\":\"Person\",\"@id\":\"https:\\\/\\\/interamerica.org\\\/es\\\/#\\\/schema\\\/person\\\/68ede8bdc292885bb76c1e3810e73c39\",\"name\":\"Lorenzo Verduzco\",\"image\":{\"@type\":\"ImageObject\",\"inLanguage\":\"es\",\"@id\":\"https:\\\/\\\/secure.gravatar.com\\\/avatar\\\/fb81a55b6218459490a9c1dc841a34909185b81904c5337b4b27f7a6fd60c49e?s=96&d=mm&r=g\",\"url\":\"https:\\\/\\\/secure.gravatar.com\\\/avatar\\\/fb81a55b6218459490a9c1dc841a34909185b81904c5337b4b27f7a6fd60c49e?s=96&d=mm&r=g\",\"contentUrl\":\"https:\\\/\\\/secure.gravatar.com\\\/avatar\\\/fb81a55b6218459490a9c1dc841a34909185b81904c5337b4b27f7a6fd60c49e?s=96&d=mm&r=g\",\"caption\":\"Lorenzo Verduzco\"}}]}<\/script>\n<!-- \/ Yoast SEO plugin. -->","yoast_head_json":{"title":"Ataque de rebeldes aplaza visita de la iglesia a Guinea Ecuatorial - Iglesia Adventista del S\u00e9ptimo D\u00eda - Divisi\u00f3n Interamericana","robots":{"index":"index","follow":"follow","max-snippet":"max-snippet:-1","max-image-preview":"max-image-preview:large","max-video-preview":"max-video-preview:-1"},"canonical":"https:\/\/interamerica.org\/es\/2009\/02\/ataque-de-rebeldes-aplaza-visita-de-la-iglesia-a-guinea-ecuatorial\/","og_locale":"es_ES","og_type":"article","og_title":"Ataque de rebeldes aplaza visita de la iglesia a Guinea Ecuatorial - Iglesia Adventista del S\u00e9ptimo D\u00eda - Divisi\u00f3n Interamericana","og_description":"Un ataque temprano en la ma\u00f1ana de ayer sobre la capital de Guinea Ecuatorial, frustr\u00f3 los planes de varios l\u00edderes de la iglesia adventista del s\u00e9ptimo d\u00eda de visitar la naci\u00f3n occidental africana aplazando una","og_url":"https:\/\/interamerica.org\/es\/2009\/02\/ataque-de-rebeldes-aplaza-visita-de-la-iglesia-a-guinea-ecuatorial\/","og_site_name":"Iglesia Adventista del S\u00e9ptimo D\u00eda - Divisi\u00f3n Interamericana","article_published_time":"2009-02-18T04:00:00+00:00","article_modified_time":"2017-06-02T13:06:26+00:00","author":"Lorenzo Verduzco","twitter_card":"summary_large_image","twitter_misc":{"Escrito por":"Lorenzo Verduzco","Tiempo de lectura":"3 minutos"},"schema":{"@context":"https:\/\/schema.org","@graph":[{"@type":"Article","@id":"https:\/\/interamerica.org\/es\/2009\/02\/ataque-de-rebeldes-aplaza-visita-de-la-iglesia-a-guinea-ecuatorial\/#article","isPartOf":{"@id":"https:\/\/interamerica.org\/es\/2009\/02\/ataque-de-rebeldes-aplaza-visita-de-la-iglesia-a-guinea-ecuatorial\/"},"author":{"name":"Lorenzo Verduzco","@id":"https:\/\/interamerica.org\/es\/#\/schema\/person\/68ede8bdc292885bb76c1e3810e73c39"},"headline":"Ataque de rebeldes aplaza visita de la iglesia a Guinea Ecuatorial","datePublished":"2009-02-18T04:00:00+00:00","dateModified":"2017-06-02T13:06:26+00:00","mainEntityOfPage":{"@id":"https:\/\/interamerica.org\/es\/2009\/02\/ataque-de-rebeldes-aplaza-visita-de-la-iglesia-a-guinea-ecuatorial\/"},"wordCount":530,"articleSection":["Archivo"],"inLanguage":"es"},{"@type":"WebPage","@id":"https:\/\/interamerica.org\/es\/2009\/02\/ataque-de-rebeldes-aplaza-visita-de-la-iglesia-a-guinea-ecuatorial\/","url":"https:\/\/interamerica.org\/es\/2009\/02\/ataque-de-rebeldes-aplaza-visita-de-la-iglesia-a-guinea-ecuatorial\/","name":"Ataque de rebeldes aplaza visita de la iglesia a Guinea Ecuatorial - Iglesia Adventista del S\u00e9ptimo D\u00eda - Divisi\u00f3n Interamericana","isPartOf":{"@id":"https:\/\/interamerica.org\/es\/#website"},"datePublished":"2009-02-18T04:00:00+00:00","dateModified":"2017-06-02T13:06:26+00:00","author":{"@id":"https:\/\/interamerica.org\/es\/#\/schema\/person\/68ede8bdc292885bb76c1e3810e73c39"},"breadcrumb":{"@id":"https:\/\/interamerica.org\/es\/2009\/02\/ataque-de-rebeldes-aplaza-visita-de-la-iglesia-a-guinea-ecuatorial\/#breadcrumb"},"inLanguage":"es","potentialAction":[{"@type":"ReadAction","target":["https:\/\/interamerica.org\/es\/2009\/02\/ataque-de-rebeldes-aplaza-visita-de-la-iglesia-a-guinea-ecuatorial\/"]}]},{"@type":"BreadcrumbList","@id":"https:\/\/interamerica.org\/es\/2009\/02\/ataque-de-rebeldes-aplaza-visita-de-la-iglesia-a-guinea-ecuatorial\/#breadcrumb","itemListElement":[{"@type":"ListItem","position":1,"name":"Home","item":"https:\/\/interamerica.org\/es\/"},{"@type":"ListItem","position":2,"name":"Ataque de rebeldes aplaza visita de la iglesia a Guinea Ecuatorial"}]},{"@type":"WebSite","@id":"https:\/\/interamerica.org\/es\/#website","url":"https:\/\/interamerica.org\/es\/","name":"Iglesia Adventista del S\u00e9ptimo D\u00eda - Divisi\u00f3n Interamericana","description":"","potentialAction":[{"@type":"SearchAction","target":{"@type":"EntryPoint","urlTemplate":"https:\/\/interamerica.org\/es\/?s={search_term_string}"},"query-input":{"@type":"PropertyValueSpecification","valueRequired":true,"valueName":"search_term_string"}}],"inLanguage":"es"},{"@type":"Person","@id":"https:\/\/interamerica.org\/es\/#\/schema\/person\/68ede8bdc292885bb76c1e3810e73c39","name":"Lorenzo Verduzco","image":{"@type":"ImageObject","inLanguage":"es","@id":"https:\/\/secure.gravatar.com\/avatar\/fb81a55b6218459490a9c1dc841a34909185b81904c5337b4b27f7a6fd60c49e?s=96&d=mm&r=g","url":"https:\/\/secure.gravatar.com\/avatar\/fb81a55b6218459490a9c1dc841a34909185b81904c5337b4b27f7a6fd60c49e?s=96&d=mm&r=g","contentUrl":"https:\/\/secure.gravatar.com\/avatar\/fb81a55b6218459490a9c1dc841a34909185b81904c5337b4b27f7a6fd60c49e?s=96&d=mm&r=g","caption":"Lorenzo Verduzco"}}]}},"_links":{"self":[{"href":"https:\/\/interamerica.org\/es\/wp-json\/wp\/v2\/posts\/11323","targetHints":{"allow":["GET"]}}],"collection":[{"href":"https:\/\/interamerica.org\/es\/wp-json\/wp\/v2\/posts"}],"about":[{"href":"https:\/\/interamerica.org\/es\/wp-json\/wp\/v2\/types\/post"}],"author":[{"embeddable":true,"href":"https:\/\/interamerica.org\/es\/wp-json\/wp\/v2\/users\/1"}],"replies":[{"embeddable":true,"href":"https:\/\/interamerica.org\/es\/wp-json\/wp\/v2\/comments?post=11323"}],"version-history":[{"count":0,"href":"https:\/\/interamerica.org\/es\/wp-json\/wp\/v2\/posts\/11323\/revisions"}],"wp:attachment":[{"href":"https:\/\/interamerica.org\/es\/wp-json\/wp\/v2\/media?parent=11323"}],"wp:term":[{"taxonomy":"category","embeddable":true,"href":"https:\/\/interamerica.org\/es\/wp-json\/wp\/v2\/categories?post=11323"},{"taxonomy":"post_tag","embeddable":true,"href":"https:\/\/interamerica.org\/es\/wp-json\/wp\/v2\/tags?post=11323"}],"curies":[{"name":"wp","href":"https:\/\/api.w.org\/{rel}","templated":true}]}}