{"id":11326,"date":"2009-02-25T00:00:00","date_gmt":"2009-02-25T04:00:00","guid":{"rendered":"http:\/\/192.81.217.108\/interamerica\/2009\/02\/venezuela-la-busqueda-del-avion-medico-extraviado-continua-en-el-9no-dia\/"},"modified":"2017-06-02T09:06:24","modified_gmt":"2017-06-02T13:06:24","slug":"venezuela-la-busqueda-del-avion-medico-extraviado-continua-en-el-9no-dia","status":"publish","type":"post","link":"https:\/\/interamerica.org\/es\/2009\/02\/venezuela-la-busqueda-del-avion-medico-extraviado-continua-en-el-9no-dia\/","title":{"rendered":"Venezuela: La b\u00fasqueda del avi\u00f3n m\u00e9dico extraviado continua en el 9no. d\u00eda"},"content":{"rendered":"<p>25 de febrero, 2009 &#8211; La Gran Sabana, bol\u00edvar, Venezuela&#8230;[Libna Stgevens\/IAD]<\/p>\n<p>Han pasado nueve d\u00edas desde que el avi\u00f3n m\u00e9dico que llevaba tres adventistas del s\u00e9ptimo d\u00eda y otras cuatro personas desapareci\u00f3 en las junglas de La Gran Sabana, Venezuela, pero a pesar de la b\u00fasquda y los esfuerzos de rescate, no se han encontrado restos del avi\u00f3n ni sobrevivientes. (<a  href=\"\/users\/index.php?type=news&#038;id=1248&#038;language=en\">ver origen de noticia aqu\u00ed<\/a >).<\/p>\n<p>A bordo del avi\u00f3n extraviado se encontraban el piloto, Robert Norton, que dirige la labor de la Aviaci\u00f3n M\u00e9dica Adventista, y su esposa y pacientes que eran transportados a un facilidad mejor para tratamieno m\u00e9dico.<\/p>\n<p>La b\u00fasqued para hallar el Cessna 182N se ha intensificado en el aire y por tierra.<\/p>\n<p>\u00abNuestros grupos de b\u00fasqueda en tierra han aumentado a 10 equipo que buscan a trav\u00e9s de la jungla\u00bb, dijo Rodolfo Escobar, director de comunicaci\u00f3n para la iglesia en Venezuela. \u00abNuestros miembros de iglesia, junto con aldeanos que se ha ofrecido como vluntarios en la b\u00fasqueda, van a continuar buscando hasta que encuentren el avi\u00f3n\u00bb.<\/p>\n<p>Escobar a quien se le informa a diario sobre la b\u00fasqueda, dijo que la convicci\u00f3n de los 106 buscadores a pie, es inspiradora. Cada equipo de b\u00fasqueda est\u00e1 formado por 10 o 12 miembros, incluido un m\u00e9dico.<\/p>\n<p>Escobar agreg\u00f3 que hace dos d\u00edas uno de los miembros de uno de los equipos de b\u00fasqueda se perdi\u00f3 y lo encontraron al d\u00eda siguiente.<\/p>\n<p>Dos helic\u00f3pteros y dos aviones peque\u00f1os han continuado la b\u00fasqueda por aire. Tambi\u00e9n han sido \u00fatiles dejando caer alimento y materiales a los que buscan a pie.<\/p>\n<p>\u00abMuchos recursos se ha empleado en esta b\u00fasqueda y a\u00fan tenemos esperanza que el avi\u00f3n ser\u00e1 avistado pronto\u00bb, dijo Escobar. \u00abEst\u00e1 en las manos de Dios\u00bb.<\/p>\n","protected":false},"excerpt":{"rendered":"<p>Han pasado nueve d\u00edas desde que el avi\u00f3n m\u00e9dico que llevaba tres adventistas del s\u00e9ptimo d\u00eda y otras cuatro personas desapareci\u00f3 en las junglas de La Gran Sabana, Venezuela, pero a pesar de la b\u00fasquda y los<\/p>\n","protected":false},"author":1,"featured_media":0,"comment_status":"closed","ping_status":"closed","sticky":false,"template":"","format":"standard","meta":{"_acf_changed":false,"footnotes":""},"categories":[8],"tags":[],"class_list":["post-11326","post","type-post","status-publish","format-standard","hentry","category-archivo"],"acf":[],"yoast_head":"<!-- This site is optimized with the Yoast SEO plugin v27.3 - https:\/\/yoast.com\/product\/yoast-seo-wordpress\/ -->\n<title>Venezuela: La b\u00fasqueda del avi\u00f3n m\u00e9dico extraviado continua en el 9no. d\u00eda - Iglesia Adventista del S\u00e9ptimo D\u00eda - Divisi\u00f3n Interamericana<\/title>\n<meta name=\"robots\" content=\"index, follow, max-snippet:-1, max-image-preview:large, max-video-preview:-1\" \/>\n<link rel=\"canonical\" href=\"https:\/\/interamerica.org\/es\/2009\/02\/venezuela-la-busqueda-del-avion-medico-extraviado-continua-en-el-9no-dia\/\" \/>\n<meta property=\"og:locale\" content=\"es_ES\" \/>\n<meta property=\"og:type\" content=\"article\" \/>\n<meta property=\"og:title\" content=\"Venezuela: La b\u00fasqueda del avi\u00f3n m\u00e9dico extraviado continua en el 9no. d\u00eda - Iglesia Adventista del S\u00e9ptimo D\u00eda - Divisi\u00f3n Interamericana\" \/>\n<meta property=\"og:description\" content=\"Han pasado nueve d\u00edas desde que el avi\u00f3n m\u00e9dico que llevaba tres adventistas del s\u00e9ptimo d\u00eda y otras cuatro personas desapareci\u00f3 en las junglas de La Gran Sabana, Venezuela, pero a pesar de la b\u00fasquda y los\" \/>\n<meta property=\"og:url\" content=\"https:\/\/interamerica.org\/es\/2009\/02\/venezuela-la-busqueda-del-avion-medico-extraviado-continua-en-el-9no-dia\/\" \/>\n<meta property=\"og:site_name\" content=\"Iglesia Adventista del S\u00e9ptimo D\u00eda - Divisi\u00f3n Interamericana\" \/>\n<meta property=\"article:published_time\" content=\"2009-02-25T04:00:00+00:00\" \/>\n<meta property=\"article:modified_time\" content=\"2017-06-02T13:06:24+00:00\" \/>\n<meta name=\"author\" content=\"Lorenzo Verduzco\" \/>\n<meta name=\"twitter:card\" content=\"summary_large_image\" \/>\n<meta name=\"twitter:label1\" content=\"Escrito por\" \/>\n\t<meta name=\"twitter:data1\" content=\"Lorenzo Verduzco\" \/>\n\t<meta name=\"twitter:label2\" content=\"Tiempo de lectura\" \/>\n\t<meta name=\"twitter:data2\" content=\"2 minutos\" \/>\n<script type=\"application\/ld+json\" class=\"yoast-schema-graph\">{\"@context\":\"https:\\\/\\\/schema.org\",\"@graph\":[{\"@type\":\"Article\",\"@id\":\"https:\\\/\\\/interamerica.org\\\/es\\\/2009\\\/02\\\/venezuela-la-busqueda-del-avion-medico-extraviado-continua-en-el-9no-dia\\\/#article\",\"isPartOf\":{\"@id\":\"https:\\\/\\\/interamerica.org\\\/es\\\/2009\\\/02\\\/venezuela-la-busqueda-del-avion-medico-extraviado-continua-en-el-9no-dia\\\/\"},\"author\":{\"name\":\"Lorenzo Verduzco\",\"@id\":\"https:\\\/\\\/interamerica.org\\\/es\\\/#\\\/schema\\\/person\\\/68ede8bdc292885bb76c1e3810e73c39\"},\"headline\":\"Venezuela: La b\u00fasqueda del avi\u00f3n m\u00e9dico extraviado continua en el 9no. d\u00eda\",\"datePublished\":\"2009-02-25T04:00:00+00:00\",\"dateModified\":\"2017-06-02T13:06:24+00:00\",\"mainEntityOfPage\":{\"@id\":\"https:\\\/\\\/interamerica.org\\\/es\\\/2009\\\/02\\\/venezuela-la-busqueda-del-avion-medico-extraviado-continua-en-el-9no-dia\\\/\"},\"wordCount\":329,\"articleSection\":[\"Archivo\"],\"inLanguage\":\"es\"},{\"@type\":\"WebPage\",\"@id\":\"https:\\\/\\\/interamerica.org\\\/es\\\/2009\\\/02\\\/venezuela-la-busqueda-del-avion-medico-extraviado-continua-en-el-9no-dia\\\/\",\"url\":\"https:\\\/\\\/interamerica.org\\\/es\\\/2009\\\/02\\\/venezuela-la-busqueda-del-avion-medico-extraviado-continua-en-el-9no-dia\\\/\",\"name\":\"Venezuela: La b\u00fasqueda del avi\u00f3n m\u00e9dico extraviado continua en el 9no. d\u00eda - Iglesia Adventista del S\u00e9ptimo D\u00eda - Divisi\u00f3n Interamericana\",\"isPartOf\":{\"@id\":\"https:\\\/\\\/interamerica.org\\\/es\\\/#website\"},\"datePublished\":\"2009-02-25T04:00:00+00:00\",\"dateModified\":\"2017-06-02T13:06:24+00:00\",\"author\":{\"@id\":\"https:\\\/\\\/interamerica.org\\\/es\\\/#\\\/schema\\\/person\\\/68ede8bdc292885bb76c1e3810e73c39\"},\"breadcrumb\":{\"@id\":\"https:\\\/\\\/interamerica.org\\\/es\\\/2009\\\/02\\\/venezuela-la-busqueda-del-avion-medico-extraviado-continua-en-el-9no-dia\\\/#breadcrumb\"},\"inLanguage\":\"es\",\"potentialAction\":[{\"@type\":\"ReadAction\",\"target\":[\"https:\\\/\\\/interamerica.org\\\/es\\\/2009\\\/02\\\/venezuela-la-busqueda-del-avion-medico-extraviado-continua-en-el-9no-dia\\\/\"]}]},{\"@type\":\"BreadcrumbList\",\"@id\":\"https:\\\/\\\/interamerica.org\\\/es\\\/2009\\\/02\\\/venezuela-la-busqueda-del-avion-medico-extraviado-continua-en-el-9no-dia\\\/#breadcrumb\",\"itemListElement\":[{\"@type\":\"ListItem\",\"position\":1,\"name\":\"Home\",\"item\":\"https:\\\/\\\/interamerica.org\\\/es\\\/\"},{\"@type\":\"ListItem\",\"position\":2,\"name\":\"Venezuela: La b\u00fasqueda del avi\u00f3n m\u00e9dico extraviado continua en el 9no. d\u00eda\"}]},{\"@type\":\"WebSite\",\"@id\":\"https:\\\/\\\/interamerica.org\\\/es\\\/#website\",\"url\":\"https:\\\/\\\/interamerica.org\\\/es\\\/\",\"name\":\"Iglesia Adventista del S\u00e9ptimo D\u00eda - Divisi\u00f3n Interamericana\",\"description\":\"\",\"potentialAction\":[{\"@type\":\"SearchAction\",\"target\":{\"@type\":\"EntryPoint\",\"urlTemplate\":\"https:\\\/\\\/interamerica.org\\\/es\\\/?s={search_term_string}\"},\"query-input\":{\"@type\":\"PropertyValueSpecification\",\"valueRequired\":true,\"valueName\":\"search_term_string\"}}],\"inLanguage\":\"es\"},{\"@type\":\"Person\",\"@id\":\"https:\\\/\\\/interamerica.org\\\/es\\\/#\\\/schema\\\/person\\\/68ede8bdc292885bb76c1e3810e73c39\",\"name\":\"Lorenzo Verduzco\",\"image\":{\"@type\":\"ImageObject\",\"inLanguage\":\"es\",\"@id\":\"https:\\\/\\\/secure.gravatar.com\\\/avatar\\\/fb81a55b6218459490a9c1dc841a34909185b81904c5337b4b27f7a6fd60c49e?s=96&d=mm&r=g\",\"url\":\"https:\\\/\\\/secure.gravatar.com\\\/avatar\\\/fb81a55b6218459490a9c1dc841a34909185b81904c5337b4b27f7a6fd60c49e?s=96&d=mm&r=g\",\"contentUrl\":\"https:\\\/\\\/secure.gravatar.com\\\/avatar\\\/fb81a55b6218459490a9c1dc841a34909185b81904c5337b4b27f7a6fd60c49e?s=96&d=mm&r=g\",\"caption\":\"Lorenzo Verduzco\"}}]}<\/script>\n<!-- \/ Yoast SEO plugin. -->","yoast_head_json":{"title":"Venezuela: La b\u00fasqueda del avi\u00f3n m\u00e9dico extraviado continua en el 9no. d\u00eda - Iglesia Adventista del S\u00e9ptimo D\u00eda - Divisi\u00f3n Interamericana","robots":{"index":"index","follow":"follow","max-snippet":"max-snippet:-1","max-image-preview":"max-image-preview:large","max-video-preview":"max-video-preview:-1"},"canonical":"https:\/\/interamerica.org\/es\/2009\/02\/venezuela-la-busqueda-del-avion-medico-extraviado-continua-en-el-9no-dia\/","og_locale":"es_ES","og_type":"article","og_title":"Venezuela: La b\u00fasqueda del avi\u00f3n m\u00e9dico extraviado continua en el 9no. d\u00eda - Iglesia Adventista del S\u00e9ptimo D\u00eda - Divisi\u00f3n Interamericana","og_description":"Han pasado nueve d\u00edas desde que el avi\u00f3n m\u00e9dico que llevaba tres adventistas del s\u00e9ptimo d\u00eda y otras cuatro personas desapareci\u00f3 en las junglas de La Gran Sabana, Venezuela, pero a pesar de la b\u00fasquda y los","og_url":"https:\/\/interamerica.org\/es\/2009\/02\/venezuela-la-busqueda-del-avion-medico-extraviado-continua-en-el-9no-dia\/","og_site_name":"Iglesia Adventista del S\u00e9ptimo D\u00eda - Divisi\u00f3n Interamericana","article_published_time":"2009-02-25T04:00:00+00:00","article_modified_time":"2017-06-02T13:06:24+00:00","author":"Lorenzo Verduzco","twitter_card":"summary_large_image","twitter_misc":{"Escrito por":"Lorenzo Verduzco","Tiempo de lectura":"2 minutos"},"schema":{"@context":"https:\/\/schema.org","@graph":[{"@type":"Article","@id":"https:\/\/interamerica.org\/es\/2009\/02\/venezuela-la-busqueda-del-avion-medico-extraviado-continua-en-el-9no-dia\/#article","isPartOf":{"@id":"https:\/\/interamerica.org\/es\/2009\/02\/venezuela-la-busqueda-del-avion-medico-extraviado-continua-en-el-9no-dia\/"},"author":{"name":"Lorenzo Verduzco","@id":"https:\/\/interamerica.org\/es\/#\/schema\/person\/68ede8bdc292885bb76c1e3810e73c39"},"headline":"Venezuela: La b\u00fasqueda del avi\u00f3n m\u00e9dico extraviado continua en el 9no. d\u00eda","datePublished":"2009-02-25T04:00:00+00:00","dateModified":"2017-06-02T13:06:24+00:00","mainEntityOfPage":{"@id":"https:\/\/interamerica.org\/es\/2009\/02\/venezuela-la-busqueda-del-avion-medico-extraviado-continua-en-el-9no-dia\/"},"wordCount":329,"articleSection":["Archivo"],"inLanguage":"es"},{"@type":"WebPage","@id":"https:\/\/interamerica.org\/es\/2009\/02\/venezuela-la-busqueda-del-avion-medico-extraviado-continua-en-el-9no-dia\/","url":"https:\/\/interamerica.org\/es\/2009\/02\/venezuela-la-busqueda-del-avion-medico-extraviado-continua-en-el-9no-dia\/","name":"Venezuela: La b\u00fasqueda del avi\u00f3n m\u00e9dico extraviado continua en el 9no. d\u00eda - Iglesia Adventista del S\u00e9ptimo D\u00eda - Divisi\u00f3n Interamericana","isPartOf":{"@id":"https:\/\/interamerica.org\/es\/#website"},"datePublished":"2009-02-25T04:00:00+00:00","dateModified":"2017-06-02T13:06:24+00:00","author":{"@id":"https:\/\/interamerica.org\/es\/#\/schema\/person\/68ede8bdc292885bb76c1e3810e73c39"},"breadcrumb":{"@id":"https:\/\/interamerica.org\/es\/2009\/02\/venezuela-la-busqueda-del-avion-medico-extraviado-continua-en-el-9no-dia\/#breadcrumb"},"inLanguage":"es","potentialAction":[{"@type":"ReadAction","target":["https:\/\/interamerica.org\/es\/2009\/02\/venezuela-la-busqueda-del-avion-medico-extraviado-continua-en-el-9no-dia\/"]}]},{"@type":"BreadcrumbList","@id":"https:\/\/interamerica.org\/es\/2009\/02\/venezuela-la-busqueda-del-avion-medico-extraviado-continua-en-el-9no-dia\/#breadcrumb","itemListElement":[{"@type":"ListItem","position":1,"name":"Home","item":"https:\/\/interamerica.org\/es\/"},{"@type":"ListItem","position":2,"name":"Venezuela: La b\u00fasqueda del avi\u00f3n m\u00e9dico extraviado continua en el 9no. d\u00eda"}]},{"@type":"WebSite","@id":"https:\/\/interamerica.org\/es\/#website","url":"https:\/\/interamerica.org\/es\/","name":"Iglesia Adventista del S\u00e9ptimo D\u00eda - Divisi\u00f3n Interamericana","description":"","potentialAction":[{"@type":"SearchAction","target":{"@type":"EntryPoint","urlTemplate":"https:\/\/interamerica.org\/es\/?s={search_term_string}"},"query-input":{"@type":"PropertyValueSpecification","valueRequired":true,"valueName":"search_term_string"}}],"inLanguage":"es"},{"@type":"Person","@id":"https:\/\/interamerica.org\/es\/#\/schema\/person\/68ede8bdc292885bb76c1e3810e73c39","name":"Lorenzo Verduzco","image":{"@type":"ImageObject","inLanguage":"es","@id":"https:\/\/secure.gravatar.com\/avatar\/fb81a55b6218459490a9c1dc841a34909185b81904c5337b4b27f7a6fd60c49e?s=96&d=mm&r=g","url":"https:\/\/secure.gravatar.com\/avatar\/fb81a55b6218459490a9c1dc841a34909185b81904c5337b4b27f7a6fd60c49e?s=96&d=mm&r=g","contentUrl":"https:\/\/secure.gravatar.com\/avatar\/fb81a55b6218459490a9c1dc841a34909185b81904c5337b4b27f7a6fd60c49e?s=96&d=mm&r=g","caption":"Lorenzo Verduzco"}}]}},"_links":{"self":[{"href":"https:\/\/interamerica.org\/es\/wp-json\/wp\/v2\/posts\/11326","targetHints":{"allow":["GET"]}}],"collection":[{"href":"https:\/\/interamerica.org\/es\/wp-json\/wp\/v2\/posts"}],"about":[{"href":"https:\/\/interamerica.org\/es\/wp-json\/wp\/v2\/types\/post"}],"author":[{"embeddable":true,"href":"https:\/\/interamerica.org\/es\/wp-json\/wp\/v2\/users\/1"}],"replies":[{"embeddable":true,"href":"https:\/\/interamerica.org\/es\/wp-json\/wp\/v2\/comments?post=11326"}],"version-history":[{"count":0,"href":"https:\/\/interamerica.org\/es\/wp-json\/wp\/v2\/posts\/11326\/revisions"}],"wp:attachment":[{"href":"https:\/\/interamerica.org\/es\/wp-json\/wp\/v2\/media?parent=11326"}],"wp:term":[{"taxonomy":"category","embeddable":true,"href":"https:\/\/interamerica.org\/es\/wp-json\/wp\/v2\/categories?post=11326"},{"taxonomy":"post_tag","embeddable":true,"href":"https:\/\/interamerica.org\/es\/wp-json\/wp\/v2\/tags?post=11326"}],"curies":[{"name":"wp","href":"https:\/\/api.w.org\/{rel}","templated":true}]}}