{"id":11329,"date":"2009-02-27T00:00:00","date_gmt":"2009-02-27T04:00:00","guid":{"rendered":"http:\/\/192.81.217.108\/interamerica\/2009\/02\/el-programa-de-cara-a-los-problemas-de-interamerica-reune-a-la-iglesia-en-mexico\/"},"modified":"2017-06-02T09:06:22","modified_gmt":"2017-06-02T13:06:22","slug":"el-programa-de-cara-a-los-problemas-de-interamerica-reune-a-la-iglesia-en-mexico","status":"publish","type":"post","link":"https:\/\/interamerica.org\/es\/2009\/02\/el-programa-de-cara-a-los-problemas-de-interamerica-reune-a-la-iglesia-en-mexico\/","title":{"rendered":"El programa \u00abDe cara a los problemas\u00bb de Interam\u00e9rica re\u00fane a la iglesia en M\u00e9xico"},"content":{"rendered":"<p><em >27 de febrero, 2009<\/em > &#8211; M\u00e9rida, Yucat\u00e1n, M\u00e9xico&#8230; [Libna Stevens\/DIA] <\/p>\n<p>Adventistas del s\u00e9ptimo d\u00eda provenientes de todas las iglesias en M\u00e9xico viajaron de cerca y de lejos para expresar sus preocupaciones y formular sus preguntas al presidente de la iglesia adventista para Interam\u00e9rica, Israel Leito, durante una transmisi\u00f3n por Internet el 21 de febrero, 2009, desde M\u00e9rida, estado de Yucat\u00e1n en M\u00e9xico. <\/p>\n<p>Con el t\u00edtulo \u00abDe cara a los problemas\u00bb, el programa congreg\u00f3 a j\u00f3venes adventistas y a personal laico para el tercero de una serie de conversaciones in\u00e9ditas y sin gui\u00f3n entre los m\u00e1ximos l\u00edderes y miembros de la iglesia. <\/p>\n<p>\u00abEste es un sistema de sondeo moderno y din\u00e1mico en el que grupos con mentalidad propia que represente la iglesia como un todo hablan a fin de que las ideas puedan tomarse de lo que es el sentir de la gente (la iglesia)\u00bb, dijo el pastor Leito al hablarle al grupo representativo en la reuni\u00f3n. \u00abUstedes ha sido elegidos por sus uniones y han venido aqu\u00ed con sus propias preguntas; as\u00ed que aqu\u00ed estoy para contestar sus preguntas\u00bb. <\/p>\n<p>Los miembros de las 42 iglesias que compon\u00eda el grupo selecto, formularon preguntas sobre la estructura y administraci\u00f3n de la organizaci\u00f3n de la iglesia, iniciativas ya listas, <\/p>\n<p>preocupaciones financieras, y la misi\u00f3n y visi\u00f3n de la iglesia para la actualidad y el futuro. Tambi\u00e9n se hicieron preguntas sobre m\u00fasica y su uso en la iglesia para mejorar la experiencia de la adoraci\u00f3n a Dios.   <\/p>\n<p>El pastor Leito respondi\u00f3, \u00abLa iglesia necesita adorar junta, particularmente cantar junta y, a veces juntarse para cantar no se enfatiza lo suficiente.  Si su pregunta tiene que ver con la calidad de la m\u00fasica, la iglesia ha dejado eso a decisi\u00f3n de cada congregaci\u00f3n para que decida qu\u00e9 tipo aceptar\u00e1, porque lo que puede ser aceptable para una congregaci\u00f3n podr\u00eda ser inaceptable para otra.\u00bb <\/p>\n<p>Tambi\u00e9n se escuch\u00f3 una pregunta sobre crear un departamento de m\u00fasica. <\/p>\n<p>\u00abLa Asociaci\u00f3n General acord\u00f3 para que cada organizaci\u00f3n local defina este asunto porque cada cultura es diferente y cada congregaci\u00f3n conoce su medio y escoge la m\u00fasica que habr\u00e1 de elevar los corazones de los que vienen a la iglesia para adorar\u00bb, agreg\u00f3 el pastor Leito. <\/p>\n<p>Se trajo al entorno la crisis que afecta al mundo y a la iglesia en la actualidad. <\/p>\n<p>\u00ab\u00bfC\u00f3mo ha reaccionado la iglesia en Interam\u00e9rica en medio de la crisis econ\u00f3mica y si la iglesia ha considerado recortar sus costos de operaci\u00f3n mudando la oficina de Miami a alg\u00fan pa\u00eds dentro del territorio de la Divisi\u00f3n Interamericana?\u00bb pregunt\u00f3 Francisco Javier Gonz\u00e1lez de la Iglesia Central en la Uni\u00f3n Mexicana del Norte. <\/p>\n<p>El pastor Leito pidi\u00f3 al Pastor Filiberto Verduzco, tesorero de la iglesia en Interam\u00e9rica que respondiera esa pregunta. <\/p>\n<p>\u00abCuando examinamos el comportamiento del ofrendar de los miembros de la iglesia en Interam\u00e9rica, lo \u00fanico que podemos decir es gracias, Se\u00f1or, por la dedicaci\u00f3n con que contamos para el cumplimiento de la misi\u00f3n\u00bb, dijo Verduzco. \u00abLa iglesia en el territorio de Interam\u00e9rica ha sido ricamente bendecida por la generosidad de sus miembros de iglesia\u00bb <\/p>\n<p>Verduzco continu\u00f3 para decir que la administraci\u00f3n de la iglesia ha tomado medidas para reducir costos al posponer importantes eventos de la iglesia, administrando con cuidado las finanzas y aconsejando a los territorios de las uniones a que sean cautelosos con sus gastos igualmente. <\/p>\n<p>Sobre una pregunta respecto a la ubicaci\u00f3n de la sede de la DIA en Miami, el pastor Leito dijo que Miami era el mejor punto de comunicaci\u00f3n y puerto de salida de viaje entre todos los pa\u00edses de \u00cdnter Am\u00e9rica. <\/p>\n<p>Otras preguntas giraron en torno al extenso n\u00famero de iniciativas enviadas a las iglesias, responsabilidades administrativas asignadas a pastores que ya est\u00e1n agotados, la necesidad por m\u00e1s \u00e9nfasis sobre el mensaje de salud y la incrementada necesidad por m\u00e1s enfoque sobre el Esp\u00edritu de Profec\u00eda en la iglesia actual.   <\/p>\n<p>Sobre el reto de atender las grandes ciudades, Ra\u00fal Johnatan Montiel de la ciudad de M\u00e9xico pregunt\u00f3 qu\u00e9 est\u00e1 haciendo la direcci\u00f3n de la iglesia para rescatar a los que han ca\u00eddo en la adicci\u00f3n a la droga, alcoholismo, e inmoralidad sexual. <\/p>\n<p>\u00bfTiene la iglesia un programa profesional que puede traerlos a Cristo?\u00bb pregunt\u00f3 Montiel.   <\/p>\n<p>\u00abDebo confesar que no estamos canalizando los fondos necesarios para esta \u00e1rea, pero por la magnitud de esta crisis presente en el mundo actual, creo que podemos dar m\u00e1s atenci\u00f3n a este reto y enfocarnos en un programa profesional para ayudar\u00bb, asegur\u00f3 el pastor Leito.   <\/p>\n<p>Otro asunto aflor\u00f3 referente a la prevalencia de personas con preferencias sexuales diferentes contra los principios b\u00edblicos lo cual est\u00e1 en aumento cada d\u00eda en la comunidad. <\/p>\n<p>\u00ab\u00bfTiene la Divisi\u00f3n Interamericana un programa que nos ayude para auxiliar a los que necesitan que su vida sea restaurada de estos problemas de la sexualidad y evangelizarlos en la iglesia?\u00bb pregunt\u00f3 Tanely S\u00e1rate de la regi\u00f3n \u00ednter Oce\u00e1nica de M\u00e9xico. <\/p>\n<p>\u00abEs una pregunta muy importante en los tiempos en que estamos viviendo,\u00bb respondi\u00f3 el pastor Leito. \u00abDesafortunadamente, no tenemos un programa para tratar estas personas pero en nuestros esfuerzos evangelizadores generales, abrimos las puertas para ellos como lo hacemos para los ladrones y ad\u00falteros para que todos sepan y acepten a Jes\u00fas\u00bb. <\/p>\n<p>Se presentaron preguntas adicionales que se refirieron a programas disponibles para retener a los nuevos miembros y laicos por servicios adicionales  en la iglesia, m\u00e1s apoyo para los ni\u00f1os en el trabajo de evangelizar y programas adicionales para ayudar a la juventud a darle la cara a los retos actuales.   <\/p>\n<p>Ideas para los l\u00edderes adventistas incluy\u00f3 la necesidad de una red para los solteros entrar en l\u00ednea en espa\u00f1ol, centros comunitarios para ayudar no solo con las necesidades f\u00edsicas, pero tambi\u00e9n con las emocionales, as\u00ed como la necesidad de mejores herramientas para la comunicaci\u00f3n tecnol\u00f3gica para las iglesias y sus organizaciones.   <\/p>\n<p>Otros expresaron preocupaciones por programas que puedan fortalecer a los ni\u00f1os y adolescentes, programas para apoyar lo hijos de pastores, y la necesidad de ense\u00f1ar y habilitar a los j\u00f3venes para que se conviertan en pilares de la verdad en el futuro.   <\/p>\n<p>Ra\u00fal Johnatan Montiel, que posee un grado en administraci\u00f3n industrial y trabaja en la ciudad de M\u00e9xico, dijo que estaba muy complacido por la oportunidad de participar en \u00abDe cara a los problemas\u00bb. <\/p>\n<p>\u00abEstoy contento que los l\u00edderes de la iglesia est\u00e1n dispuesto a abrirse en di\u00e1logo para progresar. Creo que estos tiempos son importantes, tiempos de decisi\u00f3n y es tiempo para todos nosotros o\u00edrnos los unos a los otros a fin de encontrar una mejor forma de cumplir la misi\u00f3n,\u00bb dijo \u00e9l. <\/p>\n<p>En forma similar, Epitacio Dom\u00ednguez de Veracruz dijo que estaba impresionado con las iniciativas de la iglesia para el programa de di\u00e1logo. <\/p>\n<p>\u00abCreo que muchas cosas buenas saldr\u00e1n de estas reuniones\u00bb, dijo \u00e9l. \u00abLa iglesia tiene Buenos l\u00edderes con visi\u00f3n hacia el futuro y me siento feliz de pertenecer a esta organizaci\u00f3n eclesi\u00e1stica\u00bb. <\/p>\n<p>Crear una mejor organizaci\u00f3n eclesi\u00e1stica es un prop\u00f3sito primordial para este di\u00e1logo entre l\u00edderes de la iglesia y miembros, seg\u00fan el pastor Balvin Braham, organizador y asistente del presidente de la DIA.   <\/p>\n<p>\u00abVeo algunos patrones que han aflorado de estos \u00faltimos tres programas de di\u00e1logo que hemos tenido hasta ahora\u00bb, dijo Braham. \u00abNuestra intenci\u00f3n es compilar todas estas preocupaciones y necesidades y presentarlos a la junta y a los departamentos de la Divisi\u00f3n para estudio y acci\u00f3n para el final del a\u00f1o\u00bb.   <\/p>\n<p>El pr\u00f3ximo programa \u00abDe cara a los problemas\u00bb ser\u00e1 un poco diferente, dijo el pastor Leito. <\/p>\n<p>\u00abDespu\u00e9s de haber tenido la experiencia con tres programas sin gui\u00f3n, estamos convencidos de que tenemos que cambiar el formato para hacerlo m\u00e1s di\u00e1logo en vez de un estilo de entrevista\u00bb, dijo el pastor Leito. \u00abHasta ahora ha sido m\u00e1s algo como que se entrevista al presidente y me gustar\u00eda tener m\u00e1s di\u00e1logo con los miembros, tener un poco m\u00e1s de reacci\u00f3n de parte de ellos sobre asuntos que son tambi\u00e9n de nuestro inter\u00e9s para que recopilemos informaci\u00f3n para nuestra planeaci\u00f3n futura y para medir el alcance o el impacto de nuestro plan estrat\u00e9gico\u00bb. <\/p>\n<p>Los programas \u00abDe cara a los problemas\u00bb que ya han sido transmitido por la Internet, est\u00e1n programados para ser difundidos por el canal adventista Esperanza TV en fecha diferida. <\/p>\n<p>El pr\u00f3ximo di\u00e1logo sin gui\u00f3n \u00abDe cara a los problemas\u00bb tendr\u00e1 lugar en <em >Port-au-Prince<\/em >, Hait\u00ed, el 7 de marzo, 2009. <\/p>\n<p>Para m\u00e1s informaci\u00f3n sobre el di\u00e1logo \u00abDe cara a los problemas de Interam\u00e9rica y para ver la pr\u00f3xima transmisi\u00f3n por la Web, entre a <a  href=\"https:\/\/recursing-golick.147-182-135-0.plesk.page\/\">www.interamerica.org<\/a >. <\/p><\/p>\n","protected":false},"excerpt":{"rendered":"<p>Adventistas del s\u00e9ptimo d\u00eda provenientes de todas las iglesias en M\u00e9xico viajaron de cerca y de lejos para expresar sus preocupaciones y formular preguntas al presidente de la iglesia adventista para Interam\u00e9rica, Israel Leito.<\/p>\n","protected":false},"author":1,"featured_media":0,"comment_status":"closed","ping_status":"closed","sticky":false,"template":"","format":"standard","meta":{"_acf_changed":false,"footnotes":""},"categories":[8],"tags":[],"class_list":["post-11329","post","type-post","status-publish","format-standard","hentry","category-archivo"],"acf":[],"yoast_head":"<!-- This site is optimized with the Yoast SEO plugin v27.3 - https:\/\/yoast.com\/product\/yoast-seo-wordpress\/ -->\n<title>El programa &quot;De cara a los problemas&quot; de Interam\u00e9rica re\u00fane a la iglesia en M\u00e9xico - Iglesia Adventista del S\u00e9ptimo D\u00eda - Divisi\u00f3n Interamericana<\/title>\n<meta name=\"robots\" content=\"index, follow, max-snippet:-1, max-image-preview:large, max-video-preview:-1\" \/>\n<link rel=\"canonical\" href=\"https:\/\/interamerica.org\/es\/2009\/02\/el-programa-de-cara-a-los-problemas-de-interamerica-reune-a-la-iglesia-en-mexico\/\" \/>\n<meta property=\"og:locale\" content=\"es_ES\" \/>\n<meta property=\"og:type\" content=\"article\" \/>\n<meta property=\"og:title\" content=\"El programa &quot;De cara a los problemas&quot; de Interam\u00e9rica re\u00fane a la iglesia en M\u00e9xico - Iglesia Adventista del S\u00e9ptimo D\u00eda - Divisi\u00f3n Interamericana\" \/>\n<meta property=\"og:description\" content=\"Adventistas del s\u00e9ptimo d\u00eda provenientes de todas las iglesias en M\u00e9xico viajaron de cerca y de lejos para expresar sus preocupaciones y formular preguntas al presidente de la iglesia adventista para Interam\u00e9rica, Israel Leito.\" \/>\n<meta property=\"og:url\" content=\"https:\/\/interamerica.org\/es\/2009\/02\/el-programa-de-cara-a-los-problemas-de-interamerica-reune-a-la-iglesia-en-mexico\/\" \/>\n<meta property=\"og:site_name\" content=\"Iglesia Adventista del S\u00e9ptimo D\u00eda - Divisi\u00f3n Interamericana\" \/>\n<meta property=\"article:published_time\" content=\"2009-02-27T04:00:00+00:00\" \/>\n<meta property=\"article:modified_time\" content=\"2017-06-02T13:06:22+00:00\" \/>\n<meta name=\"author\" content=\"Lorenzo Verduzco\" \/>\n<meta name=\"twitter:card\" content=\"summary_large_image\" \/>\n<meta name=\"twitter:label1\" content=\"Escrito por\" \/>\n\t<meta name=\"twitter:data1\" content=\"Lorenzo Verduzco\" \/>\n\t<meta name=\"twitter:label2\" content=\"Tiempo de lectura\" \/>\n\t<meta name=\"twitter:data2\" content=\"8 minutos\" \/>\n<script type=\"application\/ld+json\" class=\"yoast-schema-graph\">{\"@context\":\"https:\\\/\\\/schema.org\",\"@graph\":[{\"@type\":\"Article\",\"@id\":\"https:\\\/\\\/interamerica.org\\\/es\\\/2009\\\/02\\\/el-programa-de-cara-a-los-problemas-de-interamerica-reune-a-la-iglesia-en-mexico\\\/#article\",\"isPartOf\":{\"@id\":\"https:\\\/\\\/interamerica.org\\\/es\\\/2009\\\/02\\\/el-programa-de-cara-a-los-problemas-de-interamerica-reune-a-la-iglesia-en-mexico\\\/\"},\"author\":{\"name\":\"Lorenzo Verduzco\",\"@id\":\"https:\\\/\\\/interamerica.org\\\/es\\\/#\\\/schema\\\/person\\\/68ede8bdc292885bb76c1e3810e73c39\"},\"headline\":\"El programa \u00abDe cara a los problemas\u00bb de Interam\u00e9rica re\u00fane a la iglesia en M\u00e9xico\",\"datePublished\":\"2009-02-27T04:00:00+00:00\",\"dateModified\":\"2017-06-02T13:06:22+00:00\",\"mainEntityOfPage\":{\"@id\":\"https:\\\/\\\/interamerica.org\\\/es\\\/2009\\\/02\\\/el-programa-de-cara-a-los-problemas-de-interamerica-reune-a-la-iglesia-en-mexico\\\/\"},\"wordCount\":1565,\"articleSection\":[\"Archivo\"],\"inLanguage\":\"es\"},{\"@type\":\"WebPage\",\"@id\":\"https:\\\/\\\/interamerica.org\\\/es\\\/2009\\\/02\\\/el-programa-de-cara-a-los-problemas-de-interamerica-reune-a-la-iglesia-en-mexico\\\/\",\"url\":\"https:\\\/\\\/interamerica.org\\\/es\\\/2009\\\/02\\\/el-programa-de-cara-a-los-problemas-de-interamerica-reune-a-la-iglesia-en-mexico\\\/\",\"name\":\"El programa \\\"De cara a los problemas\\\" de Interam\u00e9rica re\u00fane a la iglesia en M\u00e9xico - Iglesia Adventista del S\u00e9ptimo D\u00eda - Divisi\u00f3n Interamericana\",\"isPartOf\":{\"@id\":\"https:\\\/\\\/interamerica.org\\\/es\\\/#website\"},\"datePublished\":\"2009-02-27T04:00:00+00:00\",\"dateModified\":\"2017-06-02T13:06:22+00:00\",\"author\":{\"@id\":\"https:\\\/\\\/interamerica.org\\\/es\\\/#\\\/schema\\\/person\\\/68ede8bdc292885bb76c1e3810e73c39\"},\"breadcrumb\":{\"@id\":\"https:\\\/\\\/interamerica.org\\\/es\\\/2009\\\/02\\\/el-programa-de-cara-a-los-problemas-de-interamerica-reune-a-la-iglesia-en-mexico\\\/#breadcrumb\"},\"inLanguage\":\"es\",\"potentialAction\":[{\"@type\":\"ReadAction\",\"target\":[\"https:\\\/\\\/interamerica.org\\\/es\\\/2009\\\/02\\\/el-programa-de-cara-a-los-problemas-de-interamerica-reune-a-la-iglesia-en-mexico\\\/\"]}]},{\"@type\":\"BreadcrumbList\",\"@id\":\"https:\\\/\\\/interamerica.org\\\/es\\\/2009\\\/02\\\/el-programa-de-cara-a-los-problemas-de-interamerica-reune-a-la-iglesia-en-mexico\\\/#breadcrumb\",\"itemListElement\":[{\"@type\":\"ListItem\",\"position\":1,\"name\":\"Home\",\"item\":\"https:\\\/\\\/interamerica.org\\\/es\\\/\"},{\"@type\":\"ListItem\",\"position\":2,\"name\":\"El programa \u00abDe cara a los problemas\u00bb de Interam\u00e9rica re\u00fane a la iglesia en M\u00e9xico\"}]},{\"@type\":\"WebSite\",\"@id\":\"https:\\\/\\\/interamerica.org\\\/es\\\/#website\",\"url\":\"https:\\\/\\\/interamerica.org\\\/es\\\/\",\"name\":\"Iglesia Adventista del S\u00e9ptimo D\u00eda - Divisi\u00f3n Interamericana\",\"description\":\"\",\"potentialAction\":[{\"@type\":\"SearchAction\",\"target\":{\"@type\":\"EntryPoint\",\"urlTemplate\":\"https:\\\/\\\/interamerica.org\\\/es\\\/?s={search_term_string}\"},\"query-input\":{\"@type\":\"PropertyValueSpecification\",\"valueRequired\":true,\"valueName\":\"search_term_string\"}}],\"inLanguage\":\"es\"},{\"@type\":\"Person\",\"@id\":\"https:\\\/\\\/interamerica.org\\\/es\\\/#\\\/schema\\\/person\\\/68ede8bdc292885bb76c1e3810e73c39\",\"name\":\"Lorenzo Verduzco\",\"image\":{\"@type\":\"ImageObject\",\"inLanguage\":\"es\",\"@id\":\"https:\\\/\\\/secure.gravatar.com\\\/avatar\\\/fb81a55b6218459490a9c1dc841a34909185b81904c5337b4b27f7a6fd60c49e?s=96&d=mm&r=g\",\"url\":\"https:\\\/\\\/secure.gravatar.com\\\/avatar\\\/fb81a55b6218459490a9c1dc841a34909185b81904c5337b4b27f7a6fd60c49e?s=96&d=mm&r=g\",\"contentUrl\":\"https:\\\/\\\/secure.gravatar.com\\\/avatar\\\/fb81a55b6218459490a9c1dc841a34909185b81904c5337b4b27f7a6fd60c49e?s=96&d=mm&r=g\",\"caption\":\"Lorenzo Verduzco\"}}]}<\/script>\n<!-- \/ Yoast SEO plugin. -->","yoast_head_json":{"title":"El programa \"De cara a los problemas\" de Interam\u00e9rica re\u00fane a la iglesia en M\u00e9xico - Iglesia Adventista del S\u00e9ptimo D\u00eda - Divisi\u00f3n Interamericana","robots":{"index":"index","follow":"follow","max-snippet":"max-snippet:-1","max-image-preview":"max-image-preview:large","max-video-preview":"max-video-preview:-1"},"canonical":"https:\/\/interamerica.org\/es\/2009\/02\/el-programa-de-cara-a-los-problemas-de-interamerica-reune-a-la-iglesia-en-mexico\/","og_locale":"es_ES","og_type":"article","og_title":"El programa \"De cara a los problemas\" de Interam\u00e9rica re\u00fane a la iglesia en M\u00e9xico - Iglesia Adventista del S\u00e9ptimo D\u00eda - Divisi\u00f3n Interamericana","og_description":"Adventistas del s\u00e9ptimo d\u00eda provenientes de todas las iglesias en M\u00e9xico viajaron de cerca y de lejos para expresar sus preocupaciones y formular preguntas al presidente de la iglesia adventista para Interam\u00e9rica, Israel Leito.","og_url":"https:\/\/interamerica.org\/es\/2009\/02\/el-programa-de-cara-a-los-problemas-de-interamerica-reune-a-la-iglesia-en-mexico\/","og_site_name":"Iglesia Adventista del S\u00e9ptimo D\u00eda - Divisi\u00f3n Interamericana","article_published_time":"2009-02-27T04:00:00+00:00","article_modified_time":"2017-06-02T13:06:22+00:00","author":"Lorenzo Verduzco","twitter_card":"summary_large_image","twitter_misc":{"Escrito por":"Lorenzo Verduzco","Tiempo de lectura":"8 minutos"},"schema":{"@context":"https:\/\/schema.org","@graph":[{"@type":"Article","@id":"https:\/\/interamerica.org\/es\/2009\/02\/el-programa-de-cara-a-los-problemas-de-interamerica-reune-a-la-iglesia-en-mexico\/#article","isPartOf":{"@id":"https:\/\/interamerica.org\/es\/2009\/02\/el-programa-de-cara-a-los-problemas-de-interamerica-reune-a-la-iglesia-en-mexico\/"},"author":{"name":"Lorenzo Verduzco","@id":"https:\/\/interamerica.org\/es\/#\/schema\/person\/68ede8bdc292885bb76c1e3810e73c39"},"headline":"El programa \u00abDe cara a los problemas\u00bb de Interam\u00e9rica re\u00fane a la iglesia en M\u00e9xico","datePublished":"2009-02-27T04:00:00+00:00","dateModified":"2017-06-02T13:06:22+00:00","mainEntityOfPage":{"@id":"https:\/\/interamerica.org\/es\/2009\/02\/el-programa-de-cara-a-los-problemas-de-interamerica-reune-a-la-iglesia-en-mexico\/"},"wordCount":1565,"articleSection":["Archivo"],"inLanguage":"es"},{"@type":"WebPage","@id":"https:\/\/interamerica.org\/es\/2009\/02\/el-programa-de-cara-a-los-problemas-de-interamerica-reune-a-la-iglesia-en-mexico\/","url":"https:\/\/interamerica.org\/es\/2009\/02\/el-programa-de-cara-a-los-problemas-de-interamerica-reune-a-la-iglesia-en-mexico\/","name":"El programa \"De cara a los problemas\" de Interam\u00e9rica re\u00fane a la iglesia en M\u00e9xico - Iglesia Adventista del S\u00e9ptimo D\u00eda - Divisi\u00f3n Interamericana","isPartOf":{"@id":"https:\/\/interamerica.org\/es\/#website"},"datePublished":"2009-02-27T04:00:00+00:00","dateModified":"2017-06-02T13:06:22+00:00","author":{"@id":"https:\/\/interamerica.org\/es\/#\/schema\/person\/68ede8bdc292885bb76c1e3810e73c39"},"breadcrumb":{"@id":"https:\/\/interamerica.org\/es\/2009\/02\/el-programa-de-cara-a-los-problemas-de-interamerica-reune-a-la-iglesia-en-mexico\/#breadcrumb"},"inLanguage":"es","potentialAction":[{"@type":"ReadAction","target":["https:\/\/interamerica.org\/es\/2009\/02\/el-programa-de-cara-a-los-problemas-de-interamerica-reune-a-la-iglesia-en-mexico\/"]}]},{"@type":"BreadcrumbList","@id":"https:\/\/interamerica.org\/es\/2009\/02\/el-programa-de-cara-a-los-problemas-de-interamerica-reune-a-la-iglesia-en-mexico\/#breadcrumb","itemListElement":[{"@type":"ListItem","position":1,"name":"Home","item":"https:\/\/interamerica.org\/es\/"},{"@type":"ListItem","position":2,"name":"El programa \u00abDe cara a los problemas\u00bb de Interam\u00e9rica re\u00fane a la iglesia en M\u00e9xico"}]},{"@type":"WebSite","@id":"https:\/\/interamerica.org\/es\/#website","url":"https:\/\/interamerica.org\/es\/","name":"Iglesia Adventista del S\u00e9ptimo D\u00eda - Divisi\u00f3n Interamericana","description":"","potentialAction":[{"@type":"SearchAction","target":{"@type":"EntryPoint","urlTemplate":"https:\/\/interamerica.org\/es\/?s={search_term_string}"},"query-input":{"@type":"PropertyValueSpecification","valueRequired":true,"valueName":"search_term_string"}}],"inLanguage":"es"},{"@type":"Person","@id":"https:\/\/interamerica.org\/es\/#\/schema\/person\/68ede8bdc292885bb76c1e3810e73c39","name":"Lorenzo Verduzco","image":{"@type":"ImageObject","inLanguage":"es","@id":"https:\/\/secure.gravatar.com\/avatar\/fb81a55b6218459490a9c1dc841a34909185b81904c5337b4b27f7a6fd60c49e?s=96&d=mm&r=g","url":"https:\/\/secure.gravatar.com\/avatar\/fb81a55b6218459490a9c1dc841a34909185b81904c5337b4b27f7a6fd60c49e?s=96&d=mm&r=g","contentUrl":"https:\/\/secure.gravatar.com\/avatar\/fb81a55b6218459490a9c1dc841a34909185b81904c5337b4b27f7a6fd60c49e?s=96&d=mm&r=g","caption":"Lorenzo Verduzco"}}]}},"_links":{"self":[{"href":"https:\/\/interamerica.org\/es\/wp-json\/wp\/v2\/posts\/11329","targetHints":{"allow":["GET"]}}],"collection":[{"href":"https:\/\/interamerica.org\/es\/wp-json\/wp\/v2\/posts"}],"about":[{"href":"https:\/\/interamerica.org\/es\/wp-json\/wp\/v2\/types\/post"}],"author":[{"embeddable":true,"href":"https:\/\/interamerica.org\/es\/wp-json\/wp\/v2\/users\/1"}],"replies":[{"embeddable":true,"href":"https:\/\/interamerica.org\/es\/wp-json\/wp\/v2\/comments?post=11329"}],"version-history":[{"count":0,"href":"https:\/\/interamerica.org\/es\/wp-json\/wp\/v2\/posts\/11329\/revisions"}],"wp:attachment":[{"href":"https:\/\/interamerica.org\/es\/wp-json\/wp\/v2\/media?parent=11329"}],"wp:term":[{"taxonomy":"category","embeddable":true,"href":"https:\/\/interamerica.org\/es\/wp-json\/wp\/v2\/categories?post=11329"},{"taxonomy":"post_tag","embeddable":true,"href":"https:\/\/interamerica.org\/es\/wp-json\/wp\/v2\/tags?post=11329"}],"curies":[{"name":"wp","href":"https:\/\/api.w.org\/{rel}","templated":true}]}}