{"id":11331,"date":"2009-03-03T00:00:00","date_gmt":"2009-03-03T04:00:00","guid":{"rendered":"http:\/\/192.81.217.108\/interamerica\/2009\/03\/indias-occidentales-la-iglesia-elige-nuevo-liderazgo\/"},"modified":"2017-06-02T09:06:20","modified_gmt":"2017-06-02T13:06:20","slug":"indias-occidentales-la-iglesia-elige-nuevo-liderazgo","status":"publish","type":"post","link":"https:\/\/interamerica.org\/es\/2009\/03\/indias-occidentales-la-iglesia-elige-nuevo-liderazgo\/","title":{"rendered":"Indias Occidentales: La iglesia elige nuevo liderazgo"},"content":{"rendered":"<p>2 de marzo, 2009 &#8211; Kingston, Jamaica&#8230;.Mark A. Kellner, Editor de Noticias, Mundo Adventista&#8230; <\/p>\n<p>M\u00e1s de 250,000 adventistas del s\u00e9ptimo d\u00eda en la Uni\u00f3n de las Indias Occidentales tienen nuevos dirigentes hoy: el 28 de febrero, los pastores Derek Bignall y Glenn O. Samuels fueron posesionados como presidente y secretario ejecutivo de la Uni\u00f3n Asociaci\u00f3n de las Indias Occidentales en un acto en Kingston, Jamaica. <\/p>\n<p>Es, probablemente, la \u00fanica vez que Bignall, de 61 a\u00f1os, seguir\u00e1 a su precursor inmediato en el mismo trabajo: El Dr. Patrick Linton Allen, ON, presidente anterior de la Uni\u00f3n, ahora es el Gobernador General de Jamaica, o Jefe de Estado. <\/p>\n<p>Respondiendo al asunto ret\u00f3rico de si \u00e9l estaba listo para dirigir, Bignall dijo, \u00abNo. Tenemos un l\u00edder, y ese es el se\u00f1or Jesucristo. Estoy listo para servir\u00bb. Bignall expres\u00f3 a la muchedumbre a capacidad en la Iglesia Adventista del S\u00e9ptimo D\u00eda Andrews Memorial en Kingston que no estaba aceptando el puesto para \u00abcontrastar curso, pero para seguir adelante\u00bb. <\/p>\n<p>Desafi\u00f3 a su audiencia para que \u00abayude a una persona cada d\u00eda\u00bb, e indic\u00f3, \u00abqu\u00e9 mundo tendr\u00edamos si los 263.000 adventistas del s\u00e9ptimo d\u00eda en la Uni\u00f3n de las Indias Occidentales ayudara intencionalmente a una persona cada d\u00eda\u00bb. <\/p>\n<p>\u00abBignall tambi\u00e9n dijo que su administraci\u00f3n ser\u00eda caracterizada por un \u00e9nfasis en la Biblia y los escritos del Esp\u00edritu de Profec\u00eda de Elena G. White, pionera cofundadora del movimiento adventista del s\u00e9ptimo d\u00eda. Sus observaciones fueron precedidas por comentarios de Samuels, que llega a la Uni\u00f3n despu\u00e9s de su desempe\u00f1o como presidente de la Asociaci\u00f3n del Oeste de Jamaica. En sus observaciones, Samuels elogi\u00f3 a Allen, y dijo, \u00abA nosotros se nos ha legado la herencia de una rara visi\u00f3n que nos ha retado. &#8230; Creemos que la iglesia de Dios debe crecer no importa cu\u00e1les puedan ser las probabilidades\u00bb. <\/p>\n<p>\u00abMi primera oportunidad de hablar en la iglesia desde la semana pasada se bas\u00f3 en lo que \u00e9l indic\u00f3\u00bb, dijo c\u00e1lidamente de su sucesor y nuevo secretario ejecutivo el Gobernador General Allen, anterior presidente de la Uni\u00f3n. <\/p>\n<p>\u00abLos consigno a usted como caballeros del honor y dignos de vuestro apoyo\u00bb, dijo Allen. \u00abS\u00e9 que les servir\u00e1n bien. Les extendemos nuestros mejores deseos, [y] yo creo que tenemos una buena administraci\u00f3n en la Uni\u00f3n de las Indias Occidentales. <\/p>\n<p>.\u00bbEl Dr. Herbert Thompson, presidente de la Universidad Norte\u00f1a del Caribe, dijo que estaba \u00aborgulloso de que la direcci\u00f3n de nuestra la uni\u00f3n es toda de graduados de NCU, \u00bb y que \u00abBignall debe despertarnos una vez m\u00e1s\u00bb mientras sigue liderando. <\/p>\n<p>Bignall sirvi\u00f3 como secretario ejecutivo de la Uni\u00f3n desde 2005, despu\u00e9s de m\u00e1s de 34 a\u00f1os de servicio a la iglesia. <\/p>\n<p>Graduado del Colegio de las Indias Occidentales (actualmente Universidad Norte\u00f1a del Caribe), y de la Universidad Andrews, Berrien Springs, Michigan, Bignall tiene un Bachillerato en Teolog\u00eda y una Maestr\u00eda en Educaci\u00f3n. En la actualidad sigue un Doctorado en Filosof\u00eda de la Educaci\u00f3n en NCU. Est\u00e1 casado con Yvonne y tienen una hija, Shelli-Gaye Simone, que en la actualidad est\u00e1 en su \u00faltimo a\u00f1o universitario en NCU. <\/p>\n<p>En la Uni\u00f3n de las Indias Occidentales, que abarca los territorios de Jamaica, de las Bahamas, de las Islas Turcos y Caicos y las Islas Caim\u00e1n, hay m\u00e1s de 262.000 miembros que adoran en m\u00e1s de 735 congregaciones adventistas del s\u00e9ptimo d\u00eda. <\/p>\n","protected":false},"excerpt":{"rendered":"<p>M\u00e1s de 260,000 adventistas en la Uni\u00f3n de las Indias Occidentales tienen nuevos dirigentes hoy. El 28 de febrero, los pastores Derek Bignall y Glenn O. Samuels fueron posesionados como presidente y secretario ejecutivo de la Uni\u00f3n Aso<\/p>\n","protected":false},"author":1,"featured_media":0,"comment_status":"closed","ping_status":"closed","sticky":false,"template":"","format":"standard","meta":{"_acf_changed":false,"footnotes":""},"categories":[8],"tags":[],"class_list":["post-11331","post","type-post","status-publish","format-standard","hentry","category-archivo"],"acf":[],"yoast_head":"<!-- This site is optimized with the Yoast SEO plugin v27.3 - https:\/\/yoast.com\/product\/yoast-seo-wordpress\/ -->\n<title>Indias Occidentales: La iglesia elige nuevo liderazgo - Iglesia Adventista del S\u00e9ptimo D\u00eda - Divisi\u00f3n Interamericana<\/title>\n<meta name=\"robots\" content=\"index, follow, max-snippet:-1, max-image-preview:large, max-video-preview:-1\" \/>\n<link rel=\"canonical\" href=\"https:\/\/interamerica.org\/es\/2009\/03\/indias-occidentales-la-iglesia-elige-nuevo-liderazgo\/\" \/>\n<meta property=\"og:locale\" content=\"es_ES\" \/>\n<meta property=\"og:type\" content=\"article\" \/>\n<meta property=\"og:title\" content=\"Indias Occidentales: La iglesia elige nuevo liderazgo - Iglesia Adventista del S\u00e9ptimo D\u00eda - Divisi\u00f3n Interamericana\" \/>\n<meta property=\"og:description\" content=\"M\u00e1s de 260,000 adventistas en la Uni\u00f3n de las Indias Occidentales tienen nuevos dirigentes hoy. El 28 de febrero, los pastores Derek Bignall y Glenn O. Samuels fueron posesionados como presidente y secretario ejecutivo de la Uni\u00f3n Aso\" \/>\n<meta property=\"og:url\" content=\"https:\/\/interamerica.org\/es\/2009\/03\/indias-occidentales-la-iglesia-elige-nuevo-liderazgo\/\" \/>\n<meta property=\"og:site_name\" content=\"Iglesia Adventista del S\u00e9ptimo D\u00eda - Divisi\u00f3n Interamericana\" \/>\n<meta property=\"article:published_time\" content=\"2009-03-03T04:00:00+00:00\" \/>\n<meta property=\"article:modified_time\" content=\"2017-06-02T13:06:20+00:00\" \/>\n<meta name=\"author\" content=\"Lorenzo Verduzco\" \/>\n<meta name=\"twitter:card\" content=\"summary_large_image\" \/>\n<meta name=\"twitter:label1\" content=\"Escrito por\" \/>\n\t<meta name=\"twitter:data1\" content=\"Lorenzo Verduzco\" \/>\n\t<meta name=\"twitter:label2\" content=\"Tiempo de lectura\" \/>\n\t<meta name=\"twitter:data2\" content=\"3 minutos\" \/>\n<script type=\"application\/ld+json\" class=\"yoast-schema-graph\">{\"@context\":\"https:\\\/\\\/schema.org\",\"@graph\":[{\"@type\":\"Article\",\"@id\":\"https:\\\/\\\/interamerica.org\\\/es\\\/2009\\\/03\\\/indias-occidentales-la-iglesia-elige-nuevo-liderazgo\\\/#article\",\"isPartOf\":{\"@id\":\"https:\\\/\\\/interamerica.org\\\/es\\\/2009\\\/03\\\/indias-occidentales-la-iglesia-elige-nuevo-liderazgo\\\/\"},\"author\":{\"name\":\"Lorenzo Verduzco\",\"@id\":\"https:\\\/\\\/interamerica.org\\\/es\\\/#\\\/schema\\\/person\\\/68ede8bdc292885bb76c1e3810e73c39\"},\"headline\":\"Indias Occidentales: La iglesia elige nuevo liderazgo\",\"datePublished\":\"2009-03-03T04:00:00+00:00\",\"dateModified\":\"2017-06-02T13:06:20+00:00\",\"mainEntityOfPage\":{\"@id\":\"https:\\\/\\\/interamerica.org\\\/es\\\/2009\\\/03\\\/indias-occidentales-la-iglesia-elige-nuevo-liderazgo\\\/\"},\"wordCount\":603,\"articleSection\":[\"Archivo\"],\"inLanguage\":\"es\"},{\"@type\":\"WebPage\",\"@id\":\"https:\\\/\\\/interamerica.org\\\/es\\\/2009\\\/03\\\/indias-occidentales-la-iglesia-elige-nuevo-liderazgo\\\/\",\"url\":\"https:\\\/\\\/interamerica.org\\\/es\\\/2009\\\/03\\\/indias-occidentales-la-iglesia-elige-nuevo-liderazgo\\\/\",\"name\":\"Indias Occidentales: La iglesia elige nuevo liderazgo - Iglesia Adventista del S\u00e9ptimo D\u00eda - Divisi\u00f3n Interamericana\",\"isPartOf\":{\"@id\":\"https:\\\/\\\/interamerica.org\\\/es\\\/#website\"},\"datePublished\":\"2009-03-03T04:00:00+00:00\",\"dateModified\":\"2017-06-02T13:06:20+00:00\",\"author\":{\"@id\":\"https:\\\/\\\/interamerica.org\\\/es\\\/#\\\/schema\\\/person\\\/68ede8bdc292885bb76c1e3810e73c39\"},\"breadcrumb\":{\"@id\":\"https:\\\/\\\/interamerica.org\\\/es\\\/2009\\\/03\\\/indias-occidentales-la-iglesia-elige-nuevo-liderazgo\\\/#breadcrumb\"},\"inLanguage\":\"es\",\"potentialAction\":[{\"@type\":\"ReadAction\",\"target\":[\"https:\\\/\\\/interamerica.org\\\/es\\\/2009\\\/03\\\/indias-occidentales-la-iglesia-elige-nuevo-liderazgo\\\/\"]}]},{\"@type\":\"BreadcrumbList\",\"@id\":\"https:\\\/\\\/interamerica.org\\\/es\\\/2009\\\/03\\\/indias-occidentales-la-iglesia-elige-nuevo-liderazgo\\\/#breadcrumb\",\"itemListElement\":[{\"@type\":\"ListItem\",\"position\":1,\"name\":\"Home\",\"item\":\"https:\\\/\\\/interamerica.org\\\/es\\\/\"},{\"@type\":\"ListItem\",\"position\":2,\"name\":\"Indias Occidentales: La iglesia elige nuevo liderazgo\"}]},{\"@type\":\"WebSite\",\"@id\":\"https:\\\/\\\/interamerica.org\\\/es\\\/#website\",\"url\":\"https:\\\/\\\/interamerica.org\\\/es\\\/\",\"name\":\"Iglesia Adventista del S\u00e9ptimo D\u00eda - Divisi\u00f3n Interamericana\",\"description\":\"\",\"potentialAction\":[{\"@type\":\"SearchAction\",\"target\":{\"@type\":\"EntryPoint\",\"urlTemplate\":\"https:\\\/\\\/interamerica.org\\\/es\\\/?s={search_term_string}\"},\"query-input\":{\"@type\":\"PropertyValueSpecification\",\"valueRequired\":true,\"valueName\":\"search_term_string\"}}],\"inLanguage\":\"es\"},{\"@type\":\"Person\",\"@id\":\"https:\\\/\\\/interamerica.org\\\/es\\\/#\\\/schema\\\/person\\\/68ede8bdc292885bb76c1e3810e73c39\",\"name\":\"Lorenzo Verduzco\",\"image\":{\"@type\":\"ImageObject\",\"inLanguage\":\"es\",\"@id\":\"https:\\\/\\\/secure.gravatar.com\\\/avatar\\\/fb81a55b6218459490a9c1dc841a34909185b81904c5337b4b27f7a6fd60c49e?s=96&d=mm&r=g\",\"url\":\"https:\\\/\\\/secure.gravatar.com\\\/avatar\\\/fb81a55b6218459490a9c1dc841a34909185b81904c5337b4b27f7a6fd60c49e?s=96&d=mm&r=g\",\"contentUrl\":\"https:\\\/\\\/secure.gravatar.com\\\/avatar\\\/fb81a55b6218459490a9c1dc841a34909185b81904c5337b4b27f7a6fd60c49e?s=96&d=mm&r=g\",\"caption\":\"Lorenzo Verduzco\"}}]}<\/script>\n<!-- \/ Yoast SEO plugin. -->","yoast_head_json":{"title":"Indias Occidentales: La iglesia elige nuevo liderazgo - Iglesia Adventista del S\u00e9ptimo D\u00eda - Divisi\u00f3n Interamericana","robots":{"index":"index","follow":"follow","max-snippet":"max-snippet:-1","max-image-preview":"max-image-preview:large","max-video-preview":"max-video-preview:-1"},"canonical":"https:\/\/interamerica.org\/es\/2009\/03\/indias-occidentales-la-iglesia-elige-nuevo-liderazgo\/","og_locale":"es_ES","og_type":"article","og_title":"Indias Occidentales: La iglesia elige nuevo liderazgo - Iglesia Adventista del S\u00e9ptimo D\u00eda - Divisi\u00f3n Interamericana","og_description":"M\u00e1s de 260,000 adventistas en la Uni\u00f3n de las Indias Occidentales tienen nuevos dirigentes hoy. El 28 de febrero, los pastores Derek Bignall y Glenn O. Samuels fueron posesionados como presidente y secretario ejecutivo de la Uni\u00f3n Aso","og_url":"https:\/\/interamerica.org\/es\/2009\/03\/indias-occidentales-la-iglesia-elige-nuevo-liderazgo\/","og_site_name":"Iglesia Adventista del S\u00e9ptimo D\u00eda - Divisi\u00f3n Interamericana","article_published_time":"2009-03-03T04:00:00+00:00","article_modified_time":"2017-06-02T13:06:20+00:00","author":"Lorenzo Verduzco","twitter_card":"summary_large_image","twitter_misc":{"Escrito por":"Lorenzo Verduzco","Tiempo de lectura":"3 minutos"},"schema":{"@context":"https:\/\/schema.org","@graph":[{"@type":"Article","@id":"https:\/\/interamerica.org\/es\/2009\/03\/indias-occidentales-la-iglesia-elige-nuevo-liderazgo\/#article","isPartOf":{"@id":"https:\/\/interamerica.org\/es\/2009\/03\/indias-occidentales-la-iglesia-elige-nuevo-liderazgo\/"},"author":{"name":"Lorenzo Verduzco","@id":"https:\/\/interamerica.org\/es\/#\/schema\/person\/68ede8bdc292885bb76c1e3810e73c39"},"headline":"Indias Occidentales: La iglesia elige nuevo liderazgo","datePublished":"2009-03-03T04:00:00+00:00","dateModified":"2017-06-02T13:06:20+00:00","mainEntityOfPage":{"@id":"https:\/\/interamerica.org\/es\/2009\/03\/indias-occidentales-la-iglesia-elige-nuevo-liderazgo\/"},"wordCount":603,"articleSection":["Archivo"],"inLanguage":"es"},{"@type":"WebPage","@id":"https:\/\/interamerica.org\/es\/2009\/03\/indias-occidentales-la-iglesia-elige-nuevo-liderazgo\/","url":"https:\/\/interamerica.org\/es\/2009\/03\/indias-occidentales-la-iglesia-elige-nuevo-liderazgo\/","name":"Indias Occidentales: La iglesia elige nuevo liderazgo - Iglesia Adventista del S\u00e9ptimo D\u00eda - Divisi\u00f3n Interamericana","isPartOf":{"@id":"https:\/\/interamerica.org\/es\/#website"},"datePublished":"2009-03-03T04:00:00+00:00","dateModified":"2017-06-02T13:06:20+00:00","author":{"@id":"https:\/\/interamerica.org\/es\/#\/schema\/person\/68ede8bdc292885bb76c1e3810e73c39"},"breadcrumb":{"@id":"https:\/\/interamerica.org\/es\/2009\/03\/indias-occidentales-la-iglesia-elige-nuevo-liderazgo\/#breadcrumb"},"inLanguage":"es","potentialAction":[{"@type":"ReadAction","target":["https:\/\/interamerica.org\/es\/2009\/03\/indias-occidentales-la-iglesia-elige-nuevo-liderazgo\/"]}]},{"@type":"BreadcrumbList","@id":"https:\/\/interamerica.org\/es\/2009\/03\/indias-occidentales-la-iglesia-elige-nuevo-liderazgo\/#breadcrumb","itemListElement":[{"@type":"ListItem","position":1,"name":"Home","item":"https:\/\/interamerica.org\/es\/"},{"@type":"ListItem","position":2,"name":"Indias Occidentales: La iglesia elige nuevo liderazgo"}]},{"@type":"WebSite","@id":"https:\/\/interamerica.org\/es\/#website","url":"https:\/\/interamerica.org\/es\/","name":"Iglesia Adventista del S\u00e9ptimo D\u00eda - Divisi\u00f3n Interamericana","description":"","potentialAction":[{"@type":"SearchAction","target":{"@type":"EntryPoint","urlTemplate":"https:\/\/interamerica.org\/es\/?s={search_term_string}"},"query-input":{"@type":"PropertyValueSpecification","valueRequired":true,"valueName":"search_term_string"}}],"inLanguage":"es"},{"@type":"Person","@id":"https:\/\/interamerica.org\/es\/#\/schema\/person\/68ede8bdc292885bb76c1e3810e73c39","name":"Lorenzo Verduzco","image":{"@type":"ImageObject","inLanguage":"es","@id":"https:\/\/secure.gravatar.com\/avatar\/fb81a55b6218459490a9c1dc841a34909185b81904c5337b4b27f7a6fd60c49e?s=96&d=mm&r=g","url":"https:\/\/secure.gravatar.com\/avatar\/fb81a55b6218459490a9c1dc841a34909185b81904c5337b4b27f7a6fd60c49e?s=96&d=mm&r=g","contentUrl":"https:\/\/secure.gravatar.com\/avatar\/fb81a55b6218459490a9c1dc841a34909185b81904c5337b4b27f7a6fd60c49e?s=96&d=mm&r=g","caption":"Lorenzo Verduzco"}}]}},"_links":{"self":[{"href":"https:\/\/interamerica.org\/es\/wp-json\/wp\/v2\/posts\/11331","targetHints":{"allow":["GET"]}}],"collection":[{"href":"https:\/\/interamerica.org\/es\/wp-json\/wp\/v2\/posts"}],"about":[{"href":"https:\/\/interamerica.org\/es\/wp-json\/wp\/v2\/types\/post"}],"author":[{"embeddable":true,"href":"https:\/\/interamerica.org\/es\/wp-json\/wp\/v2\/users\/1"}],"replies":[{"embeddable":true,"href":"https:\/\/interamerica.org\/es\/wp-json\/wp\/v2\/comments?post=11331"}],"version-history":[{"count":0,"href":"https:\/\/interamerica.org\/es\/wp-json\/wp\/v2\/posts\/11331\/revisions"}],"wp:attachment":[{"href":"https:\/\/interamerica.org\/es\/wp-json\/wp\/v2\/media?parent=11331"}],"wp:term":[{"taxonomy":"category","embeddable":true,"href":"https:\/\/interamerica.org\/es\/wp-json\/wp\/v2\/categories?post=11331"},{"taxonomy":"post_tag","embeddable":true,"href":"https:\/\/interamerica.org\/es\/wp-json\/wp\/v2\/tags?post=11331"}],"curies":[{"name":"wp","href":"https:\/\/api.w.org\/{rel}","templated":true}]}}