{"id":11335,"date":"2009-03-10T00:00:00","date_gmt":"2009-03-10T04:00:00","guid":{"rendered":"http:\/\/192.81.217.108\/interamerica\/2009\/03\/primera-congregacion-adventista-farsi-impacta-comunidad-persa\/"},"modified":"2017-06-02T09:06:19","modified_gmt":"2017-06-02T13:06:19","slug":"primera-congregacion-adventista-farsi-impacta-comunidad-persa","status":"publish","type":"post","link":"https:\/\/interamerica.org\/es\/2009\/03\/primera-congregacion-adventista-farsi-impacta-comunidad-persa\/","title":{"rendered":"Primera congregaci\u00f3n adventista Farsi impacta comunidad persa"},"content":{"rendered":"<p><em >9 de marzo, 2009,<\/em > Glenndale, California, Estados Unidos&#8230;Southern California Conference\/Personal de ANN <\/p>\n<p>Miembros de la primera iglesia adventista del s\u00e9ptimo d\u00eda de habla <em >Farsi <\/em >celebraron la gran apertura de su nueva congregaci\u00f3n en Southern California el mes pasado. <\/p>\n<p>La congregaci\u00f3n persa, con el nombre de Iglesia del Mejor Camino, se re\u00fane en la Iglesia Adventista de la Comunidad Canoga con miembros que vienen del Valle San Fernando y \u00e1reas alade\u00f1as. <\/p>\n<p>\u00abEs emocionante siempre que vemos otra semilla sembrada para el reino de los cielos\u00bb, dijo Larry Caviness, presidente de la iglesia adventista en Southern California.  \u00abQueremos ver crecer este trabajo en la comunidad persa\u00bb. <\/p>\n<p>El primer programa persa de alcance a la comunidad es la programaci\u00f3n de radio en Farsi, difundida para los  pa\u00edses de del norte de \u00c1frica, el Medio Oriente y Asia. La programaci\u00f3n &#8211; que incluye drama y m\u00fasica-comenz\u00f3 transmitirse en Los \u00c1ngeles- \u00e1rea de canales de acceso p\u00fablico &#8211; pero ahora est\u00e1 disponible 15 horas a la semana en \u00ab<em >Christian Broadcasting Network<\/em > (Red Radiodifusora Christiana). <\/p>\n<p>La financiaci\u00f3n del programa, titulado \u00abUn ma\u00f1ana mejor\u00bb, viene de <em >Gospel Outreach<\/em >, una organizaci\u00f3n de alcance evangelizador con sede en Washington que centra sus esfuerzos, en espec\u00edfico, en la Ventana 10\/40, regi\u00f3n del hemisferio oriental entre las l\u00edneas norte\u00f1as de latitud 10 y 40.  La Ventana 10\/40 incluye el Medio Oriente, India y China, y contiene el 60 por ciento de la poblaci\u00f3n mundial. <\/p>\n<p>El pastor de la iglesia, Gerald, qui\u00e9n solicit\u00f3 que no se use su apellido por razones de seguridad, felicit\u00f3 su congregaci\u00f3n por sus esfuerzos en conectarse  con  la comunidad Farsi. <\/p>\n<p>\u00ab&#8230;El evangelio de Jes\u00fas se predica en todo el mundo, incluyendo Ir\u00e1n\u00bb, expres\u00f3 Gerald.  <\/p><\/p>\n","protected":false},"excerpt":{"rendered":"<p>Miembros de la primera iglesia adventista del s\u00e9ptimo d\u00eda de habla Farsi celebraron la gran apertura de su nueva congregaci\u00f3n en el sur de California el mes pasado.<\/p>\n","protected":false},"author":1,"featured_media":0,"comment_status":"closed","ping_status":"closed","sticky":false,"template":"","format":"standard","meta":{"_acf_changed":false,"footnotes":""},"categories":[8],"tags":[],"class_list":["post-11335","post","type-post","status-publish","format-standard","hentry","category-archivo"],"acf":[],"yoast_head":"<!-- This site is optimized with the Yoast SEO plugin v27.3 - https:\/\/yoast.com\/product\/yoast-seo-wordpress\/ -->\n<title>Primera congregaci\u00f3n adventista Farsi impacta comunidad persa - Iglesia Adventista del S\u00e9ptimo D\u00eda - Divisi\u00f3n Interamericana<\/title>\n<meta name=\"robots\" content=\"index, follow, max-snippet:-1, max-image-preview:large, max-video-preview:-1\" \/>\n<link rel=\"canonical\" href=\"https:\/\/interamerica.org\/es\/2009\/03\/primera-congregacion-adventista-farsi-impacta-comunidad-persa\/\" \/>\n<meta property=\"og:locale\" content=\"es_ES\" \/>\n<meta property=\"og:type\" content=\"article\" \/>\n<meta property=\"og:title\" content=\"Primera congregaci\u00f3n adventista Farsi impacta comunidad persa - Iglesia Adventista del S\u00e9ptimo D\u00eda - Divisi\u00f3n Interamericana\" \/>\n<meta property=\"og:description\" content=\"Miembros de la primera iglesia adventista del s\u00e9ptimo d\u00eda de habla Farsi celebraron la gran apertura de su nueva congregaci\u00f3n en el sur de California el mes pasado.\" \/>\n<meta property=\"og:url\" content=\"https:\/\/interamerica.org\/es\/2009\/03\/primera-congregacion-adventista-farsi-impacta-comunidad-persa\/\" \/>\n<meta property=\"og:site_name\" content=\"Iglesia Adventista del S\u00e9ptimo D\u00eda - Divisi\u00f3n Interamericana\" \/>\n<meta property=\"article:published_time\" content=\"2009-03-10T04:00:00+00:00\" \/>\n<meta property=\"article:modified_time\" content=\"2017-06-02T13:06:19+00:00\" \/>\n<meta name=\"author\" content=\"Lorenzo Verduzco\" \/>\n<meta name=\"twitter:card\" content=\"summary_large_image\" \/>\n<meta name=\"twitter:label1\" content=\"Escrito por\" \/>\n\t<meta name=\"twitter:data1\" content=\"Lorenzo Verduzco\" \/>\n\t<meta name=\"twitter:label2\" content=\"Tiempo de lectura\" \/>\n\t<meta name=\"twitter:data2\" content=\"1 minuto\" \/>\n<script type=\"application\/ld+json\" class=\"yoast-schema-graph\">{\"@context\":\"https:\\\/\\\/schema.org\",\"@graph\":[{\"@type\":\"Article\",\"@id\":\"https:\\\/\\\/interamerica.org\\\/es\\\/2009\\\/03\\\/primera-congregacion-adventista-farsi-impacta-comunidad-persa\\\/#article\",\"isPartOf\":{\"@id\":\"https:\\\/\\\/interamerica.org\\\/es\\\/2009\\\/03\\\/primera-congregacion-adventista-farsi-impacta-comunidad-persa\\\/\"},\"author\":{\"name\":\"Lorenzo Verduzco\",\"@id\":\"https:\\\/\\\/interamerica.org\\\/es\\\/#\\\/schema\\\/person\\\/68ede8bdc292885bb76c1e3810e73c39\"},\"headline\":\"Primera congregaci\u00f3n adventista Farsi impacta comunidad persa\",\"datePublished\":\"2009-03-10T04:00:00+00:00\",\"dateModified\":\"2017-06-02T13:06:19+00:00\",\"mainEntityOfPage\":{\"@id\":\"https:\\\/\\\/interamerica.org\\\/es\\\/2009\\\/03\\\/primera-congregacion-adventista-farsi-impacta-comunidad-persa\\\/\"},\"wordCount\":302,\"articleSection\":[\"Archivo\"],\"inLanguage\":\"es\"},{\"@type\":\"WebPage\",\"@id\":\"https:\\\/\\\/interamerica.org\\\/es\\\/2009\\\/03\\\/primera-congregacion-adventista-farsi-impacta-comunidad-persa\\\/\",\"url\":\"https:\\\/\\\/interamerica.org\\\/es\\\/2009\\\/03\\\/primera-congregacion-adventista-farsi-impacta-comunidad-persa\\\/\",\"name\":\"Primera congregaci\u00f3n adventista Farsi impacta comunidad persa - Iglesia Adventista del S\u00e9ptimo D\u00eda - Divisi\u00f3n Interamericana\",\"isPartOf\":{\"@id\":\"https:\\\/\\\/interamerica.org\\\/es\\\/#website\"},\"datePublished\":\"2009-03-10T04:00:00+00:00\",\"dateModified\":\"2017-06-02T13:06:19+00:00\",\"author\":{\"@id\":\"https:\\\/\\\/interamerica.org\\\/es\\\/#\\\/schema\\\/person\\\/68ede8bdc292885bb76c1e3810e73c39\"},\"breadcrumb\":{\"@id\":\"https:\\\/\\\/interamerica.org\\\/es\\\/2009\\\/03\\\/primera-congregacion-adventista-farsi-impacta-comunidad-persa\\\/#breadcrumb\"},\"inLanguage\":\"es\",\"potentialAction\":[{\"@type\":\"ReadAction\",\"target\":[\"https:\\\/\\\/interamerica.org\\\/es\\\/2009\\\/03\\\/primera-congregacion-adventista-farsi-impacta-comunidad-persa\\\/\"]}]},{\"@type\":\"BreadcrumbList\",\"@id\":\"https:\\\/\\\/interamerica.org\\\/es\\\/2009\\\/03\\\/primera-congregacion-adventista-farsi-impacta-comunidad-persa\\\/#breadcrumb\",\"itemListElement\":[{\"@type\":\"ListItem\",\"position\":1,\"name\":\"Home\",\"item\":\"https:\\\/\\\/interamerica.org\\\/es\\\/\"},{\"@type\":\"ListItem\",\"position\":2,\"name\":\"Primera congregaci\u00f3n adventista Farsi impacta comunidad persa\"}]},{\"@type\":\"WebSite\",\"@id\":\"https:\\\/\\\/interamerica.org\\\/es\\\/#website\",\"url\":\"https:\\\/\\\/interamerica.org\\\/es\\\/\",\"name\":\"Iglesia Adventista del S\u00e9ptimo D\u00eda - Divisi\u00f3n Interamericana\",\"description\":\"\",\"potentialAction\":[{\"@type\":\"SearchAction\",\"target\":{\"@type\":\"EntryPoint\",\"urlTemplate\":\"https:\\\/\\\/interamerica.org\\\/es\\\/?s={search_term_string}\"},\"query-input\":{\"@type\":\"PropertyValueSpecification\",\"valueRequired\":true,\"valueName\":\"search_term_string\"}}],\"inLanguage\":\"es\"},{\"@type\":\"Person\",\"@id\":\"https:\\\/\\\/interamerica.org\\\/es\\\/#\\\/schema\\\/person\\\/68ede8bdc292885bb76c1e3810e73c39\",\"name\":\"Lorenzo Verduzco\",\"image\":{\"@type\":\"ImageObject\",\"inLanguage\":\"es\",\"@id\":\"https:\\\/\\\/secure.gravatar.com\\\/avatar\\\/fb81a55b6218459490a9c1dc841a34909185b81904c5337b4b27f7a6fd60c49e?s=96&d=mm&r=g\",\"url\":\"https:\\\/\\\/secure.gravatar.com\\\/avatar\\\/fb81a55b6218459490a9c1dc841a34909185b81904c5337b4b27f7a6fd60c49e?s=96&d=mm&r=g\",\"contentUrl\":\"https:\\\/\\\/secure.gravatar.com\\\/avatar\\\/fb81a55b6218459490a9c1dc841a34909185b81904c5337b4b27f7a6fd60c49e?s=96&d=mm&r=g\",\"caption\":\"Lorenzo Verduzco\"}}]}<\/script>\n<!-- \/ Yoast SEO plugin. -->","yoast_head_json":{"title":"Primera congregaci\u00f3n adventista Farsi impacta comunidad persa - Iglesia Adventista del S\u00e9ptimo D\u00eda - Divisi\u00f3n Interamericana","robots":{"index":"index","follow":"follow","max-snippet":"max-snippet:-1","max-image-preview":"max-image-preview:large","max-video-preview":"max-video-preview:-1"},"canonical":"https:\/\/interamerica.org\/es\/2009\/03\/primera-congregacion-adventista-farsi-impacta-comunidad-persa\/","og_locale":"es_ES","og_type":"article","og_title":"Primera congregaci\u00f3n adventista Farsi impacta comunidad persa - Iglesia Adventista del S\u00e9ptimo D\u00eda - Divisi\u00f3n Interamericana","og_description":"Miembros de la primera iglesia adventista del s\u00e9ptimo d\u00eda de habla Farsi celebraron la gran apertura de su nueva congregaci\u00f3n en el sur de California el mes pasado.","og_url":"https:\/\/interamerica.org\/es\/2009\/03\/primera-congregacion-adventista-farsi-impacta-comunidad-persa\/","og_site_name":"Iglesia Adventista del S\u00e9ptimo D\u00eda - Divisi\u00f3n Interamericana","article_published_time":"2009-03-10T04:00:00+00:00","article_modified_time":"2017-06-02T13:06:19+00:00","author":"Lorenzo Verduzco","twitter_card":"summary_large_image","twitter_misc":{"Escrito por":"Lorenzo Verduzco","Tiempo de lectura":"1 minuto"},"schema":{"@context":"https:\/\/schema.org","@graph":[{"@type":"Article","@id":"https:\/\/interamerica.org\/es\/2009\/03\/primera-congregacion-adventista-farsi-impacta-comunidad-persa\/#article","isPartOf":{"@id":"https:\/\/interamerica.org\/es\/2009\/03\/primera-congregacion-adventista-farsi-impacta-comunidad-persa\/"},"author":{"name":"Lorenzo Verduzco","@id":"https:\/\/interamerica.org\/es\/#\/schema\/person\/68ede8bdc292885bb76c1e3810e73c39"},"headline":"Primera congregaci\u00f3n adventista Farsi impacta comunidad persa","datePublished":"2009-03-10T04:00:00+00:00","dateModified":"2017-06-02T13:06:19+00:00","mainEntityOfPage":{"@id":"https:\/\/interamerica.org\/es\/2009\/03\/primera-congregacion-adventista-farsi-impacta-comunidad-persa\/"},"wordCount":302,"articleSection":["Archivo"],"inLanguage":"es"},{"@type":"WebPage","@id":"https:\/\/interamerica.org\/es\/2009\/03\/primera-congregacion-adventista-farsi-impacta-comunidad-persa\/","url":"https:\/\/interamerica.org\/es\/2009\/03\/primera-congregacion-adventista-farsi-impacta-comunidad-persa\/","name":"Primera congregaci\u00f3n adventista Farsi impacta comunidad persa - Iglesia Adventista del S\u00e9ptimo D\u00eda - Divisi\u00f3n Interamericana","isPartOf":{"@id":"https:\/\/interamerica.org\/es\/#website"},"datePublished":"2009-03-10T04:00:00+00:00","dateModified":"2017-06-02T13:06:19+00:00","author":{"@id":"https:\/\/interamerica.org\/es\/#\/schema\/person\/68ede8bdc292885bb76c1e3810e73c39"},"breadcrumb":{"@id":"https:\/\/interamerica.org\/es\/2009\/03\/primera-congregacion-adventista-farsi-impacta-comunidad-persa\/#breadcrumb"},"inLanguage":"es","potentialAction":[{"@type":"ReadAction","target":["https:\/\/interamerica.org\/es\/2009\/03\/primera-congregacion-adventista-farsi-impacta-comunidad-persa\/"]}]},{"@type":"BreadcrumbList","@id":"https:\/\/interamerica.org\/es\/2009\/03\/primera-congregacion-adventista-farsi-impacta-comunidad-persa\/#breadcrumb","itemListElement":[{"@type":"ListItem","position":1,"name":"Home","item":"https:\/\/interamerica.org\/es\/"},{"@type":"ListItem","position":2,"name":"Primera congregaci\u00f3n adventista Farsi impacta comunidad persa"}]},{"@type":"WebSite","@id":"https:\/\/interamerica.org\/es\/#website","url":"https:\/\/interamerica.org\/es\/","name":"Iglesia Adventista del S\u00e9ptimo D\u00eda - Divisi\u00f3n Interamericana","description":"","potentialAction":[{"@type":"SearchAction","target":{"@type":"EntryPoint","urlTemplate":"https:\/\/interamerica.org\/es\/?s={search_term_string}"},"query-input":{"@type":"PropertyValueSpecification","valueRequired":true,"valueName":"search_term_string"}}],"inLanguage":"es"},{"@type":"Person","@id":"https:\/\/interamerica.org\/es\/#\/schema\/person\/68ede8bdc292885bb76c1e3810e73c39","name":"Lorenzo Verduzco","image":{"@type":"ImageObject","inLanguage":"es","@id":"https:\/\/secure.gravatar.com\/avatar\/fb81a55b6218459490a9c1dc841a34909185b81904c5337b4b27f7a6fd60c49e?s=96&d=mm&r=g","url":"https:\/\/secure.gravatar.com\/avatar\/fb81a55b6218459490a9c1dc841a34909185b81904c5337b4b27f7a6fd60c49e?s=96&d=mm&r=g","contentUrl":"https:\/\/secure.gravatar.com\/avatar\/fb81a55b6218459490a9c1dc841a34909185b81904c5337b4b27f7a6fd60c49e?s=96&d=mm&r=g","caption":"Lorenzo Verduzco"}}]}},"_links":{"self":[{"href":"https:\/\/interamerica.org\/es\/wp-json\/wp\/v2\/posts\/11335","targetHints":{"allow":["GET"]}}],"collection":[{"href":"https:\/\/interamerica.org\/es\/wp-json\/wp\/v2\/posts"}],"about":[{"href":"https:\/\/interamerica.org\/es\/wp-json\/wp\/v2\/types\/post"}],"author":[{"embeddable":true,"href":"https:\/\/interamerica.org\/es\/wp-json\/wp\/v2\/users\/1"}],"replies":[{"embeddable":true,"href":"https:\/\/interamerica.org\/es\/wp-json\/wp\/v2\/comments?post=11335"}],"version-history":[{"count":0,"href":"https:\/\/interamerica.org\/es\/wp-json\/wp\/v2\/posts\/11335\/revisions"}],"wp:attachment":[{"href":"https:\/\/interamerica.org\/es\/wp-json\/wp\/v2\/media?parent=11335"}],"wp:term":[{"taxonomy":"category","embeddable":true,"href":"https:\/\/interamerica.org\/es\/wp-json\/wp\/v2\/categories?post=11335"},{"taxonomy":"post_tag","embeddable":true,"href":"https:\/\/interamerica.org\/es\/wp-json\/wp\/v2\/tags?post=11335"}],"curies":[{"name":"wp","href":"https:\/\/api.w.org\/{rel}","templated":true}]}}