{"id":11336,"date":"2009-03-12T00:00:00","date_gmt":"2009-03-12T04:00:00","guid":{"rendered":"http:\/\/192.81.217.108\/interamerica\/2009\/03\/puerto-rico-adventistas-del-septimo-dia-ofrecen-mensajes-de-esperanza\/"},"modified":"2017-06-02T09:06:18","modified_gmt":"2017-06-02T13:06:18","slug":"puerto-rico-adventistas-del-septimo-dia-ofrecen-mensajes-de-esperanza","status":"publish","type":"post","link":"https:\/\/interamerica.org\/es\/2009\/03\/puerto-rico-adventistas-del-septimo-dia-ofrecen-mensajes-de-esperanza\/","title":{"rendered":"Puerto Rico: Adventistas del s\u00e9ptimo d\u00eda ofrecen mensajes de esperanza"},"content":{"rendered":"<p><em >11 de marzo, 2009 &#8211; San Juan, Puerto Rico&#8230;[Libna Stevens\/DIA]<\/em > &#8211; San Juan, Puerto Rico&#8230;[Libna Stevens\/DIA]   <\/p>\n<p>Comprometidos a marcar una diferencia positiva, miles de adventistas del s\u00e9ptimo d\u00eda en Puerto Rico faltaron al servicio de iglesia el pasado s\u00e1bado, 7 de marzo, para distruibuir mensajes de esperanza en sus comunidades, las cuales est\u00e1n acosadas con el aumento de la violencia.  <\/p>\n<p>Los miembros de la iglesia distribuyeron gratuitamente una revista de 16 p\u00e1ginas titulada, \u00abUna mirada a la familia puertorrique\u00f1a\u00bb. El esfuerzo de distribuci\u00f3n masiva es el segundo en su clase activamente a trav\u00e9s de toda la isla para la iglesia. A comienzos del a\u00f1o pasado, algo como 250,000 revistas fueron distribu\u00eddas. <\/p>\n<p>\u00abEste a\u00f1o se ha repetido en forma tremenda la actividad\u00bb, dijo el pastor Freddy Sosa, director de comunicaci\u00f3n para la iglesia en Puerto Rico. \u00abLa revista de este a\u00f1o fue una continuaci\u00f3n del proyecto del a\u00f1o pasado que lanz\u00f3 una campa\u00f1a preventiva a favor de la familia, al ofrecer orientaci\u00f3n necesaria a los padres en su vida cotidiana en el hogar\u00bb. <\/p>\n<p>Seg\u00fan Sosa, cerca de 350,000 revistas fueron distribuidas de casa en casa y por todos los negocios en un solo d\u00eda. A un costo de m\u00e1s de $106,000 para la impresi\u00f3n, promoci\u00f3n por radio y televisi\u00f3n de la actividad, los l\u00edderes de la iglesia creen que fue una inversi\u00f3n que vali\u00f3 la pena a fin de mejorar la enfermiza sociedad juvenil de la actualidad. <\/p>\n<p>La revista tiene un enfoque especial sobre los ni\u00f1os. Ofrece art\u00edculos sobre ayudar a los chicos en su vida moral y espiritual, los efectos de abandonar la escuela, educar los ni\u00f1os con problemas de discapacitaci\u00f3n, obesidad, comunicaci\u00f3n con los hijos, entre otros. <\/p>\n<p>Durante una conferencia de prensa realizada d\u00edas antes de la actividad, Jos\u00e9 A. Rodr\u00edguez, presidente de la iglesia en Puerto Rico dijo que el prop\u00f3sito de la publicaci\u00f3n fue guiar y educar las familias en la isla. <\/p>\n<p>\u00abEstamos concientes de los problemas que los padres y los hijos enfrentan en la actualidad y aetptamos el reto de continuar promoviendo la educaci\u00f3n integral a fin de que nuestra sociedad pueda tener las herramientas apropiadas para tomar las decisiones correctas\u00bb, dijo el pastor Rodr\u00edguez. <\/p>\n<p>Este esfuerzo es uno de tantos empezados el a\u00f1o pasado para enfocar sobre la necesidad de un estilo de vida libre de violencia entre las familias e hijos, que la iglesia empez\u00f3 el a\u00f1o pasado, y dar una m\u00e1s amplia visivilidad para la iglesia, dijo Sosa. <\/p>\n<p>Justo el mes pasado, la iglesia comenz\u00f3 una serie de 60 segundos diarios de mensajes televisados por la estaci\u00f3n de televisi\u00f3n m\u00e1s grande de Puerto Rico WAPA TV, durante horas de m\u00e1xima audiencia de su programa de la ma\u00f1ana, cada d\u00eda de la semana, dijo Sosa. Poco tiempo despu\u00e9s, la estaci\u00f3n de televisi\u00f3n Univisi\u00f3n de Puerto Rico empez\u00f3 a transmitir el mismo mensaje de reflexi\u00f3n de 60 segundos durante su programa de la ma\u00f1ana y en la hora de mayor audiencia.  <\/p>\n<p>Los segmentos van desde t\u00f3picos sobre el odio, suicidio, y crimen hasta c\u00f3mo siguiendo a Cristo puede conducir a la felicidad. <\/p>\n<p>\u00abEstamos muy entusiasmados porque hemos recibido una respuesta muy positiva de los televidentes y docenas de llamadas han entrado a nuestra oficina de la uni\u00f3n de personas con necesidad de consejos, ayuda y direcci\u00f3n\u00bb, dijo \u00e9l. <\/p>\n<p>Los segmentos est\u00e1n programados para continuar a trav\u00e9s del a\u00f1o. Son parte de un proyecto mayor que la iglesia adventista en Puerto Rico tiene para proveer soluciones a los problemas sociales en la isla. Por ahora, Sosa dijo que la iglesia no ha hecho planes de distribuir la revista el pr\u00f3ximo a\u00f1o, pero seguir\u00e1n otras iniciativas y actividades comunitarias. <\/p>\n<p>En Puerto Rico hay unos 36,000 adventistas del s\u00e9ptimo d\u00eda  que adoran en 330 iglesias y congregaciones. Compuesta de territorios regionales, la iglesia opera dos estaciones de radio, 20 escuelas primarias y secundarias, un hospital y una universidad. <\/p>\n","protected":false},"excerpt":{"rendered":"<p>Comprometidos a marcar una diferencia positiva, miles de adventistas del s\u00e9ptimo d\u00eda en Puerto Rico faltaron al servicio de iglesia el pasado s\u00e1bado, 7 de marzo, para distruibuir mensajes de esperanza en sus comunidades, las cuales es<\/p>\n","protected":false},"author":1,"featured_media":0,"comment_status":"closed","ping_status":"closed","sticky":false,"template":"","format":"standard","meta":{"_acf_changed":false,"footnotes":""},"categories":[8],"tags":[],"class_list":["post-11336","post","type-post","status-publish","format-standard","hentry","category-archivo"],"acf":[],"yoast_head":"<!-- This site is optimized with the Yoast SEO plugin v27.3 - https:\/\/yoast.com\/product\/yoast-seo-wordpress\/ -->\n<title>Puerto Rico: Adventistas del s\u00e9ptimo d\u00eda ofrecen mensajes de esperanza - Iglesia Adventista del S\u00e9ptimo D\u00eda - Divisi\u00f3n Interamericana<\/title>\n<meta name=\"robots\" content=\"index, follow, max-snippet:-1, max-image-preview:large, max-video-preview:-1\" \/>\n<link rel=\"canonical\" href=\"https:\/\/interamerica.org\/es\/2009\/03\/puerto-rico-adventistas-del-septimo-dia-ofrecen-mensajes-de-esperanza\/\" \/>\n<meta property=\"og:locale\" content=\"es_ES\" \/>\n<meta property=\"og:type\" content=\"article\" \/>\n<meta property=\"og:title\" content=\"Puerto Rico: Adventistas del s\u00e9ptimo d\u00eda ofrecen mensajes de esperanza - Iglesia Adventista del S\u00e9ptimo D\u00eda - Divisi\u00f3n Interamericana\" \/>\n<meta property=\"og:description\" content=\"Comprometidos a marcar una diferencia positiva, miles de adventistas del s\u00e9ptimo d\u00eda en Puerto Rico faltaron al servicio de iglesia el pasado s\u00e1bado, 7 de marzo, para distruibuir mensajes de esperanza en sus comunidades, las cuales es\" \/>\n<meta property=\"og:url\" content=\"https:\/\/interamerica.org\/es\/2009\/03\/puerto-rico-adventistas-del-septimo-dia-ofrecen-mensajes-de-esperanza\/\" \/>\n<meta property=\"og:site_name\" content=\"Iglesia Adventista del S\u00e9ptimo D\u00eda - Divisi\u00f3n Interamericana\" \/>\n<meta property=\"article:published_time\" content=\"2009-03-12T04:00:00+00:00\" \/>\n<meta property=\"article:modified_time\" content=\"2017-06-02T13:06:18+00:00\" \/>\n<meta name=\"author\" content=\"Lorenzo Verduzco\" \/>\n<meta name=\"twitter:card\" content=\"summary_large_image\" \/>\n<meta name=\"twitter:label1\" content=\"Escrito por\" \/>\n\t<meta name=\"twitter:data1\" content=\"Lorenzo Verduzco\" \/>\n\t<meta name=\"twitter:label2\" content=\"Tiempo de lectura\" \/>\n\t<meta name=\"twitter:data2\" content=\"3 minutos\" \/>\n<script type=\"application\/ld+json\" class=\"yoast-schema-graph\">{\"@context\":\"https:\\\/\\\/schema.org\",\"@graph\":[{\"@type\":\"Article\",\"@id\":\"https:\\\/\\\/interamerica.org\\\/es\\\/2009\\\/03\\\/puerto-rico-adventistas-del-septimo-dia-ofrecen-mensajes-de-esperanza\\\/#article\",\"isPartOf\":{\"@id\":\"https:\\\/\\\/interamerica.org\\\/es\\\/2009\\\/03\\\/puerto-rico-adventistas-del-septimo-dia-ofrecen-mensajes-de-esperanza\\\/\"},\"author\":{\"name\":\"Lorenzo Verduzco\",\"@id\":\"https:\\\/\\\/interamerica.org\\\/es\\\/#\\\/schema\\\/person\\\/68ede8bdc292885bb76c1e3810e73c39\"},\"headline\":\"Puerto Rico: Adventistas del s\u00e9ptimo d\u00eda ofrecen mensajes de esperanza\",\"datePublished\":\"2009-03-12T04:00:00+00:00\",\"dateModified\":\"2017-06-02T13:06:18+00:00\",\"mainEntityOfPage\":{\"@id\":\"https:\\\/\\\/interamerica.org\\\/es\\\/2009\\\/03\\\/puerto-rico-adventistas-del-septimo-dia-ofrecen-mensajes-de-esperanza\\\/\"},\"wordCount\":708,\"articleSection\":[\"Archivo\"],\"inLanguage\":\"es\"},{\"@type\":\"WebPage\",\"@id\":\"https:\\\/\\\/interamerica.org\\\/es\\\/2009\\\/03\\\/puerto-rico-adventistas-del-septimo-dia-ofrecen-mensajes-de-esperanza\\\/\",\"url\":\"https:\\\/\\\/interamerica.org\\\/es\\\/2009\\\/03\\\/puerto-rico-adventistas-del-septimo-dia-ofrecen-mensajes-de-esperanza\\\/\",\"name\":\"Puerto Rico: Adventistas del s\u00e9ptimo d\u00eda ofrecen mensajes de esperanza - Iglesia Adventista del S\u00e9ptimo D\u00eda - Divisi\u00f3n Interamericana\",\"isPartOf\":{\"@id\":\"https:\\\/\\\/interamerica.org\\\/es\\\/#website\"},\"datePublished\":\"2009-03-12T04:00:00+00:00\",\"dateModified\":\"2017-06-02T13:06:18+00:00\",\"author\":{\"@id\":\"https:\\\/\\\/interamerica.org\\\/es\\\/#\\\/schema\\\/person\\\/68ede8bdc292885bb76c1e3810e73c39\"},\"breadcrumb\":{\"@id\":\"https:\\\/\\\/interamerica.org\\\/es\\\/2009\\\/03\\\/puerto-rico-adventistas-del-septimo-dia-ofrecen-mensajes-de-esperanza\\\/#breadcrumb\"},\"inLanguage\":\"es\",\"potentialAction\":[{\"@type\":\"ReadAction\",\"target\":[\"https:\\\/\\\/interamerica.org\\\/es\\\/2009\\\/03\\\/puerto-rico-adventistas-del-septimo-dia-ofrecen-mensajes-de-esperanza\\\/\"]}]},{\"@type\":\"BreadcrumbList\",\"@id\":\"https:\\\/\\\/interamerica.org\\\/es\\\/2009\\\/03\\\/puerto-rico-adventistas-del-septimo-dia-ofrecen-mensajes-de-esperanza\\\/#breadcrumb\",\"itemListElement\":[{\"@type\":\"ListItem\",\"position\":1,\"name\":\"Home\",\"item\":\"https:\\\/\\\/interamerica.org\\\/es\\\/\"},{\"@type\":\"ListItem\",\"position\":2,\"name\":\"Puerto Rico: Adventistas del s\u00e9ptimo d\u00eda ofrecen mensajes de esperanza\"}]},{\"@type\":\"WebSite\",\"@id\":\"https:\\\/\\\/interamerica.org\\\/es\\\/#website\",\"url\":\"https:\\\/\\\/interamerica.org\\\/es\\\/\",\"name\":\"Iglesia Adventista del S\u00e9ptimo D\u00eda - Divisi\u00f3n Interamericana\",\"description\":\"\",\"potentialAction\":[{\"@type\":\"SearchAction\",\"target\":{\"@type\":\"EntryPoint\",\"urlTemplate\":\"https:\\\/\\\/interamerica.org\\\/es\\\/?s={search_term_string}\"},\"query-input\":{\"@type\":\"PropertyValueSpecification\",\"valueRequired\":true,\"valueName\":\"search_term_string\"}}],\"inLanguage\":\"es\"},{\"@type\":\"Person\",\"@id\":\"https:\\\/\\\/interamerica.org\\\/es\\\/#\\\/schema\\\/person\\\/68ede8bdc292885bb76c1e3810e73c39\",\"name\":\"Lorenzo Verduzco\",\"image\":{\"@type\":\"ImageObject\",\"inLanguage\":\"es\",\"@id\":\"https:\\\/\\\/secure.gravatar.com\\\/avatar\\\/fb81a55b6218459490a9c1dc841a34909185b81904c5337b4b27f7a6fd60c49e?s=96&d=mm&r=g\",\"url\":\"https:\\\/\\\/secure.gravatar.com\\\/avatar\\\/fb81a55b6218459490a9c1dc841a34909185b81904c5337b4b27f7a6fd60c49e?s=96&d=mm&r=g\",\"contentUrl\":\"https:\\\/\\\/secure.gravatar.com\\\/avatar\\\/fb81a55b6218459490a9c1dc841a34909185b81904c5337b4b27f7a6fd60c49e?s=96&d=mm&r=g\",\"caption\":\"Lorenzo Verduzco\"}}]}<\/script>\n<!-- \/ Yoast SEO plugin. -->","yoast_head_json":{"title":"Puerto Rico: Adventistas del s\u00e9ptimo d\u00eda ofrecen mensajes de esperanza - Iglesia Adventista del S\u00e9ptimo D\u00eda - Divisi\u00f3n Interamericana","robots":{"index":"index","follow":"follow","max-snippet":"max-snippet:-1","max-image-preview":"max-image-preview:large","max-video-preview":"max-video-preview:-1"},"canonical":"https:\/\/interamerica.org\/es\/2009\/03\/puerto-rico-adventistas-del-septimo-dia-ofrecen-mensajes-de-esperanza\/","og_locale":"es_ES","og_type":"article","og_title":"Puerto Rico: Adventistas del s\u00e9ptimo d\u00eda ofrecen mensajes de esperanza - Iglesia Adventista del S\u00e9ptimo D\u00eda - Divisi\u00f3n Interamericana","og_description":"Comprometidos a marcar una diferencia positiva, miles de adventistas del s\u00e9ptimo d\u00eda en Puerto Rico faltaron al servicio de iglesia el pasado s\u00e1bado, 7 de marzo, para distruibuir mensajes de esperanza en sus comunidades, las cuales es","og_url":"https:\/\/interamerica.org\/es\/2009\/03\/puerto-rico-adventistas-del-septimo-dia-ofrecen-mensajes-de-esperanza\/","og_site_name":"Iglesia Adventista del S\u00e9ptimo D\u00eda - Divisi\u00f3n Interamericana","article_published_time":"2009-03-12T04:00:00+00:00","article_modified_time":"2017-06-02T13:06:18+00:00","author":"Lorenzo Verduzco","twitter_card":"summary_large_image","twitter_misc":{"Escrito por":"Lorenzo Verduzco","Tiempo de lectura":"3 minutos"},"schema":{"@context":"https:\/\/schema.org","@graph":[{"@type":"Article","@id":"https:\/\/interamerica.org\/es\/2009\/03\/puerto-rico-adventistas-del-septimo-dia-ofrecen-mensajes-de-esperanza\/#article","isPartOf":{"@id":"https:\/\/interamerica.org\/es\/2009\/03\/puerto-rico-adventistas-del-septimo-dia-ofrecen-mensajes-de-esperanza\/"},"author":{"name":"Lorenzo Verduzco","@id":"https:\/\/interamerica.org\/es\/#\/schema\/person\/68ede8bdc292885bb76c1e3810e73c39"},"headline":"Puerto Rico: Adventistas del s\u00e9ptimo d\u00eda ofrecen mensajes de esperanza","datePublished":"2009-03-12T04:00:00+00:00","dateModified":"2017-06-02T13:06:18+00:00","mainEntityOfPage":{"@id":"https:\/\/interamerica.org\/es\/2009\/03\/puerto-rico-adventistas-del-septimo-dia-ofrecen-mensajes-de-esperanza\/"},"wordCount":708,"articleSection":["Archivo"],"inLanguage":"es"},{"@type":"WebPage","@id":"https:\/\/interamerica.org\/es\/2009\/03\/puerto-rico-adventistas-del-septimo-dia-ofrecen-mensajes-de-esperanza\/","url":"https:\/\/interamerica.org\/es\/2009\/03\/puerto-rico-adventistas-del-septimo-dia-ofrecen-mensajes-de-esperanza\/","name":"Puerto Rico: Adventistas del s\u00e9ptimo d\u00eda ofrecen mensajes de esperanza - Iglesia Adventista del S\u00e9ptimo D\u00eda - Divisi\u00f3n Interamericana","isPartOf":{"@id":"https:\/\/interamerica.org\/es\/#website"},"datePublished":"2009-03-12T04:00:00+00:00","dateModified":"2017-06-02T13:06:18+00:00","author":{"@id":"https:\/\/interamerica.org\/es\/#\/schema\/person\/68ede8bdc292885bb76c1e3810e73c39"},"breadcrumb":{"@id":"https:\/\/interamerica.org\/es\/2009\/03\/puerto-rico-adventistas-del-septimo-dia-ofrecen-mensajes-de-esperanza\/#breadcrumb"},"inLanguage":"es","potentialAction":[{"@type":"ReadAction","target":["https:\/\/interamerica.org\/es\/2009\/03\/puerto-rico-adventistas-del-septimo-dia-ofrecen-mensajes-de-esperanza\/"]}]},{"@type":"BreadcrumbList","@id":"https:\/\/interamerica.org\/es\/2009\/03\/puerto-rico-adventistas-del-septimo-dia-ofrecen-mensajes-de-esperanza\/#breadcrumb","itemListElement":[{"@type":"ListItem","position":1,"name":"Home","item":"https:\/\/interamerica.org\/es\/"},{"@type":"ListItem","position":2,"name":"Puerto Rico: Adventistas del s\u00e9ptimo d\u00eda ofrecen mensajes de esperanza"}]},{"@type":"WebSite","@id":"https:\/\/interamerica.org\/es\/#website","url":"https:\/\/interamerica.org\/es\/","name":"Iglesia Adventista del S\u00e9ptimo D\u00eda - Divisi\u00f3n Interamericana","description":"","potentialAction":[{"@type":"SearchAction","target":{"@type":"EntryPoint","urlTemplate":"https:\/\/interamerica.org\/es\/?s={search_term_string}"},"query-input":{"@type":"PropertyValueSpecification","valueRequired":true,"valueName":"search_term_string"}}],"inLanguage":"es"},{"@type":"Person","@id":"https:\/\/interamerica.org\/es\/#\/schema\/person\/68ede8bdc292885bb76c1e3810e73c39","name":"Lorenzo Verduzco","image":{"@type":"ImageObject","inLanguage":"es","@id":"https:\/\/secure.gravatar.com\/avatar\/fb81a55b6218459490a9c1dc841a34909185b81904c5337b4b27f7a6fd60c49e?s=96&d=mm&r=g","url":"https:\/\/secure.gravatar.com\/avatar\/fb81a55b6218459490a9c1dc841a34909185b81904c5337b4b27f7a6fd60c49e?s=96&d=mm&r=g","contentUrl":"https:\/\/secure.gravatar.com\/avatar\/fb81a55b6218459490a9c1dc841a34909185b81904c5337b4b27f7a6fd60c49e?s=96&d=mm&r=g","caption":"Lorenzo Verduzco"}}]}},"_links":{"self":[{"href":"https:\/\/interamerica.org\/es\/wp-json\/wp\/v2\/posts\/11336","targetHints":{"allow":["GET"]}}],"collection":[{"href":"https:\/\/interamerica.org\/es\/wp-json\/wp\/v2\/posts"}],"about":[{"href":"https:\/\/interamerica.org\/es\/wp-json\/wp\/v2\/types\/post"}],"author":[{"embeddable":true,"href":"https:\/\/interamerica.org\/es\/wp-json\/wp\/v2\/users\/1"}],"replies":[{"embeddable":true,"href":"https:\/\/interamerica.org\/es\/wp-json\/wp\/v2\/comments?post=11336"}],"version-history":[{"count":0,"href":"https:\/\/interamerica.org\/es\/wp-json\/wp\/v2\/posts\/11336\/revisions"}],"wp:attachment":[{"href":"https:\/\/interamerica.org\/es\/wp-json\/wp\/v2\/media?parent=11336"}],"wp:term":[{"taxonomy":"category","embeddable":true,"href":"https:\/\/interamerica.org\/es\/wp-json\/wp\/v2\/categories?post=11336"},{"taxonomy":"post_tag","embeddable":true,"href":"https:\/\/interamerica.org\/es\/wp-json\/wp\/v2\/tags?post=11336"}],"curies":[{"name":"wp","href":"https:\/\/api.w.org\/{rel}","templated":true}]}}