{"id":11337,"date":"2009-03-16T00:00:00","date_gmt":"2009-03-16T04:00:00","guid":{"rendered":"http:\/\/192.81.217.108\/interamerica\/2009\/03\/jamaica-universidad-adventista-recibe-adquiere-para-todas-las-estaciones-de-radio-en-la-isla\/"},"modified":"2017-06-02T09:06:16","modified_gmt":"2017-06-02T13:06:16","slug":"jamaica-universidad-adventista-recibe-adquiere-para-todas-las-estaciones-de-radio-en-la-isla","status":"publish","type":"post","link":"https:\/\/interamerica.org\/es\/2009\/03\/jamaica-universidad-adventista-recibe-adquiere-para-todas-las-estaciones-de-radio-en-la-isla\/","title":{"rendered":"Jamaica: Universidad adventista recibe adquiere para todas las estaciones de radio en la isla"},"content":{"rendered":"<p>15 de marzo, 2009 &#8211; Mandeville, Jamaica&#8230;[Nigel Coke\/DIA]<br  \/>  <\/p>\n<p>A la Universidad del Norte del Caribe(NCU) le fue otorgada la licencia de radio de toda la isla por la Comisi\u00f3n de Difusi\u00f3n de Jamaica.  Esta noticia fue dada a conocer por el presidente de la NCU, el Dr. Herbert Thompson, durante el programa de toma de posici\u00f3n del nuevo presidente y secretario de la Asociaci\u00f3n de Jamaica del Oeste celebrada en Montego Bay, Jamaica, el s\u00e1bado, 14 de marzo, 2009.  <\/p>\n<p>\u00abEstamos muy encantados de recibir esta licencia\u00bb, dijo el Dr. Thompson.  \u00abLo que significa es que tenemos que unir fuerzas y marcar el paso para un alto calibre de programaci\u00f3n en la radio.  Debo expresar, conociendo los ejecutivos y los miembros de nuestra iglesia, que la Comisi\u00f3n p\u00fablica de difusi\u00f3n no tenga que sancionar algo que nosotros difundamos.  Podemos buscar elevar a Jesucristo mucho m\u00e1s alto, y que lo que el p\u00fablico pueda escuchar es una n\u00edtida l\u00edrica religiosa\u00bb. <\/p>\n<p>La noticia que fue acogida con un fuerte aplauso por la congregaci\u00f3n, se logr\u00f3 despu\u00e9s de ocho a\u00f1os de espera de parte de la NCU, que aplic\u00f3 para la licencia en el 2001.  Luego, la poblaci\u00f3n estudiantil fue de aproximadamente 2,000 en comparaci\u00f3n con la actual registraci\u00f3n de m\u00e1s de 5,600 estudiantes. <\/p>\n<p>\u00abEsta es una buena noticia y un d\u00eda espl\u00e9ndido en la vida de nuestra iglesia y en particular NCU\u00bb, dijo el pastor Derek Bignall, presidente para la Uni\u00f3n\/ Asociaci\u00f3n de las Indias Occidentales y jefe de la junta de gobierno de la NCU.  \u00abEsta es una gloriosa oportunidad para nosotros proveer a la naci\u00f3n con una programaci\u00f3n s\u00f3lida buena, que podr\u00e1 avanzar nuestro mensaje sobre animar las personas, dando esperanza a las gente a trav\u00e9s de la palabra hablada, cantos y programas de discusi\u00f3n. Esta es una respuesta maravillosa de oraci\u00f3n y nosotros le decimos a Dios sea la Gloria!\u00bb <\/p>\n<p>En la actualidad la universidad opera una estaci\u00f3n dentro de su recinto principal en Mandeville que es transmitida en la frecuencia 88.3 FM.  <\/p>\n<p>El Dr. Thompson  sigui\u00f3 diciendo que, \u00ab\u00bbLa Universidad va a usar esto como un veh\u00edculo principal en la capacitaci\u00f3n de su masiva comunicaci\u00f3n estudiantil porque nuestro departamento de estudios en comunicaciones es capaz vibrante y fuertemente subscrito y algunas de las mejores personas en los medios en este pa\u00eds son graduados de nuestro programa\u00bb. <\/p>\n<p>Llena de noticias, anuncios y programaci\u00f3n, la estaci\u00f3n de radio ser\u00e1 una alternativa viable, pero una estaci\u00f3n adventista del s\u00e9ptimo d\u00eda\u00bb, agrega Thompson. <\/p>\n<p>NCU es una instituci\u00f3n abanderada en la Uni\u00f3n\/Asociaci\u00f3n de las Indias Occidentales de los adventistas del s\u00e9ptimo d\u00eda y es la universidad adventista con m\u00e1s estudiantes a nivel mundial. <\/p><\/p>\n","protected":false},"excerpt":{"rendered":"<p>A la Universidad del Norte del Caribe (NCU) le fue otorgada la licencia de radio a nivel de toda la isla por la Comisi\u00f3n de Difusi\u00f3n de Jamaica.  Esto fue dado a conocer por el presidente de la NCU, el Dr. Herbert Thompson, durante el progra<\/p>\n","protected":false},"author":1,"featured_media":0,"comment_status":"closed","ping_status":"closed","sticky":false,"template":"","format":"standard","meta":{"_acf_changed":false,"footnotes":""},"categories":[8],"tags":[],"class_list":["post-11337","post","type-post","status-publish","format-standard","hentry","category-archivo"],"acf":[],"yoast_head":"<!-- This site is optimized with the Yoast SEO plugin v27.3 - https:\/\/yoast.com\/product\/yoast-seo-wordpress\/ -->\n<title>Jamaica: Universidad adventista recibe adquiere para todas las estaciones de radio en la isla - Iglesia Adventista del S\u00e9ptimo D\u00eda - Divisi\u00f3n Interamericana<\/title>\n<meta name=\"robots\" content=\"index, follow, max-snippet:-1, max-image-preview:large, max-video-preview:-1\" \/>\n<link rel=\"canonical\" href=\"https:\/\/interamerica.org\/es\/2009\/03\/jamaica-universidad-adventista-recibe-adquiere-para-todas-las-estaciones-de-radio-en-la-isla\/\" \/>\n<meta property=\"og:locale\" content=\"es_ES\" \/>\n<meta property=\"og:type\" content=\"article\" \/>\n<meta property=\"og:title\" content=\"Jamaica: Universidad adventista recibe adquiere para todas las estaciones de radio en la isla - Iglesia Adventista del S\u00e9ptimo D\u00eda - Divisi\u00f3n Interamericana\" \/>\n<meta property=\"og:description\" content=\"A la Universidad del Norte del Caribe (NCU) le fue otorgada la licencia de radio a nivel de toda la isla por la Comisi\u00f3n de Difusi\u00f3n de Jamaica. Esto fue dado a conocer por el presidente de la NCU, el Dr. Herbert Thompson, durante el progra\" \/>\n<meta property=\"og:url\" content=\"https:\/\/interamerica.org\/es\/2009\/03\/jamaica-universidad-adventista-recibe-adquiere-para-todas-las-estaciones-de-radio-en-la-isla\/\" \/>\n<meta property=\"og:site_name\" content=\"Iglesia Adventista del S\u00e9ptimo D\u00eda - Divisi\u00f3n Interamericana\" \/>\n<meta property=\"article:published_time\" content=\"2009-03-16T04:00:00+00:00\" \/>\n<meta property=\"article:modified_time\" content=\"2017-06-02T13:06:16+00:00\" \/>\n<meta name=\"author\" content=\"Lorenzo Verduzco\" \/>\n<meta name=\"twitter:card\" content=\"summary_large_image\" \/>\n<meta name=\"twitter:label1\" content=\"Escrito por\" \/>\n\t<meta name=\"twitter:data1\" content=\"Lorenzo Verduzco\" \/>\n\t<meta name=\"twitter:label2\" content=\"Tiempo de lectura\" \/>\n\t<meta name=\"twitter:data2\" content=\"2 minutos\" \/>\n<script type=\"application\/ld+json\" class=\"yoast-schema-graph\">{\"@context\":\"https:\\\/\\\/schema.org\",\"@graph\":[{\"@type\":\"Article\",\"@id\":\"https:\\\/\\\/interamerica.org\\\/es\\\/2009\\\/03\\\/jamaica-universidad-adventista-recibe-adquiere-para-todas-las-estaciones-de-radio-en-la-isla\\\/#article\",\"isPartOf\":{\"@id\":\"https:\\\/\\\/interamerica.org\\\/es\\\/2009\\\/03\\\/jamaica-universidad-adventista-recibe-adquiere-para-todas-las-estaciones-de-radio-en-la-isla\\\/\"},\"author\":{\"name\":\"Lorenzo Verduzco\",\"@id\":\"https:\\\/\\\/interamerica.org\\\/es\\\/#\\\/schema\\\/person\\\/68ede8bdc292885bb76c1e3810e73c39\"},\"headline\":\"Jamaica: Universidad adventista recibe adquiere para todas las estaciones de radio en la isla\",\"datePublished\":\"2009-03-16T04:00:00+00:00\",\"dateModified\":\"2017-06-02T13:06:16+00:00\",\"mainEntityOfPage\":{\"@id\":\"https:\\\/\\\/interamerica.org\\\/es\\\/2009\\\/03\\\/jamaica-universidad-adventista-recibe-adquiere-para-todas-las-estaciones-de-radio-en-la-isla\\\/\"},\"wordCount\":495,\"articleSection\":[\"Archivo\"],\"inLanguage\":\"es\"},{\"@type\":\"WebPage\",\"@id\":\"https:\\\/\\\/interamerica.org\\\/es\\\/2009\\\/03\\\/jamaica-universidad-adventista-recibe-adquiere-para-todas-las-estaciones-de-radio-en-la-isla\\\/\",\"url\":\"https:\\\/\\\/interamerica.org\\\/es\\\/2009\\\/03\\\/jamaica-universidad-adventista-recibe-adquiere-para-todas-las-estaciones-de-radio-en-la-isla\\\/\",\"name\":\"Jamaica: Universidad adventista recibe adquiere para todas las estaciones de radio en la isla - Iglesia Adventista del S\u00e9ptimo D\u00eda - Divisi\u00f3n Interamericana\",\"isPartOf\":{\"@id\":\"https:\\\/\\\/interamerica.org\\\/es\\\/#website\"},\"datePublished\":\"2009-03-16T04:00:00+00:00\",\"dateModified\":\"2017-06-02T13:06:16+00:00\",\"author\":{\"@id\":\"https:\\\/\\\/interamerica.org\\\/es\\\/#\\\/schema\\\/person\\\/68ede8bdc292885bb76c1e3810e73c39\"},\"breadcrumb\":{\"@id\":\"https:\\\/\\\/interamerica.org\\\/es\\\/2009\\\/03\\\/jamaica-universidad-adventista-recibe-adquiere-para-todas-las-estaciones-de-radio-en-la-isla\\\/#breadcrumb\"},\"inLanguage\":\"es\",\"potentialAction\":[{\"@type\":\"ReadAction\",\"target\":[\"https:\\\/\\\/interamerica.org\\\/es\\\/2009\\\/03\\\/jamaica-universidad-adventista-recibe-adquiere-para-todas-las-estaciones-de-radio-en-la-isla\\\/\"]}]},{\"@type\":\"BreadcrumbList\",\"@id\":\"https:\\\/\\\/interamerica.org\\\/es\\\/2009\\\/03\\\/jamaica-universidad-adventista-recibe-adquiere-para-todas-las-estaciones-de-radio-en-la-isla\\\/#breadcrumb\",\"itemListElement\":[{\"@type\":\"ListItem\",\"position\":1,\"name\":\"Home\",\"item\":\"https:\\\/\\\/interamerica.org\\\/es\\\/\"},{\"@type\":\"ListItem\",\"position\":2,\"name\":\"Jamaica: Universidad adventista recibe adquiere para todas las estaciones de radio en la isla\"}]},{\"@type\":\"WebSite\",\"@id\":\"https:\\\/\\\/interamerica.org\\\/es\\\/#website\",\"url\":\"https:\\\/\\\/interamerica.org\\\/es\\\/\",\"name\":\"Iglesia Adventista del S\u00e9ptimo D\u00eda - Divisi\u00f3n Interamericana\",\"description\":\"\",\"potentialAction\":[{\"@type\":\"SearchAction\",\"target\":{\"@type\":\"EntryPoint\",\"urlTemplate\":\"https:\\\/\\\/interamerica.org\\\/es\\\/?s={search_term_string}\"},\"query-input\":{\"@type\":\"PropertyValueSpecification\",\"valueRequired\":true,\"valueName\":\"search_term_string\"}}],\"inLanguage\":\"es\"},{\"@type\":\"Person\",\"@id\":\"https:\\\/\\\/interamerica.org\\\/es\\\/#\\\/schema\\\/person\\\/68ede8bdc292885bb76c1e3810e73c39\",\"name\":\"Lorenzo Verduzco\",\"image\":{\"@type\":\"ImageObject\",\"inLanguage\":\"es\",\"@id\":\"https:\\\/\\\/secure.gravatar.com\\\/avatar\\\/fb81a55b6218459490a9c1dc841a34909185b81904c5337b4b27f7a6fd60c49e?s=96&d=mm&r=g\",\"url\":\"https:\\\/\\\/secure.gravatar.com\\\/avatar\\\/fb81a55b6218459490a9c1dc841a34909185b81904c5337b4b27f7a6fd60c49e?s=96&d=mm&r=g\",\"contentUrl\":\"https:\\\/\\\/secure.gravatar.com\\\/avatar\\\/fb81a55b6218459490a9c1dc841a34909185b81904c5337b4b27f7a6fd60c49e?s=96&d=mm&r=g\",\"caption\":\"Lorenzo Verduzco\"}}]}<\/script>\n<!-- \/ Yoast SEO plugin. -->","yoast_head_json":{"title":"Jamaica: Universidad adventista recibe adquiere para todas las estaciones de radio en la isla - Iglesia Adventista del S\u00e9ptimo D\u00eda - Divisi\u00f3n Interamericana","robots":{"index":"index","follow":"follow","max-snippet":"max-snippet:-1","max-image-preview":"max-image-preview:large","max-video-preview":"max-video-preview:-1"},"canonical":"https:\/\/interamerica.org\/es\/2009\/03\/jamaica-universidad-adventista-recibe-adquiere-para-todas-las-estaciones-de-radio-en-la-isla\/","og_locale":"es_ES","og_type":"article","og_title":"Jamaica: Universidad adventista recibe adquiere para todas las estaciones de radio en la isla - Iglesia Adventista del S\u00e9ptimo D\u00eda - Divisi\u00f3n Interamericana","og_description":"A la Universidad del Norte del Caribe (NCU) le fue otorgada la licencia de radio a nivel de toda la isla por la Comisi\u00f3n de Difusi\u00f3n de Jamaica. Esto fue dado a conocer por el presidente de la NCU, el Dr. Herbert Thompson, durante el progra","og_url":"https:\/\/interamerica.org\/es\/2009\/03\/jamaica-universidad-adventista-recibe-adquiere-para-todas-las-estaciones-de-radio-en-la-isla\/","og_site_name":"Iglesia Adventista del S\u00e9ptimo D\u00eda - Divisi\u00f3n Interamericana","article_published_time":"2009-03-16T04:00:00+00:00","article_modified_time":"2017-06-02T13:06:16+00:00","author":"Lorenzo Verduzco","twitter_card":"summary_large_image","twitter_misc":{"Escrito por":"Lorenzo Verduzco","Tiempo de lectura":"2 minutos"},"schema":{"@context":"https:\/\/schema.org","@graph":[{"@type":"Article","@id":"https:\/\/interamerica.org\/es\/2009\/03\/jamaica-universidad-adventista-recibe-adquiere-para-todas-las-estaciones-de-radio-en-la-isla\/#article","isPartOf":{"@id":"https:\/\/interamerica.org\/es\/2009\/03\/jamaica-universidad-adventista-recibe-adquiere-para-todas-las-estaciones-de-radio-en-la-isla\/"},"author":{"name":"Lorenzo Verduzco","@id":"https:\/\/interamerica.org\/es\/#\/schema\/person\/68ede8bdc292885bb76c1e3810e73c39"},"headline":"Jamaica: Universidad adventista recibe adquiere para todas las estaciones de radio en la isla","datePublished":"2009-03-16T04:00:00+00:00","dateModified":"2017-06-02T13:06:16+00:00","mainEntityOfPage":{"@id":"https:\/\/interamerica.org\/es\/2009\/03\/jamaica-universidad-adventista-recibe-adquiere-para-todas-las-estaciones-de-radio-en-la-isla\/"},"wordCount":495,"articleSection":["Archivo"],"inLanguage":"es"},{"@type":"WebPage","@id":"https:\/\/interamerica.org\/es\/2009\/03\/jamaica-universidad-adventista-recibe-adquiere-para-todas-las-estaciones-de-radio-en-la-isla\/","url":"https:\/\/interamerica.org\/es\/2009\/03\/jamaica-universidad-adventista-recibe-adquiere-para-todas-las-estaciones-de-radio-en-la-isla\/","name":"Jamaica: Universidad adventista recibe adquiere para todas las estaciones de radio en la isla - Iglesia Adventista del S\u00e9ptimo D\u00eda - Divisi\u00f3n Interamericana","isPartOf":{"@id":"https:\/\/interamerica.org\/es\/#website"},"datePublished":"2009-03-16T04:00:00+00:00","dateModified":"2017-06-02T13:06:16+00:00","author":{"@id":"https:\/\/interamerica.org\/es\/#\/schema\/person\/68ede8bdc292885bb76c1e3810e73c39"},"breadcrumb":{"@id":"https:\/\/interamerica.org\/es\/2009\/03\/jamaica-universidad-adventista-recibe-adquiere-para-todas-las-estaciones-de-radio-en-la-isla\/#breadcrumb"},"inLanguage":"es","potentialAction":[{"@type":"ReadAction","target":["https:\/\/interamerica.org\/es\/2009\/03\/jamaica-universidad-adventista-recibe-adquiere-para-todas-las-estaciones-de-radio-en-la-isla\/"]}]},{"@type":"BreadcrumbList","@id":"https:\/\/interamerica.org\/es\/2009\/03\/jamaica-universidad-adventista-recibe-adquiere-para-todas-las-estaciones-de-radio-en-la-isla\/#breadcrumb","itemListElement":[{"@type":"ListItem","position":1,"name":"Home","item":"https:\/\/interamerica.org\/es\/"},{"@type":"ListItem","position":2,"name":"Jamaica: Universidad adventista recibe adquiere para todas las estaciones de radio en la isla"}]},{"@type":"WebSite","@id":"https:\/\/interamerica.org\/es\/#website","url":"https:\/\/interamerica.org\/es\/","name":"Iglesia Adventista del S\u00e9ptimo D\u00eda - Divisi\u00f3n Interamericana","description":"","potentialAction":[{"@type":"SearchAction","target":{"@type":"EntryPoint","urlTemplate":"https:\/\/interamerica.org\/es\/?s={search_term_string}"},"query-input":{"@type":"PropertyValueSpecification","valueRequired":true,"valueName":"search_term_string"}}],"inLanguage":"es"},{"@type":"Person","@id":"https:\/\/interamerica.org\/es\/#\/schema\/person\/68ede8bdc292885bb76c1e3810e73c39","name":"Lorenzo Verduzco","image":{"@type":"ImageObject","inLanguage":"es","@id":"https:\/\/secure.gravatar.com\/avatar\/fb81a55b6218459490a9c1dc841a34909185b81904c5337b4b27f7a6fd60c49e?s=96&d=mm&r=g","url":"https:\/\/secure.gravatar.com\/avatar\/fb81a55b6218459490a9c1dc841a34909185b81904c5337b4b27f7a6fd60c49e?s=96&d=mm&r=g","contentUrl":"https:\/\/secure.gravatar.com\/avatar\/fb81a55b6218459490a9c1dc841a34909185b81904c5337b4b27f7a6fd60c49e?s=96&d=mm&r=g","caption":"Lorenzo Verduzco"}}]}},"_links":{"self":[{"href":"https:\/\/interamerica.org\/es\/wp-json\/wp\/v2\/posts\/11337","targetHints":{"allow":["GET"]}}],"collection":[{"href":"https:\/\/interamerica.org\/es\/wp-json\/wp\/v2\/posts"}],"about":[{"href":"https:\/\/interamerica.org\/es\/wp-json\/wp\/v2\/types\/post"}],"author":[{"embeddable":true,"href":"https:\/\/interamerica.org\/es\/wp-json\/wp\/v2\/users\/1"}],"replies":[{"embeddable":true,"href":"https:\/\/interamerica.org\/es\/wp-json\/wp\/v2\/comments?post=11337"}],"version-history":[{"count":0,"href":"https:\/\/interamerica.org\/es\/wp-json\/wp\/v2\/posts\/11337\/revisions"}],"wp:attachment":[{"href":"https:\/\/interamerica.org\/es\/wp-json\/wp\/v2\/media?parent=11337"}],"wp:term":[{"taxonomy":"category","embeddable":true,"href":"https:\/\/interamerica.org\/es\/wp-json\/wp\/v2\/categories?post=11337"},{"taxonomy":"post_tag","embeddable":true,"href":"https:\/\/interamerica.org\/es\/wp-json\/wp\/v2\/tags?post=11337"}],"curies":[{"name":"wp","href":"https:\/\/api.w.org\/{rel}","templated":true}]}}