{"id":11338,"date":"2009-03-16T00:00:00","date_gmt":"2009-03-16T04:00:00","guid":{"rendered":"http:\/\/192.81.217.108\/interamerica\/2009\/03\/bautistas-y-adventistas-se-reunen-para-enfatizar-valores\/"},"modified":"2017-06-02T09:06:17","modified_gmt":"2017-06-02T13:06:17","slug":"bautistas-y-adventistas-se-reunen-para-enfatizar-valores","status":"publish","type":"post","link":"https:\/\/interamerica.org\/es\/2009\/03\/bautistas-y-adventistas-se-reunen-para-enfatizar-valores\/","title":{"rendered":"Bautistas y adventistas se reunen para enfatizar valores"},"content":{"rendered":"<p>12 de marzo de 2009, Silver Spring, Maryland, Estados Unidos&#8230;Rajmund Dabrowski\/ANN <\/p>\n<p>Delegados de la Alianza Bautista Mundial se reunieron ayer con el presidente de la Iglesia Adventista del S\u00e9ptimo D\u00eda a nivel mundial, Jan Paulsen. , para afirmar sus valores comunes y recomprometerse con sus valores compartidos de libertad religiosa. <\/p>\n<p>La reuni\u00f3n &#8211;que incluy\u00f3 a otros l\u00edderes de iglesia &#8212; se realiz\u00f3 en la sede de la Iglesia Adventista del S\u00e9ptimo D\u00eda en Silver Spring, Maryland, Estados Unidos. <\/p>\n<p>\u00abLos adventistas y los bautistas comparten una fe centrada en Cristo y muchos de los mismos valores\u00bb, dijo John Graz, director de asuntos p\u00fablicos y libertad religiosa para la iglesia adventista. \u00abTambi\u00e9n compartimos una pasi\u00f3n por la libertad religiosa, y en muchos pa\u00edses alrededor del mundo cooperamos muy de cerca para promover y defender esta libertad\u00bb. <\/p>\n<p>Neville Callam, secretario general de la Alianza Bautista Mundial desde 2007, se hizo eco de la necesidad com\u00fan para trabajar por la libertad religiosa. <\/p>\n<p> \u00abParte de la composici\u00f3n gen\u00e9tica de la comunidad bautista es la afirmaci\u00f3n de la dignidad humana\u00bb dijo Callam. Tambi\u00e9n expres\u00f3 inter\u00e9s en la b\u00fasqueda de compartir y colaborar rec\u00edprocamente en causas comunes\u00bb en el futuro. <\/p>\n<p>Jan Paulsen, presidente de la iglesia adventista a nivel mundial tambi\u00e9n elogi\u00f3 al grupo por colaboraciones en el pasado en el \u00e1rea de la libertad religiosa. <\/p>\n<p>\u00abLa fuerza de afirmar y proteger la libertad religiosa es dependiente de la participaci\u00f3n de muchos. Exploremos oportunidades para trabajar juntos en el nombre de Cristo y para fortalecer nuestro testimonio por \u00e9l\u201d, dijo Paulsen. <\/p>\n<p>La Alianza Bautista Mundial fue fundad en 1905 y actualmente representa 105 millones de miembros en 119 pa\u00edses. <\/p>\n","protected":false},"excerpt":{"rendered":"<p>Delegados de la Alianza Bautista Mundial se reunieron ayer con el presidente de la Iglesia Adventista del S\u00e9ptimo D\u00eda a nivel mundial, Jan Paulsen , para afirmar sus valores comunes y recomprometerse con sus valores compartidos de libertad r<\/p>\n","protected":false},"author":1,"featured_media":0,"comment_status":"closed","ping_status":"closed","sticky":false,"template":"","format":"standard","meta":{"_acf_changed":false,"footnotes":""},"categories":[8],"tags":[],"class_list":["post-11338","post","type-post","status-publish","format-standard","hentry","category-archivo"],"acf":[],"yoast_head":"<!-- This site is optimized with the Yoast SEO plugin v27.3 - https:\/\/yoast.com\/product\/yoast-seo-wordpress\/ -->\n<title>Bautistas y adventistas se reunen para enfatizar valores - Iglesia Adventista del S\u00e9ptimo D\u00eda - Divisi\u00f3n Interamericana<\/title>\n<meta name=\"robots\" content=\"index, follow, max-snippet:-1, max-image-preview:large, max-video-preview:-1\" \/>\n<link rel=\"canonical\" href=\"https:\/\/interamerica.org\/es\/2009\/03\/bautistas-y-adventistas-se-reunen-para-enfatizar-valores\/\" \/>\n<meta property=\"og:locale\" content=\"es_ES\" \/>\n<meta property=\"og:type\" content=\"article\" \/>\n<meta property=\"og:title\" content=\"Bautistas y adventistas se reunen para enfatizar valores - Iglesia Adventista del S\u00e9ptimo D\u00eda - Divisi\u00f3n Interamericana\" \/>\n<meta property=\"og:description\" content=\"Delegados de la Alianza Bautista Mundial se reunieron ayer con el presidente de la Iglesia Adventista del S\u00e9ptimo D\u00eda a nivel mundial, Jan Paulsen , para afirmar sus valores comunes y recomprometerse con sus valores compartidos de libertad r\" \/>\n<meta property=\"og:url\" content=\"https:\/\/interamerica.org\/es\/2009\/03\/bautistas-y-adventistas-se-reunen-para-enfatizar-valores\/\" \/>\n<meta property=\"og:site_name\" content=\"Iglesia Adventista del S\u00e9ptimo D\u00eda - Divisi\u00f3n Interamericana\" \/>\n<meta property=\"article:published_time\" content=\"2009-03-16T04:00:00+00:00\" \/>\n<meta property=\"article:modified_time\" content=\"2017-06-02T13:06:17+00:00\" \/>\n<meta name=\"author\" content=\"Lorenzo Verduzco\" \/>\n<meta name=\"twitter:card\" content=\"summary_large_image\" \/>\n<meta name=\"twitter:label1\" content=\"Escrito por\" \/>\n\t<meta name=\"twitter:data1\" content=\"Lorenzo Verduzco\" \/>\n\t<meta name=\"twitter:label2\" content=\"Tiempo de lectura\" \/>\n\t<meta name=\"twitter:data2\" content=\"1 minuto\" \/>\n<script type=\"application\/ld+json\" class=\"yoast-schema-graph\">{\"@context\":\"https:\\\/\\\/schema.org\",\"@graph\":[{\"@type\":\"Article\",\"@id\":\"https:\\\/\\\/interamerica.org\\\/es\\\/2009\\\/03\\\/bautistas-y-adventistas-se-reunen-para-enfatizar-valores\\\/#article\",\"isPartOf\":{\"@id\":\"https:\\\/\\\/interamerica.org\\\/es\\\/2009\\\/03\\\/bautistas-y-adventistas-se-reunen-para-enfatizar-valores\\\/\"},\"author\":{\"name\":\"Lorenzo Verduzco\",\"@id\":\"https:\\\/\\\/interamerica.org\\\/es\\\/#\\\/schema\\\/person\\\/68ede8bdc292885bb76c1e3810e73c39\"},\"headline\":\"Bautistas y adventistas se reunen para enfatizar valores\",\"datePublished\":\"2009-03-16T04:00:00+00:00\",\"dateModified\":\"2017-06-02T13:06:17+00:00\",\"mainEntityOfPage\":{\"@id\":\"https:\\\/\\\/interamerica.org\\\/es\\\/2009\\\/03\\\/bautistas-y-adventistas-se-reunen-para-enfatizar-valores\\\/\"},\"wordCount\":296,\"articleSection\":[\"Archivo\"],\"inLanguage\":\"es\"},{\"@type\":\"WebPage\",\"@id\":\"https:\\\/\\\/interamerica.org\\\/es\\\/2009\\\/03\\\/bautistas-y-adventistas-se-reunen-para-enfatizar-valores\\\/\",\"url\":\"https:\\\/\\\/interamerica.org\\\/es\\\/2009\\\/03\\\/bautistas-y-adventistas-se-reunen-para-enfatizar-valores\\\/\",\"name\":\"Bautistas y adventistas se reunen para enfatizar valores - Iglesia Adventista del S\u00e9ptimo D\u00eda - Divisi\u00f3n Interamericana\",\"isPartOf\":{\"@id\":\"https:\\\/\\\/interamerica.org\\\/es\\\/#website\"},\"datePublished\":\"2009-03-16T04:00:00+00:00\",\"dateModified\":\"2017-06-02T13:06:17+00:00\",\"author\":{\"@id\":\"https:\\\/\\\/interamerica.org\\\/es\\\/#\\\/schema\\\/person\\\/68ede8bdc292885bb76c1e3810e73c39\"},\"breadcrumb\":{\"@id\":\"https:\\\/\\\/interamerica.org\\\/es\\\/2009\\\/03\\\/bautistas-y-adventistas-se-reunen-para-enfatizar-valores\\\/#breadcrumb\"},\"inLanguage\":\"es\",\"potentialAction\":[{\"@type\":\"ReadAction\",\"target\":[\"https:\\\/\\\/interamerica.org\\\/es\\\/2009\\\/03\\\/bautistas-y-adventistas-se-reunen-para-enfatizar-valores\\\/\"]}]},{\"@type\":\"BreadcrumbList\",\"@id\":\"https:\\\/\\\/interamerica.org\\\/es\\\/2009\\\/03\\\/bautistas-y-adventistas-se-reunen-para-enfatizar-valores\\\/#breadcrumb\",\"itemListElement\":[{\"@type\":\"ListItem\",\"position\":1,\"name\":\"Home\",\"item\":\"https:\\\/\\\/interamerica.org\\\/es\\\/\"},{\"@type\":\"ListItem\",\"position\":2,\"name\":\"Bautistas y adventistas se reunen para enfatizar valores\"}]},{\"@type\":\"WebSite\",\"@id\":\"https:\\\/\\\/interamerica.org\\\/es\\\/#website\",\"url\":\"https:\\\/\\\/interamerica.org\\\/es\\\/\",\"name\":\"Iglesia Adventista del S\u00e9ptimo D\u00eda - Divisi\u00f3n Interamericana\",\"description\":\"\",\"potentialAction\":[{\"@type\":\"SearchAction\",\"target\":{\"@type\":\"EntryPoint\",\"urlTemplate\":\"https:\\\/\\\/interamerica.org\\\/es\\\/?s={search_term_string}\"},\"query-input\":{\"@type\":\"PropertyValueSpecification\",\"valueRequired\":true,\"valueName\":\"search_term_string\"}}],\"inLanguage\":\"es\"},{\"@type\":\"Person\",\"@id\":\"https:\\\/\\\/interamerica.org\\\/es\\\/#\\\/schema\\\/person\\\/68ede8bdc292885bb76c1e3810e73c39\",\"name\":\"Lorenzo Verduzco\",\"image\":{\"@type\":\"ImageObject\",\"inLanguage\":\"es\",\"@id\":\"https:\\\/\\\/secure.gravatar.com\\\/avatar\\\/fb81a55b6218459490a9c1dc841a34909185b81904c5337b4b27f7a6fd60c49e?s=96&d=mm&r=g\",\"url\":\"https:\\\/\\\/secure.gravatar.com\\\/avatar\\\/fb81a55b6218459490a9c1dc841a34909185b81904c5337b4b27f7a6fd60c49e?s=96&d=mm&r=g\",\"contentUrl\":\"https:\\\/\\\/secure.gravatar.com\\\/avatar\\\/fb81a55b6218459490a9c1dc841a34909185b81904c5337b4b27f7a6fd60c49e?s=96&d=mm&r=g\",\"caption\":\"Lorenzo Verduzco\"}}]}<\/script>\n<!-- \/ Yoast SEO plugin. -->","yoast_head_json":{"title":"Bautistas y adventistas se reunen para enfatizar valores - Iglesia Adventista del S\u00e9ptimo D\u00eda - Divisi\u00f3n Interamericana","robots":{"index":"index","follow":"follow","max-snippet":"max-snippet:-1","max-image-preview":"max-image-preview:large","max-video-preview":"max-video-preview:-1"},"canonical":"https:\/\/interamerica.org\/es\/2009\/03\/bautistas-y-adventistas-se-reunen-para-enfatizar-valores\/","og_locale":"es_ES","og_type":"article","og_title":"Bautistas y adventistas se reunen para enfatizar valores - Iglesia Adventista del S\u00e9ptimo D\u00eda - Divisi\u00f3n Interamericana","og_description":"Delegados de la Alianza Bautista Mundial se reunieron ayer con el presidente de la Iglesia Adventista del S\u00e9ptimo D\u00eda a nivel mundial, Jan Paulsen , para afirmar sus valores comunes y recomprometerse con sus valores compartidos de libertad r","og_url":"https:\/\/interamerica.org\/es\/2009\/03\/bautistas-y-adventistas-se-reunen-para-enfatizar-valores\/","og_site_name":"Iglesia Adventista del S\u00e9ptimo D\u00eda - Divisi\u00f3n Interamericana","article_published_time":"2009-03-16T04:00:00+00:00","article_modified_time":"2017-06-02T13:06:17+00:00","author":"Lorenzo Verduzco","twitter_card":"summary_large_image","twitter_misc":{"Escrito por":"Lorenzo Verduzco","Tiempo de lectura":"1 minuto"},"schema":{"@context":"https:\/\/schema.org","@graph":[{"@type":"Article","@id":"https:\/\/interamerica.org\/es\/2009\/03\/bautistas-y-adventistas-se-reunen-para-enfatizar-valores\/#article","isPartOf":{"@id":"https:\/\/interamerica.org\/es\/2009\/03\/bautistas-y-adventistas-se-reunen-para-enfatizar-valores\/"},"author":{"name":"Lorenzo Verduzco","@id":"https:\/\/interamerica.org\/es\/#\/schema\/person\/68ede8bdc292885bb76c1e3810e73c39"},"headline":"Bautistas y adventistas se reunen para enfatizar valores","datePublished":"2009-03-16T04:00:00+00:00","dateModified":"2017-06-02T13:06:17+00:00","mainEntityOfPage":{"@id":"https:\/\/interamerica.org\/es\/2009\/03\/bautistas-y-adventistas-se-reunen-para-enfatizar-valores\/"},"wordCount":296,"articleSection":["Archivo"],"inLanguage":"es"},{"@type":"WebPage","@id":"https:\/\/interamerica.org\/es\/2009\/03\/bautistas-y-adventistas-se-reunen-para-enfatizar-valores\/","url":"https:\/\/interamerica.org\/es\/2009\/03\/bautistas-y-adventistas-se-reunen-para-enfatizar-valores\/","name":"Bautistas y adventistas se reunen para enfatizar valores - Iglesia Adventista del S\u00e9ptimo D\u00eda - Divisi\u00f3n Interamericana","isPartOf":{"@id":"https:\/\/interamerica.org\/es\/#website"},"datePublished":"2009-03-16T04:00:00+00:00","dateModified":"2017-06-02T13:06:17+00:00","author":{"@id":"https:\/\/interamerica.org\/es\/#\/schema\/person\/68ede8bdc292885bb76c1e3810e73c39"},"breadcrumb":{"@id":"https:\/\/interamerica.org\/es\/2009\/03\/bautistas-y-adventistas-se-reunen-para-enfatizar-valores\/#breadcrumb"},"inLanguage":"es","potentialAction":[{"@type":"ReadAction","target":["https:\/\/interamerica.org\/es\/2009\/03\/bautistas-y-adventistas-se-reunen-para-enfatizar-valores\/"]}]},{"@type":"BreadcrumbList","@id":"https:\/\/interamerica.org\/es\/2009\/03\/bautistas-y-adventistas-se-reunen-para-enfatizar-valores\/#breadcrumb","itemListElement":[{"@type":"ListItem","position":1,"name":"Home","item":"https:\/\/interamerica.org\/es\/"},{"@type":"ListItem","position":2,"name":"Bautistas y adventistas se reunen para enfatizar valores"}]},{"@type":"WebSite","@id":"https:\/\/interamerica.org\/es\/#website","url":"https:\/\/interamerica.org\/es\/","name":"Iglesia Adventista del S\u00e9ptimo D\u00eda - Divisi\u00f3n Interamericana","description":"","potentialAction":[{"@type":"SearchAction","target":{"@type":"EntryPoint","urlTemplate":"https:\/\/interamerica.org\/es\/?s={search_term_string}"},"query-input":{"@type":"PropertyValueSpecification","valueRequired":true,"valueName":"search_term_string"}}],"inLanguage":"es"},{"@type":"Person","@id":"https:\/\/interamerica.org\/es\/#\/schema\/person\/68ede8bdc292885bb76c1e3810e73c39","name":"Lorenzo Verduzco","image":{"@type":"ImageObject","inLanguage":"es","@id":"https:\/\/secure.gravatar.com\/avatar\/fb81a55b6218459490a9c1dc841a34909185b81904c5337b4b27f7a6fd60c49e?s=96&d=mm&r=g","url":"https:\/\/secure.gravatar.com\/avatar\/fb81a55b6218459490a9c1dc841a34909185b81904c5337b4b27f7a6fd60c49e?s=96&d=mm&r=g","contentUrl":"https:\/\/secure.gravatar.com\/avatar\/fb81a55b6218459490a9c1dc841a34909185b81904c5337b4b27f7a6fd60c49e?s=96&d=mm&r=g","caption":"Lorenzo Verduzco"}}]}},"_links":{"self":[{"href":"https:\/\/interamerica.org\/es\/wp-json\/wp\/v2\/posts\/11338","targetHints":{"allow":["GET"]}}],"collection":[{"href":"https:\/\/interamerica.org\/es\/wp-json\/wp\/v2\/posts"}],"about":[{"href":"https:\/\/interamerica.org\/es\/wp-json\/wp\/v2\/types\/post"}],"author":[{"embeddable":true,"href":"https:\/\/interamerica.org\/es\/wp-json\/wp\/v2\/users\/1"}],"replies":[{"embeddable":true,"href":"https:\/\/interamerica.org\/es\/wp-json\/wp\/v2\/comments?post=11338"}],"version-history":[{"count":0,"href":"https:\/\/interamerica.org\/es\/wp-json\/wp\/v2\/posts\/11338\/revisions"}],"wp:attachment":[{"href":"https:\/\/interamerica.org\/es\/wp-json\/wp\/v2\/media?parent=11338"}],"wp:term":[{"taxonomy":"category","embeddable":true,"href":"https:\/\/interamerica.org\/es\/wp-json\/wp\/v2\/categories?post=11338"},{"taxonomy":"post_tag","embeddable":true,"href":"https:\/\/interamerica.org\/es\/wp-json\/wp\/v2\/tags?post=11338"}],"curies":[{"name":"wp","href":"https:\/\/api.w.org\/{rel}","templated":true}]}}