{"id":11339,"date":"2009-03-16T00:00:00","date_gmt":"2009-03-16T04:00:00","guid":{"rendered":"http:\/\/192.81.217.108\/interamerica\/2009\/03\/lideres-adventistas-embajador-rumano-afirma-cometido-con-la-libertad\/"},"modified":"2017-06-02T09:06:17","modified_gmt":"2017-06-02T13:06:17","slug":"lideres-adventistas-embajador-rumano-afirma-cometido-con-la-libertad","status":"publish","type":"post","link":"https:\/\/interamerica.org\/es\/2009\/03\/lideres-adventistas-embajador-rumano-afirma-cometido-con-la-libertad\/","title":{"rendered":"Lideres adventistas: Embajador Rumano afirma cometido con la libertad"},"content":{"rendered":"<p>12 de marzo 2009, Silver Spring, Maryland, Estados Unidos&#8230;Mark A. Kellner, Editor de Noticias, Mundo Adventista\/ANN.<\/p>\n<p>La presencia de 100,000 adventistas del s\u00e9ptimo d\u00eda en Rumania es \u00abprueba\u00bb de la aportaci\u00f3n de la iglesia al pa\u00eds, dijo el embajador Adri\u00e1n  Vierita, emisario rumano para Estados Unidos, durante un almuerzo en la sede de la iglesia adventista hoy.<\/p>\n<p>Vierita, que ha ocupado tal puesto en washington, D.C. por los \u00faltimos 14 meses, se reuni\u00f3 con Jan Paulsen, presidente de la iglesia adventista a nivel mundial, y oficiales de la iglesia antes de la reuni\u00f3n-almuerzo. Las ra\u00edces de la Iglesia Adventista del S\u00e9ptimo D\u00eda en Rumania datan desde 1868. <\/p>\n<p>Inmediatamente despu\u00e9s de la revoluci\u00f3n de 1989, los esfuerzos adventistas ganaron el m\u00e1s amplio apoyo en el pa\u00eds, y al darle la bienvenida a Vierita y a su esposa, Codrina, el pastor Paulsen dijo, \u00abQuiero agradecerle a usted y a su naci\u00f3n por reconocer los derechos humanos\u00bb, particularmente en relaci\u00f3n con la libertad religiosa.<\/p>\n<p>Paulsen tambi\u00e9n enfatiz\u00f3 que los adventistas operan m\u00e1s de 60 instituciones educativas en Rumania, y que la educaci\u00f3n ha sido siempre un ponderado valor de la Iglesia Adventista del S\u00e9ptimo D\u00eda. Queremos ser m\u00e1s que una simple comunidad de fe\u00bb.<\/p>\n<p>Paulsen le dijo a Vierita que la iglesia quiere ser socio en la construcci\u00f3n del p\u00e1is y de la comunidad\u00bb. Tambi\u00e9n ofreci\u00f3 a los habitantes de Rumania el completo apoyo de la iglesia.<\/p>\n<p>El doctor John Graz, director del departamento de asuntos p\u00fablicos de la iglesia y libertad religiosa, dijo que el adventismo es reconocido como una iglesia oficial en Rumania y expres\u00f3 apreciaci\u00f3n por ese estatus. Al introducir al embajador, Graz hizo saber que la se\u00f1ora Vierita tambi\u00e9n era consejera en la embajada de Rumania.<\/p>\n<p>Los adventistas en Rumania son conocidos por su aportaci\u00f3n a la libertad religiosa en un pa\u00eds que vivi\u00f3 severas restricciones de los derechos humanos bajo el comunismo, dijo Graz.<\/p>\n<p>\u00abTengo gran respeto y aprecio por la Iglesia Adventista del S\u00e9ptimo D\u00eda\u00bb, dijo Vierita. \u00abVuestra iglesia es apreciada por las autoridades rumanas\u00bb. Notando que muchos de los lideres de la iglesia a nivel mundial en el almuerzo hab\u00edan visitado el pa\u00eds, continu\u00f3, \u00abLo que ustedes ya habran sentido, probablemente es que ustedes son muy bienvenidos en mi pa\u00eds\u00bb.<\/p>\n","protected":false},"excerpt":{"rendered":"<p>La presencia de 100,000 adventistas del s\u00e9ptimo d\u00eda en Rumania es \u00abprueba\u00bb de la aportaci\u00f3n de la iglesia al pa\u00eds, dijo el embajador Adri\u00e1n  Vierita, emisario rumano para Estados Unidos, durante un almuerzo en<\/p>\n","protected":false},"author":1,"featured_media":0,"comment_status":"closed","ping_status":"closed","sticky":false,"template":"","format":"standard","meta":{"_acf_changed":false,"footnotes":""},"categories":[8],"tags":[],"class_list":["post-11339","post","type-post","status-publish","format-standard","hentry","category-archivo"],"acf":[],"yoast_head":"<!-- This site is optimized with the Yoast SEO plugin v27.3 - https:\/\/yoast.com\/product\/yoast-seo-wordpress\/ -->\n<title>Lideres adventistas: Embajador Rumano afirma cometido con la libertad - Iglesia Adventista del S\u00e9ptimo D\u00eda - Divisi\u00f3n Interamericana<\/title>\n<meta name=\"robots\" content=\"index, follow, max-snippet:-1, max-image-preview:large, max-video-preview:-1\" \/>\n<link rel=\"canonical\" href=\"https:\/\/interamerica.org\/es\/2009\/03\/lideres-adventistas-embajador-rumano-afirma-cometido-con-la-libertad\/\" \/>\n<meta property=\"og:locale\" content=\"es_ES\" \/>\n<meta property=\"og:type\" content=\"article\" \/>\n<meta property=\"og:title\" content=\"Lideres adventistas: Embajador Rumano afirma cometido con la libertad - Iglesia Adventista del S\u00e9ptimo D\u00eda - Divisi\u00f3n Interamericana\" \/>\n<meta property=\"og:description\" content=\"La presencia de 100,000 adventistas del s\u00e9ptimo d\u00eda en Rumania es &quot;prueba&quot; de la aportaci\u00f3n de la iglesia al pa\u00eds, dijo el embajador Adri\u00e1n Vierita, emisario rumano para Estados Unidos, durante un almuerzo en\" \/>\n<meta property=\"og:url\" content=\"https:\/\/interamerica.org\/es\/2009\/03\/lideres-adventistas-embajador-rumano-afirma-cometido-con-la-libertad\/\" \/>\n<meta property=\"og:site_name\" content=\"Iglesia Adventista del S\u00e9ptimo D\u00eda - Divisi\u00f3n Interamericana\" \/>\n<meta property=\"article:published_time\" content=\"2009-03-16T04:00:00+00:00\" \/>\n<meta property=\"article:modified_time\" content=\"2017-06-02T13:06:17+00:00\" \/>\n<meta name=\"author\" content=\"Lorenzo Verduzco\" \/>\n<meta name=\"twitter:card\" content=\"summary_large_image\" \/>\n<meta name=\"twitter:label1\" content=\"Escrito por\" \/>\n\t<meta name=\"twitter:data1\" content=\"Lorenzo Verduzco\" \/>\n\t<meta name=\"twitter:label2\" content=\"Tiempo de lectura\" \/>\n\t<meta name=\"twitter:data2\" content=\"2 minutos\" \/>\n<script type=\"application\/ld+json\" class=\"yoast-schema-graph\">{\"@context\":\"https:\\\/\\\/schema.org\",\"@graph\":[{\"@type\":\"Article\",\"@id\":\"https:\\\/\\\/interamerica.org\\\/es\\\/2009\\\/03\\\/lideres-adventistas-embajador-rumano-afirma-cometido-con-la-libertad\\\/#article\",\"isPartOf\":{\"@id\":\"https:\\\/\\\/interamerica.org\\\/es\\\/2009\\\/03\\\/lideres-adventistas-embajador-rumano-afirma-cometido-con-la-libertad\\\/\"},\"author\":{\"name\":\"Lorenzo Verduzco\",\"@id\":\"https:\\\/\\\/interamerica.org\\\/es\\\/#\\\/schema\\\/person\\\/68ede8bdc292885bb76c1e3810e73c39\"},\"headline\":\"Lideres adventistas: Embajador Rumano afirma cometido con la libertad\",\"datePublished\":\"2009-03-16T04:00:00+00:00\",\"dateModified\":\"2017-06-02T13:06:17+00:00\",\"mainEntityOfPage\":{\"@id\":\"https:\\\/\\\/interamerica.org\\\/es\\\/2009\\\/03\\\/lideres-adventistas-embajador-rumano-afirma-cometido-con-la-libertad\\\/\"},\"wordCount\":414,\"articleSection\":[\"Archivo\"],\"inLanguage\":\"es\"},{\"@type\":\"WebPage\",\"@id\":\"https:\\\/\\\/interamerica.org\\\/es\\\/2009\\\/03\\\/lideres-adventistas-embajador-rumano-afirma-cometido-con-la-libertad\\\/\",\"url\":\"https:\\\/\\\/interamerica.org\\\/es\\\/2009\\\/03\\\/lideres-adventistas-embajador-rumano-afirma-cometido-con-la-libertad\\\/\",\"name\":\"Lideres adventistas: Embajador Rumano afirma cometido con la libertad - Iglesia Adventista del S\u00e9ptimo D\u00eda - Divisi\u00f3n Interamericana\",\"isPartOf\":{\"@id\":\"https:\\\/\\\/interamerica.org\\\/es\\\/#website\"},\"datePublished\":\"2009-03-16T04:00:00+00:00\",\"dateModified\":\"2017-06-02T13:06:17+00:00\",\"author\":{\"@id\":\"https:\\\/\\\/interamerica.org\\\/es\\\/#\\\/schema\\\/person\\\/68ede8bdc292885bb76c1e3810e73c39\"},\"breadcrumb\":{\"@id\":\"https:\\\/\\\/interamerica.org\\\/es\\\/2009\\\/03\\\/lideres-adventistas-embajador-rumano-afirma-cometido-con-la-libertad\\\/#breadcrumb\"},\"inLanguage\":\"es\",\"potentialAction\":[{\"@type\":\"ReadAction\",\"target\":[\"https:\\\/\\\/interamerica.org\\\/es\\\/2009\\\/03\\\/lideres-adventistas-embajador-rumano-afirma-cometido-con-la-libertad\\\/\"]}]},{\"@type\":\"BreadcrumbList\",\"@id\":\"https:\\\/\\\/interamerica.org\\\/es\\\/2009\\\/03\\\/lideres-adventistas-embajador-rumano-afirma-cometido-con-la-libertad\\\/#breadcrumb\",\"itemListElement\":[{\"@type\":\"ListItem\",\"position\":1,\"name\":\"Home\",\"item\":\"https:\\\/\\\/interamerica.org\\\/es\\\/\"},{\"@type\":\"ListItem\",\"position\":2,\"name\":\"Lideres adventistas: Embajador Rumano afirma cometido con la libertad\"}]},{\"@type\":\"WebSite\",\"@id\":\"https:\\\/\\\/interamerica.org\\\/es\\\/#website\",\"url\":\"https:\\\/\\\/interamerica.org\\\/es\\\/\",\"name\":\"Iglesia Adventista del S\u00e9ptimo D\u00eda - Divisi\u00f3n Interamericana\",\"description\":\"\",\"potentialAction\":[{\"@type\":\"SearchAction\",\"target\":{\"@type\":\"EntryPoint\",\"urlTemplate\":\"https:\\\/\\\/interamerica.org\\\/es\\\/?s={search_term_string}\"},\"query-input\":{\"@type\":\"PropertyValueSpecification\",\"valueRequired\":true,\"valueName\":\"search_term_string\"}}],\"inLanguage\":\"es\"},{\"@type\":\"Person\",\"@id\":\"https:\\\/\\\/interamerica.org\\\/es\\\/#\\\/schema\\\/person\\\/68ede8bdc292885bb76c1e3810e73c39\",\"name\":\"Lorenzo Verduzco\",\"image\":{\"@type\":\"ImageObject\",\"inLanguage\":\"es\",\"@id\":\"https:\\\/\\\/secure.gravatar.com\\\/avatar\\\/fb81a55b6218459490a9c1dc841a34909185b81904c5337b4b27f7a6fd60c49e?s=96&d=mm&r=g\",\"url\":\"https:\\\/\\\/secure.gravatar.com\\\/avatar\\\/fb81a55b6218459490a9c1dc841a34909185b81904c5337b4b27f7a6fd60c49e?s=96&d=mm&r=g\",\"contentUrl\":\"https:\\\/\\\/secure.gravatar.com\\\/avatar\\\/fb81a55b6218459490a9c1dc841a34909185b81904c5337b4b27f7a6fd60c49e?s=96&d=mm&r=g\",\"caption\":\"Lorenzo Verduzco\"}}]}<\/script>\n<!-- \/ Yoast SEO plugin. -->","yoast_head_json":{"title":"Lideres adventistas: Embajador Rumano afirma cometido con la libertad - Iglesia Adventista del S\u00e9ptimo D\u00eda - Divisi\u00f3n Interamericana","robots":{"index":"index","follow":"follow","max-snippet":"max-snippet:-1","max-image-preview":"max-image-preview:large","max-video-preview":"max-video-preview:-1"},"canonical":"https:\/\/interamerica.org\/es\/2009\/03\/lideres-adventistas-embajador-rumano-afirma-cometido-con-la-libertad\/","og_locale":"es_ES","og_type":"article","og_title":"Lideres adventistas: Embajador Rumano afirma cometido con la libertad - Iglesia Adventista del S\u00e9ptimo D\u00eda - Divisi\u00f3n Interamericana","og_description":"La presencia de 100,000 adventistas del s\u00e9ptimo d\u00eda en Rumania es \"prueba\" de la aportaci\u00f3n de la iglesia al pa\u00eds, dijo el embajador Adri\u00e1n Vierita, emisario rumano para Estados Unidos, durante un almuerzo en","og_url":"https:\/\/interamerica.org\/es\/2009\/03\/lideres-adventistas-embajador-rumano-afirma-cometido-con-la-libertad\/","og_site_name":"Iglesia Adventista del S\u00e9ptimo D\u00eda - Divisi\u00f3n Interamericana","article_published_time":"2009-03-16T04:00:00+00:00","article_modified_time":"2017-06-02T13:06:17+00:00","author":"Lorenzo Verduzco","twitter_card":"summary_large_image","twitter_misc":{"Escrito por":"Lorenzo Verduzco","Tiempo de lectura":"2 minutos"},"schema":{"@context":"https:\/\/schema.org","@graph":[{"@type":"Article","@id":"https:\/\/interamerica.org\/es\/2009\/03\/lideres-adventistas-embajador-rumano-afirma-cometido-con-la-libertad\/#article","isPartOf":{"@id":"https:\/\/interamerica.org\/es\/2009\/03\/lideres-adventistas-embajador-rumano-afirma-cometido-con-la-libertad\/"},"author":{"name":"Lorenzo Verduzco","@id":"https:\/\/interamerica.org\/es\/#\/schema\/person\/68ede8bdc292885bb76c1e3810e73c39"},"headline":"Lideres adventistas: Embajador Rumano afirma cometido con la libertad","datePublished":"2009-03-16T04:00:00+00:00","dateModified":"2017-06-02T13:06:17+00:00","mainEntityOfPage":{"@id":"https:\/\/interamerica.org\/es\/2009\/03\/lideres-adventistas-embajador-rumano-afirma-cometido-con-la-libertad\/"},"wordCount":414,"articleSection":["Archivo"],"inLanguage":"es"},{"@type":"WebPage","@id":"https:\/\/interamerica.org\/es\/2009\/03\/lideres-adventistas-embajador-rumano-afirma-cometido-con-la-libertad\/","url":"https:\/\/interamerica.org\/es\/2009\/03\/lideres-adventistas-embajador-rumano-afirma-cometido-con-la-libertad\/","name":"Lideres adventistas: Embajador Rumano afirma cometido con la libertad - Iglesia Adventista del S\u00e9ptimo D\u00eda - Divisi\u00f3n Interamericana","isPartOf":{"@id":"https:\/\/interamerica.org\/es\/#website"},"datePublished":"2009-03-16T04:00:00+00:00","dateModified":"2017-06-02T13:06:17+00:00","author":{"@id":"https:\/\/interamerica.org\/es\/#\/schema\/person\/68ede8bdc292885bb76c1e3810e73c39"},"breadcrumb":{"@id":"https:\/\/interamerica.org\/es\/2009\/03\/lideres-adventistas-embajador-rumano-afirma-cometido-con-la-libertad\/#breadcrumb"},"inLanguage":"es","potentialAction":[{"@type":"ReadAction","target":["https:\/\/interamerica.org\/es\/2009\/03\/lideres-adventistas-embajador-rumano-afirma-cometido-con-la-libertad\/"]}]},{"@type":"BreadcrumbList","@id":"https:\/\/interamerica.org\/es\/2009\/03\/lideres-adventistas-embajador-rumano-afirma-cometido-con-la-libertad\/#breadcrumb","itemListElement":[{"@type":"ListItem","position":1,"name":"Home","item":"https:\/\/interamerica.org\/es\/"},{"@type":"ListItem","position":2,"name":"Lideres adventistas: Embajador Rumano afirma cometido con la libertad"}]},{"@type":"WebSite","@id":"https:\/\/interamerica.org\/es\/#website","url":"https:\/\/interamerica.org\/es\/","name":"Iglesia Adventista del S\u00e9ptimo D\u00eda - Divisi\u00f3n Interamericana","description":"","potentialAction":[{"@type":"SearchAction","target":{"@type":"EntryPoint","urlTemplate":"https:\/\/interamerica.org\/es\/?s={search_term_string}"},"query-input":{"@type":"PropertyValueSpecification","valueRequired":true,"valueName":"search_term_string"}}],"inLanguage":"es"},{"@type":"Person","@id":"https:\/\/interamerica.org\/es\/#\/schema\/person\/68ede8bdc292885bb76c1e3810e73c39","name":"Lorenzo Verduzco","image":{"@type":"ImageObject","inLanguage":"es","@id":"https:\/\/secure.gravatar.com\/avatar\/fb81a55b6218459490a9c1dc841a34909185b81904c5337b4b27f7a6fd60c49e?s=96&d=mm&r=g","url":"https:\/\/secure.gravatar.com\/avatar\/fb81a55b6218459490a9c1dc841a34909185b81904c5337b4b27f7a6fd60c49e?s=96&d=mm&r=g","contentUrl":"https:\/\/secure.gravatar.com\/avatar\/fb81a55b6218459490a9c1dc841a34909185b81904c5337b4b27f7a6fd60c49e?s=96&d=mm&r=g","caption":"Lorenzo Verduzco"}}]}},"_links":{"self":[{"href":"https:\/\/interamerica.org\/es\/wp-json\/wp\/v2\/posts\/11339","targetHints":{"allow":["GET"]}}],"collection":[{"href":"https:\/\/interamerica.org\/es\/wp-json\/wp\/v2\/posts"}],"about":[{"href":"https:\/\/interamerica.org\/es\/wp-json\/wp\/v2\/types\/post"}],"author":[{"embeddable":true,"href":"https:\/\/interamerica.org\/es\/wp-json\/wp\/v2\/users\/1"}],"replies":[{"embeddable":true,"href":"https:\/\/interamerica.org\/es\/wp-json\/wp\/v2\/comments?post=11339"}],"version-history":[{"count":0,"href":"https:\/\/interamerica.org\/es\/wp-json\/wp\/v2\/posts\/11339\/revisions"}],"wp:attachment":[{"href":"https:\/\/interamerica.org\/es\/wp-json\/wp\/v2\/media?parent=11339"}],"wp:term":[{"taxonomy":"category","embeddable":true,"href":"https:\/\/interamerica.org\/es\/wp-json\/wp\/v2\/categories?post=11339"},{"taxonomy":"post_tag","embeddable":true,"href":"https:\/\/interamerica.org\/es\/wp-json\/wp\/v2\/tags?post=11339"}],"curies":[{"name":"wp","href":"https:\/\/api.w.org\/{rel}","templated":true}]}}