{"id":11340,"date":"2009-03-17T00:00:00","date_gmt":"2009-03-17T04:00:00","guid":{"rendered":"http:\/\/192.81.217.108\/interamerica\/2009\/03\/organizaciones-adventistas-de-ayuda-humanitaria-acogeran-el-dia-mundial-del-agua\/"},"modified":"2017-06-02T09:06:15","modified_gmt":"2017-06-02T13:06:15","slug":"organizaciones-adventistas-de-ayuda-humanitaria-acogeran-el-dia-mundial-del-agua","status":"publish","type":"post","link":"https:\/\/interamerica.org\/es\/2009\/03\/organizaciones-adventistas-de-ayuda-humanitaria-acogeran-el-dia-mundial-del-agua\/","title":{"rendered":"Organizaciones adventistas de ayuda humanitaria acoger\u00e1n el D\u00eda Mundial del Agua"},"content":{"rendered":"<p>Silver Spring, Maryland, Estados Unidos, 17 de marzo de 2009\u2026 Personal de ANN<\/p>\n<p>Las organizaciones ben\u00e9ficas adventistas acogen el D\u00eda Mundial del Agua de las Naciones Unidas el 22 de marzo, al continuar la construcci\u00f3n de pozos de agua seguros y accesibles. As\u00ed mejoran la salud de cientos de miles de personas alrededor del mundo.<\/p>\n<p>El D\u00eda Mundial del Agua, establecido en 1993 despu\u00e9s de la Conferencia de las Naciones Unidas sobre Ambiente y Desarrollo (UNCED, por sus siglas en ingl\u00e9s), es un d\u00eda internacional para llamar la atenci\u00f3n sobre los mil millones de personas sin acceso a agua potable.<\/p>\n<p>En Mozambique, tanto la Agencia Adventista de Desarrollo y Recursos Asistenciales (ADRA) como Maranatha Volunteers International trabajan para proveer agua potable segura y de f\u00e1cil accesibilidad en un pa\u00eds donde el 70 por ciento de la poblaci\u00f3n vive sin agua, dijeron l\u00edderes de las organizaciones.<\/p>\n<p>ADRA, la organizaci\u00f3n ben\u00e9fica internacional de la Iglesia Adventista del S\u00e9ptimo D\u00eda, est\u00e1 en asocio con la organizaci\u00f3n de ayuda humanitaria <em >Samaritan\u2019s Purse<\/em > en un proyecto multimillonario en d\u00f3lares que incluir\u00e1 proveer agua potable para miles de habitantes de Mozambique. Las organizaciones proveen sistemas de filtraci\u00f3n de agua y reparan bombas hidr\u00e1ulicas manuales y pozos cavados a mano.<\/p>\n<p>Maranata Volunteers International, un ministerio de apoyo de la Iglesia Adventista del S\u00e9ptimo D\u00eda, ha terminado 100 pozos de aguas profundas en Mozambique, y planea perforar cerca de 700 m\u00e1s en el futuro. M\u00e1s de 400.000 personas tendr\u00e1n acceso al agua despu\u00e9s de terminar los pozos.<\/p>\n<p>Otro proyecto de ADRA provee agua potable a 14.000 habitantes de Little Andaman, Islas Andam\u00e1n  Nicobar, todas ellas territorios de India. Este proyecto, que inici\u00f3 en 2007, rehabilita pozos y mejora la higiene del agua en las islas devastadas durante el tsunami de diciembre del a\u00f1o 2004.<\/p>\n<p>Para m\u00e1s informaci\u00f3n sobre los proyectos de agua, visite www.adra.org y www.maranatha.org.<\/p>\n","protected":false},"excerpt":{"rendered":"<p>Las organizaciones ben\u00e9ficas adventistas acogen el D\u00eda Mundial del Agua de Naciones Unidas el 22 de marzo al continuar la construcci\u00f3n de pozos de agua seguros y accesibles. As\u00ed mejoran la salud de cientos de miles de personas<\/p>\n","protected":false},"author":1,"featured_media":0,"comment_status":"closed","ping_status":"closed","sticky":false,"template":"","format":"standard","meta":{"_acf_changed":false,"footnotes":""},"categories":[8],"tags":[],"class_list":["post-11340","post","type-post","status-publish","format-standard","hentry","category-archivo"],"acf":[],"yoast_head":"<!-- This site is optimized with the Yoast SEO plugin v27.3 - https:\/\/yoast.com\/product\/yoast-seo-wordpress\/ -->\n<title>Organizaciones adventistas de ayuda humanitaria acoger\u00e1n el D\u00eda Mundial del Agua - Iglesia Adventista del S\u00e9ptimo D\u00eda - Divisi\u00f3n Interamericana<\/title>\n<meta name=\"robots\" content=\"index, follow, max-snippet:-1, max-image-preview:large, max-video-preview:-1\" \/>\n<link rel=\"canonical\" href=\"https:\/\/interamerica.org\/es\/2009\/03\/organizaciones-adventistas-de-ayuda-humanitaria-acogeran-el-dia-mundial-del-agua\/\" \/>\n<meta property=\"og:locale\" content=\"es_ES\" \/>\n<meta property=\"og:type\" content=\"article\" \/>\n<meta property=\"og:title\" content=\"Organizaciones adventistas de ayuda humanitaria acoger\u00e1n el D\u00eda Mundial del Agua - Iglesia Adventista del S\u00e9ptimo D\u00eda - Divisi\u00f3n Interamericana\" \/>\n<meta property=\"og:description\" content=\"Las organizaciones ben\u00e9ficas adventistas acogen el D\u00eda Mundial del Agua de Naciones Unidas el 22 de marzo al continuar la construcci\u00f3n de pozos de agua seguros y accesibles. As\u00ed mejoran la salud de cientos de miles de personas\" \/>\n<meta property=\"og:url\" content=\"https:\/\/interamerica.org\/es\/2009\/03\/organizaciones-adventistas-de-ayuda-humanitaria-acogeran-el-dia-mundial-del-agua\/\" \/>\n<meta property=\"og:site_name\" content=\"Iglesia Adventista del S\u00e9ptimo D\u00eda - Divisi\u00f3n Interamericana\" \/>\n<meta property=\"article:published_time\" content=\"2009-03-17T04:00:00+00:00\" \/>\n<meta property=\"article:modified_time\" content=\"2017-06-02T13:06:15+00:00\" \/>\n<meta name=\"author\" content=\"Lorenzo Verduzco\" \/>\n<meta name=\"twitter:card\" content=\"summary_large_image\" \/>\n<meta name=\"twitter:label1\" content=\"Escrito por\" \/>\n\t<meta name=\"twitter:data1\" content=\"Lorenzo Verduzco\" \/>\n\t<meta name=\"twitter:label2\" content=\"Tiempo de lectura\" \/>\n\t<meta name=\"twitter:data2\" content=\"2 minutos\" \/>\n<script type=\"application\/ld+json\" class=\"yoast-schema-graph\">{\"@context\":\"https:\\\/\\\/schema.org\",\"@graph\":[{\"@type\":\"Article\",\"@id\":\"https:\\\/\\\/interamerica.org\\\/es\\\/2009\\\/03\\\/organizaciones-adventistas-de-ayuda-humanitaria-acogeran-el-dia-mundial-del-agua\\\/#article\",\"isPartOf\":{\"@id\":\"https:\\\/\\\/interamerica.org\\\/es\\\/2009\\\/03\\\/organizaciones-adventistas-de-ayuda-humanitaria-acogeran-el-dia-mundial-del-agua\\\/\"},\"author\":{\"name\":\"Lorenzo Verduzco\",\"@id\":\"https:\\\/\\\/interamerica.org\\\/es\\\/#\\\/schema\\\/person\\\/68ede8bdc292885bb76c1e3810e73c39\"},\"headline\":\"Organizaciones adventistas de ayuda humanitaria acoger\u00e1n el D\u00eda Mundial del Agua\",\"datePublished\":\"2009-03-17T04:00:00+00:00\",\"dateModified\":\"2017-06-02T13:06:15+00:00\",\"mainEntityOfPage\":{\"@id\":\"https:\\\/\\\/interamerica.org\\\/es\\\/2009\\\/03\\\/organizaciones-adventistas-de-ayuda-humanitaria-acogeran-el-dia-mundial-del-agua\\\/\"},\"wordCount\":345,\"articleSection\":[\"Archivo\"],\"inLanguage\":\"es\"},{\"@type\":\"WebPage\",\"@id\":\"https:\\\/\\\/interamerica.org\\\/es\\\/2009\\\/03\\\/organizaciones-adventistas-de-ayuda-humanitaria-acogeran-el-dia-mundial-del-agua\\\/\",\"url\":\"https:\\\/\\\/interamerica.org\\\/es\\\/2009\\\/03\\\/organizaciones-adventistas-de-ayuda-humanitaria-acogeran-el-dia-mundial-del-agua\\\/\",\"name\":\"Organizaciones adventistas de ayuda humanitaria acoger\u00e1n el D\u00eda Mundial del Agua - Iglesia Adventista del S\u00e9ptimo D\u00eda - Divisi\u00f3n Interamericana\",\"isPartOf\":{\"@id\":\"https:\\\/\\\/interamerica.org\\\/es\\\/#website\"},\"datePublished\":\"2009-03-17T04:00:00+00:00\",\"dateModified\":\"2017-06-02T13:06:15+00:00\",\"author\":{\"@id\":\"https:\\\/\\\/interamerica.org\\\/es\\\/#\\\/schema\\\/person\\\/68ede8bdc292885bb76c1e3810e73c39\"},\"breadcrumb\":{\"@id\":\"https:\\\/\\\/interamerica.org\\\/es\\\/2009\\\/03\\\/organizaciones-adventistas-de-ayuda-humanitaria-acogeran-el-dia-mundial-del-agua\\\/#breadcrumb\"},\"inLanguage\":\"es\",\"potentialAction\":[{\"@type\":\"ReadAction\",\"target\":[\"https:\\\/\\\/interamerica.org\\\/es\\\/2009\\\/03\\\/organizaciones-adventistas-de-ayuda-humanitaria-acogeran-el-dia-mundial-del-agua\\\/\"]}]},{\"@type\":\"BreadcrumbList\",\"@id\":\"https:\\\/\\\/interamerica.org\\\/es\\\/2009\\\/03\\\/organizaciones-adventistas-de-ayuda-humanitaria-acogeran-el-dia-mundial-del-agua\\\/#breadcrumb\",\"itemListElement\":[{\"@type\":\"ListItem\",\"position\":1,\"name\":\"Home\",\"item\":\"https:\\\/\\\/interamerica.org\\\/es\\\/\"},{\"@type\":\"ListItem\",\"position\":2,\"name\":\"Organizaciones adventistas de ayuda humanitaria acoger\u00e1n el D\u00eda Mundial del Agua\"}]},{\"@type\":\"WebSite\",\"@id\":\"https:\\\/\\\/interamerica.org\\\/es\\\/#website\",\"url\":\"https:\\\/\\\/interamerica.org\\\/es\\\/\",\"name\":\"Iglesia Adventista del S\u00e9ptimo D\u00eda - Divisi\u00f3n Interamericana\",\"description\":\"\",\"potentialAction\":[{\"@type\":\"SearchAction\",\"target\":{\"@type\":\"EntryPoint\",\"urlTemplate\":\"https:\\\/\\\/interamerica.org\\\/es\\\/?s={search_term_string}\"},\"query-input\":{\"@type\":\"PropertyValueSpecification\",\"valueRequired\":true,\"valueName\":\"search_term_string\"}}],\"inLanguage\":\"es\"},{\"@type\":\"Person\",\"@id\":\"https:\\\/\\\/interamerica.org\\\/es\\\/#\\\/schema\\\/person\\\/68ede8bdc292885bb76c1e3810e73c39\",\"name\":\"Lorenzo Verduzco\",\"image\":{\"@type\":\"ImageObject\",\"inLanguage\":\"es\",\"@id\":\"https:\\\/\\\/secure.gravatar.com\\\/avatar\\\/fb81a55b6218459490a9c1dc841a34909185b81904c5337b4b27f7a6fd60c49e?s=96&d=mm&r=g\",\"url\":\"https:\\\/\\\/secure.gravatar.com\\\/avatar\\\/fb81a55b6218459490a9c1dc841a34909185b81904c5337b4b27f7a6fd60c49e?s=96&d=mm&r=g\",\"contentUrl\":\"https:\\\/\\\/secure.gravatar.com\\\/avatar\\\/fb81a55b6218459490a9c1dc841a34909185b81904c5337b4b27f7a6fd60c49e?s=96&d=mm&r=g\",\"caption\":\"Lorenzo Verduzco\"}}]}<\/script>\n<!-- \/ Yoast SEO plugin. -->","yoast_head_json":{"title":"Organizaciones adventistas de ayuda humanitaria acoger\u00e1n el D\u00eda Mundial del Agua - Iglesia Adventista del S\u00e9ptimo D\u00eda - Divisi\u00f3n Interamericana","robots":{"index":"index","follow":"follow","max-snippet":"max-snippet:-1","max-image-preview":"max-image-preview:large","max-video-preview":"max-video-preview:-1"},"canonical":"https:\/\/interamerica.org\/es\/2009\/03\/organizaciones-adventistas-de-ayuda-humanitaria-acogeran-el-dia-mundial-del-agua\/","og_locale":"es_ES","og_type":"article","og_title":"Organizaciones adventistas de ayuda humanitaria acoger\u00e1n el D\u00eda Mundial del Agua - Iglesia Adventista del S\u00e9ptimo D\u00eda - Divisi\u00f3n Interamericana","og_description":"Las organizaciones ben\u00e9ficas adventistas acogen el D\u00eda Mundial del Agua de Naciones Unidas el 22 de marzo al continuar la construcci\u00f3n de pozos de agua seguros y accesibles. As\u00ed mejoran la salud de cientos de miles de personas","og_url":"https:\/\/interamerica.org\/es\/2009\/03\/organizaciones-adventistas-de-ayuda-humanitaria-acogeran-el-dia-mundial-del-agua\/","og_site_name":"Iglesia Adventista del S\u00e9ptimo D\u00eda - Divisi\u00f3n Interamericana","article_published_time":"2009-03-17T04:00:00+00:00","article_modified_time":"2017-06-02T13:06:15+00:00","author":"Lorenzo Verduzco","twitter_card":"summary_large_image","twitter_misc":{"Escrito por":"Lorenzo Verduzco","Tiempo de lectura":"2 minutos"},"schema":{"@context":"https:\/\/schema.org","@graph":[{"@type":"Article","@id":"https:\/\/interamerica.org\/es\/2009\/03\/organizaciones-adventistas-de-ayuda-humanitaria-acogeran-el-dia-mundial-del-agua\/#article","isPartOf":{"@id":"https:\/\/interamerica.org\/es\/2009\/03\/organizaciones-adventistas-de-ayuda-humanitaria-acogeran-el-dia-mundial-del-agua\/"},"author":{"name":"Lorenzo Verduzco","@id":"https:\/\/interamerica.org\/es\/#\/schema\/person\/68ede8bdc292885bb76c1e3810e73c39"},"headline":"Organizaciones adventistas de ayuda humanitaria acoger\u00e1n el D\u00eda Mundial del Agua","datePublished":"2009-03-17T04:00:00+00:00","dateModified":"2017-06-02T13:06:15+00:00","mainEntityOfPage":{"@id":"https:\/\/interamerica.org\/es\/2009\/03\/organizaciones-adventistas-de-ayuda-humanitaria-acogeran-el-dia-mundial-del-agua\/"},"wordCount":345,"articleSection":["Archivo"],"inLanguage":"es"},{"@type":"WebPage","@id":"https:\/\/interamerica.org\/es\/2009\/03\/organizaciones-adventistas-de-ayuda-humanitaria-acogeran-el-dia-mundial-del-agua\/","url":"https:\/\/interamerica.org\/es\/2009\/03\/organizaciones-adventistas-de-ayuda-humanitaria-acogeran-el-dia-mundial-del-agua\/","name":"Organizaciones adventistas de ayuda humanitaria acoger\u00e1n el D\u00eda Mundial del Agua - Iglesia Adventista del S\u00e9ptimo D\u00eda - Divisi\u00f3n Interamericana","isPartOf":{"@id":"https:\/\/interamerica.org\/es\/#website"},"datePublished":"2009-03-17T04:00:00+00:00","dateModified":"2017-06-02T13:06:15+00:00","author":{"@id":"https:\/\/interamerica.org\/es\/#\/schema\/person\/68ede8bdc292885bb76c1e3810e73c39"},"breadcrumb":{"@id":"https:\/\/interamerica.org\/es\/2009\/03\/organizaciones-adventistas-de-ayuda-humanitaria-acogeran-el-dia-mundial-del-agua\/#breadcrumb"},"inLanguage":"es","potentialAction":[{"@type":"ReadAction","target":["https:\/\/interamerica.org\/es\/2009\/03\/organizaciones-adventistas-de-ayuda-humanitaria-acogeran-el-dia-mundial-del-agua\/"]}]},{"@type":"BreadcrumbList","@id":"https:\/\/interamerica.org\/es\/2009\/03\/organizaciones-adventistas-de-ayuda-humanitaria-acogeran-el-dia-mundial-del-agua\/#breadcrumb","itemListElement":[{"@type":"ListItem","position":1,"name":"Home","item":"https:\/\/interamerica.org\/es\/"},{"@type":"ListItem","position":2,"name":"Organizaciones adventistas de ayuda humanitaria acoger\u00e1n el D\u00eda Mundial del Agua"}]},{"@type":"WebSite","@id":"https:\/\/interamerica.org\/es\/#website","url":"https:\/\/interamerica.org\/es\/","name":"Iglesia Adventista del S\u00e9ptimo D\u00eda - Divisi\u00f3n Interamericana","description":"","potentialAction":[{"@type":"SearchAction","target":{"@type":"EntryPoint","urlTemplate":"https:\/\/interamerica.org\/es\/?s={search_term_string}"},"query-input":{"@type":"PropertyValueSpecification","valueRequired":true,"valueName":"search_term_string"}}],"inLanguage":"es"},{"@type":"Person","@id":"https:\/\/interamerica.org\/es\/#\/schema\/person\/68ede8bdc292885bb76c1e3810e73c39","name":"Lorenzo Verduzco","image":{"@type":"ImageObject","inLanguage":"es","@id":"https:\/\/secure.gravatar.com\/avatar\/fb81a55b6218459490a9c1dc841a34909185b81904c5337b4b27f7a6fd60c49e?s=96&d=mm&r=g","url":"https:\/\/secure.gravatar.com\/avatar\/fb81a55b6218459490a9c1dc841a34909185b81904c5337b4b27f7a6fd60c49e?s=96&d=mm&r=g","contentUrl":"https:\/\/secure.gravatar.com\/avatar\/fb81a55b6218459490a9c1dc841a34909185b81904c5337b4b27f7a6fd60c49e?s=96&d=mm&r=g","caption":"Lorenzo Verduzco"}}]}},"_links":{"self":[{"href":"https:\/\/interamerica.org\/es\/wp-json\/wp\/v2\/posts\/11340","targetHints":{"allow":["GET"]}}],"collection":[{"href":"https:\/\/interamerica.org\/es\/wp-json\/wp\/v2\/posts"}],"about":[{"href":"https:\/\/interamerica.org\/es\/wp-json\/wp\/v2\/types\/post"}],"author":[{"embeddable":true,"href":"https:\/\/interamerica.org\/es\/wp-json\/wp\/v2\/users\/1"}],"replies":[{"embeddable":true,"href":"https:\/\/interamerica.org\/es\/wp-json\/wp\/v2\/comments?post=11340"}],"version-history":[{"count":0,"href":"https:\/\/interamerica.org\/es\/wp-json\/wp\/v2\/posts\/11340\/revisions"}],"wp:attachment":[{"href":"https:\/\/interamerica.org\/es\/wp-json\/wp\/v2\/media?parent=11340"}],"wp:term":[{"taxonomy":"category","embeddable":true,"href":"https:\/\/interamerica.org\/es\/wp-json\/wp\/v2\/categories?post=11340"},{"taxonomy":"post_tag","embeddable":true,"href":"https:\/\/interamerica.org\/es\/wp-json\/wp\/v2\/tags?post=11340"}],"curies":[{"name":"wp","href":"https:\/\/api.w.org\/{rel}","templated":true}]}}