{"id":11344,"date":"2009-03-24T00:00:00","date_gmt":"2009-03-24T04:00:00","guid":{"rendered":"http:\/\/192.81.217.108\/interamerica\/2009\/03\/red-de-television-adventista-comienza-trabajo-en-nuevas-oficinas\/"},"modified":"2017-06-02T09:06:13","modified_gmt":"2017-06-02T13:06:13","slug":"red-de-television-adventista-comienza-trabajo-en-nuevas-oficinas","status":"publish","type":"post","link":"https:\/\/interamerica.org\/es\/2009\/03\/red-de-television-adventista-comienza-trabajo-en-nuevas-oficinas\/","title":{"rendered":"Red de televisi\u00f3n adventista comienza trabajo en nuevas oficinas"},"content":{"rendered":"<p>24 de marzo, 2009, Silver Spring, Maryland, Estados Unidos&#8230;Ansel Oliver\/ANN <\/p>\n<p>Desde su lanzamiento en 2003, la red de televisi\u00f3n de la iglesia adventista del s\u00e9ptimo d\u00eda, Hope Channel, ha funcionado desde su estudio en un s\u00f3tano en la sede de la iglesia en Silver Spring, Maryland. El piso actual del estudio tiene suficiente espacio para un conjunto, y los asistentes de producci\u00f3n necesitan hasta medio d\u00eda para cambiar dise\u00f1os para diferentes programas. <\/p>\n<p>Esa situaci\u00f3n, se espera, cambiar\u00e1 con un edificio de uso m\u00faltiple con 3,000 pies cuadrados de espacio para el estudio y lugar para seis conjuntos. La nueva facilidad, con un costo de $5 millones, ayudar\u00e1 a la red cristiana internacional a competir en escenario global con m\u00e1s eficiencia y productividad, dijeron oficiales de la iglesia una ceremonia de comienzos de trabajos el 24 de marzo. <\/p>\n<p>Jan Paulsen, presidente de la iglesia a nivel mundial, marc\u00f3 la ocasi\u00f3n al usar un excavador de 70,000 libras para excavar en los predios al sur de la propiedad de la sede, al tiempo que los vicepresidentes y representa antes de la compa\u00f1\u00eda constructora usaban palas manuales para romper el terreno. <\/p>\n<p>\u00abUno mira a los seis a\u00f1os que han pasado y es sorprendente cu\u00e1n lejos hemos llegado\u00bb, dijo Paulsen de la red. <\/p>\n<p>Hope Channel produce programas en cinco idiomas alrededor del mundo. Tambi\u00e9n usa 11 sat\u00e9lites diferentes para llevar la programaci\u00f3n globalmente y ofrece varios canales en diferentes idiomas en l\u00ednea, incluyendo chino, noruego y checo. <\/p>\n<p>El mes pasado la red firm\u00f3 un acuerdo con DIRECTV, uno de los mayores proveedores de televisi\u00f3n por sat\u00e9lite en Estados Unidos. <\/p>\n<p>\u00abTenemos que mejorar dram\u00e1ticamente la calidad de nuestros programas porque ahora estamos compitiendo con grandes gigantes de la televisi\u00f3n\u00bb, dijo Mark Finley, presidente de la junta de Hope Channel.  <\/p>\n<p>El nuevo estudio ayudar\u00e1 a los productores a aumentar la cantidad de programas con espacio para conjuntos de m\u00faltiple duraci\u00f3n, dijo Finley. El estudio tambi\u00e9n podr\u00e1 vincularse con los 50 centros adventistas de los medios alrededor del mundo, dijo \u00e9l. <\/p>\n<p>El nuevo edificio se espera que provea un total de 24,000 pies cuadrados de espacio. Los planos incluyen dos pisos y un s\u00f3tano para un cuarto de control del estudio y almacenaje. El techo est\u00e1 dise\u00f1ado para soportar vegetaci\u00f3n viva, la cual absorber\u00e1 el agua de tormentas y ayudar\u00e1 a reducir la escorrent\u00eda. <\/p>\n<p>\u00abPara nosotros, este es un espl\u00e9ndido edificio\u00bb, dijo Don Smith, presidente de Conewago Enterprise, la constructora encargada del proyecto. <\/p>\n<p>Hace varios a\u00f1os, los l\u00edderes de proyectos de la iglesia consideraron varios sitios dentro de los edificios de la sede para el estudio, incluyendo el atrio, la cafeter\u00eda y \u00e1reas de trabajo. A pesar de recortes recientes en la sede, los dirigentes decidieron seguir adelante con el proyecto por los contratos ya firmados, los cuales habr\u00eda sido costoso renegociarlos. <\/p>\n<p>Se ha programada para que el edificio sea terminado dentro de 300 d\u00edas, dijo Bob Lemon, tesorero de la iglesia a nivel mundial y presidente del comit\u00e9 de construcci\u00f3n. Dijo que el proyecto deber\u00eda costar lo que se presupuestado ya que los costos de construcci\u00f3n han bajado recientemente. <\/p>\n<p>\u00abEsperamos tener las bendiciones de Dios en este proyecto\u00bb, dijo Lemon.   <\/p><\/p>\n","protected":false},"excerpt":{"rendered":"<p>Desde su lanzamiento en 2003, la red de televisi\u00f3n de la iglesia adventista del s\u00e9ptimo d\u00eda, Hope Channel, ha funcionado desde su estudio en un s\u00f3tano en la sede de la iglesia en Silver Spring, Maryland.<\/p>\n","protected":false},"author":1,"featured_media":0,"comment_status":"closed","ping_status":"closed","sticky":false,"template":"","format":"standard","meta":{"_acf_changed":false,"footnotes":""},"categories":[8],"tags":[],"class_list":["post-11344","post","type-post","status-publish","format-standard","hentry","category-archivo"],"acf":[],"yoast_head":"<!-- This site is optimized with the Yoast SEO plugin v27.3 - https:\/\/yoast.com\/product\/yoast-seo-wordpress\/ -->\n<title>Red de televisi\u00f3n adventista comienza trabajo en nuevas oficinas - Iglesia Adventista del S\u00e9ptimo D\u00eda - Divisi\u00f3n Interamericana<\/title>\n<meta name=\"robots\" content=\"index, follow, max-snippet:-1, max-image-preview:large, max-video-preview:-1\" \/>\n<link rel=\"canonical\" href=\"https:\/\/interamerica.org\/es\/2009\/03\/red-de-television-adventista-comienza-trabajo-en-nuevas-oficinas\/\" \/>\n<meta property=\"og:locale\" content=\"es_ES\" \/>\n<meta property=\"og:type\" content=\"article\" \/>\n<meta property=\"og:title\" content=\"Red de televisi\u00f3n adventista comienza trabajo en nuevas oficinas - Iglesia Adventista del S\u00e9ptimo D\u00eda - Divisi\u00f3n Interamericana\" \/>\n<meta property=\"og:description\" content=\"Desde su lanzamiento en 2003, la red de televisi\u00f3n de la iglesia adventista del s\u00e9ptimo d\u00eda, Hope Channel, ha funcionado desde su estudio en un s\u00f3tano en la sede de la iglesia en Silver Spring, Maryland.\" \/>\n<meta property=\"og:url\" content=\"https:\/\/interamerica.org\/es\/2009\/03\/red-de-television-adventista-comienza-trabajo-en-nuevas-oficinas\/\" \/>\n<meta property=\"og:site_name\" content=\"Iglesia Adventista del S\u00e9ptimo D\u00eda - Divisi\u00f3n Interamericana\" \/>\n<meta property=\"article:published_time\" content=\"2009-03-24T04:00:00+00:00\" \/>\n<meta property=\"article:modified_time\" content=\"2017-06-02T13:06:13+00:00\" \/>\n<meta name=\"author\" content=\"Lorenzo Verduzco\" \/>\n<meta name=\"twitter:card\" content=\"summary_large_image\" \/>\n<meta name=\"twitter:label1\" content=\"Escrito por\" \/>\n\t<meta name=\"twitter:data1\" content=\"Lorenzo Verduzco\" \/>\n\t<meta name=\"twitter:label2\" content=\"Tiempo de lectura\" \/>\n\t<meta name=\"twitter:data2\" content=\"3 minutos\" \/>\n<script type=\"application\/ld+json\" class=\"yoast-schema-graph\">{\"@context\":\"https:\\\/\\\/schema.org\",\"@graph\":[{\"@type\":\"Article\",\"@id\":\"https:\\\/\\\/interamerica.org\\\/es\\\/2009\\\/03\\\/red-de-television-adventista-comienza-trabajo-en-nuevas-oficinas\\\/#article\",\"isPartOf\":{\"@id\":\"https:\\\/\\\/interamerica.org\\\/es\\\/2009\\\/03\\\/red-de-television-adventista-comienza-trabajo-en-nuevas-oficinas\\\/\"},\"author\":{\"name\":\"Lorenzo Verduzco\",\"@id\":\"https:\\\/\\\/interamerica.org\\\/es\\\/#\\\/schema\\\/person\\\/68ede8bdc292885bb76c1e3810e73c39\"},\"headline\":\"Red de televisi\u00f3n adventista comienza trabajo en nuevas oficinas\",\"datePublished\":\"2009-03-24T04:00:00+00:00\",\"dateModified\":\"2017-06-02T13:06:13+00:00\",\"mainEntityOfPage\":{\"@id\":\"https:\\\/\\\/interamerica.org\\\/es\\\/2009\\\/03\\\/red-de-television-adventista-comienza-trabajo-en-nuevas-oficinas\\\/\"},\"wordCount\":563,\"articleSection\":[\"Archivo\"],\"inLanguage\":\"es\"},{\"@type\":\"WebPage\",\"@id\":\"https:\\\/\\\/interamerica.org\\\/es\\\/2009\\\/03\\\/red-de-television-adventista-comienza-trabajo-en-nuevas-oficinas\\\/\",\"url\":\"https:\\\/\\\/interamerica.org\\\/es\\\/2009\\\/03\\\/red-de-television-adventista-comienza-trabajo-en-nuevas-oficinas\\\/\",\"name\":\"Red de televisi\u00f3n adventista comienza trabajo en nuevas oficinas - Iglesia Adventista del S\u00e9ptimo D\u00eda - Divisi\u00f3n Interamericana\",\"isPartOf\":{\"@id\":\"https:\\\/\\\/interamerica.org\\\/es\\\/#website\"},\"datePublished\":\"2009-03-24T04:00:00+00:00\",\"dateModified\":\"2017-06-02T13:06:13+00:00\",\"author\":{\"@id\":\"https:\\\/\\\/interamerica.org\\\/es\\\/#\\\/schema\\\/person\\\/68ede8bdc292885bb76c1e3810e73c39\"},\"breadcrumb\":{\"@id\":\"https:\\\/\\\/interamerica.org\\\/es\\\/2009\\\/03\\\/red-de-television-adventista-comienza-trabajo-en-nuevas-oficinas\\\/#breadcrumb\"},\"inLanguage\":\"es\",\"potentialAction\":[{\"@type\":\"ReadAction\",\"target\":[\"https:\\\/\\\/interamerica.org\\\/es\\\/2009\\\/03\\\/red-de-television-adventista-comienza-trabajo-en-nuevas-oficinas\\\/\"]}]},{\"@type\":\"BreadcrumbList\",\"@id\":\"https:\\\/\\\/interamerica.org\\\/es\\\/2009\\\/03\\\/red-de-television-adventista-comienza-trabajo-en-nuevas-oficinas\\\/#breadcrumb\",\"itemListElement\":[{\"@type\":\"ListItem\",\"position\":1,\"name\":\"Home\",\"item\":\"https:\\\/\\\/interamerica.org\\\/es\\\/\"},{\"@type\":\"ListItem\",\"position\":2,\"name\":\"Red de televisi\u00f3n adventista comienza trabajo en nuevas oficinas\"}]},{\"@type\":\"WebSite\",\"@id\":\"https:\\\/\\\/interamerica.org\\\/es\\\/#website\",\"url\":\"https:\\\/\\\/interamerica.org\\\/es\\\/\",\"name\":\"Iglesia Adventista del S\u00e9ptimo D\u00eda - Divisi\u00f3n Interamericana\",\"description\":\"\",\"potentialAction\":[{\"@type\":\"SearchAction\",\"target\":{\"@type\":\"EntryPoint\",\"urlTemplate\":\"https:\\\/\\\/interamerica.org\\\/es\\\/?s={search_term_string}\"},\"query-input\":{\"@type\":\"PropertyValueSpecification\",\"valueRequired\":true,\"valueName\":\"search_term_string\"}}],\"inLanguage\":\"es\"},{\"@type\":\"Person\",\"@id\":\"https:\\\/\\\/interamerica.org\\\/es\\\/#\\\/schema\\\/person\\\/68ede8bdc292885bb76c1e3810e73c39\",\"name\":\"Lorenzo Verduzco\",\"image\":{\"@type\":\"ImageObject\",\"inLanguage\":\"es\",\"@id\":\"https:\\\/\\\/secure.gravatar.com\\\/avatar\\\/fb81a55b6218459490a9c1dc841a34909185b81904c5337b4b27f7a6fd60c49e?s=96&d=mm&r=g\",\"url\":\"https:\\\/\\\/secure.gravatar.com\\\/avatar\\\/fb81a55b6218459490a9c1dc841a34909185b81904c5337b4b27f7a6fd60c49e?s=96&d=mm&r=g\",\"contentUrl\":\"https:\\\/\\\/secure.gravatar.com\\\/avatar\\\/fb81a55b6218459490a9c1dc841a34909185b81904c5337b4b27f7a6fd60c49e?s=96&d=mm&r=g\",\"caption\":\"Lorenzo Verduzco\"}}]}<\/script>\n<!-- \/ Yoast SEO plugin. -->","yoast_head_json":{"title":"Red de televisi\u00f3n adventista comienza trabajo en nuevas oficinas - Iglesia Adventista del S\u00e9ptimo D\u00eda - Divisi\u00f3n Interamericana","robots":{"index":"index","follow":"follow","max-snippet":"max-snippet:-1","max-image-preview":"max-image-preview:large","max-video-preview":"max-video-preview:-1"},"canonical":"https:\/\/interamerica.org\/es\/2009\/03\/red-de-television-adventista-comienza-trabajo-en-nuevas-oficinas\/","og_locale":"es_ES","og_type":"article","og_title":"Red de televisi\u00f3n adventista comienza trabajo en nuevas oficinas - Iglesia Adventista del S\u00e9ptimo D\u00eda - Divisi\u00f3n Interamericana","og_description":"Desde su lanzamiento en 2003, la red de televisi\u00f3n de la iglesia adventista del s\u00e9ptimo d\u00eda, Hope Channel, ha funcionado desde su estudio en un s\u00f3tano en la sede de la iglesia en Silver Spring, Maryland.","og_url":"https:\/\/interamerica.org\/es\/2009\/03\/red-de-television-adventista-comienza-trabajo-en-nuevas-oficinas\/","og_site_name":"Iglesia Adventista del S\u00e9ptimo D\u00eda - Divisi\u00f3n Interamericana","article_published_time":"2009-03-24T04:00:00+00:00","article_modified_time":"2017-06-02T13:06:13+00:00","author":"Lorenzo Verduzco","twitter_card":"summary_large_image","twitter_misc":{"Escrito por":"Lorenzo Verduzco","Tiempo de lectura":"3 minutos"},"schema":{"@context":"https:\/\/schema.org","@graph":[{"@type":"Article","@id":"https:\/\/interamerica.org\/es\/2009\/03\/red-de-television-adventista-comienza-trabajo-en-nuevas-oficinas\/#article","isPartOf":{"@id":"https:\/\/interamerica.org\/es\/2009\/03\/red-de-television-adventista-comienza-trabajo-en-nuevas-oficinas\/"},"author":{"name":"Lorenzo Verduzco","@id":"https:\/\/interamerica.org\/es\/#\/schema\/person\/68ede8bdc292885bb76c1e3810e73c39"},"headline":"Red de televisi\u00f3n adventista comienza trabajo en nuevas oficinas","datePublished":"2009-03-24T04:00:00+00:00","dateModified":"2017-06-02T13:06:13+00:00","mainEntityOfPage":{"@id":"https:\/\/interamerica.org\/es\/2009\/03\/red-de-television-adventista-comienza-trabajo-en-nuevas-oficinas\/"},"wordCount":563,"articleSection":["Archivo"],"inLanguage":"es"},{"@type":"WebPage","@id":"https:\/\/interamerica.org\/es\/2009\/03\/red-de-television-adventista-comienza-trabajo-en-nuevas-oficinas\/","url":"https:\/\/interamerica.org\/es\/2009\/03\/red-de-television-adventista-comienza-trabajo-en-nuevas-oficinas\/","name":"Red de televisi\u00f3n adventista comienza trabajo en nuevas oficinas - Iglesia Adventista del S\u00e9ptimo D\u00eda - Divisi\u00f3n Interamericana","isPartOf":{"@id":"https:\/\/interamerica.org\/es\/#website"},"datePublished":"2009-03-24T04:00:00+00:00","dateModified":"2017-06-02T13:06:13+00:00","author":{"@id":"https:\/\/interamerica.org\/es\/#\/schema\/person\/68ede8bdc292885bb76c1e3810e73c39"},"breadcrumb":{"@id":"https:\/\/interamerica.org\/es\/2009\/03\/red-de-television-adventista-comienza-trabajo-en-nuevas-oficinas\/#breadcrumb"},"inLanguage":"es","potentialAction":[{"@type":"ReadAction","target":["https:\/\/interamerica.org\/es\/2009\/03\/red-de-television-adventista-comienza-trabajo-en-nuevas-oficinas\/"]}]},{"@type":"BreadcrumbList","@id":"https:\/\/interamerica.org\/es\/2009\/03\/red-de-television-adventista-comienza-trabajo-en-nuevas-oficinas\/#breadcrumb","itemListElement":[{"@type":"ListItem","position":1,"name":"Home","item":"https:\/\/interamerica.org\/es\/"},{"@type":"ListItem","position":2,"name":"Red de televisi\u00f3n adventista comienza trabajo en nuevas oficinas"}]},{"@type":"WebSite","@id":"https:\/\/interamerica.org\/es\/#website","url":"https:\/\/interamerica.org\/es\/","name":"Iglesia Adventista del S\u00e9ptimo D\u00eda - Divisi\u00f3n Interamericana","description":"","potentialAction":[{"@type":"SearchAction","target":{"@type":"EntryPoint","urlTemplate":"https:\/\/interamerica.org\/es\/?s={search_term_string}"},"query-input":{"@type":"PropertyValueSpecification","valueRequired":true,"valueName":"search_term_string"}}],"inLanguage":"es"},{"@type":"Person","@id":"https:\/\/interamerica.org\/es\/#\/schema\/person\/68ede8bdc292885bb76c1e3810e73c39","name":"Lorenzo Verduzco","image":{"@type":"ImageObject","inLanguage":"es","@id":"https:\/\/secure.gravatar.com\/avatar\/fb81a55b6218459490a9c1dc841a34909185b81904c5337b4b27f7a6fd60c49e?s=96&d=mm&r=g","url":"https:\/\/secure.gravatar.com\/avatar\/fb81a55b6218459490a9c1dc841a34909185b81904c5337b4b27f7a6fd60c49e?s=96&d=mm&r=g","contentUrl":"https:\/\/secure.gravatar.com\/avatar\/fb81a55b6218459490a9c1dc841a34909185b81904c5337b4b27f7a6fd60c49e?s=96&d=mm&r=g","caption":"Lorenzo Verduzco"}}]}},"_links":{"self":[{"href":"https:\/\/interamerica.org\/es\/wp-json\/wp\/v2\/posts\/11344","targetHints":{"allow":["GET"]}}],"collection":[{"href":"https:\/\/interamerica.org\/es\/wp-json\/wp\/v2\/posts"}],"about":[{"href":"https:\/\/interamerica.org\/es\/wp-json\/wp\/v2\/types\/post"}],"author":[{"embeddable":true,"href":"https:\/\/interamerica.org\/es\/wp-json\/wp\/v2\/users\/1"}],"replies":[{"embeddable":true,"href":"https:\/\/interamerica.org\/es\/wp-json\/wp\/v2\/comments?post=11344"}],"version-history":[{"count":0,"href":"https:\/\/interamerica.org\/es\/wp-json\/wp\/v2\/posts\/11344\/revisions"}],"wp:attachment":[{"href":"https:\/\/interamerica.org\/es\/wp-json\/wp\/v2\/media?parent=11344"}],"wp:term":[{"taxonomy":"category","embeddable":true,"href":"https:\/\/interamerica.org\/es\/wp-json\/wp\/v2\/categories?post=11344"},{"taxonomy":"post_tag","embeddable":true,"href":"https:\/\/interamerica.org\/es\/wp-json\/wp\/v2\/tags?post=11344"}],"curies":[{"name":"wp","href":"https:\/\/api.w.org\/{rel}","templated":true}]}}