{"id":11345,"date":"2009-03-26T00:00:00","date_gmt":"2009-03-26T04:00:00","guid":{"rendered":"http:\/\/192.81.217.108\/interamerica\/2009\/03\/interamerica-celebra-la-labor-de-sus-colportores-en-congreso-especial\/"},"modified":"2017-06-02T09:06:12","modified_gmt":"2017-06-02T13:06:12","slug":"interamerica-celebra-la-labor-de-sus-colportores-en-congreso-especial","status":"publish","type":"post","link":"https:\/\/interamerica.org\/es\/2009\/03\/interamerica-celebra-la-labor-de-sus-colportores-en-congreso-especial\/","title":{"rendered":"Interam\u00e9rica celebra la labor de sus colportores en congreso especial"},"content":{"rendered":"<p><em >26 de marzo, 2009 &#8211; Habana, Cuba&#8230; [<\/em >Libna Stevens\/DIA] <\/p>\n<p>Desde su comienzo en los a\u00f1os 1980, la iglesia adventista del s\u00e9ptimo d\u00eda ha dependido fuertemente de la distribuci\u00f3n de publicaciones para esparcir el evangelio.  En la actualidad, despu\u00e9s de 150 a\u00f1os, hay m\u00e1s de 200 pa\u00edses y territorios que se han beneficiado de los libros y revistas adventistas a trav\u00e9s de todo el mundo. <\/p>\n<p>Hace poco, la iglesia en Interam\u00e9rica condujo su primer evento a nivel de toda la divisi\u00f3n reconociendo a los colportores o vendedores m\u00e1s sobresalientes, durante un evento hist\u00f3rico celebrado en La Habana, Cuba, del 10-14 de marzo, 2009. <\/p>\n<p>M\u00e1s de 350 colportores destacados de a trav\u00e9s de las 17 regiones principales de la iglesia se congregaron durante una conferencia de cuatro d\u00edas de duraci\u00f3n donde fueron reconocidos y animados a continuar su trabajo mientras van de casa en casa, de negocio en negocio, esparciendo el mensaje de salvaci\u00f3n por medio de la venta de libros y revistas.   <\/p>\n<p>El pastor Mirto Presentaci\u00f3n, director del ministerio de las publicaciones para la iglesia en Interam\u00e9rica y organizador del evento, expres\u00f3 que el evento estaba m\u00e1s que atrasado y ten\u00eda una misi\u00f3n especial. <\/p>\n<p>\u00abAparte de reconocer a nuestros m\u00e1s destacados colportores en Interam\u00e9rica y capacitarlos para trabajar unidos, conociendo de sus historias de \u00e9xito, fue importante para nosotros apoyar a nuestros hermanos y hermanas en Cuba\u00bb, dijo Presentaci\u00f3n. <\/p>\n<p>El congreso no fue s\u00f3lo otra reuni\u00f3n, fue m\u00e1s bien un viaje misionero a Cuba, a\u00f1adi\u00f3 Presentaci\u00f3n.  \u00abLa idea fue que cada colportor y director del ministerio de las publicaciones viajara al evento y llevaran con ellos la Biblia, un libro del Esp\u00edritu de Profec\u00eda y un himnario\u00bb, a\u00f1adi\u00f3 \u00e9l. <\/p>\n<p>\u00abFue maravilloso ver c\u00f3mo todos los que participaron en congreso trajeron m\u00e1s de un juego de libros, maletas con ropa, zapatos y art\u00edculos personales&#8230;  En realidad, fue una labor misionera\u00bb, dijo Presentaci\u00f3n. <\/p>\n<p>Se ofrecieron s\u00f3lo unos pocos seminarios. Se le dio m\u00e1s tiempo a cada uno de los colportores m\u00e1s destacados de cada uni\u00f3n para compartir con sus compa\u00f1eros y l\u00edderes de iglesia sus estrategias y m\u00e9todos para llegar a los hogares y negocios.  Tambi\u00e9n compartieron historias de \u00e9xito de personas que se unieron a la iglesia como resultado de sus esfuerzos. <\/p>\n<p>Adem\u00e1s, los colportores fueron reconocidos por su contribuci\u00f3n en la venta de publicaciones y ganancia de personas para Cristo. <\/p>\n<p>El t\u00edtulo de campeona en ventas de publicaciones en Interam\u00e9rica fue otorgado a Elva Corina Morales, que vendi\u00f3 el equivalente de m\u00e1s de $80 mil d\u00f3lares en literatura el a\u00f1o pasado en la regi\u00f3n \u00cdnter-Oce\u00e1nica de M\u00e9xico. <\/p>\n<p>Morales, de 27 a\u00f1os de edad, empez\u00f3 a colportar hace cuatro a\u00f1os. Estuvo agradecida de viajar a Cuba para el evento. <\/p>\n<p>\u00abHa sido una experiencia excelente\u00bb, dice Morales, quien dice sentir haber sido llamada para compartir la verdad. <\/p>\n<p>\u00abS\u00e9 que nac\u00ed para servir a Dios y fui puesta en este trabajo. He visto c\u00f3mo se han abierto puertas para m\u00ed para lograr conocer diversas personas que est\u00e1n sedientas y hambrientas y en necesidad de conocer a Dios\u00bb, agrega ella. <\/p>\n<p>Como colportora campeona de la DIA, a Morales se le regal\u00f3 un proyector de mano Pocket Cinema V10 para usar en sus presentaciones. <\/p>\n<p>Christian Soquet de la Uni\u00f3n Antillana Francesa vendi\u00f3 m\u00e1s de $60 mil d\u00f3lares en publicaciones el a\u00f1o pasado, la segunda m\u00e1s alta. <\/p>\n<p>Teresa de Jes\u00fas Rojas de El Salvador en la Uni\u00f3n Central Centroamericana fue la colportora campeona de la DIA en llevar personas al conocimiento de Jes\u00fas. Como resultado de su trabajo, 125 personas ingresaron a la iglesia en 2008. Pis\u00e1ndole los talones a de Jes\u00fas Rojas estuvo Saintel Octavius de Hait\u00ed, con 104 clientes que fueron bautizados el a\u00f1o pasado. <\/p>\n<p>Mar\u00eda Magdalena Villareal de Chiapas en el Sur de M\u00e9xico, sordo-muda, habl\u00f3 a trav\u00e9s de un traductor durante el evento sobre c\u00f3mo pudo formar un grupo de 54 nuevos miembros como resultado de su trabajo como colportora. <\/p>\n<p>Para los cientos que asistieron al evento, la misi\u00f3n del ministerio de publicaciones fue clara y a la altura. <\/p>\n<p>\u00abNuestra misi\u00f3n ha sido llevar a cabo el trabajo misionero por medio de la venta de libros\u00bb, dice el pastor Presentaci\u00f3n. \u00abDicho de otra forma, la filosof\u00eda de la iglesia adventista no es vender y esperar por las almas. Es, m\u00e1s bien, hacer el trabajo misionero por medio del ministerio de publicaciones, y esto est\u00e1 sucediendo en nuestro territorio\u00bb. <\/p>\n<p>Para los 7,800 colportores de tiempo completo y parcial, y los estudiantes en Interam\u00e9rica, los l\u00edderes de la iglesia creen fuertemente que su trabajo es relevante y una parte integral en la evangelizaci\u00f3n actual. <\/p>\n<p>\u00abCreemos con firmeza que los colportores contribuyen grandemente en traer a otros al conocimiento de Jes\u00fas en la Divisi\u00f3n\u00bb, dice el pastor Leito, presidente de la iglesia en Interam\u00e9rica. \u00abNo s\u00f3lo en forma directa con su participaci\u00f3n personal, pero tambi\u00e9n por ir de puerta en puerta, ellos obtienen informaci\u00f3n y contactos que de otra forma no tendr\u00edamos. Entonces, directa e indirectamente, ellos traen a la iglesia cientos de nuevos conversos\u00bb. <\/p>\n<p>Durante la apertura y clausura del congreso, el pastor Leito elogi\u00f3 el trabajo de los colportores y les asegur\u00f3 que son una parte vital en el progreso de la iglesia en Interam\u00e9rica. Jur\u00f3 trabajar hacia asegurar que la iglesia provea los arreglos financieros apropiados en sus pa\u00edses para su retiro. <\/p>\n<p>El pastor Howard Faigao, director del ministerio de publicaciones de la iglesia a nivel mundial, dio un seminario y habl\u00f3 a los colportores sobre su misi\u00f3n y enfatiz\u00f3 sobre su trabajo como fundamental en ministerio del evangelio. <\/p>\n<p>El pastor Presentaci\u00f3n, que supo de la verdad adventista por medio de un colportor y se convirti\u00f3 en uno \u00e9l mismo a la edad de 17 a\u00f1os, todav\u00eda lleva la pasi\u00f3n respecto al trabajo del colportor. <\/p>\n<p>\u00abIr de casa en casa para ofrecer la verdad todav\u00eda funciona\u00bb, dice Presentaci\u00f3n. \u00abLa gente est\u00e1 en necesidad de hacerle frente a sus problemas financieros, sus dificultades maritales, con sus hijos y en necesidad de espiritualidad. As\u00ed que, todav\u00eda hay trabajo para hacer por los colportores\u00bb. <\/p>\n<p>Despu\u00e9s de servirle a la iglesia por m\u00e1s de 37 a\u00f1os como director del ministerio de publicaciones a nivel de asociaci\u00f3n, uni\u00f3n y divisi\u00f3n, Presentaci\u00f3n dice que el m\u00e9todo b\u00e1sico de colportar no ha cambiado. Que es posible que var\u00ede la forma de hacerlo con la nueva tecnolog\u00eda, pero es a\u00fan relevante y necesario en la actualidad. S\u00f3lo en los \u00faltimos cinco a\u00f1os, el n\u00famero de colportores en Interam\u00e9rica aument\u00f3 de 5,000 a 7,800. <\/p>\n<p>En la actualidad, los colportores usan archivos mp3 en sus ipods o zunes (tocadores musicales y de servicios digitales de los medios por Microsoft) y presentan sus cat\u00e1logos de publicaciones y proyectan seminarios y presentaciones con proyectores de mano en hogares y negocios, dice Presentaci\u00f3n. <\/p>\n<p>\u00abEl evento en Cuba present\u00f3 una maravillosa oportunidad para el trabajo en equipo entre colportores y l\u00edderes para extender una mano [en Cuba] donde el colportaje no ha existido por m\u00e1s de 50 a\u00f1os\u00bb, dice Presentaci\u00f3n. \u00abHubo una tremenda descarga de materiales para nuestros hermanos all\u00e1\u00bb. Los directores de publicaciones de las uniones dieron las biblias y libros durante un acto especial el s\u00e1bado por la tarde antes de la clausura del programa. <\/p>\n<p>El pastor Daniel Fontaine, presidente para la iglesia en Cuba, dice del evento que fue distinguido por el amor y la compasi\u00f3n evidenciada por los colportores por su trabajo. <\/p>\n<p>\u00abEsperamos que las circunstancias cambien para que nuestros colportores puedan hacer su trabajo en la isla una vez m\u00e1s\u00bb, dijo Fontaine. \u00abLa iglesia en Cuba empez\u00f3 por el trabajo de dos colportores y debe terminar con el trabajo de publicaciones\u00bb. <\/p>\n<p>Los l\u00edderes de la iglesia est\u00e1n hablando ya del pr\u00f3ximo congreso a nivel de toda la Divisi\u00f3n durante el pr\u00f3ximo quinquenio. <\/p>\n<p>El Ministerio de Publicaciones de la Iglesia Adventista del S\u00e9ptimo D\u00eda existe para proclamar, a trav\u00e9s de los medios, el evangelio de esperanza a todo el mundo en esta generaci\u00f3n. Su prop\u00f3sito es realzar y dignificar la persona por medio de un mejor vivir f\u00edsico, social, y espiritual, de esa forma prepar\u00e1ndoles para el mundo venidero; animar y equipar a cada uno para compartir las buenas nuevas de Jes\u00fas y su segunda venida; y para vigorizar la fe personal por medio del alimento espiritual que viene por el hecho de compartir la luz con otros. <\/p>\n<p>Para m\u00e1s informaci\u00f3n sobre el programa y las presentaciones durante el congreso de colportores de la DIA en Cuba, visite <a  href=\"\/\">www.interamerica.org<\/a > o vaya a <a  href=\"http:\/\/cuba09.interamerica.org\/\">http:\/\/cuba09.interamerica.org\/<\/a > <\/p>\n<\/p>\n<\/p>\n<\/p>\n<\/p><\/p>\n","protected":false},"excerpt":{"rendered":"<p>Desde su comienzo en los a\u00f1os 1980, la iglesia adventista del s\u00e9ptimo d\u00eda ha dependido fuertemente de la distribuci\u00f3n de publicaciones para esparcir el evangelio.  En la actualidad, despu\u00e9s de 150 a\u00f1os&#8230;<\/p>\n","protected":false},"author":1,"featured_media":0,"comment_status":"closed","ping_status":"closed","sticky":false,"template":"","format":"standard","meta":{"_acf_changed":false,"footnotes":""},"categories":[8],"tags":[],"class_list":["post-11345","post","type-post","status-publish","format-standard","hentry","category-archivo"],"acf":[],"yoast_head":"<!-- This site is optimized with the Yoast SEO plugin v27.3 - https:\/\/yoast.com\/product\/yoast-seo-wordpress\/ -->\n<title>Interam\u00e9rica celebra la labor de sus colportores en congreso especial - Iglesia Adventista del S\u00e9ptimo D\u00eda - Divisi\u00f3n Interamericana<\/title>\n<meta name=\"robots\" content=\"index, follow, max-snippet:-1, max-image-preview:large, max-video-preview:-1\" \/>\n<link rel=\"canonical\" href=\"https:\/\/interamerica.org\/es\/2009\/03\/interamerica-celebra-la-labor-de-sus-colportores-en-congreso-especial\/\" \/>\n<meta property=\"og:locale\" content=\"es_ES\" \/>\n<meta property=\"og:type\" content=\"article\" \/>\n<meta property=\"og:title\" content=\"Interam\u00e9rica celebra la labor de sus colportores en congreso especial - Iglesia Adventista del S\u00e9ptimo D\u00eda - Divisi\u00f3n Interamericana\" \/>\n<meta property=\"og:description\" content=\"Desde su comienzo en los a\u00f1os 1980, la iglesia adventista del s\u00e9ptimo d\u00eda ha dependido fuertemente de la distribuci\u00f3n de publicaciones para esparcir el evangelio. En la actualidad, despu\u00e9s de 150 a\u00f1os...\" \/>\n<meta property=\"og:url\" content=\"https:\/\/interamerica.org\/es\/2009\/03\/interamerica-celebra-la-labor-de-sus-colportores-en-congreso-especial\/\" \/>\n<meta property=\"og:site_name\" content=\"Iglesia Adventista del S\u00e9ptimo D\u00eda - Divisi\u00f3n Interamericana\" \/>\n<meta property=\"article:published_time\" content=\"2009-03-26T04:00:00+00:00\" \/>\n<meta property=\"article:modified_time\" content=\"2017-06-02T13:06:12+00:00\" \/>\n<meta name=\"author\" content=\"Lorenzo Verduzco\" \/>\n<meta name=\"twitter:card\" content=\"summary_large_image\" \/>\n<meta name=\"twitter:label1\" content=\"Escrito por\" \/>\n\t<meta name=\"twitter:data1\" content=\"Lorenzo Verduzco\" \/>\n\t<meta name=\"twitter:label2\" content=\"Tiempo de lectura\" \/>\n\t<meta name=\"twitter:data2\" content=\"8 minutos\" \/>\n<script type=\"application\/ld+json\" class=\"yoast-schema-graph\">{\"@context\":\"https:\\\/\\\/schema.org\",\"@graph\":[{\"@type\":\"Article\",\"@id\":\"https:\\\/\\\/interamerica.org\\\/es\\\/2009\\\/03\\\/interamerica-celebra-la-labor-de-sus-colportores-en-congreso-especial\\\/#article\",\"isPartOf\":{\"@id\":\"https:\\\/\\\/interamerica.org\\\/es\\\/2009\\\/03\\\/interamerica-celebra-la-labor-de-sus-colportores-en-congreso-especial\\\/\"},\"author\":{\"name\":\"Lorenzo Verduzco\",\"@id\":\"https:\\\/\\\/interamerica.org\\\/es\\\/#\\\/schema\\\/person\\\/68ede8bdc292885bb76c1e3810e73c39\"},\"headline\":\"Interam\u00e9rica celebra la labor de sus colportores en congreso especial\",\"datePublished\":\"2009-03-26T04:00:00+00:00\",\"dateModified\":\"2017-06-02T13:06:12+00:00\",\"mainEntityOfPage\":{\"@id\":\"https:\\\/\\\/interamerica.org\\\/es\\\/2009\\\/03\\\/interamerica-celebra-la-labor-de-sus-colportores-en-congreso-especial\\\/\"},\"wordCount\":1537,\"articleSection\":[\"Archivo\"],\"inLanguage\":\"es\"},{\"@type\":\"WebPage\",\"@id\":\"https:\\\/\\\/interamerica.org\\\/es\\\/2009\\\/03\\\/interamerica-celebra-la-labor-de-sus-colportores-en-congreso-especial\\\/\",\"url\":\"https:\\\/\\\/interamerica.org\\\/es\\\/2009\\\/03\\\/interamerica-celebra-la-labor-de-sus-colportores-en-congreso-especial\\\/\",\"name\":\"Interam\u00e9rica celebra la labor de sus colportores en congreso especial - Iglesia Adventista del S\u00e9ptimo D\u00eda - Divisi\u00f3n Interamericana\",\"isPartOf\":{\"@id\":\"https:\\\/\\\/interamerica.org\\\/es\\\/#website\"},\"datePublished\":\"2009-03-26T04:00:00+00:00\",\"dateModified\":\"2017-06-02T13:06:12+00:00\",\"author\":{\"@id\":\"https:\\\/\\\/interamerica.org\\\/es\\\/#\\\/schema\\\/person\\\/68ede8bdc292885bb76c1e3810e73c39\"},\"breadcrumb\":{\"@id\":\"https:\\\/\\\/interamerica.org\\\/es\\\/2009\\\/03\\\/interamerica-celebra-la-labor-de-sus-colportores-en-congreso-especial\\\/#breadcrumb\"},\"inLanguage\":\"es\",\"potentialAction\":[{\"@type\":\"ReadAction\",\"target\":[\"https:\\\/\\\/interamerica.org\\\/es\\\/2009\\\/03\\\/interamerica-celebra-la-labor-de-sus-colportores-en-congreso-especial\\\/\"]}]},{\"@type\":\"BreadcrumbList\",\"@id\":\"https:\\\/\\\/interamerica.org\\\/es\\\/2009\\\/03\\\/interamerica-celebra-la-labor-de-sus-colportores-en-congreso-especial\\\/#breadcrumb\",\"itemListElement\":[{\"@type\":\"ListItem\",\"position\":1,\"name\":\"Home\",\"item\":\"https:\\\/\\\/interamerica.org\\\/es\\\/\"},{\"@type\":\"ListItem\",\"position\":2,\"name\":\"Interam\u00e9rica celebra la labor de sus colportores en congreso especial\"}]},{\"@type\":\"WebSite\",\"@id\":\"https:\\\/\\\/interamerica.org\\\/es\\\/#website\",\"url\":\"https:\\\/\\\/interamerica.org\\\/es\\\/\",\"name\":\"Iglesia Adventista del S\u00e9ptimo D\u00eda - Divisi\u00f3n Interamericana\",\"description\":\"\",\"potentialAction\":[{\"@type\":\"SearchAction\",\"target\":{\"@type\":\"EntryPoint\",\"urlTemplate\":\"https:\\\/\\\/interamerica.org\\\/es\\\/?s={search_term_string}\"},\"query-input\":{\"@type\":\"PropertyValueSpecification\",\"valueRequired\":true,\"valueName\":\"search_term_string\"}}],\"inLanguage\":\"es\"},{\"@type\":\"Person\",\"@id\":\"https:\\\/\\\/interamerica.org\\\/es\\\/#\\\/schema\\\/person\\\/68ede8bdc292885bb76c1e3810e73c39\",\"name\":\"Lorenzo Verduzco\",\"image\":{\"@type\":\"ImageObject\",\"inLanguage\":\"es\",\"@id\":\"https:\\\/\\\/secure.gravatar.com\\\/avatar\\\/fb81a55b6218459490a9c1dc841a34909185b81904c5337b4b27f7a6fd60c49e?s=96&d=mm&r=g\",\"url\":\"https:\\\/\\\/secure.gravatar.com\\\/avatar\\\/fb81a55b6218459490a9c1dc841a34909185b81904c5337b4b27f7a6fd60c49e?s=96&d=mm&r=g\",\"contentUrl\":\"https:\\\/\\\/secure.gravatar.com\\\/avatar\\\/fb81a55b6218459490a9c1dc841a34909185b81904c5337b4b27f7a6fd60c49e?s=96&d=mm&r=g\",\"caption\":\"Lorenzo Verduzco\"}}]}<\/script>\n<!-- \/ Yoast SEO plugin. -->","yoast_head_json":{"title":"Interam\u00e9rica celebra la labor de sus colportores en congreso especial - Iglesia Adventista del S\u00e9ptimo D\u00eda - Divisi\u00f3n Interamericana","robots":{"index":"index","follow":"follow","max-snippet":"max-snippet:-1","max-image-preview":"max-image-preview:large","max-video-preview":"max-video-preview:-1"},"canonical":"https:\/\/interamerica.org\/es\/2009\/03\/interamerica-celebra-la-labor-de-sus-colportores-en-congreso-especial\/","og_locale":"es_ES","og_type":"article","og_title":"Interam\u00e9rica celebra la labor de sus colportores en congreso especial - Iglesia Adventista del S\u00e9ptimo D\u00eda - Divisi\u00f3n Interamericana","og_description":"Desde su comienzo en los a\u00f1os 1980, la iglesia adventista del s\u00e9ptimo d\u00eda ha dependido fuertemente de la distribuci\u00f3n de publicaciones para esparcir el evangelio. En la actualidad, despu\u00e9s de 150 a\u00f1os...","og_url":"https:\/\/interamerica.org\/es\/2009\/03\/interamerica-celebra-la-labor-de-sus-colportores-en-congreso-especial\/","og_site_name":"Iglesia Adventista del S\u00e9ptimo D\u00eda - Divisi\u00f3n Interamericana","article_published_time":"2009-03-26T04:00:00+00:00","article_modified_time":"2017-06-02T13:06:12+00:00","author":"Lorenzo Verduzco","twitter_card":"summary_large_image","twitter_misc":{"Escrito por":"Lorenzo Verduzco","Tiempo de lectura":"8 minutos"},"schema":{"@context":"https:\/\/schema.org","@graph":[{"@type":"Article","@id":"https:\/\/interamerica.org\/es\/2009\/03\/interamerica-celebra-la-labor-de-sus-colportores-en-congreso-especial\/#article","isPartOf":{"@id":"https:\/\/interamerica.org\/es\/2009\/03\/interamerica-celebra-la-labor-de-sus-colportores-en-congreso-especial\/"},"author":{"name":"Lorenzo Verduzco","@id":"https:\/\/interamerica.org\/es\/#\/schema\/person\/68ede8bdc292885bb76c1e3810e73c39"},"headline":"Interam\u00e9rica celebra la labor de sus colportores en congreso especial","datePublished":"2009-03-26T04:00:00+00:00","dateModified":"2017-06-02T13:06:12+00:00","mainEntityOfPage":{"@id":"https:\/\/interamerica.org\/es\/2009\/03\/interamerica-celebra-la-labor-de-sus-colportores-en-congreso-especial\/"},"wordCount":1537,"articleSection":["Archivo"],"inLanguage":"es"},{"@type":"WebPage","@id":"https:\/\/interamerica.org\/es\/2009\/03\/interamerica-celebra-la-labor-de-sus-colportores-en-congreso-especial\/","url":"https:\/\/interamerica.org\/es\/2009\/03\/interamerica-celebra-la-labor-de-sus-colportores-en-congreso-especial\/","name":"Interam\u00e9rica celebra la labor de sus colportores en congreso especial - Iglesia Adventista del S\u00e9ptimo D\u00eda - Divisi\u00f3n Interamericana","isPartOf":{"@id":"https:\/\/interamerica.org\/es\/#website"},"datePublished":"2009-03-26T04:00:00+00:00","dateModified":"2017-06-02T13:06:12+00:00","author":{"@id":"https:\/\/interamerica.org\/es\/#\/schema\/person\/68ede8bdc292885bb76c1e3810e73c39"},"breadcrumb":{"@id":"https:\/\/interamerica.org\/es\/2009\/03\/interamerica-celebra-la-labor-de-sus-colportores-en-congreso-especial\/#breadcrumb"},"inLanguage":"es","potentialAction":[{"@type":"ReadAction","target":["https:\/\/interamerica.org\/es\/2009\/03\/interamerica-celebra-la-labor-de-sus-colportores-en-congreso-especial\/"]}]},{"@type":"BreadcrumbList","@id":"https:\/\/interamerica.org\/es\/2009\/03\/interamerica-celebra-la-labor-de-sus-colportores-en-congreso-especial\/#breadcrumb","itemListElement":[{"@type":"ListItem","position":1,"name":"Home","item":"https:\/\/interamerica.org\/es\/"},{"@type":"ListItem","position":2,"name":"Interam\u00e9rica celebra la labor de sus colportores en congreso especial"}]},{"@type":"WebSite","@id":"https:\/\/interamerica.org\/es\/#website","url":"https:\/\/interamerica.org\/es\/","name":"Iglesia Adventista del S\u00e9ptimo D\u00eda - Divisi\u00f3n Interamericana","description":"","potentialAction":[{"@type":"SearchAction","target":{"@type":"EntryPoint","urlTemplate":"https:\/\/interamerica.org\/es\/?s={search_term_string}"},"query-input":{"@type":"PropertyValueSpecification","valueRequired":true,"valueName":"search_term_string"}}],"inLanguage":"es"},{"@type":"Person","@id":"https:\/\/interamerica.org\/es\/#\/schema\/person\/68ede8bdc292885bb76c1e3810e73c39","name":"Lorenzo Verduzco","image":{"@type":"ImageObject","inLanguage":"es","@id":"https:\/\/secure.gravatar.com\/avatar\/fb81a55b6218459490a9c1dc841a34909185b81904c5337b4b27f7a6fd60c49e?s=96&d=mm&r=g","url":"https:\/\/secure.gravatar.com\/avatar\/fb81a55b6218459490a9c1dc841a34909185b81904c5337b4b27f7a6fd60c49e?s=96&d=mm&r=g","contentUrl":"https:\/\/secure.gravatar.com\/avatar\/fb81a55b6218459490a9c1dc841a34909185b81904c5337b4b27f7a6fd60c49e?s=96&d=mm&r=g","caption":"Lorenzo Verduzco"}}]}},"_links":{"self":[{"href":"https:\/\/interamerica.org\/es\/wp-json\/wp\/v2\/posts\/11345","targetHints":{"allow":["GET"]}}],"collection":[{"href":"https:\/\/interamerica.org\/es\/wp-json\/wp\/v2\/posts"}],"about":[{"href":"https:\/\/interamerica.org\/es\/wp-json\/wp\/v2\/types\/post"}],"author":[{"embeddable":true,"href":"https:\/\/interamerica.org\/es\/wp-json\/wp\/v2\/users\/1"}],"replies":[{"embeddable":true,"href":"https:\/\/interamerica.org\/es\/wp-json\/wp\/v2\/comments?post=11345"}],"version-history":[{"count":0,"href":"https:\/\/interamerica.org\/es\/wp-json\/wp\/v2\/posts\/11345\/revisions"}],"wp:attachment":[{"href":"https:\/\/interamerica.org\/es\/wp-json\/wp\/v2\/media?parent=11345"}],"wp:term":[{"taxonomy":"category","embeddable":true,"href":"https:\/\/interamerica.org\/es\/wp-json\/wp\/v2\/categories?post=11345"},{"taxonomy":"post_tag","embeddable":true,"href":"https:\/\/interamerica.org\/es\/wp-json\/wp\/v2\/tags?post=11345"}],"curies":[{"name":"wp","href":"https:\/\/api.w.org\/{rel}","templated":true}]}}