{"id":11348,"date":"2009-04-02T00:00:00","date_gmt":"2009-04-02T04:00:00","guid":{"rendered":"http:\/\/192.81.217.108\/interamerica\/2009\/04\/mexico-universidad-adventista-abre-nuevo-recinto\/"},"modified":"2017-06-02T09:06:10","modified_gmt":"2017-06-02T13:06:10","slug":"mexico-universidad-adventista-abre-nuevo-recinto","status":"publish","type":"post","link":"https:\/\/interamerica.org\/es\/2009\/04\/mexico-universidad-adventista-abre-nuevo-recinto\/","title":{"rendered":"M\u00e9xico:  Universidad adventista abre nuevo recinto"},"content":{"rendered":"<p><em >2 de abril, 2009<\/em > &#8211; Villahermosa, Tabasco, M\u00e9xico&#8230;[Libna Stevens\/Personal de la DIA] <\/p>\n<\/p>\n<p>La Universidad de Montemorelos, una instituci\u00f3n de\/y operada por la iglesia adventista del s\u00e9ptimo d\u00eda, inaugur\u00f3 su nueva y \u00fanica extensi\u00f3n la semana pasada durante una ceremonia especial. El nuevo recinto localizado en Villahermosa, Tabasco, en el sureste de M\u00e9xico, podr\u00e1 ofrecer dos grados en mercadeo internacional, as\u00ed como grados en finanzas y contabilidad. <\/p>\n<p>El gobernador del estado de Tabasco, Andr\u00e9s Granier Melo habl\u00f3 durante la ceremonia y felicit\u00f3 a la universidad adventista y a los l\u00edderes de la iglesia por su cometido nacional hacia la educaci\u00f3n. <\/p>\n<p>\u00abLa Universidad de Montemorelos es una instituci\u00f3n de un alto nivel educativo que representa una nueva y s\u00f3lida alternativa de estudios  profesionales para la  juventud de Tabasco\u00bb, dijo el gobernador. <\/p>\n<p>El presidente de la Universidad de Montemorelos, Ismael Castillo, agradeci\u00f3 al se\u00f1or gobernador por su apoyo a la apertura del nuevo recinto y enfatiz\u00f3 la labor de la iglesia adventista al educar la juventud para poner en pr\u00e1ctica sus valores morales y seguir a Dios.   <\/p>\n<p>El nuevo edificio de tres pisos, contiene seis salones de clases, un laboratorio computarizado y un peque\u00f1o auditorio.  Este permitir\u00e1 docenas de estudiantes de la localidad proseguir su educaci\u00f3n en un ambiente adventista sin tener que viajar 1,500 kil\u00f3metros a Montemorelos en la parte norte de M\u00e9xico.  La nueva extensi\u00f3n permitir\u00e1, adem\u00e1s, darles a los estudiantes la oportunidad de evangelizar en Tabasco\u00bb, dijo Castillo. <\/p>\n<p>Los l\u00edderes de la Universidad esperan que unos 80 estudiantes se matriculen en el nuevo campus para el a\u00f1o escolar 2009-2010. <\/p>\n<p>Los l\u00edderes regionales de la iglesia est\u00e1n emocionados en cuanto a lo que la instituci\u00f3n podr\u00e1 significar para su territorio. <\/p>\n<p>\u00abPor a\u00f1os, la comunidad adventista y la poblaci\u00f3n de Villahermosa necesitaban este nuevo recinto, y finalmente se ha hecho realidad\u00bb, dijo Ra\u00fal Lozano, director de educaci\u00f3n para la iglesia en el Sur de M\u00e9xico.  Dijo que ha habido presencia adventista en Villahermosa por m\u00e1s de 60 a\u00f1os. <\/p>\n<p>En d\u00e9cadas anteriores, la Universidad de Montemorelos ha tenido recintos en Navojoa, Sonora en el norte de M\u00e9xico, y en Linda Vista, Chiapas en el sur de M\u00e9xico.  En la actualidad operan independientemente de la Universidad de Montemorelos.  Castillo expres\u00f3, que es posible que la extensi\u00f3n en Tabasco, pueda alg\u00fan d\u00eda volverse independiente. <\/p>\n<p> \u00abPienso que eventualmente puede haber una instituci\u00f3n establecida en Tabasco,  sin embargo, creo que los l\u00edderes ver\u00e1n la importancia de mantenerla en su territorio y reforzar su sistema educativo alrededor de la Universidad de Montemorelos, siendo que somos una instituci\u00f3n acreditada por varias agencias nacionales, adem\u00e1s de la Asociaci\u00f3n de Acreditaci\u00f3n Adventista\u00bb dijo \u00e9l. <\/p>\n<p>El nuevo recinto podr\u00e1 comenzar su a\u00f1o escolar 2009-2010 en unos meses bajo la direcci\u00f3n de Jos\u00e9 L. M\u00e9ndez Zetina.  M\u00e9ndez posee m\u00e1s de 30 a\u00f1os de experiencia en la educaci\u00f3n adventista, que van desde profesor, principal, decano asistente del decano acad\u00e9mico y director de educaci\u00f3n para la asociaci\u00f3n. <\/p>\n<p>Para mayor informaci\u00f3n sobre la Universidad de Montemorelos y sus programas de estudios graduados y pre-graduados, visite <a  href=\"http:\/\/www.um.edu.mx\/\">http:\/\/www.um.edu.mx\/<\/a > <\/p>\n","protected":false},"excerpt":{"rendered":"<p>La Universidad de Montemorelos, una instituci\u00f3n propiedad y operada por la iglesia adventista del s\u00e9ptimo d\u00eda, inaugur\u00f3 su reci\u00e9n nueva y \u00fanica extensi\u00f3n la semana pasada durante una ceremonia especial.<\/p>\n","protected":false},"author":1,"featured_media":0,"comment_status":"closed","ping_status":"closed","sticky":false,"template":"","format":"standard","meta":{"_acf_changed":false,"footnotes":""},"categories":[8],"tags":[],"class_list":["post-11348","post","type-post","status-publish","format-standard","hentry","category-archivo"],"acf":[],"yoast_head":"<!-- This site is optimized with the Yoast SEO plugin v27.3 - https:\/\/yoast.com\/product\/yoast-seo-wordpress\/ -->\n<title>M\u00e9xico: Universidad adventista abre nuevo recinto - Iglesia Adventista del S\u00e9ptimo D\u00eda - Divisi\u00f3n Interamericana<\/title>\n<meta name=\"robots\" content=\"index, follow, max-snippet:-1, max-image-preview:large, max-video-preview:-1\" \/>\n<link rel=\"canonical\" href=\"https:\/\/interamerica.org\/es\/2009\/04\/mexico-universidad-adventista-abre-nuevo-recinto\/\" \/>\n<meta property=\"og:locale\" content=\"es_ES\" \/>\n<meta property=\"og:type\" content=\"article\" \/>\n<meta property=\"og:title\" content=\"M\u00e9xico: Universidad adventista abre nuevo recinto - Iglesia Adventista del S\u00e9ptimo D\u00eda - Divisi\u00f3n Interamericana\" \/>\n<meta property=\"og:description\" content=\"La Universidad de Montemorelos, una instituci\u00f3n propiedad y operada por la iglesia adventista del s\u00e9ptimo d\u00eda, inaugur\u00f3 su reci\u00e9n nueva y \u00fanica extensi\u00f3n la semana pasada durante una ceremonia especial.\" \/>\n<meta property=\"og:url\" content=\"https:\/\/interamerica.org\/es\/2009\/04\/mexico-universidad-adventista-abre-nuevo-recinto\/\" \/>\n<meta property=\"og:site_name\" content=\"Iglesia Adventista del S\u00e9ptimo D\u00eda - Divisi\u00f3n Interamericana\" \/>\n<meta property=\"article:published_time\" content=\"2009-04-02T04:00:00+00:00\" \/>\n<meta property=\"article:modified_time\" content=\"2017-06-02T13:06:10+00:00\" \/>\n<meta name=\"author\" content=\"Lorenzo Verduzco\" \/>\n<meta name=\"twitter:card\" content=\"summary_large_image\" \/>\n<meta name=\"twitter:label1\" content=\"Escrito por\" \/>\n\t<meta name=\"twitter:data1\" content=\"Lorenzo Verduzco\" \/>\n\t<meta name=\"twitter:label2\" content=\"Tiempo de lectura\" \/>\n\t<meta name=\"twitter:data2\" content=\"3 minutos\" \/>\n<script type=\"application\/ld+json\" class=\"yoast-schema-graph\">{\"@context\":\"https:\\\/\\\/schema.org\",\"@graph\":[{\"@type\":\"Article\",\"@id\":\"https:\\\/\\\/interamerica.org\\\/es\\\/2009\\\/04\\\/mexico-universidad-adventista-abre-nuevo-recinto\\\/#article\",\"isPartOf\":{\"@id\":\"https:\\\/\\\/interamerica.org\\\/es\\\/2009\\\/04\\\/mexico-universidad-adventista-abre-nuevo-recinto\\\/\"},\"author\":{\"name\":\"Lorenzo Verduzco\",\"@id\":\"https:\\\/\\\/interamerica.org\\\/es\\\/#\\\/schema\\\/person\\\/68ede8bdc292885bb76c1e3810e73c39\"},\"headline\":\"M\u00e9xico: Universidad adventista abre nuevo recinto\",\"datePublished\":\"2009-04-02T04:00:00+00:00\",\"dateModified\":\"2017-06-02T13:06:10+00:00\",\"mainEntityOfPage\":{\"@id\":\"https:\\\/\\\/interamerica.org\\\/es\\\/2009\\\/04\\\/mexico-universidad-adventista-abre-nuevo-recinto\\\/\"},\"wordCount\":563,\"articleSection\":[\"Archivo\"],\"inLanguage\":\"es\"},{\"@type\":\"WebPage\",\"@id\":\"https:\\\/\\\/interamerica.org\\\/es\\\/2009\\\/04\\\/mexico-universidad-adventista-abre-nuevo-recinto\\\/\",\"url\":\"https:\\\/\\\/interamerica.org\\\/es\\\/2009\\\/04\\\/mexico-universidad-adventista-abre-nuevo-recinto\\\/\",\"name\":\"M\u00e9xico: Universidad adventista abre nuevo recinto - Iglesia Adventista del S\u00e9ptimo D\u00eda - Divisi\u00f3n Interamericana\",\"isPartOf\":{\"@id\":\"https:\\\/\\\/interamerica.org\\\/es\\\/#website\"},\"datePublished\":\"2009-04-02T04:00:00+00:00\",\"dateModified\":\"2017-06-02T13:06:10+00:00\",\"author\":{\"@id\":\"https:\\\/\\\/interamerica.org\\\/es\\\/#\\\/schema\\\/person\\\/68ede8bdc292885bb76c1e3810e73c39\"},\"breadcrumb\":{\"@id\":\"https:\\\/\\\/interamerica.org\\\/es\\\/2009\\\/04\\\/mexico-universidad-adventista-abre-nuevo-recinto\\\/#breadcrumb\"},\"inLanguage\":\"es\",\"potentialAction\":[{\"@type\":\"ReadAction\",\"target\":[\"https:\\\/\\\/interamerica.org\\\/es\\\/2009\\\/04\\\/mexico-universidad-adventista-abre-nuevo-recinto\\\/\"]}]},{\"@type\":\"BreadcrumbList\",\"@id\":\"https:\\\/\\\/interamerica.org\\\/es\\\/2009\\\/04\\\/mexico-universidad-adventista-abre-nuevo-recinto\\\/#breadcrumb\",\"itemListElement\":[{\"@type\":\"ListItem\",\"position\":1,\"name\":\"Home\",\"item\":\"https:\\\/\\\/interamerica.org\\\/es\\\/\"},{\"@type\":\"ListItem\",\"position\":2,\"name\":\"M\u00e9xico: Universidad adventista abre nuevo recinto\"}]},{\"@type\":\"WebSite\",\"@id\":\"https:\\\/\\\/interamerica.org\\\/es\\\/#website\",\"url\":\"https:\\\/\\\/interamerica.org\\\/es\\\/\",\"name\":\"Iglesia Adventista del S\u00e9ptimo D\u00eda - Divisi\u00f3n Interamericana\",\"description\":\"\",\"potentialAction\":[{\"@type\":\"SearchAction\",\"target\":{\"@type\":\"EntryPoint\",\"urlTemplate\":\"https:\\\/\\\/interamerica.org\\\/es\\\/?s={search_term_string}\"},\"query-input\":{\"@type\":\"PropertyValueSpecification\",\"valueRequired\":true,\"valueName\":\"search_term_string\"}}],\"inLanguage\":\"es\"},{\"@type\":\"Person\",\"@id\":\"https:\\\/\\\/interamerica.org\\\/es\\\/#\\\/schema\\\/person\\\/68ede8bdc292885bb76c1e3810e73c39\",\"name\":\"Lorenzo Verduzco\",\"image\":{\"@type\":\"ImageObject\",\"inLanguage\":\"es\",\"@id\":\"https:\\\/\\\/secure.gravatar.com\\\/avatar\\\/fb81a55b6218459490a9c1dc841a34909185b81904c5337b4b27f7a6fd60c49e?s=96&d=mm&r=g\",\"url\":\"https:\\\/\\\/secure.gravatar.com\\\/avatar\\\/fb81a55b6218459490a9c1dc841a34909185b81904c5337b4b27f7a6fd60c49e?s=96&d=mm&r=g\",\"contentUrl\":\"https:\\\/\\\/secure.gravatar.com\\\/avatar\\\/fb81a55b6218459490a9c1dc841a34909185b81904c5337b4b27f7a6fd60c49e?s=96&d=mm&r=g\",\"caption\":\"Lorenzo Verduzco\"}}]}<\/script>\n<!-- \/ Yoast SEO plugin. -->","yoast_head_json":{"title":"M\u00e9xico: Universidad adventista abre nuevo recinto - Iglesia Adventista del S\u00e9ptimo D\u00eda - Divisi\u00f3n Interamericana","robots":{"index":"index","follow":"follow","max-snippet":"max-snippet:-1","max-image-preview":"max-image-preview:large","max-video-preview":"max-video-preview:-1"},"canonical":"https:\/\/interamerica.org\/es\/2009\/04\/mexico-universidad-adventista-abre-nuevo-recinto\/","og_locale":"es_ES","og_type":"article","og_title":"M\u00e9xico: Universidad adventista abre nuevo recinto - Iglesia Adventista del S\u00e9ptimo D\u00eda - Divisi\u00f3n Interamericana","og_description":"La Universidad de Montemorelos, una instituci\u00f3n propiedad y operada por la iglesia adventista del s\u00e9ptimo d\u00eda, inaugur\u00f3 su reci\u00e9n nueva y \u00fanica extensi\u00f3n la semana pasada durante una ceremonia especial.","og_url":"https:\/\/interamerica.org\/es\/2009\/04\/mexico-universidad-adventista-abre-nuevo-recinto\/","og_site_name":"Iglesia Adventista del S\u00e9ptimo D\u00eda - Divisi\u00f3n Interamericana","article_published_time":"2009-04-02T04:00:00+00:00","article_modified_time":"2017-06-02T13:06:10+00:00","author":"Lorenzo Verduzco","twitter_card":"summary_large_image","twitter_misc":{"Escrito por":"Lorenzo Verduzco","Tiempo de lectura":"3 minutos"},"schema":{"@context":"https:\/\/schema.org","@graph":[{"@type":"Article","@id":"https:\/\/interamerica.org\/es\/2009\/04\/mexico-universidad-adventista-abre-nuevo-recinto\/#article","isPartOf":{"@id":"https:\/\/interamerica.org\/es\/2009\/04\/mexico-universidad-adventista-abre-nuevo-recinto\/"},"author":{"name":"Lorenzo Verduzco","@id":"https:\/\/interamerica.org\/es\/#\/schema\/person\/68ede8bdc292885bb76c1e3810e73c39"},"headline":"M\u00e9xico: Universidad adventista abre nuevo recinto","datePublished":"2009-04-02T04:00:00+00:00","dateModified":"2017-06-02T13:06:10+00:00","mainEntityOfPage":{"@id":"https:\/\/interamerica.org\/es\/2009\/04\/mexico-universidad-adventista-abre-nuevo-recinto\/"},"wordCount":563,"articleSection":["Archivo"],"inLanguage":"es"},{"@type":"WebPage","@id":"https:\/\/interamerica.org\/es\/2009\/04\/mexico-universidad-adventista-abre-nuevo-recinto\/","url":"https:\/\/interamerica.org\/es\/2009\/04\/mexico-universidad-adventista-abre-nuevo-recinto\/","name":"M\u00e9xico: Universidad adventista abre nuevo recinto - Iglesia Adventista del S\u00e9ptimo D\u00eda - Divisi\u00f3n Interamericana","isPartOf":{"@id":"https:\/\/interamerica.org\/es\/#website"},"datePublished":"2009-04-02T04:00:00+00:00","dateModified":"2017-06-02T13:06:10+00:00","author":{"@id":"https:\/\/interamerica.org\/es\/#\/schema\/person\/68ede8bdc292885bb76c1e3810e73c39"},"breadcrumb":{"@id":"https:\/\/interamerica.org\/es\/2009\/04\/mexico-universidad-adventista-abre-nuevo-recinto\/#breadcrumb"},"inLanguage":"es","potentialAction":[{"@type":"ReadAction","target":["https:\/\/interamerica.org\/es\/2009\/04\/mexico-universidad-adventista-abre-nuevo-recinto\/"]}]},{"@type":"BreadcrumbList","@id":"https:\/\/interamerica.org\/es\/2009\/04\/mexico-universidad-adventista-abre-nuevo-recinto\/#breadcrumb","itemListElement":[{"@type":"ListItem","position":1,"name":"Home","item":"https:\/\/interamerica.org\/es\/"},{"@type":"ListItem","position":2,"name":"M\u00e9xico: Universidad adventista abre nuevo recinto"}]},{"@type":"WebSite","@id":"https:\/\/interamerica.org\/es\/#website","url":"https:\/\/interamerica.org\/es\/","name":"Iglesia Adventista del S\u00e9ptimo D\u00eda - Divisi\u00f3n Interamericana","description":"","potentialAction":[{"@type":"SearchAction","target":{"@type":"EntryPoint","urlTemplate":"https:\/\/interamerica.org\/es\/?s={search_term_string}"},"query-input":{"@type":"PropertyValueSpecification","valueRequired":true,"valueName":"search_term_string"}}],"inLanguage":"es"},{"@type":"Person","@id":"https:\/\/interamerica.org\/es\/#\/schema\/person\/68ede8bdc292885bb76c1e3810e73c39","name":"Lorenzo Verduzco","image":{"@type":"ImageObject","inLanguage":"es","@id":"https:\/\/secure.gravatar.com\/avatar\/fb81a55b6218459490a9c1dc841a34909185b81904c5337b4b27f7a6fd60c49e?s=96&d=mm&r=g","url":"https:\/\/secure.gravatar.com\/avatar\/fb81a55b6218459490a9c1dc841a34909185b81904c5337b4b27f7a6fd60c49e?s=96&d=mm&r=g","contentUrl":"https:\/\/secure.gravatar.com\/avatar\/fb81a55b6218459490a9c1dc841a34909185b81904c5337b4b27f7a6fd60c49e?s=96&d=mm&r=g","caption":"Lorenzo Verduzco"}}]}},"_links":{"self":[{"href":"https:\/\/interamerica.org\/es\/wp-json\/wp\/v2\/posts\/11348","targetHints":{"allow":["GET"]}}],"collection":[{"href":"https:\/\/interamerica.org\/es\/wp-json\/wp\/v2\/posts"}],"about":[{"href":"https:\/\/interamerica.org\/es\/wp-json\/wp\/v2\/types\/post"}],"author":[{"embeddable":true,"href":"https:\/\/interamerica.org\/es\/wp-json\/wp\/v2\/users\/1"}],"replies":[{"embeddable":true,"href":"https:\/\/interamerica.org\/es\/wp-json\/wp\/v2\/comments?post=11348"}],"version-history":[{"count":0,"href":"https:\/\/interamerica.org\/es\/wp-json\/wp\/v2\/posts\/11348\/revisions"}],"wp:attachment":[{"href":"https:\/\/interamerica.org\/es\/wp-json\/wp\/v2\/media?parent=11348"}],"wp:term":[{"taxonomy":"category","embeddable":true,"href":"https:\/\/interamerica.org\/es\/wp-json\/wp\/v2\/categories?post=11348"},{"taxonomy":"post_tag","embeddable":true,"href":"https:\/\/interamerica.org\/es\/wp-json\/wp\/v2\/tags?post=11348"}],"curies":[{"name":"wp","href":"https:\/\/api.w.org\/{rel}","templated":true}]}}