{"id":11349,"date":"2009-04-06T00:00:00","date_gmt":"2009-04-06T04:00:00","guid":{"rendered":"http:\/\/192.81.217.108\/interamerica\/2009\/04\/la-iglesia-adventista-elige-a-doukmetzian-como-asesor-general\/"},"modified":"2017-06-02T09:06:09","modified_gmt":"2017-06-02T13:06:09","slug":"la-iglesia-adventista-elige-a-doukmetzian-como-asesor-general","status":"publish","type":"post","link":"https:\/\/interamerica.org\/es\/2009\/04\/la-iglesia-adventista-elige-a-doukmetzian-como-asesor-general\/","title":{"rendered":"La iglesia adventista elige a Doukmetzian como Asesor General"},"content":{"rendered":"<\/p>\n<p>6 de abril, 2009, Silver Spring, Maryland, Estados Unidos&#8230;.Personal de ANN   <\/p>\n<p>El Comit\u00e9 ejecutivo de la iglesia adventista del s\u00e9ptimo d\u00eda eligi\u00f3 por votaci\u00f3n a Karnik Doukmetzian, un vice presideente de <em >Adventist Risk Management<\/em > con m\u00e1s de 25 a\u00f1os en experiencia legal, para dirigir su oficina de Asesor\u00eda General en la sede de la iglesia mundial. <\/p>\n<p>\u00abDeseo que llegue el momento para trabajar con cada uno de ustedes y con el presidente, el pastor Jan Paulsen, mientras trabajamos para proteger los intereses de la iglesia\u00bb, dijo \u00e9l al Comit\u00e9 Ejecutivo. <\/p>\n<p>Doukmetzian reemplaz\u00f3 a Robert E. Kyte, quien sirvi\u00f3 en su puesto por cuatro a\u00f1os y ha aceptado la posici\u00f3n de asesor\u00eda general de <em >Healthwise<\/em >, una compa\u00f1\u00eda de usuarios de la educaci\u00f3n de la salud sin fines de lucro en Boise, Idaho.  Kyte previamente sirvi\u00f3 como asesor fuera de la compa\u00f1\u00eda por 15 a\u00f1os mientras ejerc\u00eda en pr\u00e1ctica privada. <\/p>\n<p>La Oficina de Asesor\u00eda General en la actualidad emplea cinco abogados para ofrecer consejer\u00eda legal a entidades de la sede mundial. Las a\u00e9reas principales incluyen impuestos, pensi\u00f3n, libertad religiosa, empleo, leyes de inmigraci\u00f3n y litigios. <\/p>\n<p>Doukmetzian de 54 a\u00f1os de edad, naci\u00f3 en Grecia y se cri\u00f3 en Canad\u00e1.  Obtuvo se grado en leyes de la Universidad de Windsor en Ontario, Canad\u00e1 en 1982.  Subsecuentemente represent\u00f3 compa\u00f1\u00edas de seguros en pr\u00e1ctica privada y sirvi\u00f3 como asesor general y director de asuntos p\u00fablicos y libertad religiosa para  la iglesia adventista en el Canad\u00e1. <\/p>\n<p>Doukmetzian ha servido a la compa\u00f1\u00eda de seguro <em >Adventist Risk Management<\/em > (administraci\u00f3n de seguros de riesgo) por 12 a\u00f1os, primero como consejero de reclamos, y en los \u00faltimos ocho a\u00f1os como vice presidente, supervisando las compa\u00f1\u00edas de seguros de la iglesia, reclamaciones y corretage supervisado. <\/p>\n<p>\u00abSu impacto dentro de esta compa\u00f1\u00eda ha sido tremendo a trav\u00e9s de los a\u00f1os\u00bb, dijo el presidente de ARM, Robert Sweezy.  \u00abEsta es una gran oportunidad para \u00e9l servir a la iglesia m\u00e1s adelante y realizar lo que a \u00e9l m\u00e1s le agrade, y eso es proteger a la iglesia en cada aspecto posible. <\/p>\n<p>Kyte, el asesor general saliente, dijo que la experiencia de Doukmetzian lo ha preparado bien para la nueva posici\u00f3n. <\/p>\n<p>\u00abFue un placer poder trabajar con \u00e9l en ARM y creo que va a traer a la oficina energ\u00eda, enfoque a trav\u00e9s de principios cristianos pr\u00e1cticos\u00bb, expres\u00f3 Kyte. <\/p>\n<p>Despu\u00e9s de colegio, Doukmetzian tuvo la intenci\u00f3n de asistir a la escuela de leyes en los Estados Unidos y consider\u00f3 un consejo de parte de la persona m\u00e1s adulta de los abogados adventista canadienses.  \u00abAsista a la escuela de leyes y use sus talentos para servir a la iglesia\u00bb, se le dijo a \u00e9l.  S\u00f3lo hab\u00eda cuatro adventistas abogados en el pa\u00eds para ese tiempo. <\/p>\n<p>Doukmetzian tiene licencia para practicar leyes en Canad\u00e1 y los Estados Unidos por igual.   Inform\u00f3 que planea la transici\u00f3n a su nueva posici\u00f3n en mayo. <\/p>\n<p>El est\u00e1 casado con Loida Cortez Doukmetzian, una maestra de escuela en el \u00e1rea de Washington, D. C. <\/p>\n<p>El comit\u00e9 ejecutivo vot\u00f3 su elecci\u00f3n durante las reuniones de primavera, una de las dos reuniones de negocios anuales de la iglesia adventista mundial. <\/p>\n<\/p>\n<\/p>\n<\/p>\n<\/p><\/p>\n","protected":false},"excerpt":{"rendered":"<p>El Comit\u00e9 ejecutivo de la iglesia adventista del s\u00e9ptimo d\u00eda eligi\u00f3 por votaci\u00f3n a Karnik Doukmetzian, un vice presideente de Adventist Risk Management con m\u00e1s de 25 a\u00f1os en experiencia legal, para dirigir<\/p>\n","protected":false},"author":1,"featured_media":0,"comment_status":"closed","ping_status":"closed","sticky":false,"template":"","format":"standard","meta":{"_acf_changed":false,"footnotes":""},"categories":[8],"tags":[],"class_list":["post-11349","post","type-post","status-publish","format-standard","hentry","category-archivo"],"acf":[],"yoast_head":"<!-- This site is optimized with the Yoast SEO plugin v27.3 - https:\/\/yoast.com\/product\/yoast-seo-wordpress\/ -->\n<title>La iglesia adventista elige a Doukmetzian como Asesor General - Iglesia Adventista del S\u00e9ptimo D\u00eda - Divisi\u00f3n Interamericana<\/title>\n<meta name=\"robots\" content=\"index, follow, max-snippet:-1, max-image-preview:large, max-video-preview:-1\" \/>\n<link rel=\"canonical\" href=\"https:\/\/interamerica.org\/es\/2009\/04\/la-iglesia-adventista-elige-a-doukmetzian-como-asesor-general\/\" \/>\n<meta property=\"og:locale\" content=\"es_ES\" \/>\n<meta property=\"og:type\" content=\"article\" \/>\n<meta property=\"og:title\" content=\"La iglesia adventista elige a Doukmetzian como Asesor General - Iglesia Adventista del S\u00e9ptimo D\u00eda - Divisi\u00f3n Interamericana\" \/>\n<meta property=\"og:description\" content=\"El Comit\u00e9 ejecutivo de la iglesia adventista del s\u00e9ptimo d\u00eda eligi\u00f3 por votaci\u00f3n a Karnik Doukmetzian, un vice presideente de Adventist Risk Management con m\u00e1s de 25 a\u00f1os en experiencia legal, para dirigir\" \/>\n<meta property=\"og:url\" content=\"https:\/\/interamerica.org\/es\/2009\/04\/la-iglesia-adventista-elige-a-doukmetzian-como-asesor-general\/\" \/>\n<meta property=\"og:site_name\" content=\"Iglesia Adventista del S\u00e9ptimo D\u00eda - Divisi\u00f3n Interamericana\" \/>\n<meta property=\"article:published_time\" content=\"2009-04-06T04:00:00+00:00\" \/>\n<meta property=\"article:modified_time\" content=\"2017-06-02T13:06:09+00:00\" \/>\n<meta name=\"author\" content=\"Lorenzo Verduzco\" \/>\n<meta name=\"twitter:card\" content=\"summary_large_image\" \/>\n<meta name=\"twitter:label1\" content=\"Escrito por\" \/>\n\t<meta name=\"twitter:data1\" content=\"Lorenzo Verduzco\" \/>\n\t<meta name=\"twitter:label2\" content=\"Tiempo de lectura\" \/>\n\t<meta name=\"twitter:data2\" content=\"3 minutos\" \/>\n<script type=\"application\/ld+json\" class=\"yoast-schema-graph\">{\"@context\":\"https:\\\/\\\/schema.org\",\"@graph\":[{\"@type\":\"Article\",\"@id\":\"https:\\\/\\\/interamerica.org\\\/es\\\/2009\\\/04\\\/la-iglesia-adventista-elige-a-doukmetzian-como-asesor-general\\\/#article\",\"isPartOf\":{\"@id\":\"https:\\\/\\\/interamerica.org\\\/es\\\/2009\\\/04\\\/la-iglesia-adventista-elige-a-doukmetzian-como-asesor-general\\\/\"},\"author\":{\"name\":\"Lorenzo Verduzco\",\"@id\":\"https:\\\/\\\/interamerica.org\\\/es\\\/#\\\/schema\\\/person\\\/68ede8bdc292885bb76c1e3810e73c39\"},\"headline\":\"La iglesia adventista elige a Doukmetzian como Asesor General\",\"datePublished\":\"2009-04-06T04:00:00+00:00\",\"dateModified\":\"2017-06-02T13:06:09+00:00\",\"mainEntityOfPage\":{\"@id\":\"https:\\\/\\\/interamerica.org\\\/es\\\/2009\\\/04\\\/la-iglesia-adventista-elige-a-doukmetzian-como-asesor-general\\\/\"},\"wordCount\":568,\"articleSection\":[\"Archivo\"],\"inLanguage\":\"es\"},{\"@type\":\"WebPage\",\"@id\":\"https:\\\/\\\/interamerica.org\\\/es\\\/2009\\\/04\\\/la-iglesia-adventista-elige-a-doukmetzian-como-asesor-general\\\/\",\"url\":\"https:\\\/\\\/interamerica.org\\\/es\\\/2009\\\/04\\\/la-iglesia-adventista-elige-a-doukmetzian-como-asesor-general\\\/\",\"name\":\"La iglesia adventista elige a Doukmetzian como Asesor General - Iglesia Adventista del S\u00e9ptimo D\u00eda - Divisi\u00f3n Interamericana\",\"isPartOf\":{\"@id\":\"https:\\\/\\\/interamerica.org\\\/es\\\/#website\"},\"datePublished\":\"2009-04-06T04:00:00+00:00\",\"dateModified\":\"2017-06-02T13:06:09+00:00\",\"author\":{\"@id\":\"https:\\\/\\\/interamerica.org\\\/es\\\/#\\\/schema\\\/person\\\/68ede8bdc292885bb76c1e3810e73c39\"},\"breadcrumb\":{\"@id\":\"https:\\\/\\\/interamerica.org\\\/es\\\/2009\\\/04\\\/la-iglesia-adventista-elige-a-doukmetzian-como-asesor-general\\\/#breadcrumb\"},\"inLanguage\":\"es\",\"potentialAction\":[{\"@type\":\"ReadAction\",\"target\":[\"https:\\\/\\\/interamerica.org\\\/es\\\/2009\\\/04\\\/la-iglesia-adventista-elige-a-doukmetzian-como-asesor-general\\\/\"]}]},{\"@type\":\"BreadcrumbList\",\"@id\":\"https:\\\/\\\/interamerica.org\\\/es\\\/2009\\\/04\\\/la-iglesia-adventista-elige-a-doukmetzian-como-asesor-general\\\/#breadcrumb\",\"itemListElement\":[{\"@type\":\"ListItem\",\"position\":1,\"name\":\"Home\",\"item\":\"https:\\\/\\\/interamerica.org\\\/es\\\/\"},{\"@type\":\"ListItem\",\"position\":2,\"name\":\"La iglesia adventista elige a Doukmetzian como Asesor General\"}]},{\"@type\":\"WebSite\",\"@id\":\"https:\\\/\\\/interamerica.org\\\/es\\\/#website\",\"url\":\"https:\\\/\\\/interamerica.org\\\/es\\\/\",\"name\":\"Iglesia Adventista del S\u00e9ptimo D\u00eda - Divisi\u00f3n Interamericana\",\"description\":\"\",\"potentialAction\":[{\"@type\":\"SearchAction\",\"target\":{\"@type\":\"EntryPoint\",\"urlTemplate\":\"https:\\\/\\\/interamerica.org\\\/es\\\/?s={search_term_string}\"},\"query-input\":{\"@type\":\"PropertyValueSpecification\",\"valueRequired\":true,\"valueName\":\"search_term_string\"}}],\"inLanguage\":\"es\"},{\"@type\":\"Person\",\"@id\":\"https:\\\/\\\/interamerica.org\\\/es\\\/#\\\/schema\\\/person\\\/68ede8bdc292885bb76c1e3810e73c39\",\"name\":\"Lorenzo Verduzco\",\"image\":{\"@type\":\"ImageObject\",\"inLanguage\":\"es\",\"@id\":\"https:\\\/\\\/secure.gravatar.com\\\/avatar\\\/fb81a55b6218459490a9c1dc841a34909185b81904c5337b4b27f7a6fd60c49e?s=96&d=mm&r=g\",\"url\":\"https:\\\/\\\/secure.gravatar.com\\\/avatar\\\/fb81a55b6218459490a9c1dc841a34909185b81904c5337b4b27f7a6fd60c49e?s=96&d=mm&r=g\",\"contentUrl\":\"https:\\\/\\\/secure.gravatar.com\\\/avatar\\\/fb81a55b6218459490a9c1dc841a34909185b81904c5337b4b27f7a6fd60c49e?s=96&d=mm&r=g\",\"caption\":\"Lorenzo Verduzco\"}}]}<\/script>\n<!-- \/ Yoast SEO plugin. -->","yoast_head_json":{"title":"La iglesia adventista elige a Doukmetzian como Asesor General - Iglesia Adventista del S\u00e9ptimo D\u00eda - Divisi\u00f3n Interamericana","robots":{"index":"index","follow":"follow","max-snippet":"max-snippet:-1","max-image-preview":"max-image-preview:large","max-video-preview":"max-video-preview:-1"},"canonical":"https:\/\/interamerica.org\/es\/2009\/04\/la-iglesia-adventista-elige-a-doukmetzian-como-asesor-general\/","og_locale":"es_ES","og_type":"article","og_title":"La iglesia adventista elige a Doukmetzian como Asesor General - Iglesia Adventista del S\u00e9ptimo D\u00eda - Divisi\u00f3n Interamericana","og_description":"El Comit\u00e9 ejecutivo de la iglesia adventista del s\u00e9ptimo d\u00eda eligi\u00f3 por votaci\u00f3n a Karnik Doukmetzian, un vice presideente de Adventist Risk Management con m\u00e1s de 25 a\u00f1os en experiencia legal, para dirigir","og_url":"https:\/\/interamerica.org\/es\/2009\/04\/la-iglesia-adventista-elige-a-doukmetzian-como-asesor-general\/","og_site_name":"Iglesia Adventista del S\u00e9ptimo D\u00eda - Divisi\u00f3n Interamericana","article_published_time":"2009-04-06T04:00:00+00:00","article_modified_time":"2017-06-02T13:06:09+00:00","author":"Lorenzo Verduzco","twitter_card":"summary_large_image","twitter_misc":{"Escrito por":"Lorenzo Verduzco","Tiempo de lectura":"3 minutos"},"schema":{"@context":"https:\/\/schema.org","@graph":[{"@type":"Article","@id":"https:\/\/interamerica.org\/es\/2009\/04\/la-iglesia-adventista-elige-a-doukmetzian-como-asesor-general\/#article","isPartOf":{"@id":"https:\/\/interamerica.org\/es\/2009\/04\/la-iglesia-adventista-elige-a-doukmetzian-como-asesor-general\/"},"author":{"name":"Lorenzo Verduzco","@id":"https:\/\/interamerica.org\/es\/#\/schema\/person\/68ede8bdc292885bb76c1e3810e73c39"},"headline":"La iglesia adventista elige a Doukmetzian como Asesor General","datePublished":"2009-04-06T04:00:00+00:00","dateModified":"2017-06-02T13:06:09+00:00","mainEntityOfPage":{"@id":"https:\/\/interamerica.org\/es\/2009\/04\/la-iglesia-adventista-elige-a-doukmetzian-como-asesor-general\/"},"wordCount":568,"articleSection":["Archivo"],"inLanguage":"es"},{"@type":"WebPage","@id":"https:\/\/interamerica.org\/es\/2009\/04\/la-iglesia-adventista-elige-a-doukmetzian-como-asesor-general\/","url":"https:\/\/interamerica.org\/es\/2009\/04\/la-iglesia-adventista-elige-a-doukmetzian-como-asesor-general\/","name":"La iglesia adventista elige a Doukmetzian como Asesor General - Iglesia Adventista del S\u00e9ptimo D\u00eda - Divisi\u00f3n Interamericana","isPartOf":{"@id":"https:\/\/interamerica.org\/es\/#website"},"datePublished":"2009-04-06T04:00:00+00:00","dateModified":"2017-06-02T13:06:09+00:00","author":{"@id":"https:\/\/interamerica.org\/es\/#\/schema\/person\/68ede8bdc292885bb76c1e3810e73c39"},"breadcrumb":{"@id":"https:\/\/interamerica.org\/es\/2009\/04\/la-iglesia-adventista-elige-a-doukmetzian-como-asesor-general\/#breadcrumb"},"inLanguage":"es","potentialAction":[{"@type":"ReadAction","target":["https:\/\/interamerica.org\/es\/2009\/04\/la-iglesia-adventista-elige-a-doukmetzian-como-asesor-general\/"]}]},{"@type":"BreadcrumbList","@id":"https:\/\/interamerica.org\/es\/2009\/04\/la-iglesia-adventista-elige-a-doukmetzian-como-asesor-general\/#breadcrumb","itemListElement":[{"@type":"ListItem","position":1,"name":"Home","item":"https:\/\/interamerica.org\/es\/"},{"@type":"ListItem","position":2,"name":"La iglesia adventista elige a Doukmetzian como Asesor General"}]},{"@type":"WebSite","@id":"https:\/\/interamerica.org\/es\/#website","url":"https:\/\/interamerica.org\/es\/","name":"Iglesia Adventista del S\u00e9ptimo D\u00eda - Divisi\u00f3n Interamericana","description":"","potentialAction":[{"@type":"SearchAction","target":{"@type":"EntryPoint","urlTemplate":"https:\/\/interamerica.org\/es\/?s={search_term_string}"},"query-input":{"@type":"PropertyValueSpecification","valueRequired":true,"valueName":"search_term_string"}}],"inLanguage":"es"},{"@type":"Person","@id":"https:\/\/interamerica.org\/es\/#\/schema\/person\/68ede8bdc292885bb76c1e3810e73c39","name":"Lorenzo Verduzco","image":{"@type":"ImageObject","inLanguage":"es","@id":"https:\/\/secure.gravatar.com\/avatar\/fb81a55b6218459490a9c1dc841a34909185b81904c5337b4b27f7a6fd60c49e?s=96&d=mm&r=g","url":"https:\/\/secure.gravatar.com\/avatar\/fb81a55b6218459490a9c1dc841a34909185b81904c5337b4b27f7a6fd60c49e?s=96&d=mm&r=g","contentUrl":"https:\/\/secure.gravatar.com\/avatar\/fb81a55b6218459490a9c1dc841a34909185b81904c5337b4b27f7a6fd60c49e?s=96&d=mm&r=g","caption":"Lorenzo Verduzco"}}]}},"_links":{"self":[{"href":"https:\/\/interamerica.org\/es\/wp-json\/wp\/v2\/posts\/11349","targetHints":{"allow":["GET"]}}],"collection":[{"href":"https:\/\/interamerica.org\/es\/wp-json\/wp\/v2\/posts"}],"about":[{"href":"https:\/\/interamerica.org\/es\/wp-json\/wp\/v2\/types\/post"}],"author":[{"embeddable":true,"href":"https:\/\/interamerica.org\/es\/wp-json\/wp\/v2\/users\/1"}],"replies":[{"embeddable":true,"href":"https:\/\/interamerica.org\/es\/wp-json\/wp\/v2\/comments?post=11349"}],"version-history":[{"count":0,"href":"https:\/\/interamerica.org\/es\/wp-json\/wp\/v2\/posts\/11349\/revisions"}],"wp:attachment":[{"href":"https:\/\/interamerica.org\/es\/wp-json\/wp\/v2\/media?parent=11349"}],"wp:term":[{"taxonomy":"category","embeddable":true,"href":"https:\/\/interamerica.org\/es\/wp-json\/wp\/v2\/categories?post=11349"},{"taxonomy":"post_tag","embeddable":true,"href":"https:\/\/interamerica.org\/es\/wp-json\/wp\/v2\/tags?post=11349"}],"curies":[{"name":"wp","href":"https:\/\/api.w.org\/{rel}","templated":true}]}}