{"id":11350,"date":"2009-04-07T00:00:00","date_gmt":"2009-04-07T04:00:00","guid":{"rendered":"http:\/\/192.81.217.108\/interamerica\/2009\/04\/edicion-en-frances-de-la-revista-ministerio\/"},"modified":"2017-06-02T09:06:09","modified_gmt":"2017-06-02T13:06:09","slug":"edicion-en-frances-de-la-revista-ministerio","status":"publish","type":"post","link":"https:\/\/interamerica.org\/es\/2009\/04\/edicion-en-frances-de-la-revista-ministerio\/","title":{"rendered":"Edici\u00f3n en franc\u00e9s de la revista Ministerio"},"content":{"rendered":"<p>Silver Spring, Maryland, Estados Unidos, 7 de abril de 2009 &#8230;Elizabeth Lechleitner\/ANN<\/p>\n<p>Miembros del Comit\u00e9 Ejecutivo de la Iglesia Adventista del S\u00e9ptimo D\u00eda presenciaron ayer el lanzamiento de una edici\u00f3n en franc\u00e9s de la revista internacional de la iglesia para pastores, y seleccionaron un editor asociado para supervisar la futura revista.<\/p>\n<p>Se espera que la edici\u00f3n en franc\u00e9s de Ministry [Ministerio] corrija la perceptible ausencia de ese idioma en una publicaci\u00f3n que ya est\u00e1 disponible a nivel regional en espa\u00f1ol, portugu\u00e9s, ruso, coreano, chino, japon\u00e9s e indonesio.<\/p>\n<p>Por cuanto el idioma franc\u00e9s es hablado en siete de las 13 regiones mundiales de la iglesia, ninguna oficina regional de la iglesia podr\u00eda justificar afrontar el costo completo de publicar y distribuir una edici\u00f3n en ese idioma, dijo el editor de Ministry, Nikolaus Satelmajer.<br  \/><\/p>\n<p>En las tres regiones africanas de la iglesia&#8211;donde el franc\u00e9s es hablado quiz\u00e1 en mayor amplitud&#8211;financiar una revista tal supon\u00eda los desaf\u00edos financieros m\u00e1s grandes, a\u00f1adi\u00f3 Satelmajer. Y en la regi\u00f3n del Pac\u00edfico Sur de la iglesia s\u00f3lo 40 pastores hablan franc\u00e9s, demasiado pocos para hacer que una publicaci\u00f3n sea efectiva en relaci\u00f3n con su costo.<\/p>\n<p>\u00abTenemos pastores alrededor del mundo con tan pocos recursos, as\u00ed que quer\u00edamos poner algo de calidad en las manos de ellos\u00bb, dijo Satelmajer.<\/p>\n<p>La edici\u00f3n de Ministry en franc\u00e9s ser\u00e1 distribuida a aproximadamente 3.300 pastores adventistas, con una audiencia potencialmente mucho m\u00e1s amplia; la revista a menudo es enviada a ministros de otras religiones a trav\u00e9s de suscripciones de cortes\u00eda.<\/p>\n<p>El presidente de la iglesia mundial, Jan Paulsen, llam\u00f3 a la nueva edici\u00f3n un \u00abinstrumento\u00bb a trav\u00e9s del cual conectar con los ministros de habla francesa que pueden no ser miembros de la Iglesia Adventista\u00bb.<\/p>\n<p>Incluso con financiaci\u00f3n de parte de la sede mundial de la iglesia, el presupuesto para el proyecto y la distribuci\u00f3n de la revista siguen siendo desafiantes, dijo Satelmajer. Una oficina de extensi\u00f3n en Par\u00eds, Francia, dise\u00f1ar\u00e1 la revista, y Pacific Press Publishing Association, perteneciente a la iglesia y ubicada en Nampa, Idaho, imprimir\u00e1 la edici\u00f3n.<\/p>\n<p>El reci\u00e9n elegido editor asociado para la edici\u00f3n en franc\u00e9s, Bernard Sauvagnat, supervisar\u00e1 la oficina en Par\u00eds. Actualmente secretario de la Asociaci\u00f3n Ministerial en la regi\u00f3n franco-belga de la iglesia, Sauvagnat es un lector de Ministry desde hace mucho tiempo. \u00abLa revista ha sido enriquecedora para mi ministerio, y espero que los pastores de habla francesa sean bendecidos por ella ahora\u00bb, dijo \u00e9l.<\/p>\n<p>Sauvagnat trae consigo a su nueva posici\u00f3n d\u00e9cadas de experiencia como periodista, escritor, editor, profesor y pastor. Anteriormente \u00e9l edit\u00f3 las ediciones en franc\u00e9s para Signs of the Times [Se\u00f1ales de los Tiempos] y Adventist Review [Revista Adventista].<\/p>\n<p>\u00abEstamos confiados en que \u00e9l ser\u00e1 un activo significativo en la producci\u00f3n de esta revista\u00bb, dijo Satelmajer a los miembros del Comit\u00e9 Ejecutivo despu\u00e9s que ellos nominaron a Sauvagnat.<\/p>\n","protected":false},"excerpt":{"rendered":"<p>Miembros del Comit\u00e9 Ejecutivo de la Iglesia Adventista del S\u00e9ptimo D\u00edapresenciaron ayer el lanzamiento de una edici\u00f3n en franc\u00e9s de larevista internacional de la iglesia para pastores, y seleccionaron uneditor as<\/p>\n","protected":false},"author":1,"featured_media":0,"comment_status":"closed","ping_status":"closed","sticky":false,"template":"","format":"standard","meta":{"_acf_changed":false,"footnotes":""},"categories":[8],"tags":[],"class_list":["post-11350","post","type-post","status-publish","format-standard","hentry","category-archivo"],"acf":[],"yoast_head":"<!-- This site is optimized with the Yoast SEO plugin v27.3 - https:\/\/yoast.com\/product\/yoast-seo-wordpress\/ -->\n<title>Edici\u00f3n en franc\u00e9s de la revista Ministerio - Iglesia Adventista del S\u00e9ptimo D\u00eda - Divisi\u00f3n Interamericana<\/title>\n<meta name=\"robots\" content=\"index, follow, max-snippet:-1, max-image-preview:large, max-video-preview:-1\" \/>\n<link rel=\"canonical\" href=\"https:\/\/interamerica.org\/es\/2009\/04\/edicion-en-frances-de-la-revista-ministerio\/\" \/>\n<meta property=\"og:locale\" content=\"es_ES\" \/>\n<meta property=\"og:type\" content=\"article\" \/>\n<meta property=\"og:title\" content=\"Edici\u00f3n en franc\u00e9s de la revista Ministerio - Iglesia Adventista del S\u00e9ptimo D\u00eda - Divisi\u00f3n Interamericana\" \/>\n<meta property=\"og:description\" content=\"Miembros del Comit\u00e9 Ejecutivo de la Iglesia Adventista del S\u00e9ptimo D\u00edapresenciaron ayer el lanzamiento de una edici\u00f3n en franc\u00e9s de larevista internacional de la iglesia para pastores, y seleccionaron uneditor as\" \/>\n<meta property=\"og:url\" content=\"https:\/\/interamerica.org\/es\/2009\/04\/edicion-en-frances-de-la-revista-ministerio\/\" \/>\n<meta property=\"og:site_name\" content=\"Iglesia Adventista del S\u00e9ptimo D\u00eda - Divisi\u00f3n Interamericana\" \/>\n<meta property=\"article:published_time\" content=\"2009-04-07T04:00:00+00:00\" \/>\n<meta property=\"article:modified_time\" content=\"2017-06-02T13:06:09+00:00\" \/>\n<meta name=\"author\" content=\"Lorenzo Verduzco\" \/>\n<meta name=\"twitter:card\" content=\"summary_large_image\" \/>\n<meta name=\"twitter:label1\" content=\"Escrito por\" \/>\n\t<meta name=\"twitter:data1\" content=\"Lorenzo Verduzco\" \/>\n\t<meta name=\"twitter:label2\" content=\"Tiempo de lectura\" \/>\n\t<meta name=\"twitter:data2\" content=\"3 minutos\" \/>\n<script type=\"application\/ld+json\" class=\"yoast-schema-graph\">{\"@context\":\"https:\\\/\\\/schema.org\",\"@graph\":[{\"@type\":\"Article\",\"@id\":\"https:\\\/\\\/interamerica.org\\\/es\\\/2009\\\/04\\\/edicion-en-frances-de-la-revista-ministerio\\\/#article\",\"isPartOf\":{\"@id\":\"https:\\\/\\\/interamerica.org\\\/es\\\/2009\\\/04\\\/edicion-en-frances-de-la-revista-ministerio\\\/\"},\"author\":{\"name\":\"Lorenzo Verduzco\",\"@id\":\"https:\\\/\\\/interamerica.org\\\/es\\\/#\\\/schema\\\/person\\\/68ede8bdc292885bb76c1e3810e73c39\"},\"headline\":\"Edici\u00f3n en franc\u00e9s de la revista Ministerio\",\"datePublished\":\"2009-04-07T04:00:00+00:00\",\"dateModified\":\"2017-06-02T13:06:09+00:00\",\"mainEntityOfPage\":{\"@id\":\"https:\\\/\\\/interamerica.org\\\/es\\\/2009\\\/04\\\/edicion-en-frances-de-la-revista-ministerio\\\/\"},\"wordCount\":523,\"articleSection\":[\"Archivo\"],\"inLanguage\":\"es\"},{\"@type\":\"WebPage\",\"@id\":\"https:\\\/\\\/interamerica.org\\\/es\\\/2009\\\/04\\\/edicion-en-frances-de-la-revista-ministerio\\\/\",\"url\":\"https:\\\/\\\/interamerica.org\\\/es\\\/2009\\\/04\\\/edicion-en-frances-de-la-revista-ministerio\\\/\",\"name\":\"Edici\u00f3n en franc\u00e9s de la revista Ministerio - Iglesia Adventista del S\u00e9ptimo D\u00eda - Divisi\u00f3n Interamericana\",\"isPartOf\":{\"@id\":\"https:\\\/\\\/interamerica.org\\\/es\\\/#website\"},\"datePublished\":\"2009-04-07T04:00:00+00:00\",\"dateModified\":\"2017-06-02T13:06:09+00:00\",\"author\":{\"@id\":\"https:\\\/\\\/interamerica.org\\\/es\\\/#\\\/schema\\\/person\\\/68ede8bdc292885bb76c1e3810e73c39\"},\"breadcrumb\":{\"@id\":\"https:\\\/\\\/interamerica.org\\\/es\\\/2009\\\/04\\\/edicion-en-frances-de-la-revista-ministerio\\\/#breadcrumb\"},\"inLanguage\":\"es\",\"potentialAction\":[{\"@type\":\"ReadAction\",\"target\":[\"https:\\\/\\\/interamerica.org\\\/es\\\/2009\\\/04\\\/edicion-en-frances-de-la-revista-ministerio\\\/\"]}]},{\"@type\":\"BreadcrumbList\",\"@id\":\"https:\\\/\\\/interamerica.org\\\/es\\\/2009\\\/04\\\/edicion-en-frances-de-la-revista-ministerio\\\/#breadcrumb\",\"itemListElement\":[{\"@type\":\"ListItem\",\"position\":1,\"name\":\"Home\",\"item\":\"https:\\\/\\\/interamerica.org\\\/es\\\/\"},{\"@type\":\"ListItem\",\"position\":2,\"name\":\"Edici\u00f3n en franc\u00e9s de la revista Ministerio\"}]},{\"@type\":\"WebSite\",\"@id\":\"https:\\\/\\\/interamerica.org\\\/es\\\/#website\",\"url\":\"https:\\\/\\\/interamerica.org\\\/es\\\/\",\"name\":\"Iglesia Adventista del S\u00e9ptimo D\u00eda - Divisi\u00f3n Interamericana\",\"description\":\"\",\"potentialAction\":[{\"@type\":\"SearchAction\",\"target\":{\"@type\":\"EntryPoint\",\"urlTemplate\":\"https:\\\/\\\/interamerica.org\\\/es\\\/?s={search_term_string}\"},\"query-input\":{\"@type\":\"PropertyValueSpecification\",\"valueRequired\":true,\"valueName\":\"search_term_string\"}}],\"inLanguage\":\"es\"},{\"@type\":\"Person\",\"@id\":\"https:\\\/\\\/interamerica.org\\\/es\\\/#\\\/schema\\\/person\\\/68ede8bdc292885bb76c1e3810e73c39\",\"name\":\"Lorenzo Verduzco\",\"image\":{\"@type\":\"ImageObject\",\"inLanguage\":\"es\",\"@id\":\"https:\\\/\\\/secure.gravatar.com\\\/avatar\\\/fb81a55b6218459490a9c1dc841a34909185b81904c5337b4b27f7a6fd60c49e?s=96&d=mm&r=g\",\"url\":\"https:\\\/\\\/secure.gravatar.com\\\/avatar\\\/fb81a55b6218459490a9c1dc841a34909185b81904c5337b4b27f7a6fd60c49e?s=96&d=mm&r=g\",\"contentUrl\":\"https:\\\/\\\/secure.gravatar.com\\\/avatar\\\/fb81a55b6218459490a9c1dc841a34909185b81904c5337b4b27f7a6fd60c49e?s=96&d=mm&r=g\",\"caption\":\"Lorenzo Verduzco\"}}]}<\/script>\n<!-- \/ Yoast SEO plugin. -->","yoast_head_json":{"title":"Edici\u00f3n en franc\u00e9s de la revista Ministerio - Iglesia Adventista del S\u00e9ptimo D\u00eda - Divisi\u00f3n Interamericana","robots":{"index":"index","follow":"follow","max-snippet":"max-snippet:-1","max-image-preview":"max-image-preview:large","max-video-preview":"max-video-preview:-1"},"canonical":"https:\/\/interamerica.org\/es\/2009\/04\/edicion-en-frances-de-la-revista-ministerio\/","og_locale":"es_ES","og_type":"article","og_title":"Edici\u00f3n en franc\u00e9s de la revista Ministerio - Iglesia Adventista del S\u00e9ptimo D\u00eda - Divisi\u00f3n Interamericana","og_description":"Miembros del Comit\u00e9 Ejecutivo de la Iglesia Adventista del S\u00e9ptimo D\u00edapresenciaron ayer el lanzamiento de una edici\u00f3n en franc\u00e9s de larevista internacional de la iglesia para pastores, y seleccionaron uneditor as","og_url":"https:\/\/interamerica.org\/es\/2009\/04\/edicion-en-frances-de-la-revista-ministerio\/","og_site_name":"Iglesia Adventista del S\u00e9ptimo D\u00eda - Divisi\u00f3n Interamericana","article_published_time":"2009-04-07T04:00:00+00:00","article_modified_time":"2017-06-02T13:06:09+00:00","author":"Lorenzo Verduzco","twitter_card":"summary_large_image","twitter_misc":{"Escrito por":"Lorenzo Verduzco","Tiempo de lectura":"3 minutos"},"schema":{"@context":"https:\/\/schema.org","@graph":[{"@type":"Article","@id":"https:\/\/interamerica.org\/es\/2009\/04\/edicion-en-frances-de-la-revista-ministerio\/#article","isPartOf":{"@id":"https:\/\/interamerica.org\/es\/2009\/04\/edicion-en-frances-de-la-revista-ministerio\/"},"author":{"name":"Lorenzo Verduzco","@id":"https:\/\/interamerica.org\/es\/#\/schema\/person\/68ede8bdc292885bb76c1e3810e73c39"},"headline":"Edici\u00f3n en franc\u00e9s de la revista Ministerio","datePublished":"2009-04-07T04:00:00+00:00","dateModified":"2017-06-02T13:06:09+00:00","mainEntityOfPage":{"@id":"https:\/\/interamerica.org\/es\/2009\/04\/edicion-en-frances-de-la-revista-ministerio\/"},"wordCount":523,"articleSection":["Archivo"],"inLanguage":"es"},{"@type":"WebPage","@id":"https:\/\/interamerica.org\/es\/2009\/04\/edicion-en-frances-de-la-revista-ministerio\/","url":"https:\/\/interamerica.org\/es\/2009\/04\/edicion-en-frances-de-la-revista-ministerio\/","name":"Edici\u00f3n en franc\u00e9s de la revista Ministerio - Iglesia Adventista del S\u00e9ptimo D\u00eda - Divisi\u00f3n Interamericana","isPartOf":{"@id":"https:\/\/interamerica.org\/es\/#website"},"datePublished":"2009-04-07T04:00:00+00:00","dateModified":"2017-06-02T13:06:09+00:00","author":{"@id":"https:\/\/interamerica.org\/es\/#\/schema\/person\/68ede8bdc292885bb76c1e3810e73c39"},"breadcrumb":{"@id":"https:\/\/interamerica.org\/es\/2009\/04\/edicion-en-frances-de-la-revista-ministerio\/#breadcrumb"},"inLanguage":"es","potentialAction":[{"@type":"ReadAction","target":["https:\/\/interamerica.org\/es\/2009\/04\/edicion-en-frances-de-la-revista-ministerio\/"]}]},{"@type":"BreadcrumbList","@id":"https:\/\/interamerica.org\/es\/2009\/04\/edicion-en-frances-de-la-revista-ministerio\/#breadcrumb","itemListElement":[{"@type":"ListItem","position":1,"name":"Home","item":"https:\/\/interamerica.org\/es\/"},{"@type":"ListItem","position":2,"name":"Edici\u00f3n en franc\u00e9s de la revista Ministerio"}]},{"@type":"WebSite","@id":"https:\/\/interamerica.org\/es\/#website","url":"https:\/\/interamerica.org\/es\/","name":"Iglesia Adventista del S\u00e9ptimo D\u00eda - Divisi\u00f3n Interamericana","description":"","potentialAction":[{"@type":"SearchAction","target":{"@type":"EntryPoint","urlTemplate":"https:\/\/interamerica.org\/es\/?s={search_term_string}"},"query-input":{"@type":"PropertyValueSpecification","valueRequired":true,"valueName":"search_term_string"}}],"inLanguage":"es"},{"@type":"Person","@id":"https:\/\/interamerica.org\/es\/#\/schema\/person\/68ede8bdc292885bb76c1e3810e73c39","name":"Lorenzo Verduzco","image":{"@type":"ImageObject","inLanguage":"es","@id":"https:\/\/secure.gravatar.com\/avatar\/fb81a55b6218459490a9c1dc841a34909185b81904c5337b4b27f7a6fd60c49e?s=96&d=mm&r=g","url":"https:\/\/secure.gravatar.com\/avatar\/fb81a55b6218459490a9c1dc841a34909185b81904c5337b4b27f7a6fd60c49e?s=96&d=mm&r=g","contentUrl":"https:\/\/secure.gravatar.com\/avatar\/fb81a55b6218459490a9c1dc841a34909185b81904c5337b4b27f7a6fd60c49e?s=96&d=mm&r=g","caption":"Lorenzo Verduzco"}}]}},"_links":{"self":[{"href":"https:\/\/interamerica.org\/es\/wp-json\/wp\/v2\/posts\/11350","targetHints":{"allow":["GET"]}}],"collection":[{"href":"https:\/\/interamerica.org\/es\/wp-json\/wp\/v2\/posts"}],"about":[{"href":"https:\/\/interamerica.org\/es\/wp-json\/wp\/v2\/types\/post"}],"author":[{"embeddable":true,"href":"https:\/\/interamerica.org\/es\/wp-json\/wp\/v2\/users\/1"}],"replies":[{"embeddable":true,"href":"https:\/\/interamerica.org\/es\/wp-json\/wp\/v2\/comments?post=11350"}],"version-history":[{"count":0,"href":"https:\/\/interamerica.org\/es\/wp-json\/wp\/v2\/posts\/11350\/revisions"}],"wp:attachment":[{"href":"https:\/\/interamerica.org\/es\/wp-json\/wp\/v2\/media?parent=11350"}],"wp:term":[{"taxonomy":"category","embeddable":true,"href":"https:\/\/interamerica.org\/es\/wp-json\/wp\/v2\/categories?post=11350"},{"taxonomy":"post_tag","embeddable":true,"href":"https:\/\/interamerica.org\/es\/wp-json\/wp\/v2\/tags?post=11350"}],"curies":[{"name":"wp","href":"https:\/\/api.w.org\/{rel}","templated":true}]}}