{"id":11356,"date":"2009-04-15T00:00:00","date_gmt":"2009-04-15T04:00:00","guid":{"rendered":"http:\/\/192.81.217.108\/interamerica\/2009\/04\/iglesia-adventista-programa-sabado-de-creacion-para-el-sabado-24-de-octubre\/"},"modified":"2017-06-02T09:06:04","modified_gmt":"2017-06-02T13:06:04","slug":"iglesia-adventista-programa-sabado-de-creacion-para-el-sabado-24-de-octubre","status":"publish","type":"post","link":"https:\/\/interamerica.org\/es\/2009\/04\/iglesia-adventista-programa-sabado-de-creacion-para-el-sabado-24-de-octubre\/","title":{"rendered":"Iglesia Adventista programa S\u00e1bado de Creaci\u00f3n para el S\u00e1bado 24 de octubre"},"content":{"rendered":"<p>14 de abril, 2009, Silver Spring, Maryland, Estados Unidos&#8230;Ansel Oliver\/ANN <\/p>\n<p>A Nikolaus Satelmajer se le ocurri\u00f3 una idea despu\u00e9s de enterarse que centenares de iglesias y sinagogas celebraron la \u00abSemana de la evoluci\u00f3n\u00bb en los \u00faltimos tres a\u00f1os. <\/p>\n<p>Satelmajer, editor de la revista de la Iglesia Adventista del S\u00e9ptimo D\u00eda, Ministry, pens\u00f3, \u00ab\u00bfPor qu\u00e9 no tenemos un d\u00eda para celebrar la creaci\u00f3n?\u00bb <\/p>\n<p>La semana pasada, los l\u00edderes a nivel mundial de la organizaci\u00f3n firmaron por la idea, acordando aprobar el \u00abS\u00e1bado de la Creaci\u00f3n\u00bb, un d\u00eda para enfatizar a Dios como el Creador. El d\u00eda de \u00e9nfasis est\u00e1 programado para el s\u00e1bado 24 de octubre. <\/p>\n<p>\u00abEsto no es para entrar en un debate sobre la evoluci\u00f3n contra la evoluci\u00f3n, pero para resaltar a Dios como nuestro creador\u00bb, dijo Satelmajer a los delegados que se reunen en la sede mundial de la iglesia en Silver Spring, Maryland, Estados Unidos. <\/p>\n<p>El fin de semana de la Evoluci\u00f3n se observa cada a\u00f1o al acercarse la fecha de nacimiento del cient\u00edfico Charles Darwin, autor del libro \u00abEl origen de las especies\u00bb. Centenares de congregaciones participantes apoyan la idea de una creaci\u00f3n combinada con evoluci\u00f3n<em >, Clergy Letter Project<\/em > (el Proyecto carta del clero), organizaci\u00f3n anfitriona. <\/p>\n<p>La Iglesia Adventista del S\u00e9ptimo D\u00eda ense\u00f1a una creaci\u00f3n del mundo en siete d\u00edas literales. <\/p>\n<p>\u00abLa mayor influencia del tratado de Darwin fue separar a Dios del mundo\u00bb, dijo James Gibson, director del Instituto Geocient\u00edfico de Investigaci\u00f3n en la Universidad Loma Linda, California. \u00abNuestro mensaje de sobre la creaci\u00f3n es para unir a Dios y el mundo en la mente de la gente\u00bb. <\/p>\n<p>Gibson dice que uno de los principios fundamentales de la teolog\u00eda adventista, el Mensaje de los Tres \u00c1ngel en Apocalipsis, tiene incorporada la creencia de la creaci\u00f3n.  <\/p>\n<p>\u00abMe parece que cuando celebramos el Mensaje de los Tres \u00c1ngeles estamos esencia celebrando la creaci\u00f3n tambi\u00e9n\u00bb, dijo \u00e9l refiri\u00e9ndose al mensaje del primer \u00e1ngel de adorar a Cristo el Creador. <\/p>\n<p>\u00abCreo, a veces, que se ha empleado demasiado tiempo en levantar preguntas y debatir y, en verdad, deber\u00edamos estar diciendo, &#39;Exploremos el significado de Dios como nuestro Creador\u00bb\u00bb. <\/p>\n<p>Disponible en julio, dicen los dirigentes de la iglesia, habr\u00e1 m\u00e1s informaci\u00f3n sobre el S\u00e1bado de Creaci\u00f3n.  <em >   <\/em ><\/p>\n","protected":false},"excerpt":{"rendered":"<p>A Nikolaus Satelmajer se le ocurri\u00f3 una idea despu\u00e9s de enterarse que centenares de iglesias y sinagogas celebraron la \u00abSemana de la evoluci\u00f3n\u00bb durante los \u00faltimos tres a\u00f1os.<\/p>\n","protected":false},"author":1,"featured_media":0,"comment_status":"closed","ping_status":"closed","sticky":false,"template":"","format":"standard","meta":{"_acf_changed":false,"footnotes":""},"categories":[8],"tags":[],"class_list":["post-11356","post","type-post","status-publish","format-standard","hentry","category-archivo"],"acf":[],"yoast_head":"<!-- This site is optimized with the Yoast SEO plugin v27.3 - https:\/\/yoast.com\/product\/yoast-seo-wordpress\/ -->\n<title>Iglesia Adventista programa S\u00e1bado de Creaci\u00f3n para el S\u00e1bado 24 de octubre - Iglesia Adventista del S\u00e9ptimo D\u00eda - Divisi\u00f3n Interamericana<\/title>\n<meta name=\"robots\" content=\"index, follow, max-snippet:-1, max-image-preview:large, max-video-preview:-1\" \/>\n<link rel=\"canonical\" href=\"https:\/\/interamerica.org\/es\/2009\/04\/iglesia-adventista-programa-sabado-de-creacion-para-el-sabado-24-de-octubre\/\" \/>\n<meta property=\"og:locale\" content=\"es_ES\" \/>\n<meta property=\"og:type\" content=\"article\" \/>\n<meta property=\"og:title\" content=\"Iglesia Adventista programa S\u00e1bado de Creaci\u00f3n para el S\u00e1bado 24 de octubre - Iglesia Adventista del S\u00e9ptimo D\u00eda - Divisi\u00f3n Interamericana\" \/>\n<meta property=\"og:description\" content=\"A Nikolaus Satelmajer se le ocurri\u00f3 una idea despu\u00e9s de enterarse que centenares de iglesias y sinagogas celebraron la &quot;Semana de la evoluci\u00f3n&quot; durante los \u00faltimos tres a\u00f1os.\" \/>\n<meta property=\"og:url\" content=\"https:\/\/interamerica.org\/es\/2009\/04\/iglesia-adventista-programa-sabado-de-creacion-para-el-sabado-24-de-octubre\/\" \/>\n<meta property=\"og:site_name\" content=\"Iglesia Adventista del S\u00e9ptimo D\u00eda - Divisi\u00f3n Interamericana\" \/>\n<meta property=\"article:published_time\" content=\"2009-04-15T04:00:00+00:00\" \/>\n<meta property=\"article:modified_time\" content=\"2017-06-02T13:06:04+00:00\" \/>\n<meta name=\"author\" content=\"Lorenzo Verduzco\" \/>\n<meta name=\"twitter:card\" content=\"summary_large_image\" \/>\n<meta name=\"twitter:label1\" content=\"Escrito por\" \/>\n\t<meta name=\"twitter:data1\" content=\"Lorenzo Verduzco\" \/>\n\t<meta name=\"twitter:label2\" content=\"Tiempo de lectura\" \/>\n\t<meta name=\"twitter:data2\" content=\"2 minutos\" \/>\n<script type=\"application\/ld+json\" class=\"yoast-schema-graph\">{\"@context\":\"https:\\\/\\\/schema.org\",\"@graph\":[{\"@type\":\"Article\",\"@id\":\"https:\\\/\\\/interamerica.org\\\/es\\\/2009\\\/04\\\/iglesia-adventista-programa-sabado-de-creacion-para-el-sabado-24-de-octubre\\\/#article\",\"isPartOf\":{\"@id\":\"https:\\\/\\\/interamerica.org\\\/es\\\/2009\\\/04\\\/iglesia-adventista-programa-sabado-de-creacion-para-el-sabado-24-de-octubre\\\/\"},\"author\":{\"name\":\"Lorenzo Verduzco\",\"@id\":\"https:\\\/\\\/interamerica.org\\\/es\\\/#\\\/schema\\\/person\\\/68ede8bdc292885bb76c1e3810e73c39\"},\"headline\":\"Iglesia Adventista programa S\u00e1bado de Creaci\u00f3n para el S\u00e1bado 24 de octubre\",\"datePublished\":\"2009-04-15T04:00:00+00:00\",\"dateModified\":\"2017-06-02T13:06:04+00:00\",\"mainEntityOfPage\":{\"@id\":\"https:\\\/\\\/interamerica.org\\\/es\\\/2009\\\/04\\\/iglesia-adventista-programa-sabado-de-creacion-para-el-sabado-24-de-octubre\\\/\"},\"wordCount\":419,\"articleSection\":[\"Archivo\"],\"inLanguage\":\"es\"},{\"@type\":\"WebPage\",\"@id\":\"https:\\\/\\\/interamerica.org\\\/es\\\/2009\\\/04\\\/iglesia-adventista-programa-sabado-de-creacion-para-el-sabado-24-de-octubre\\\/\",\"url\":\"https:\\\/\\\/interamerica.org\\\/es\\\/2009\\\/04\\\/iglesia-adventista-programa-sabado-de-creacion-para-el-sabado-24-de-octubre\\\/\",\"name\":\"Iglesia Adventista programa S\u00e1bado de Creaci\u00f3n para el S\u00e1bado 24 de octubre - Iglesia Adventista del S\u00e9ptimo D\u00eda - Divisi\u00f3n Interamericana\",\"isPartOf\":{\"@id\":\"https:\\\/\\\/interamerica.org\\\/es\\\/#website\"},\"datePublished\":\"2009-04-15T04:00:00+00:00\",\"dateModified\":\"2017-06-02T13:06:04+00:00\",\"author\":{\"@id\":\"https:\\\/\\\/interamerica.org\\\/es\\\/#\\\/schema\\\/person\\\/68ede8bdc292885bb76c1e3810e73c39\"},\"breadcrumb\":{\"@id\":\"https:\\\/\\\/interamerica.org\\\/es\\\/2009\\\/04\\\/iglesia-adventista-programa-sabado-de-creacion-para-el-sabado-24-de-octubre\\\/#breadcrumb\"},\"inLanguage\":\"es\",\"potentialAction\":[{\"@type\":\"ReadAction\",\"target\":[\"https:\\\/\\\/interamerica.org\\\/es\\\/2009\\\/04\\\/iglesia-adventista-programa-sabado-de-creacion-para-el-sabado-24-de-octubre\\\/\"]}]},{\"@type\":\"BreadcrumbList\",\"@id\":\"https:\\\/\\\/interamerica.org\\\/es\\\/2009\\\/04\\\/iglesia-adventista-programa-sabado-de-creacion-para-el-sabado-24-de-octubre\\\/#breadcrumb\",\"itemListElement\":[{\"@type\":\"ListItem\",\"position\":1,\"name\":\"Home\",\"item\":\"https:\\\/\\\/interamerica.org\\\/es\\\/\"},{\"@type\":\"ListItem\",\"position\":2,\"name\":\"Iglesia Adventista programa S\u00e1bado de Creaci\u00f3n para el S\u00e1bado 24 de octubre\"}]},{\"@type\":\"WebSite\",\"@id\":\"https:\\\/\\\/interamerica.org\\\/es\\\/#website\",\"url\":\"https:\\\/\\\/interamerica.org\\\/es\\\/\",\"name\":\"Iglesia Adventista del S\u00e9ptimo D\u00eda - Divisi\u00f3n Interamericana\",\"description\":\"\",\"potentialAction\":[{\"@type\":\"SearchAction\",\"target\":{\"@type\":\"EntryPoint\",\"urlTemplate\":\"https:\\\/\\\/interamerica.org\\\/es\\\/?s={search_term_string}\"},\"query-input\":{\"@type\":\"PropertyValueSpecification\",\"valueRequired\":true,\"valueName\":\"search_term_string\"}}],\"inLanguage\":\"es\"},{\"@type\":\"Person\",\"@id\":\"https:\\\/\\\/interamerica.org\\\/es\\\/#\\\/schema\\\/person\\\/68ede8bdc292885bb76c1e3810e73c39\",\"name\":\"Lorenzo Verduzco\",\"image\":{\"@type\":\"ImageObject\",\"inLanguage\":\"es\",\"@id\":\"https:\\\/\\\/secure.gravatar.com\\\/avatar\\\/fb81a55b6218459490a9c1dc841a34909185b81904c5337b4b27f7a6fd60c49e?s=96&d=mm&r=g\",\"url\":\"https:\\\/\\\/secure.gravatar.com\\\/avatar\\\/fb81a55b6218459490a9c1dc841a34909185b81904c5337b4b27f7a6fd60c49e?s=96&d=mm&r=g\",\"contentUrl\":\"https:\\\/\\\/secure.gravatar.com\\\/avatar\\\/fb81a55b6218459490a9c1dc841a34909185b81904c5337b4b27f7a6fd60c49e?s=96&d=mm&r=g\",\"caption\":\"Lorenzo Verduzco\"}}]}<\/script>\n<!-- \/ Yoast SEO plugin. -->","yoast_head_json":{"title":"Iglesia Adventista programa S\u00e1bado de Creaci\u00f3n para el S\u00e1bado 24 de octubre - Iglesia Adventista del S\u00e9ptimo D\u00eda - Divisi\u00f3n Interamericana","robots":{"index":"index","follow":"follow","max-snippet":"max-snippet:-1","max-image-preview":"max-image-preview:large","max-video-preview":"max-video-preview:-1"},"canonical":"https:\/\/interamerica.org\/es\/2009\/04\/iglesia-adventista-programa-sabado-de-creacion-para-el-sabado-24-de-octubre\/","og_locale":"es_ES","og_type":"article","og_title":"Iglesia Adventista programa S\u00e1bado de Creaci\u00f3n para el S\u00e1bado 24 de octubre - Iglesia Adventista del S\u00e9ptimo D\u00eda - Divisi\u00f3n Interamericana","og_description":"A Nikolaus Satelmajer se le ocurri\u00f3 una idea despu\u00e9s de enterarse que centenares de iglesias y sinagogas celebraron la \"Semana de la evoluci\u00f3n\" durante los \u00faltimos tres a\u00f1os.","og_url":"https:\/\/interamerica.org\/es\/2009\/04\/iglesia-adventista-programa-sabado-de-creacion-para-el-sabado-24-de-octubre\/","og_site_name":"Iglesia Adventista del S\u00e9ptimo D\u00eda - Divisi\u00f3n Interamericana","article_published_time":"2009-04-15T04:00:00+00:00","article_modified_time":"2017-06-02T13:06:04+00:00","author":"Lorenzo Verduzco","twitter_card":"summary_large_image","twitter_misc":{"Escrito por":"Lorenzo Verduzco","Tiempo de lectura":"2 minutos"},"schema":{"@context":"https:\/\/schema.org","@graph":[{"@type":"Article","@id":"https:\/\/interamerica.org\/es\/2009\/04\/iglesia-adventista-programa-sabado-de-creacion-para-el-sabado-24-de-octubre\/#article","isPartOf":{"@id":"https:\/\/interamerica.org\/es\/2009\/04\/iglesia-adventista-programa-sabado-de-creacion-para-el-sabado-24-de-octubre\/"},"author":{"name":"Lorenzo Verduzco","@id":"https:\/\/interamerica.org\/es\/#\/schema\/person\/68ede8bdc292885bb76c1e3810e73c39"},"headline":"Iglesia Adventista programa S\u00e1bado de Creaci\u00f3n para el S\u00e1bado 24 de octubre","datePublished":"2009-04-15T04:00:00+00:00","dateModified":"2017-06-02T13:06:04+00:00","mainEntityOfPage":{"@id":"https:\/\/interamerica.org\/es\/2009\/04\/iglesia-adventista-programa-sabado-de-creacion-para-el-sabado-24-de-octubre\/"},"wordCount":419,"articleSection":["Archivo"],"inLanguage":"es"},{"@type":"WebPage","@id":"https:\/\/interamerica.org\/es\/2009\/04\/iglesia-adventista-programa-sabado-de-creacion-para-el-sabado-24-de-octubre\/","url":"https:\/\/interamerica.org\/es\/2009\/04\/iglesia-adventista-programa-sabado-de-creacion-para-el-sabado-24-de-octubre\/","name":"Iglesia Adventista programa S\u00e1bado de Creaci\u00f3n para el S\u00e1bado 24 de octubre - Iglesia Adventista del S\u00e9ptimo D\u00eda - Divisi\u00f3n Interamericana","isPartOf":{"@id":"https:\/\/interamerica.org\/es\/#website"},"datePublished":"2009-04-15T04:00:00+00:00","dateModified":"2017-06-02T13:06:04+00:00","author":{"@id":"https:\/\/interamerica.org\/es\/#\/schema\/person\/68ede8bdc292885bb76c1e3810e73c39"},"breadcrumb":{"@id":"https:\/\/interamerica.org\/es\/2009\/04\/iglesia-adventista-programa-sabado-de-creacion-para-el-sabado-24-de-octubre\/#breadcrumb"},"inLanguage":"es","potentialAction":[{"@type":"ReadAction","target":["https:\/\/interamerica.org\/es\/2009\/04\/iglesia-adventista-programa-sabado-de-creacion-para-el-sabado-24-de-octubre\/"]}]},{"@type":"BreadcrumbList","@id":"https:\/\/interamerica.org\/es\/2009\/04\/iglesia-adventista-programa-sabado-de-creacion-para-el-sabado-24-de-octubre\/#breadcrumb","itemListElement":[{"@type":"ListItem","position":1,"name":"Home","item":"https:\/\/interamerica.org\/es\/"},{"@type":"ListItem","position":2,"name":"Iglesia Adventista programa S\u00e1bado de Creaci\u00f3n para el S\u00e1bado 24 de octubre"}]},{"@type":"WebSite","@id":"https:\/\/interamerica.org\/es\/#website","url":"https:\/\/interamerica.org\/es\/","name":"Iglesia Adventista del S\u00e9ptimo D\u00eda - Divisi\u00f3n Interamericana","description":"","potentialAction":[{"@type":"SearchAction","target":{"@type":"EntryPoint","urlTemplate":"https:\/\/interamerica.org\/es\/?s={search_term_string}"},"query-input":{"@type":"PropertyValueSpecification","valueRequired":true,"valueName":"search_term_string"}}],"inLanguage":"es"},{"@type":"Person","@id":"https:\/\/interamerica.org\/es\/#\/schema\/person\/68ede8bdc292885bb76c1e3810e73c39","name":"Lorenzo Verduzco","image":{"@type":"ImageObject","inLanguage":"es","@id":"https:\/\/secure.gravatar.com\/avatar\/fb81a55b6218459490a9c1dc841a34909185b81904c5337b4b27f7a6fd60c49e?s=96&d=mm&r=g","url":"https:\/\/secure.gravatar.com\/avatar\/fb81a55b6218459490a9c1dc841a34909185b81904c5337b4b27f7a6fd60c49e?s=96&d=mm&r=g","contentUrl":"https:\/\/secure.gravatar.com\/avatar\/fb81a55b6218459490a9c1dc841a34909185b81904c5337b4b27f7a6fd60c49e?s=96&d=mm&r=g","caption":"Lorenzo Verduzco"}}]}},"_links":{"self":[{"href":"https:\/\/interamerica.org\/es\/wp-json\/wp\/v2\/posts\/11356","targetHints":{"allow":["GET"]}}],"collection":[{"href":"https:\/\/interamerica.org\/es\/wp-json\/wp\/v2\/posts"}],"about":[{"href":"https:\/\/interamerica.org\/es\/wp-json\/wp\/v2\/types\/post"}],"author":[{"embeddable":true,"href":"https:\/\/interamerica.org\/es\/wp-json\/wp\/v2\/users\/1"}],"replies":[{"embeddable":true,"href":"https:\/\/interamerica.org\/es\/wp-json\/wp\/v2\/comments?post=11356"}],"version-history":[{"count":0,"href":"https:\/\/interamerica.org\/es\/wp-json\/wp\/v2\/posts\/11356\/revisions"}],"wp:attachment":[{"href":"https:\/\/interamerica.org\/es\/wp-json\/wp\/v2\/media?parent=11356"}],"wp:term":[{"taxonomy":"category","embeddable":true,"href":"https:\/\/interamerica.org\/es\/wp-json\/wp\/v2\/categories?post=11356"},{"taxonomy":"post_tag","embeddable":true,"href":"https:\/\/interamerica.org\/es\/wp-json\/wp\/v2\/tags?post=11356"}],"curies":[{"name":"wp","href":"https:\/\/api.w.org\/{rel}","templated":true}]}}