{"id":11357,"date":"2009-04-15T00:00:00","date_gmt":"2009-04-15T04:00:00","guid":{"rendered":"http:\/\/192.81.217.108\/interamerica\/2009\/04\/haiti-personal-de-la-oficina-principal-de-la-iglesia-alcanza-a-su-comunidad-mas-cercana\/"},"modified":"2017-06-02T09:06:05","modified_gmt":"2017-06-02T13:06:05","slug":"haiti-personal-de-la-oficina-principal-de-la-iglesia-alcanza-a-su-comunidad-mas-cercana","status":"publish","type":"post","link":"https:\/\/interamerica.org\/es\/2009\/04\/haiti-personal-de-la-oficina-principal-de-la-iglesia-alcanza-a-su-comunidad-mas-cercana\/","title":{"rendered":"Hait\u00ed: personal de la oficina principal de la iglesia alcanza a su comunidad m\u00e1s cercana"},"content":{"rendered":"<p>Puerto Pr\u00edncipe, Hait\u00ed, 15 de abril de 2009&#8230; [Personal de la DIA]<\/p>\n<p>Administradores y miembros del personal de la oficina sede de la Iglesia Adventista del S\u00e9ptimo D\u00eda en Puerto Pr\u00edncipe, Hait\u00ed, tomaron una tarde especial libre el 2 de abril de 2009, para alcanzar a m\u00e1s de 160 familias en su comunidad. <\/p>\n<p>Todo aquello fue parte de un evento especial que reuni\u00f3 organizaciones adventistas para ayudar a los m\u00e1s necesitados en el barrio Cite Jeremie con alimentos, atenci\u00f3n m\u00e9dica y vestido.<\/p>\n<p>\u00abNuestro objetivo era establecer un contacto m\u00e1s cercano con la gente de esta comunidad y compartir con ellos lo que la Iglesia Adventista est\u00e1 haciendo por todo el pa\u00eds en sus cuatro oficinas de misi\u00f3n y sus cinco instituciones\u00bb, dijo Pierre Caporal, secretario ejecutivo para la iglesia en Hait\u00ed. \u00abEsta fue tambi\u00e9n una oportunidad grandiosa para mostrarles a Jesucristo\u00bb.<\/p>\n<p>Durante un programa especial antes de la distribuci\u00f3n, l\u00edderes de la iglesia se reunieron con l\u00edderes de la comunidad y les ofrecieron algo de literatura y palabras de esperanza.<\/p>\n<p>El alcalde del distrito Delmas, Gael Jean, felicit\u00f3 a los l\u00edderes de la iglesia por su trabajo en todo el pa\u00eds, y les agradeci\u00f3 por su programa especial en Delmas.<\/p>\n<p>\u00abEsto nos hizo pensar acerca de los maravilloso encuentros donde Jesucristo no s\u00f3lo ofreci\u00f3 su evangelio de salvaci\u00f3n, sino que tambi\u00e9n atendi\u00f3 todas sus necesidades, sanando al enfermo y alimentando al hambriento\u00bb, dijo el alcalde Jean.<\/p>\n<p>El personal del Hospital Adventista tambi\u00e9n se uni\u00f3 al esfuerzo, ofreciendo atenci\u00f3n m\u00e9dica y ex\u00e1menes de VIH, as\u00ed como distribuyendo equipos de higiene para cada familia.<\/p>\n<p>La Agencia Adventista de Desarrollo y Recursos Asistenciales (ADRA) en Hait\u00ed ayud\u00f3 a coordinar el evento. ADRA tambi\u00e9n don\u00f3 cajas de alimentos. El director de ADRA Hait\u00ed, Fritz Bissereth, anunci\u00f3 que la agencia pronto terminar\u00e1 un pozo de agua en Cite Jeremie, donde la gente est\u00e1 en una necesidad desesperada de agua.<\/p>\n<p>Otras organizaciones no gubernamentales que estaban presentes agradecieron a la Iglesia Adventista por su contribuci\u00f3n al ayudar a otros en la comunidad. <\/p>\n<p>El pastor Theart Saint-Pierre, presidente de la iglesia en Hait\u00ed, agradeci\u00f3 a todos los que ayudaron, y dijo que esta fue otra \u00aboportunidad para predicar el evangelio a los vecinos\u00bb.<\/p>\n<p>Los 26 l\u00edderes de la iglesia y miembros del personal en la oficina sede de la iglesia est\u00e1n felices con el resultado de esta actividad, y est\u00e1n planeando alcanzar otra comunidad vecina en los pr\u00f3ximos meses, dijo Caporal. <\/p>\n","protected":false},"excerpt":{"rendered":"<p>Administradoresy miembros del personal de la oficina sede de la Iglesia Adventista delS\u00e9ptimo D\u00eda en Puerto Pr\u00edncipe, Hait\u00ed, tomaron una tarde especial libreel 2 de abril de 2009, para alcanzar a m\u00e1s de 160 familia<\/p>\n","protected":false},"author":1,"featured_media":0,"comment_status":"closed","ping_status":"closed","sticky":false,"template":"","format":"standard","meta":{"_acf_changed":false,"footnotes":""},"categories":[8],"tags":[],"class_list":["post-11357","post","type-post","status-publish","format-standard","hentry","category-archivo"],"acf":[],"yoast_head":"<!-- This site is optimized with the Yoast SEO plugin v27.3 - https:\/\/yoast.com\/product\/yoast-seo-wordpress\/ -->\n<title>Hait\u00ed: personal de la oficina principal de la iglesia alcanza a su comunidad m\u00e1s cercana - Iglesia Adventista del S\u00e9ptimo D\u00eda - Divisi\u00f3n Interamericana<\/title>\n<meta name=\"robots\" content=\"index, follow, max-snippet:-1, max-image-preview:large, max-video-preview:-1\" \/>\n<link rel=\"canonical\" href=\"https:\/\/interamerica.org\/es\/2009\/04\/haiti-personal-de-la-oficina-principal-de-la-iglesia-alcanza-a-su-comunidad-mas-cercana\/\" \/>\n<meta property=\"og:locale\" content=\"es_ES\" \/>\n<meta property=\"og:type\" content=\"article\" \/>\n<meta property=\"og:title\" content=\"Hait\u00ed: personal de la oficina principal de la iglesia alcanza a su comunidad m\u00e1s cercana - Iglesia Adventista del S\u00e9ptimo D\u00eda - Divisi\u00f3n Interamericana\" \/>\n<meta property=\"og:description\" content=\"Administradoresy miembros del personal de la oficina sede de la Iglesia Adventista delS\u00e9ptimo D\u00eda en Puerto Pr\u00edncipe, Hait\u00ed, tomaron una tarde especial libreel 2 de abril de 2009, para alcanzar a m\u00e1s de 160 familia\" \/>\n<meta property=\"og:url\" content=\"https:\/\/interamerica.org\/es\/2009\/04\/haiti-personal-de-la-oficina-principal-de-la-iglesia-alcanza-a-su-comunidad-mas-cercana\/\" \/>\n<meta property=\"og:site_name\" content=\"Iglesia Adventista del S\u00e9ptimo D\u00eda - Divisi\u00f3n Interamericana\" \/>\n<meta property=\"article:published_time\" content=\"2009-04-15T04:00:00+00:00\" \/>\n<meta property=\"article:modified_time\" content=\"2017-06-02T13:06:05+00:00\" \/>\n<meta name=\"author\" content=\"Lorenzo Verduzco\" \/>\n<meta name=\"twitter:card\" content=\"summary_large_image\" \/>\n<meta name=\"twitter:label1\" content=\"Escrito por\" \/>\n\t<meta name=\"twitter:data1\" content=\"Lorenzo Verduzco\" \/>\n\t<meta name=\"twitter:label2\" content=\"Tiempo de lectura\" \/>\n\t<meta name=\"twitter:data2\" content=\"2 minutos\" \/>\n<script type=\"application\/ld+json\" class=\"yoast-schema-graph\">{\"@context\":\"https:\\\/\\\/schema.org\",\"@graph\":[{\"@type\":\"Article\",\"@id\":\"https:\\\/\\\/interamerica.org\\\/es\\\/2009\\\/04\\\/haiti-personal-de-la-oficina-principal-de-la-iglesia-alcanza-a-su-comunidad-mas-cercana\\\/#article\",\"isPartOf\":{\"@id\":\"https:\\\/\\\/interamerica.org\\\/es\\\/2009\\\/04\\\/haiti-personal-de-la-oficina-principal-de-la-iglesia-alcanza-a-su-comunidad-mas-cercana\\\/\"},\"author\":{\"name\":\"Lorenzo Verduzco\",\"@id\":\"https:\\\/\\\/interamerica.org\\\/es\\\/#\\\/schema\\\/person\\\/68ede8bdc292885bb76c1e3810e73c39\"},\"headline\":\"Hait\u00ed: personal de la oficina principal de la iglesia alcanza a su comunidad m\u00e1s cercana\",\"datePublished\":\"2009-04-15T04:00:00+00:00\",\"dateModified\":\"2017-06-02T13:06:05+00:00\",\"mainEntityOfPage\":{\"@id\":\"https:\\\/\\\/interamerica.org\\\/es\\\/2009\\\/04\\\/haiti-personal-de-la-oficina-principal-de-la-iglesia-alcanza-a-su-comunidad-mas-cercana\\\/\"},\"wordCount\":444,\"articleSection\":[\"Archivo\"],\"inLanguage\":\"es\"},{\"@type\":\"WebPage\",\"@id\":\"https:\\\/\\\/interamerica.org\\\/es\\\/2009\\\/04\\\/haiti-personal-de-la-oficina-principal-de-la-iglesia-alcanza-a-su-comunidad-mas-cercana\\\/\",\"url\":\"https:\\\/\\\/interamerica.org\\\/es\\\/2009\\\/04\\\/haiti-personal-de-la-oficina-principal-de-la-iglesia-alcanza-a-su-comunidad-mas-cercana\\\/\",\"name\":\"Hait\u00ed: personal de la oficina principal de la iglesia alcanza a su comunidad m\u00e1s cercana - Iglesia Adventista del S\u00e9ptimo D\u00eda - Divisi\u00f3n Interamericana\",\"isPartOf\":{\"@id\":\"https:\\\/\\\/interamerica.org\\\/es\\\/#website\"},\"datePublished\":\"2009-04-15T04:00:00+00:00\",\"dateModified\":\"2017-06-02T13:06:05+00:00\",\"author\":{\"@id\":\"https:\\\/\\\/interamerica.org\\\/es\\\/#\\\/schema\\\/person\\\/68ede8bdc292885bb76c1e3810e73c39\"},\"breadcrumb\":{\"@id\":\"https:\\\/\\\/interamerica.org\\\/es\\\/2009\\\/04\\\/haiti-personal-de-la-oficina-principal-de-la-iglesia-alcanza-a-su-comunidad-mas-cercana\\\/#breadcrumb\"},\"inLanguage\":\"es\",\"potentialAction\":[{\"@type\":\"ReadAction\",\"target\":[\"https:\\\/\\\/interamerica.org\\\/es\\\/2009\\\/04\\\/haiti-personal-de-la-oficina-principal-de-la-iglesia-alcanza-a-su-comunidad-mas-cercana\\\/\"]}]},{\"@type\":\"BreadcrumbList\",\"@id\":\"https:\\\/\\\/interamerica.org\\\/es\\\/2009\\\/04\\\/haiti-personal-de-la-oficina-principal-de-la-iglesia-alcanza-a-su-comunidad-mas-cercana\\\/#breadcrumb\",\"itemListElement\":[{\"@type\":\"ListItem\",\"position\":1,\"name\":\"Home\",\"item\":\"https:\\\/\\\/interamerica.org\\\/es\\\/\"},{\"@type\":\"ListItem\",\"position\":2,\"name\":\"Hait\u00ed: personal de la oficina principal de la iglesia alcanza a su comunidad m\u00e1s cercana\"}]},{\"@type\":\"WebSite\",\"@id\":\"https:\\\/\\\/interamerica.org\\\/es\\\/#website\",\"url\":\"https:\\\/\\\/interamerica.org\\\/es\\\/\",\"name\":\"Iglesia Adventista del S\u00e9ptimo D\u00eda - Divisi\u00f3n Interamericana\",\"description\":\"\",\"potentialAction\":[{\"@type\":\"SearchAction\",\"target\":{\"@type\":\"EntryPoint\",\"urlTemplate\":\"https:\\\/\\\/interamerica.org\\\/es\\\/?s={search_term_string}\"},\"query-input\":{\"@type\":\"PropertyValueSpecification\",\"valueRequired\":true,\"valueName\":\"search_term_string\"}}],\"inLanguage\":\"es\"},{\"@type\":\"Person\",\"@id\":\"https:\\\/\\\/interamerica.org\\\/es\\\/#\\\/schema\\\/person\\\/68ede8bdc292885bb76c1e3810e73c39\",\"name\":\"Lorenzo Verduzco\",\"image\":{\"@type\":\"ImageObject\",\"inLanguage\":\"es\",\"@id\":\"https:\\\/\\\/secure.gravatar.com\\\/avatar\\\/fb81a55b6218459490a9c1dc841a34909185b81904c5337b4b27f7a6fd60c49e?s=96&d=mm&r=g\",\"url\":\"https:\\\/\\\/secure.gravatar.com\\\/avatar\\\/fb81a55b6218459490a9c1dc841a34909185b81904c5337b4b27f7a6fd60c49e?s=96&d=mm&r=g\",\"contentUrl\":\"https:\\\/\\\/secure.gravatar.com\\\/avatar\\\/fb81a55b6218459490a9c1dc841a34909185b81904c5337b4b27f7a6fd60c49e?s=96&d=mm&r=g\",\"caption\":\"Lorenzo Verduzco\"}}]}<\/script>\n<!-- \/ Yoast SEO plugin. -->","yoast_head_json":{"title":"Hait\u00ed: personal de la oficina principal de la iglesia alcanza a su comunidad m\u00e1s cercana - Iglesia Adventista del S\u00e9ptimo D\u00eda - Divisi\u00f3n Interamericana","robots":{"index":"index","follow":"follow","max-snippet":"max-snippet:-1","max-image-preview":"max-image-preview:large","max-video-preview":"max-video-preview:-1"},"canonical":"https:\/\/interamerica.org\/es\/2009\/04\/haiti-personal-de-la-oficina-principal-de-la-iglesia-alcanza-a-su-comunidad-mas-cercana\/","og_locale":"es_ES","og_type":"article","og_title":"Hait\u00ed: personal de la oficina principal de la iglesia alcanza a su comunidad m\u00e1s cercana - Iglesia Adventista del S\u00e9ptimo D\u00eda - Divisi\u00f3n Interamericana","og_description":"Administradoresy miembros del personal de la oficina sede de la Iglesia Adventista delS\u00e9ptimo D\u00eda en Puerto Pr\u00edncipe, Hait\u00ed, tomaron una tarde especial libreel 2 de abril de 2009, para alcanzar a m\u00e1s de 160 familia","og_url":"https:\/\/interamerica.org\/es\/2009\/04\/haiti-personal-de-la-oficina-principal-de-la-iglesia-alcanza-a-su-comunidad-mas-cercana\/","og_site_name":"Iglesia Adventista del S\u00e9ptimo D\u00eda - Divisi\u00f3n Interamericana","article_published_time":"2009-04-15T04:00:00+00:00","article_modified_time":"2017-06-02T13:06:05+00:00","author":"Lorenzo Verduzco","twitter_card":"summary_large_image","twitter_misc":{"Escrito por":"Lorenzo Verduzco","Tiempo de lectura":"2 minutos"},"schema":{"@context":"https:\/\/schema.org","@graph":[{"@type":"Article","@id":"https:\/\/interamerica.org\/es\/2009\/04\/haiti-personal-de-la-oficina-principal-de-la-iglesia-alcanza-a-su-comunidad-mas-cercana\/#article","isPartOf":{"@id":"https:\/\/interamerica.org\/es\/2009\/04\/haiti-personal-de-la-oficina-principal-de-la-iglesia-alcanza-a-su-comunidad-mas-cercana\/"},"author":{"name":"Lorenzo Verduzco","@id":"https:\/\/interamerica.org\/es\/#\/schema\/person\/68ede8bdc292885bb76c1e3810e73c39"},"headline":"Hait\u00ed: personal de la oficina principal de la iglesia alcanza a su comunidad m\u00e1s cercana","datePublished":"2009-04-15T04:00:00+00:00","dateModified":"2017-06-02T13:06:05+00:00","mainEntityOfPage":{"@id":"https:\/\/interamerica.org\/es\/2009\/04\/haiti-personal-de-la-oficina-principal-de-la-iglesia-alcanza-a-su-comunidad-mas-cercana\/"},"wordCount":444,"articleSection":["Archivo"],"inLanguage":"es"},{"@type":"WebPage","@id":"https:\/\/interamerica.org\/es\/2009\/04\/haiti-personal-de-la-oficina-principal-de-la-iglesia-alcanza-a-su-comunidad-mas-cercana\/","url":"https:\/\/interamerica.org\/es\/2009\/04\/haiti-personal-de-la-oficina-principal-de-la-iglesia-alcanza-a-su-comunidad-mas-cercana\/","name":"Hait\u00ed: personal de la oficina principal de la iglesia alcanza a su comunidad m\u00e1s cercana - Iglesia Adventista del S\u00e9ptimo D\u00eda - Divisi\u00f3n Interamericana","isPartOf":{"@id":"https:\/\/interamerica.org\/es\/#website"},"datePublished":"2009-04-15T04:00:00+00:00","dateModified":"2017-06-02T13:06:05+00:00","author":{"@id":"https:\/\/interamerica.org\/es\/#\/schema\/person\/68ede8bdc292885bb76c1e3810e73c39"},"breadcrumb":{"@id":"https:\/\/interamerica.org\/es\/2009\/04\/haiti-personal-de-la-oficina-principal-de-la-iglesia-alcanza-a-su-comunidad-mas-cercana\/#breadcrumb"},"inLanguage":"es","potentialAction":[{"@type":"ReadAction","target":["https:\/\/interamerica.org\/es\/2009\/04\/haiti-personal-de-la-oficina-principal-de-la-iglesia-alcanza-a-su-comunidad-mas-cercana\/"]}]},{"@type":"BreadcrumbList","@id":"https:\/\/interamerica.org\/es\/2009\/04\/haiti-personal-de-la-oficina-principal-de-la-iglesia-alcanza-a-su-comunidad-mas-cercana\/#breadcrumb","itemListElement":[{"@type":"ListItem","position":1,"name":"Home","item":"https:\/\/interamerica.org\/es\/"},{"@type":"ListItem","position":2,"name":"Hait\u00ed: personal de la oficina principal de la iglesia alcanza a su comunidad m\u00e1s cercana"}]},{"@type":"WebSite","@id":"https:\/\/interamerica.org\/es\/#website","url":"https:\/\/interamerica.org\/es\/","name":"Iglesia Adventista del S\u00e9ptimo D\u00eda - Divisi\u00f3n Interamericana","description":"","potentialAction":[{"@type":"SearchAction","target":{"@type":"EntryPoint","urlTemplate":"https:\/\/interamerica.org\/es\/?s={search_term_string}"},"query-input":{"@type":"PropertyValueSpecification","valueRequired":true,"valueName":"search_term_string"}}],"inLanguage":"es"},{"@type":"Person","@id":"https:\/\/interamerica.org\/es\/#\/schema\/person\/68ede8bdc292885bb76c1e3810e73c39","name":"Lorenzo Verduzco","image":{"@type":"ImageObject","inLanguage":"es","@id":"https:\/\/secure.gravatar.com\/avatar\/fb81a55b6218459490a9c1dc841a34909185b81904c5337b4b27f7a6fd60c49e?s=96&d=mm&r=g","url":"https:\/\/secure.gravatar.com\/avatar\/fb81a55b6218459490a9c1dc841a34909185b81904c5337b4b27f7a6fd60c49e?s=96&d=mm&r=g","contentUrl":"https:\/\/secure.gravatar.com\/avatar\/fb81a55b6218459490a9c1dc841a34909185b81904c5337b4b27f7a6fd60c49e?s=96&d=mm&r=g","caption":"Lorenzo Verduzco"}}]}},"_links":{"self":[{"href":"https:\/\/interamerica.org\/es\/wp-json\/wp\/v2\/posts\/11357","targetHints":{"allow":["GET"]}}],"collection":[{"href":"https:\/\/interamerica.org\/es\/wp-json\/wp\/v2\/posts"}],"about":[{"href":"https:\/\/interamerica.org\/es\/wp-json\/wp\/v2\/types\/post"}],"author":[{"embeddable":true,"href":"https:\/\/interamerica.org\/es\/wp-json\/wp\/v2\/users\/1"}],"replies":[{"embeddable":true,"href":"https:\/\/interamerica.org\/es\/wp-json\/wp\/v2\/comments?post=11357"}],"version-history":[{"count":0,"href":"https:\/\/interamerica.org\/es\/wp-json\/wp\/v2\/posts\/11357\/revisions"}],"wp:attachment":[{"href":"https:\/\/interamerica.org\/es\/wp-json\/wp\/v2\/media?parent=11357"}],"wp:term":[{"taxonomy":"category","embeddable":true,"href":"https:\/\/interamerica.org\/es\/wp-json\/wp\/v2\/categories?post=11357"},{"taxonomy":"post_tag","embeddable":true,"href":"https:\/\/interamerica.org\/es\/wp-json\/wp\/v2\/tags?post=11357"}],"curies":[{"name":"wp","href":"https:\/\/api.w.org\/{rel}","templated":true}]}}