{"id":11364,"date":"2009-04-30T00:00:00","date_gmt":"2009-04-30T04:00:00","guid":{"rendered":"http:\/\/192.81.217.108\/interamerica\/2009\/04\/interamerica-administradores-financieros-reciben-capacitacion-sunplus-version-2\/"},"modified":"2017-06-02T09:06:01","modified_gmt":"2017-06-02T13:06:01","slug":"interamerica-administradores-financieros-reciben-capacitacion-sunplus-version-2","status":"publish","type":"post","link":"https:\/\/interamerica.org\/es\/2009\/04\/interamerica-administradores-financieros-reciben-capacitacion-sunplus-version-2\/","title":{"rendered":"Interam\u00e9rica: administradores financieros reciben capacitaci\u00f3n SunPlus versi\u00f3n 2"},"content":{"rendered":"<p><em >30 de abril, 2009<\/em > &#8211; Miami, Florida, Estados Unidos&#8230; [Libna Stevens\/DIA] <\/p>\n<p>Los administradores financieros principales y los administradores en contabilidad de seis regiones importantes de la iglesia Adventista del S\u00e9ptimo D\u00eda en Interam\u00e9rica, se reunieron por dos semanas en sesiones de aprendizaje <em >SunPlus,<\/em > un paquete de <em >sofware<\/em > para administraci\u00f3n y contabilidad.   El <em >software<\/em > presenta herramientas s\u00f3lidas para el manejo de los fondos que entran a la iglesia. <\/p>\n<p>La intensa capacitaci\u00f3n se llev\u00f3 a cabo en la sede de la Divisi\u00f3n Interamericana (DIA) en Miami, Florida, del 13 &#8211; 23, 2009. <\/p>\n<p>\u00abEsta fue nuestra primera ense\u00f1anza de SunPlus que podr\u00e1 aumentar la eficiencia en nuestras operaciones financieras entre las uniones y la divisi\u00f3n y la Asociaci\u00f3n general\u00bb, dijo Tony De la Mota, tesorero asociado para la iglesia en Interam\u00e9rica, e instructor de SunPlus de la DIA. <\/p>\n<p>De acuerdo a De la Mota, si bien ocho sitios est\u00e1n ya usando la versi\u00f3n antigua de <em >SunPlus,<\/em > la capacitaci\u00f3n era de mucha necesidad para llevar las organizaciones regionales al pr\u00f3ximo nivel. <\/p>\n<p>Durante la sesi\u00f3n, la cual incluy\u00f3 capacitaci\u00f3n por parte de un equipo de la iglesia adventista mundial de <em >SunPlus,<\/em > administradores financieros y gerentes de contabilidad revisaron e implementaron el nuevo manual de contabilidad, expres\u00f3 De la Mota. <\/p>\n<p> \u00abEste programa <em >de SunPlus<\/em > fue designado como una herramienta para implementar el nuevo manual de contabilidad para el manejo de los fondos de los diezmos\u00bb, dijo De la Mota.  \u00abEste valiosamente suplir\u00e1 la necesidad del crecimiento de los fondos de la iglesia y ser\u00e1 una plataforma abierta para ajustar la demanda y los cambios financieros del mundo de hoy\u00bb.   <\/p>\n<p>Interam\u00e9rica es la segunda divisi\u00f3n de la iglesia en implementar la versi\u00f3n 2 de <em >Sunplus,<\/em > de acuerdo a De la Mota, quien dirige en la divisi\u00f3n el equipo de  tres personas en el proyecto.  \u00abNosotros estamos muy animados para continuar la implementaci\u00f3n a la totalidad de nuestro territorio\u00bb. <\/p>\n<p>A continuidad de la capacitaci\u00f3n en la sede de la DIA, seguir\u00e1n ense\u00f1anzas continuas en las respectivas regiones de la iglesia durante las pr\u00f3ximas dos semanas.  En cambio, los administradores financieros capacitados ser\u00e1n equipados para aparearse con las otras uniones o regiones de la iglesia, las cuales recibir\u00e1n ense\u00f1anza intensa en los pr\u00f3ximos meses.   <\/p>\n<p>La pr\u00f3xima capacitaci\u00f3n de <em >SunPlus<\/em > est\u00e1 programada a realizarse m\u00e1s tarde este a\u00f1o.  Para mayor informaci\u00f3n sobre capacitaci\u00f3n <em >SunPlus<\/em >, contacte a la Oficina de Tesorer\u00eda de Interam\u00e9rica, tel\u00e9fono (305) 403-4700. <\/p>\n","protected":false},"excerpt":{"rendered":"<p>Los administradores financieros principales y los administradores en contabilidad de seis regiones mayores de la iglesia Adventista del S\u00e9ptimo D\u00eda en Interam\u00e9rica, se reunieron por dos semanas en sesiones de capacitaci\u00f3n SunPl<\/p>\n","protected":false},"author":1,"featured_media":0,"comment_status":"closed","ping_status":"closed","sticky":false,"template":"","format":"standard","meta":{"_acf_changed":false,"footnotes":""},"categories":[8],"tags":[],"class_list":["post-11364","post","type-post","status-publish","format-standard","hentry","category-archivo"],"acf":[],"yoast_head":"<!-- This site is optimized with the Yoast SEO plugin v27.3 - https:\/\/yoast.com\/product\/yoast-seo-wordpress\/ -->\n<title>Interam\u00e9rica: administradores financieros reciben capacitaci\u00f3n SunPlus versi\u00f3n 2 - Iglesia Adventista del S\u00e9ptimo D\u00eda - Divisi\u00f3n Interamericana<\/title>\n<meta name=\"robots\" content=\"index, follow, max-snippet:-1, max-image-preview:large, max-video-preview:-1\" \/>\n<link rel=\"canonical\" href=\"https:\/\/interamerica.org\/es\/2009\/04\/interamerica-administradores-financieros-reciben-capacitacion-sunplus-version-2\/\" \/>\n<meta property=\"og:locale\" content=\"es_ES\" \/>\n<meta property=\"og:type\" content=\"article\" \/>\n<meta property=\"og:title\" content=\"Interam\u00e9rica: administradores financieros reciben capacitaci\u00f3n SunPlus versi\u00f3n 2 - Iglesia Adventista del S\u00e9ptimo D\u00eda - Divisi\u00f3n Interamericana\" \/>\n<meta property=\"og:description\" content=\"Los administradores financieros principales y los administradores en contabilidad de seis regiones mayores de la iglesia Adventista del S\u00e9ptimo D\u00eda en Interam\u00e9rica, se reunieron por dos semanas en sesiones de capacitaci\u00f3n SunPl\" \/>\n<meta property=\"og:url\" content=\"https:\/\/interamerica.org\/es\/2009\/04\/interamerica-administradores-financieros-reciben-capacitacion-sunplus-version-2\/\" \/>\n<meta property=\"og:site_name\" content=\"Iglesia Adventista del S\u00e9ptimo D\u00eda - Divisi\u00f3n Interamericana\" \/>\n<meta property=\"article:published_time\" content=\"2009-04-30T04:00:00+00:00\" \/>\n<meta property=\"article:modified_time\" content=\"2017-06-02T13:06:01+00:00\" \/>\n<meta name=\"author\" content=\"Lorenzo Verduzco\" \/>\n<meta name=\"twitter:card\" content=\"summary_large_image\" \/>\n<meta name=\"twitter:label1\" content=\"Escrito por\" \/>\n\t<meta name=\"twitter:data1\" content=\"Lorenzo Verduzco\" \/>\n\t<meta name=\"twitter:label2\" content=\"Tiempo de lectura\" \/>\n\t<meta name=\"twitter:data2\" content=\"2 minutos\" \/>\n<script type=\"application\/ld+json\" class=\"yoast-schema-graph\">{\"@context\":\"https:\\\/\\\/schema.org\",\"@graph\":[{\"@type\":\"Article\",\"@id\":\"https:\\\/\\\/interamerica.org\\\/es\\\/2009\\\/04\\\/interamerica-administradores-financieros-reciben-capacitacion-sunplus-version-2\\\/#article\",\"isPartOf\":{\"@id\":\"https:\\\/\\\/interamerica.org\\\/es\\\/2009\\\/04\\\/interamerica-administradores-financieros-reciben-capacitacion-sunplus-version-2\\\/\"},\"author\":{\"name\":\"Lorenzo Verduzco\",\"@id\":\"https:\\\/\\\/interamerica.org\\\/es\\\/#\\\/schema\\\/person\\\/68ede8bdc292885bb76c1e3810e73c39\"},\"headline\":\"Interam\u00e9rica: administradores financieros reciben capacitaci\u00f3n SunPlus versi\u00f3n 2\",\"datePublished\":\"2009-04-30T04:00:00+00:00\",\"dateModified\":\"2017-06-02T13:06:01+00:00\",\"mainEntityOfPage\":{\"@id\":\"https:\\\/\\\/interamerica.org\\\/es\\\/2009\\\/04\\\/interamerica-administradores-financieros-reciben-capacitacion-sunplus-version-2\\\/\"},\"wordCount\":438,\"articleSection\":[\"Archivo\"],\"inLanguage\":\"es\"},{\"@type\":\"WebPage\",\"@id\":\"https:\\\/\\\/interamerica.org\\\/es\\\/2009\\\/04\\\/interamerica-administradores-financieros-reciben-capacitacion-sunplus-version-2\\\/\",\"url\":\"https:\\\/\\\/interamerica.org\\\/es\\\/2009\\\/04\\\/interamerica-administradores-financieros-reciben-capacitacion-sunplus-version-2\\\/\",\"name\":\"Interam\u00e9rica: administradores financieros reciben capacitaci\u00f3n SunPlus versi\u00f3n 2 - Iglesia Adventista del S\u00e9ptimo D\u00eda - Divisi\u00f3n Interamericana\",\"isPartOf\":{\"@id\":\"https:\\\/\\\/interamerica.org\\\/es\\\/#website\"},\"datePublished\":\"2009-04-30T04:00:00+00:00\",\"dateModified\":\"2017-06-02T13:06:01+00:00\",\"author\":{\"@id\":\"https:\\\/\\\/interamerica.org\\\/es\\\/#\\\/schema\\\/person\\\/68ede8bdc292885bb76c1e3810e73c39\"},\"breadcrumb\":{\"@id\":\"https:\\\/\\\/interamerica.org\\\/es\\\/2009\\\/04\\\/interamerica-administradores-financieros-reciben-capacitacion-sunplus-version-2\\\/#breadcrumb\"},\"inLanguage\":\"es\",\"potentialAction\":[{\"@type\":\"ReadAction\",\"target\":[\"https:\\\/\\\/interamerica.org\\\/es\\\/2009\\\/04\\\/interamerica-administradores-financieros-reciben-capacitacion-sunplus-version-2\\\/\"]}]},{\"@type\":\"BreadcrumbList\",\"@id\":\"https:\\\/\\\/interamerica.org\\\/es\\\/2009\\\/04\\\/interamerica-administradores-financieros-reciben-capacitacion-sunplus-version-2\\\/#breadcrumb\",\"itemListElement\":[{\"@type\":\"ListItem\",\"position\":1,\"name\":\"Home\",\"item\":\"https:\\\/\\\/interamerica.org\\\/es\\\/\"},{\"@type\":\"ListItem\",\"position\":2,\"name\":\"Interam\u00e9rica: administradores financieros reciben capacitaci\u00f3n SunPlus versi\u00f3n 2\"}]},{\"@type\":\"WebSite\",\"@id\":\"https:\\\/\\\/interamerica.org\\\/es\\\/#website\",\"url\":\"https:\\\/\\\/interamerica.org\\\/es\\\/\",\"name\":\"Iglesia Adventista del S\u00e9ptimo D\u00eda - Divisi\u00f3n Interamericana\",\"description\":\"\",\"potentialAction\":[{\"@type\":\"SearchAction\",\"target\":{\"@type\":\"EntryPoint\",\"urlTemplate\":\"https:\\\/\\\/interamerica.org\\\/es\\\/?s={search_term_string}\"},\"query-input\":{\"@type\":\"PropertyValueSpecification\",\"valueRequired\":true,\"valueName\":\"search_term_string\"}}],\"inLanguage\":\"es\"},{\"@type\":\"Person\",\"@id\":\"https:\\\/\\\/interamerica.org\\\/es\\\/#\\\/schema\\\/person\\\/68ede8bdc292885bb76c1e3810e73c39\",\"name\":\"Lorenzo Verduzco\",\"image\":{\"@type\":\"ImageObject\",\"inLanguage\":\"es\",\"@id\":\"https:\\\/\\\/secure.gravatar.com\\\/avatar\\\/fb81a55b6218459490a9c1dc841a34909185b81904c5337b4b27f7a6fd60c49e?s=96&d=mm&r=g\",\"url\":\"https:\\\/\\\/secure.gravatar.com\\\/avatar\\\/fb81a55b6218459490a9c1dc841a34909185b81904c5337b4b27f7a6fd60c49e?s=96&d=mm&r=g\",\"contentUrl\":\"https:\\\/\\\/secure.gravatar.com\\\/avatar\\\/fb81a55b6218459490a9c1dc841a34909185b81904c5337b4b27f7a6fd60c49e?s=96&d=mm&r=g\",\"caption\":\"Lorenzo Verduzco\"}}]}<\/script>\n<!-- \/ Yoast SEO plugin. -->","yoast_head_json":{"title":"Interam\u00e9rica: administradores financieros reciben capacitaci\u00f3n SunPlus versi\u00f3n 2 - Iglesia Adventista del S\u00e9ptimo D\u00eda - Divisi\u00f3n Interamericana","robots":{"index":"index","follow":"follow","max-snippet":"max-snippet:-1","max-image-preview":"max-image-preview:large","max-video-preview":"max-video-preview:-1"},"canonical":"https:\/\/interamerica.org\/es\/2009\/04\/interamerica-administradores-financieros-reciben-capacitacion-sunplus-version-2\/","og_locale":"es_ES","og_type":"article","og_title":"Interam\u00e9rica: administradores financieros reciben capacitaci\u00f3n SunPlus versi\u00f3n 2 - Iglesia Adventista del S\u00e9ptimo D\u00eda - Divisi\u00f3n Interamericana","og_description":"Los administradores financieros principales y los administradores en contabilidad de seis regiones mayores de la iglesia Adventista del S\u00e9ptimo D\u00eda en Interam\u00e9rica, se reunieron por dos semanas en sesiones de capacitaci\u00f3n SunPl","og_url":"https:\/\/interamerica.org\/es\/2009\/04\/interamerica-administradores-financieros-reciben-capacitacion-sunplus-version-2\/","og_site_name":"Iglesia Adventista del S\u00e9ptimo D\u00eda - Divisi\u00f3n Interamericana","article_published_time":"2009-04-30T04:00:00+00:00","article_modified_time":"2017-06-02T13:06:01+00:00","author":"Lorenzo Verduzco","twitter_card":"summary_large_image","twitter_misc":{"Escrito por":"Lorenzo Verduzco","Tiempo de lectura":"2 minutos"},"schema":{"@context":"https:\/\/schema.org","@graph":[{"@type":"Article","@id":"https:\/\/interamerica.org\/es\/2009\/04\/interamerica-administradores-financieros-reciben-capacitacion-sunplus-version-2\/#article","isPartOf":{"@id":"https:\/\/interamerica.org\/es\/2009\/04\/interamerica-administradores-financieros-reciben-capacitacion-sunplus-version-2\/"},"author":{"name":"Lorenzo Verduzco","@id":"https:\/\/interamerica.org\/es\/#\/schema\/person\/68ede8bdc292885bb76c1e3810e73c39"},"headline":"Interam\u00e9rica: administradores financieros reciben capacitaci\u00f3n SunPlus versi\u00f3n 2","datePublished":"2009-04-30T04:00:00+00:00","dateModified":"2017-06-02T13:06:01+00:00","mainEntityOfPage":{"@id":"https:\/\/interamerica.org\/es\/2009\/04\/interamerica-administradores-financieros-reciben-capacitacion-sunplus-version-2\/"},"wordCount":438,"articleSection":["Archivo"],"inLanguage":"es"},{"@type":"WebPage","@id":"https:\/\/interamerica.org\/es\/2009\/04\/interamerica-administradores-financieros-reciben-capacitacion-sunplus-version-2\/","url":"https:\/\/interamerica.org\/es\/2009\/04\/interamerica-administradores-financieros-reciben-capacitacion-sunplus-version-2\/","name":"Interam\u00e9rica: administradores financieros reciben capacitaci\u00f3n SunPlus versi\u00f3n 2 - Iglesia Adventista del S\u00e9ptimo D\u00eda - Divisi\u00f3n Interamericana","isPartOf":{"@id":"https:\/\/interamerica.org\/es\/#website"},"datePublished":"2009-04-30T04:00:00+00:00","dateModified":"2017-06-02T13:06:01+00:00","author":{"@id":"https:\/\/interamerica.org\/es\/#\/schema\/person\/68ede8bdc292885bb76c1e3810e73c39"},"breadcrumb":{"@id":"https:\/\/interamerica.org\/es\/2009\/04\/interamerica-administradores-financieros-reciben-capacitacion-sunplus-version-2\/#breadcrumb"},"inLanguage":"es","potentialAction":[{"@type":"ReadAction","target":["https:\/\/interamerica.org\/es\/2009\/04\/interamerica-administradores-financieros-reciben-capacitacion-sunplus-version-2\/"]}]},{"@type":"BreadcrumbList","@id":"https:\/\/interamerica.org\/es\/2009\/04\/interamerica-administradores-financieros-reciben-capacitacion-sunplus-version-2\/#breadcrumb","itemListElement":[{"@type":"ListItem","position":1,"name":"Home","item":"https:\/\/interamerica.org\/es\/"},{"@type":"ListItem","position":2,"name":"Interam\u00e9rica: administradores financieros reciben capacitaci\u00f3n SunPlus versi\u00f3n 2"}]},{"@type":"WebSite","@id":"https:\/\/interamerica.org\/es\/#website","url":"https:\/\/interamerica.org\/es\/","name":"Iglesia Adventista del S\u00e9ptimo D\u00eda - Divisi\u00f3n Interamericana","description":"","potentialAction":[{"@type":"SearchAction","target":{"@type":"EntryPoint","urlTemplate":"https:\/\/interamerica.org\/es\/?s={search_term_string}"},"query-input":{"@type":"PropertyValueSpecification","valueRequired":true,"valueName":"search_term_string"}}],"inLanguage":"es"},{"@type":"Person","@id":"https:\/\/interamerica.org\/es\/#\/schema\/person\/68ede8bdc292885bb76c1e3810e73c39","name":"Lorenzo Verduzco","image":{"@type":"ImageObject","inLanguage":"es","@id":"https:\/\/secure.gravatar.com\/avatar\/fb81a55b6218459490a9c1dc841a34909185b81904c5337b4b27f7a6fd60c49e?s=96&d=mm&r=g","url":"https:\/\/secure.gravatar.com\/avatar\/fb81a55b6218459490a9c1dc841a34909185b81904c5337b4b27f7a6fd60c49e?s=96&d=mm&r=g","contentUrl":"https:\/\/secure.gravatar.com\/avatar\/fb81a55b6218459490a9c1dc841a34909185b81904c5337b4b27f7a6fd60c49e?s=96&d=mm&r=g","caption":"Lorenzo Verduzco"}}]}},"_links":{"self":[{"href":"https:\/\/interamerica.org\/es\/wp-json\/wp\/v2\/posts\/11364","targetHints":{"allow":["GET"]}}],"collection":[{"href":"https:\/\/interamerica.org\/es\/wp-json\/wp\/v2\/posts"}],"about":[{"href":"https:\/\/interamerica.org\/es\/wp-json\/wp\/v2\/types\/post"}],"author":[{"embeddable":true,"href":"https:\/\/interamerica.org\/es\/wp-json\/wp\/v2\/users\/1"}],"replies":[{"embeddable":true,"href":"https:\/\/interamerica.org\/es\/wp-json\/wp\/v2\/comments?post=11364"}],"version-history":[{"count":0,"href":"https:\/\/interamerica.org\/es\/wp-json\/wp\/v2\/posts\/11364\/revisions"}],"wp:attachment":[{"href":"https:\/\/interamerica.org\/es\/wp-json\/wp\/v2\/media?parent=11364"}],"wp:term":[{"taxonomy":"category","embeddable":true,"href":"https:\/\/interamerica.org\/es\/wp-json\/wp\/v2\/categories?post=11364"},{"taxonomy":"post_tag","embeddable":true,"href":"https:\/\/interamerica.org\/es\/wp-json\/wp\/v2\/tags?post=11364"}],"curies":[{"name":"wp","href":"https:\/\/api.w.org\/{rel}","templated":true}]}}