{"id":11368,"date":"2009-05-11T00:00:00","date_gmt":"2009-05-11T04:00:00","guid":{"rendered":"http:\/\/192.81.217.108\/interamerica\/2009\/05\/seminario-teologico-adventista-interamericano-inagura-sus-nuevas-oficinas-academicas\/"},"modified":"2017-06-02T09:05:58","modified_gmt":"2017-06-02T13:05:58","slug":"seminario-teologico-adventista-interamericano-inagura-sus-nuevas-oficinas-academicas","status":"publish","type":"post","link":"https:\/\/interamerica.org\/es\/2009\/05\/seminario-teologico-adventista-interamericano-inagura-sus-nuevas-oficinas-academicas\/","title":{"rendered":"Seminario Te\u00f3logico Adventista Interamericano inagura sus nuevas oficinas acad\u00e9micas"},"content":{"rendered":"<p><em >Mayag\u00fcez, Puerto Rico&#8230;<\/em > <em >11 de mayo, 2009<\/em > &#8211; [Efra\u00edn Vel\u00e1zquez\/Personal de la DIA] <\/p>\n<p>El Seminario Teol\u00f3gico Adventista Interamericano (IATS) inaugur\u00f3 sus nuevas oficinas acad\u00e9micas en el recinto de la Universidad Adventista Antillana en Mayag\u00fcez, Puerto Rico, durante una ceremonia especial el 5 de  mayo, 2009.  Las nuevas oficinas son parte del plan maestro para ofrecer grados post graduados adicionales para los ministros a trav\u00e9s de Interam\u00e9rica y para adelantar la acreditaci\u00f3n de la Asociaci\u00f3n de las Escuelas Teol\u00f3gicas, dijeron los organizadores. <\/p>\n<p> \u00abEsto es parte de nuestro plan de desarrollo y del movimiento estrat\u00e9gico para establecer nuestras oficinas acad\u00e9micas en territorio de Estados Unidos y servir a las demandas de nuestro territorio en crecimiento de grados acad\u00e9micos de nuestros ministros\u00bb, dijo el Dr. Jaime Castrej\u00f3n, presidente de IATS. <\/p>\n<p>De acuerdo al Dr. Castrej\u00f3n, IATS escogi\u00f3 el recinto de Puerto Rico como el sitio principal central para las operaciones acad\u00e9micas.  Esto va a incluir coordinaci\u00f3n de profesores, programas de estudio, agenda de materias, monitorio de los grados de maestr\u00eda y doctorado.  Las oficinas clericales y de registraci\u00f3n permanecer\u00e1n en la sede de la Divisi\u00f3n Interamericana en Miami, Florida, Estados Unidos. <\/p>\n<p>Previamente, IATS ha sido registrado a trav\u00e9s del gobierno de Puerto Rico y est\u00e1 buscando asegurar la acreditaci\u00f3n de la Comisi\u00f3n de Middle States Educaci\u00f3n Avanzada, que es una unidad de la Asociaci\u00f3n Middle State de Colegios y Escuelas que acredita grados de colegio y universidades en la regi\u00f3n Middle States. <\/p>\n<p>Entre los que hablaron en la ceremonia de inauguraci\u00f3n estaban el Doctor Sergio, presidente del Seminario Evang\u00e9lico de Puerto Rico, y el pastor An\u00edbal Heredia, consultor para el gobernador sobre asuntos religiosos adem\u00e1s de una docena de l\u00edderes de iglesia y educadores. <\/p>\n<p>El pastor Israel Leito, presidente para la iglesia en Interam\u00e9rica, quien present\u00f3 la nota clave del discurso, enfatiz\u00f3 la importancia de la Palabra de Dios como un \u00abrecurso de direcci\u00f3n\u00bb.  El desafi\u00f3 a todos los presentes a la distinci\u00f3n como lugar de educaci\u00f3n teol\u00f3gica de la Interamericana como una prioridad para el cumplimiento de la misi\u00f3n de la iglesia. <\/p>\n<p>Los l\u00edderes de la iglesia adventista mundial y la Universidad de Andrews estaban presentes tambi\u00e9n. <\/p>\n<p>Las nuevas oficinas acad\u00e9micas de IATS est\u00e1n localizadas en a tercera planta de la <em >Biblioteca Denis Soto <\/em >de la Universidad de las Antillas.  Esta incluye tres oficinas, una para el doctor Jaime Castrej\u00f3n, y una oficina para el doctor Efra\u00edn Vel\u00e1zquez, el vicepresidente para asuntos acad\u00e9micos de IATS, una para el asistente y una sala de reuniones. <\/p>\n<p>Para mayor informaci\u00f3n sobre IATS y sus programas, visite <a  href=\"https:\/\/recursing-golick.147-182-135-0.plesk.page\/\">https:\/\/recursing-golick.147-182-135-0.plesk.page\/<\/a ><\/p>\n","protected":false},"excerpt":{"rendered":"<p>El Seminario Te\u00f3logico Adventista Interamericano (IATS) inagur\u00f3 sus nuevas oficinas acad\u00e9micas en el recinto de la Universiad Adventista Antillana en Mayaguez, Puerto Rico, durante una ceremonia especial el 5 de  mayo, 2009.<\/p>\n","protected":false},"author":1,"featured_media":0,"comment_status":"closed","ping_status":"closed","sticky":false,"template":"","format":"standard","meta":{"_acf_changed":false,"footnotes":""},"categories":[8],"tags":[],"class_list":["post-11368","post","type-post","status-publish","format-standard","hentry","category-archivo"],"acf":[],"yoast_head":"<!-- This site is optimized with the Yoast SEO plugin v27.3 - https:\/\/yoast.com\/product\/yoast-seo-wordpress\/ -->\n<title>Seminario Te\u00f3logico Adventista Interamericano inagura sus nuevas oficinas acad\u00e9micas - Iglesia Adventista del S\u00e9ptimo D\u00eda - Divisi\u00f3n Interamericana<\/title>\n<meta name=\"robots\" content=\"index, follow, max-snippet:-1, max-image-preview:large, max-video-preview:-1\" \/>\n<link rel=\"canonical\" href=\"https:\/\/interamerica.org\/es\/2009\/05\/seminario-teologico-adventista-interamericano-inagura-sus-nuevas-oficinas-academicas\/\" \/>\n<meta property=\"og:locale\" content=\"es_ES\" \/>\n<meta property=\"og:type\" content=\"article\" \/>\n<meta property=\"og:title\" content=\"Seminario Te\u00f3logico Adventista Interamericano inagura sus nuevas oficinas acad\u00e9micas - Iglesia Adventista del S\u00e9ptimo D\u00eda - Divisi\u00f3n Interamericana\" \/>\n<meta property=\"og:description\" content=\"El Seminario Te\u00f3logico Adventista Interamericano (IATS) inagur\u00f3 sus nuevas oficinas acad\u00e9micas en el recinto de la Universiad Adventista Antillana en Mayaguez, Puerto Rico, durante una ceremonia especial el 5 de mayo, 2009.\" \/>\n<meta property=\"og:url\" content=\"https:\/\/interamerica.org\/es\/2009\/05\/seminario-teologico-adventista-interamericano-inagura-sus-nuevas-oficinas-academicas\/\" \/>\n<meta property=\"og:site_name\" content=\"Iglesia Adventista del S\u00e9ptimo D\u00eda - Divisi\u00f3n Interamericana\" \/>\n<meta property=\"article:published_time\" content=\"2009-05-11T04:00:00+00:00\" \/>\n<meta property=\"article:modified_time\" content=\"2017-06-02T13:05:58+00:00\" \/>\n<meta name=\"author\" content=\"Lorenzo Verduzco\" \/>\n<meta name=\"twitter:card\" content=\"summary_large_image\" \/>\n<meta name=\"twitter:label1\" content=\"Escrito por\" \/>\n\t<meta name=\"twitter:data1\" content=\"Lorenzo Verduzco\" \/>\n\t<meta name=\"twitter:label2\" content=\"Tiempo de lectura\" \/>\n\t<meta name=\"twitter:data2\" content=\"2 minutos\" \/>\n<script type=\"application\/ld+json\" class=\"yoast-schema-graph\">{\"@context\":\"https:\\\/\\\/schema.org\",\"@graph\":[{\"@type\":\"Article\",\"@id\":\"https:\\\/\\\/interamerica.org\\\/es\\\/2009\\\/05\\\/seminario-teologico-adventista-interamericano-inagura-sus-nuevas-oficinas-academicas\\\/#article\",\"isPartOf\":{\"@id\":\"https:\\\/\\\/interamerica.org\\\/es\\\/2009\\\/05\\\/seminario-teologico-adventista-interamericano-inagura-sus-nuevas-oficinas-academicas\\\/\"},\"author\":{\"name\":\"Lorenzo Verduzco\",\"@id\":\"https:\\\/\\\/interamerica.org\\\/es\\\/#\\\/schema\\\/person\\\/68ede8bdc292885bb76c1e3810e73c39\"},\"headline\":\"Seminario Te\u00f3logico Adventista Interamericano inagura sus nuevas oficinas acad\u00e9micas\",\"datePublished\":\"2009-05-11T04:00:00+00:00\",\"dateModified\":\"2017-06-02T13:05:58+00:00\",\"mainEntityOfPage\":{\"@id\":\"https:\\\/\\\/interamerica.org\\\/es\\\/2009\\\/05\\\/seminario-teologico-adventista-interamericano-inagura-sus-nuevas-oficinas-academicas\\\/\"},\"wordCount\":484,\"articleSection\":[\"Archivo\"],\"inLanguage\":\"es\"},{\"@type\":\"WebPage\",\"@id\":\"https:\\\/\\\/interamerica.org\\\/es\\\/2009\\\/05\\\/seminario-teologico-adventista-interamericano-inagura-sus-nuevas-oficinas-academicas\\\/\",\"url\":\"https:\\\/\\\/interamerica.org\\\/es\\\/2009\\\/05\\\/seminario-teologico-adventista-interamericano-inagura-sus-nuevas-oficinas-academicas\\\/\",\"name\":\"Seminario Te\u00f3logico Adventista Interamericano inagura sus nuevas oficinas acad\u00e9micas - Iglesia Adventista del S\u00e9ptimo D\u00eda - Divisi\u00f3n Interamericana\",\"isPartOf\":{\"@id\":\"https:\\\/\\\/interamerica.org\\\/es\\\/#website\"},\"datePublished\":\"2009-05-11T04:00:00+00:00\",\"dateModified\":\"2017-06-02T13:05:58+00:00\",\"author\":{\"@id\":\"https:\\\/\\\/interamerica.org\\\/es\\\/#\\\/schema\\\/person\\\/68ede8bdc292885bb76c1e3810e73c39\"},\"breadcrumb\":{\"@id\":\"https:\\\/\\\/interamerica.org\\\/es\\\/2009\\\/05\\\/seminario-teologico-adventista-interamericano-inagura-sus-nuevas-oficinas-academicas\\\/#breadcrumb\"},\"inLanguage\":\"es\",\"potentialAction\":[{\"@type\":\"ReadAction\",\"target\":[\"https:\\\/\\\/interamerica.org\\\/es\\\/2009\\\/05\\\/seminario-teologico-adventista-interamericano-inagura-sus-nuevas-oficinas-academicas\\\/\"]}]},{\"@type\":\"BreadcrumbList\",\"@id\":\"https:\\\/\\\/interamerica.org\\\/es\\\/2009\\\/05\\\/seminario-teologico-adventista-interamericano-inagura-sus-nuevas-oficinas-academicas\\\/#breadcrumb\",\"itemListElement\":[{\"@type\":\"ListItem\",\"position\":1,\"name\":\"Home\",\"item\":\"https:\\\/\\\/interamerica.org\\\/es\\\/\"},{\"@type\":\"ListItem\",\"position\":2,\"name\":\"Seminario Te\u00f3logico Adventista Interamericano inagura sus nuevas oficinas acad\u00e9micas\"}]},{\"@type\":\"WebSite\",\"@id\":\"https:\\\/\\\/interamerica.org\\\/es\\\/#website\",\"url\":\"https:\\\/\\\/interamerica.org\\\/es\\\/\",\"name\":\"Iglesia Adventista del S\u00e9ptimo D\u00eda - Divisi\u00f3n Interamericana\",\"description\":\"\",\"potentialAction\":[{\"@type\":\"SearchAction\",\"target\":{\"@type\":\"EntryPoint\",\"urlTemplate\":\"https:\\\/\\\/interamerica.org\\\/es\\\/?s={search_term_string}\"},\"query-input\":{\"@type\":\"PropertyValueSpecification\",\"valueRequired\":true,\"valueName\":\"search_term_string\"}}],\"inLanguage\":\"es\"},{\"@type\":\"Person\",\"@id\":\"https:\\\/\\\/interamerica.org\\\/es\\\/#\\\/schema\\\/person\\\/68ede8bdc292885bb76c1e3810e73c39\",\"name\":\"Lorenzo Verduzco\",\"image\":{\"@type\":\"ImageObject\",\"inLanguage\":\"es\",\"@id\":\"https:\\\/\\\/secure.gravatar.com\\\/avatar\\\/fb81a55b6218459490a9c1dc841a34909185b81904c5337b4b27f7a6fd60c49e?s=96&d=mm&r=g\",\"url\":\"https:\\\/\\\/secure.gravatar.com\\\/avatar\\\/fb81a55b6218459490a9c1dc841a34909185b81904c5337b4b27f7a6fd60c49e?s=96&d=mm&r=g\",\"contentUrl\":\"https:\\\/\\\/secure.gravatar.com\\\/avatar\\\/fb81a55b6218459490a9c1dc841a34909185b81904c5337b4b27f7a6fd60c49e?s=96&d=mm&r=g\",\"caption\":\"Lorenzo Verduzco\"}}]}<\/script>\n<!-- \/ Yoast SEO plugin. -->","yoast_head_json":{"title":"Seminario Te\u00f3logico Adventista Interamericano inagura sus nuevas oficinas acad\u00e9micas - Iglesia Adventista del S\u00e9ptimo D\u00eda - Divisi\u00f3n Interamericana","robots":{"index":"index","follow":"follow","max-snippet":"max-snippet:-1","max-image-preview":"max-image-preview:large","max-video-preview":"max-video-preview:-1"},"canonical":"https:\/\/interamerica.org\/es\/2009\/05\/seminario-teologico-adventista-interamericano-inagura-sus-nuevas-oficinas-academicas\/","og_locale":"es_ES","og_type":"article","og_title":"Seminario Te\u00f3logico Adventista Interamericano inagura sus nuevas oficinas acad\u00e9micas - Iglesia Adventista del S\u00e9ptimo D\u00eda - Divisi\u00f3n Interamericana","og_description":"El Seminario Te\u00f3logico Adventista Interamericano (IATS) inagur\u00f3 sus nuevas oficinas acad\u00e9micas en el recinto de la Universiad Adventista Antillana en Mayaguez, Puerto Rico, durante una ceremonia especial el 5 de mayo, 2009.","og_url":"https:\/\/interamerica.org\/es\/2009\/05\/seminario-teologico-adventista-interamericano-inagura-sus-nuevas-oficinas-academicas\/","og_site_name":"Iglesia Adventista del S\u00e9ptimo D\u00eda - Divisi\u00f3n Interamericana","article_published_time":"2009-05-11T04:00:00+00:00","article_modified_time":"2017-06-02T13:05:58+00:00","author":"Lorenzo Verduzco","twitter_card":"summary_large_image","twitter_misc":{"Escrito por":"Lorenzo Verduzco","Tiempo de lectura":"2 minutos"},"schema":{"@context":"https:\/\/schema.org","@graph":[{"@type":"Article","@id":"https:\/\/interamerica.org\/es\/2009\/05\/seminario-teologico-adventista-interamericano-inagura-sus-nuevas-oficinas-academicas\/#article","isPartOf":{"@id":"https:\/\/interamerica.org\/es\/2009\/05\/seminario-teologico-adventista-interamericano-inagura-sus-nuevas-oficinas-academicas\/"},"author":{"name":"Lorenzo Verduzco","@id":"https:\/\/interamerica.org\/es\/#\/schema\/person\/68ede8bdc292885bb76c1e3810e73c39"},"headline":"Seminario Te\u00f3logico Adventista Interamericano inagura sus nuevas oficinas acad\u00e9micas","datePublished":"2009-05-11T04:00:00+00:00","dateModified":"2017-06-02T13:05:58+00:00","mainEntityOfPage":{"@id":"https:\/\/interamerica.org\/es\/2009\/05\/seminario-teologico-adventista-interamericano-inagura-sus-nuevas-oficinas-academicas\/"},"wordCount":484,"articleSection":["Archivo"],"inLanguage":"es"},{"@type":"WebPage","@id":"https:\/\/interamerica.org\/es\/2009\/05\/seminario-teologico-adventista-interamericano-inagura-sus-nuevas-oficinas-academicas\/","url":"https:\/\/interamerica.org\/es\/2009\/05\/seminario-teologico-adventista-interamericano-inagura-sus-nuevas-oficinas-academicas\/","name":"Seminario Te\u00f3logico Adventista Interamericano inagura sus nuevas oficinas acad\u00e9micas - Iglesia Adventista del S\u00e9ptimo D\u00eda - Divisi\u00f3n Interamericana","isPartOf":{"@id":"https:\/\/interamerica.org\/es\/#website"},"datePublished":"2009-05-11T04:00:00+00:00","dateModified":"2017-06-02T13:05:58+00:00","author":{"@id":"https:\/\/interamerica.org\/es\/#\/schema\/person\/68ede8bdc292885bb76c1e3810e73c39"},"breadcrumb":{"@id":"https:\/\/interamerica.org\/es\/2009\/05\/seminario-teologico-adventista-interamericano-inagura-sus-nuevas-oficinas-academicas\/#breadcrumb"},"inLanguage":"es","potentialAction":[{"@type":"ReadAction","target":["https:\/\/interamerica.org\/es\/2009\/05\/seminario-teologico-adventista-interamericano-inagura-sus-nuevas-oficinas-academicas\/"]}]},{"@type":"BreadcrumbList","@id":"https:\/\/interamerica.org\/es\/2009\/05\/seminario-teologico-adventista-interamericano-inagura-sus-nuevas-oficinas-academicas\/#breadcrumb","itemListElement":[{"@type":"ListItem","position":1,"name":"Home","item":"https:\/\/interamerica.org\/es\/"},{"@type":"ListItem","position":2,"name":"Seminario Te\u00f3logico Adventista Interamericano inagura sus nuevas oficinas acad\u00e9micas"}]},{"@type":"WebSite","@id":"https:\/\/interamerica.org\/es\/#website","url":"https:\/\/interamerica.org\/es\/","name":"Iglesia Adventista del S\u00e9ptimo D\u00eda - Divisi\u00f3n Interamericana","description":"","potentialAction":[{"@type":"SearchAction","target":{"@type":"EntryPoint","urlTemplate":"https:\/\/interamerica.org\/es\/?s={search_term_string}"},"query-input":{"@type":"PropertyValueSpecification","valueRequired":true,"valueName":"search_term_string"}}],"inLanguage":"es"},{"@type":"Person","@id":"https:\/\/interamerica.org\/es\/#\/schema\/person\/68ede8bdc292885bb76c1e3810e73c39","name":"Lorenzo Verduzco","image":{"@type":"ImageObject","inLanguage":"es","@id":"https:\/\/secure.gravatar.com\/avatar\/fb81a55b6218459490a9c1dc841a34909185b81904c5337b4b27f7a6fd60c49e?s=96&d=mm&r=g","url":"https:\/\/secure.gravatar.com\/avatar\/fb81a55b6218459490a9c1dc841a34909185b81904c5337b4b27f7a6fd60c49e?s=96&d=mm&r=g","contentUrl":"https:\/\/secure.gravatar.com\/avatar\/fb81a55b6218459490a9c1dc841a34909185b81904c5337b4b27f7a6fd60c49e?s=96&d=mm&r=g","caption":"Lorenzo Verduzco"}}]}},"_links":{"self":[{"href":"https:\/\/interamerica.org\/es\/wp-json\/wp\/v2\/posts\/11368","targetHints":{"allow":["GET"]}}],"collection":[{"href":"https:\/\/interamerica.org\/es\/wp-json\/wp\/v2\/posts"}],"about":[{"href":"https:\/\/interamerica.org\/es\/wp-json\/wp\/v2\/types\/post"}],"author":[{"embeddable":true,"href":"https:\/\/interamerica.org\/es\/wp-json\/wp\/v2\/users\/1"}],"replies":[{"embeddable":true,"href":"https:\/\/interamerica.org\/es\/wp-json\/wp\/v2\/comments?post=11368"}],"version-history":[{"count":0,"href":"https:\/\/interamerica.org\/es\/wp-json\/wp\/v2\/posts\/11368\/revisions"}],"wp:attachment":[{"href":"https:\/\/interamerica.org\/es\/wp-json\/wp\/v2\/media?parent=11368"}],"wp:term":[{"taxonomy":"category","embeddable":true,"href":"https:\/\/interamerica.org\/es\/wp-json\/wp\/v2\/categories?post=11368"},{"taxonomy":"post_tag","embeddable":true,"href":"https:\/\/interamerica.org\/es\/wp-json\/wp\/v2\/tags?post=11368"}],"curies":[{"name":"wp","href":"https:\/\/api.w.org\/{rel}","templated":true}]}}