{"id":11394,"date":"2009-07-22T00:00:00","date_gmt":"2009-07-22T04:00:00","guid":{"rendered":"http:\/\/192.81.217.108\/interamerica\/2009\/07\/honduras-las-actividades-de-la-iglesia-continuan-despues-de-la-destitucion-del-presidente\/"},"modified":"2017-06-02T09:05:43","modified_gmt":"2017-06-02T13:05:43","slug":"honduras-las-actividades-de-la-iglesia-continuan-despues-de-la-destitucion-del-presidente","status":"publish","type":"post","link":"https:\/\/interamerica.org\/es\/2009\/07\/honduras-las-actividades-de-la-iglesia-continuan-despues-de-la-destitucion-del-presidente\/","title":{"rendered":"Honduras: las actividades de la iglesia contin\u00faan despu\u00e9s de la destituci\u00f3n del presidente"},"content":{"rendered":"<p>Tegucigalpa, Honduras, 22 de Julio de 2009&#8230; [Libna Stevens\/DIA]<br  \/><\/p>\n<p>Los servicios religiosos y las actividades  de la Iglesia Adventista del S\u00e9ptimo D\u00eda han continuado sin interrupci\u00f3n luego de que un gobierno interino lleg\u00f3 al poder despu\u00e9s de la destituci\u00f3n del presidente varias semanas atr\u00e1s. El derrocamiento provoc\u00f3 demostraciones en la ciudad capital de Tegucigalpa, donde ahora hay un aumento de la presencia militar. Un toque de queda tambi\u00e9n ha entrado en efecto all\u00ed.<br  \/><\/p>\n<p>\u201cHasta ahora todas nuestras iglesias en Tegucigalpa y el resto del pa\u00eds han continuado sus servicios semanales sin ning\u00fan problema\u201d, dijo Walter Ciguenza, director de comunicaci\u00f3n para la iglesia en la sede de la Uni\u00f3n Centroamericana Central, ubicada en Honduras. \u201cHay mucha m\u00e1s tranquilidad aqu\u00ed que lo que se presenta en los medios de comunicaci\u00f3n\u201d.<br  \/><\/p>\n<p>\u201cNuestra iglesia aqu\u00ed est\u00e1 bien establecida y disfruta de una imagen\u201d, continu\u00f3 \u00e9l. \u201cContinuamos difundiendo la Palabra de Dios a trav\u00e9s de nuestros templos y nuestras estaciones de radio sin ning\u00fan inconveniente\u201d.<br  \/><\/p>\n<p>Sin embargo, los l\u00edderes de la iglesia en Honduras siguen siendo cautelosos y est\u00e1n en constante comunicaci\u00f3n con las tres oficinas regionales principales, para asegurarse de que las iglesias, escuelas e instituciones de salud est\u00e9n funcionando normalmente, dijeron los l\u00edderes.<br  \/><\/p>\n<p>Hay m\u00e1s de 200.000 adventistas del s\u00e9ptimo d\u00eda adorando en 379 iglesias en el pa\u00eds centroamericano de Honduras.<\/p>\n","protected":false},"excerpt":{"rendered":"<p>Los servicios religiosos y las actividades  de la Iglesia Adventista del S\u00e9ptimo D\u00eda han continuado sin interrupci\u00f3n luego de que un gobierno interino lleg\u00f3 al poder despu\u00e9s de la destituci\u00f3n del presidente varias<\/p>\n","protected":false},"author":1,"featured_media":0,"comment_status":"closed","ping_status":"closed","sticky":false,"template":"","format":"standard","meta":{"_acf_changed":false,"footnotes":""},"categories":[8],"tags":[],"class_list":["post-11394","post","type-post","status-publish","format-standard","hentry","category-archivo"],"acf":[],"yoast_head":"<!-- This site is optimized with the Yoast SEO plugin v27.3 - https:\/\/yoast.com\/product\/yoast-seo-wordpress\/ -->\n<title>Honduras: las actividades de la iglesia contin\u00faan despu\u00e9s de la destituci\u00f3n del presidente - Iglesia Adventista del S\u00e9ptimo D\u00eda - Divisi\u00f3n Interamericana<\/title>\n<meta name=\"robots\" content=\"index, follow, max-snippet:-1, max-image-preview:large, max-video-preview:-1\" \/>\n<link rel=\"canonical\" href=\"https:\/\/interamerica.org\/es\/2009\/07\/honduras-las-actividades-de-la-iglesia-continuan-despues-de-la-destitucion-del-presidente\/\" \/>\n<meta property=\"og:locale\" content=\"es_ES\" \/>\n<meta property=\"og:type\" content=\"article\" \/>\n<meta property=\"og:title\" content=\"Honduras: las actividades de la iglesia contin\u00faan despu\u00e9s de la destituci\u00f3n del presidente - Iglesia Adventista del S\u00e9ptimo D\u00eda - Divisi\u00f3n Interamericana\" \/>\n<meta property=\"og:description\" content=\"Los servicios religiosos y las actividades de la Iglesia Adventista del S\u00e9ptimo D\u00eda han continuado sin interrupci\u00f3n luego de que un gobierno interino lleg\u00f3 al poder despu\u00e9s de la destituci\u00f3n del presidente varias\" \/>\n<meta property=\"og:url\" content=\"https:\/\/interamerica.org\/es\/2009\/07\/honduras-las-actividades-de-la-iglesia-continuan-despues-de-la-destitucion-del-presidente\/\" \/>\n<meta property=\"og:site_name\" content=\"Iglesia Adventista del S\u00e9ptimo D\u00eda - Divisi\u00f3n Interamericana\" \/>\n<meta property=\"article:published_time\" content=\"2009-07-22T04:00:00+00:00\" \/>\n<meta property=\"article:modified_time\" content=\"2017-06-02T13:05:43+00:00\" \/>\n<meta name=\"author\" content=\"Lorenzo Verduzco\" \/>\n<meta name=\"twitter:card\" content=\"summary_large_image\" \/>\n<meta name=\"twitter:label1\" content=\"Escrito por\" \/>\n\t<meta name=\"twitter:data1\" content=\"Lorenzo Verduzco\" \/>\n\t<meta name=\"twitter:label2\" content=\"Tiempo de lectura\" \/>\n\t<meta name=\"twitter:data2\" content=\"1 minuto\" \/>\n<script type=\"application\/ld+json\" class=\"yoast-schema-graph\">{\"@context\":\"https:\\\/\\\/schema.org\",\"@graph\":[{\"@type\":\"Article\",\"@id\":\"https:\\\/\\\/interamerica.org\\\/es\\\/2009\\\/07\\\/honduras-las-actividades-de-la-iglesia-continuan-despues-de-la-destitucion-del-presidente\\\/#article\",\"isPartOf\":{\"@id\":\"https:\\\/\\\/interamerica.org\\\/es\\\/2009\\\/07\\\/honduras-las-actividades-de-la-iglesia-continuan-despues-de-la-destitucion-del-presidente\\\/\"},\"author\":{\"name\":\"Lorenzo Verduzco\",\"@id\":\"https:\\\/\\\/interamerica.org\\\/es\\\/#\\\/schema\\\/person\\\/68ede8bdc292885bb76c1e3810e73c39\"},\"headline\":\"Honduras: las actividades de la iglesia contin\u00faan despu\u00e9s de la destituci\u00f3n del presidente\",\"datePublished\":\"2009-07-22T04:00:00+00:00\",\"dateModified\":\"2017-06-02T13:05:43+00:00\",\"mainEntityOfPage\":{\"@id\":\"https:\\\/\\\/interamerica.org\\\/es\\\/2009\\\/07\\\/honduras-las-actividades-de-la-iglesia-continuan-despues-de-la-destitucion-del-presidente\\\/\"},\"wordCount\":255,\"articleSection\":[\"Archivo\"],\"inLanguage\":\"es\"},{\"@type\":\"WebPage\",\"@id\":\"https:\\\/\\\/interamerica.org\\\/es\\\/2009\\\/07\\\/honduras-las-actividades-de-la-iglesia-continuan-despues-de-la-destitucion-del-presidente\\\/\",\"url\":\"https:\\\/\\\/interamerica.org\\\/es\\\/2009\\\/07\\\/honduras-las-actividades-de-la-iglesia-continuan-despues-de-la-destitucion-del-presidente\\\/\",\"name\":\"Honduras: las actividades de la iglesia contin\u00faan despu\u00e9s de la destituci\u00f3n del presidente - Iglesia Adventista del S\u00e9ptimo D\u00eda - Divisi\u00f3n Interamericana\",\"isPartOf\":{\"@id\":\"https:\\\/\\\/interamerica.org\\\/es\\\/#website\"},\"datePublished\":\"2009-07-22T04:00:00+00:00\",\"dateModified\":\"2017-06-02T13:05:43+00:00\",\"author\":{\"@id\":\"https:\\\/\\\/interamerica.org\\\/es\\\/#\\\/schema\\\/person\\\/68ede8bdc292885bb76c1e3810e73c39\"},\"breadcrumb\":{\"@id\":\"https:\\\/\\\/interamerica.org\\\/es\\\/2009\\\/07\\\/honduras-las-actividades-de-la-iglesia-continuan-despues-de-la-destitucion-del-presidente\\\/#breadcrumb\"},\"inLanguage\":\"es\",\"potentialAction\":[{\"@type\":\"ReadAction\",\"target\":[\"https:\\\/\\\/interamerica.org\\\/es\\\/2009\\\/07\\\/honduras-las-actividades-de-la-iglesia-continuan-despues-de-la-destitucion-del-presidente\\\/\"]}]},{\"@type\":\"BreadcrumbList\",\"@id\":\"https:\\\/\\\/interamerica.org\\\/es\\\/2009\\\/07\\\/honduras-las-actividades-de-la-iglesia-continuan-despues-de-la-destitucion-del-presidente\\\/#breadcrumb\",\"itemListElement\":[{\"@type\":\"ListItem\",\"position\":1,\"name\":\"Home\",\"item\":\"https:\\\/\\\/interamerica.org\\\/es\\\/\"},{\"@type\":\"ListItem\",\"position\":2,\"name\":\"Honduras: las actividades de la iglesia contin\u00faan despu\u00e9s de la destituci\u00f3n del presidente\"}]},{\"@type\":\"WebSite\",\"@id\":\"https:\\\/\\\/interamerica.org\\\/es\\\/#website\",\"url\":\"https:\\\/\\\/interamerica.org\\\/es\\\/\",\"name\":\"Iglesia Adventista del S\u00e9ptimo D\u00eda - Divisi\u00f3n Interamericana\",\"description\":\"\",\"potentialAction\":[{\"@type\":\"SearchAction\",\"target\":{\"@type\":\"EntryPoint\",\"urlTemplate\":\"https:\\\/\\\/interamerica.org\\\/es\\\/?s={search_term_string}\"},\"query-input\":{\"@type\":\"PropertyValueSpecification\",\"valueRequired\":true,\"valueName\":\"search_term_string\"}}],\"inLanguage\":\"es\"},{\"@type\":\"Person\",\"@id\":\"https:\\\/\\\/interamerica.org\\\/es\\\/#\\\/schema\\\/person\\\/68ede8bdc292885bb76c1e3810e73c39\",\"name\":\"Lorenzo Verduzco\",\"image\":{\"@type\":\"ImageObject\",\"inLanguage\":\"es\",\"@id\":\"https:\\\/\\\/secure.gravatar.com\\\/avatar\\\/fb81a55b6218459490a9c1dc841a34909185b81904c5337b4b27f7a6fd60c49e?s=96&d=mm&r=g\",\"url\":\"https:\\\/\\\/secure.gravatar.com\\\/avatar\\\/fb81a55b6218459490a9c1dc841a34909185b81904c5337b4b27f7a6fd60c49e?s=96&d=mm&r=g\",\"contentUrl\":\"https:\\\/\\\/secure.gravatar.com\\\/avatar\\\/fb81a55b6218459490a9c1dc841a34909185b81904c5337b4b27f7a6fd60c49e?s=96&d=mm&r=g\",\"caption\":\"Lorenzo Verduzco\"}}]}<\/script>\n<!-- \/ Yoast SEO plugin. -->","yoast_head_json":{"title":"Honduras: las actividades de la iglesia contin\u00faan despu\u00e9s de la destituci\u00f3n del presidente - Iglesia Adventista del S\u00e9ptimo D\u00eda - Divisi\u00f3n Interamericana","robots":{"index":"index","follow":"follow","max-snippet":"max-snippet:-1","max-image-preview":"max-image-preview:large","max-video-preview":"max-video-preview:-1"},"canonical":"https:\/\/interamerica.org\/es\/2009\/07\/honduras-las-actividades-de-la-iglesia-continuan-despues-de-la-destitucion-del-presidente\/","og_locale":"es_ES","og_type":"article","og_title":"Honduras: las actividades de la iglesia contin\u00faan despu\u00e9s de la destituci\u00f3n del presidente - Iglesia Adventista del S\u00e9ptimo D\u00eda - Divisi\u00f3n Interamericana","og_description":"Los servicios religiosos y las actividades de la Iglesia Adventista del S\u00e9ptimo D\u00eda han continuado sin interrupci\u00f3n luego de que un gobierno interino lleg\u00f3 al poder despu\u00e9s de la destituci\u00f3n del presidente varias","og_url":"https:\/\/interamerica.org\/es\/2009\/07\/honduras-las-actividades-de-la-iglesia-continuan-despues-de-la-destitucion-del-presidente\/","og_site_name":"Iglesia Adventista del S\u00e9ptimo D\u00eda - Divisi\u00f3n Interamericana","article_published_time":"2009-07-22T04:00:00+00:00","article_modified_time":"2017-06-02T13:05:43+00:00","author":"Lorenzo Verduzco","twitter_card":"summary_large_image","twitter_misc":{"Escrito por":"Lorenzo Verduzco","Tiempo de lectura":"1 minuto"},"schema":{"@context":"https:\/\/schema.org","@graph":[{"@type":"Article","@id":"https:\/\/interamerica.org\/es\/2009\/07\/honduras-las-actividades-de-la-iglesia-continuan-despues-de-la-destitucion-del-presidente\/#article","isPartOf":{"@id":"https:\/\/interamerica.org\/es\/2009\/07\/honduras-las-actividades-de-la-iglesia-continuan-despues-de-la-destitucion-del-presidente\/"},"author":{"name":"Lorenzo Verduzco","@id":"https:\/\/interamerica.org\/es\/#\/schema\/person\/68ede8bdc292885bb76c1e3810e73c39"},"headline":"Honduras: las actividades de la iglesia contin\u00faan despu\u00e9s de la destituci\u00f3n del presidente","datePublished":"2009-07-22T04:00:00+00:00","dateModified":"2017-06-02T13:05:43+00:00","mainEntityOfPage":{"@id":"https:\/\/interamerica.org\/es\/2009\/07\/honduras-las-actividades-de-la-iglesia-continuan-despues-de-la-destitucion-del-presidente\/"},"wordCount":255,"articleSection":["Archivo"],"inLanguage":"es"},{"@type":"WebPage","@id":"https:\/\/interamerica.org\/es\/2009\/07\/honduras-las-actividades-de-la-iglesia-continuan-despues-de-la-destitucion-del-presidente\/","url":"https:\/\/interamerica.org\/es\/2009\/07\/honduras-las-actividades-de-la-iglesia-continuan-despues-de-la-destitucion-del-presidente\/","name":"Honduras: las actividades de la iglesia contin\u00faan despu\u00e9s de la destituci\u00f3n del presidente - Iglesia Adventista del S\u00e9ptimo D\u00eda - Divisi\u00f3n Interamericana","isPartOf":{"@id":"https:\/\/interamerica.org\/es\/#website"},"datePublished":"2009-07-22T04:00:00+00:00","dateModified":"2017-06-02T13:05:43+00:00","author":{"@id":"https:\/\/interamerica.org\/es\/#\/schema\/person\/68ede8bdc292885bb76c1e3810e73c39"},"breadcrumb":{"@id":"https:\/\/interamerica.org\/es\/2009\/07\/honduras-las-actividades-de-la-iglesia-continuan-despues-de-la-destitucion-del-presidente\/#breadcrumb"},"inLanguage":"es","potentialAction":[{"@type":"ReadAction","target":["https:\/\/interamerica.org\/es\/2009\/07\/honduras-las-actividades-de-la-iglesia-continuan-despues-de-la-destitucion-del-presidente\/"]}]},{"@type":"BreadcrumbList","@id":"https:\/\/interamerica.org\/es\/2009\/07\/honduras-las-actividades-de-la-iglesia-continuan-despues-de-la-destitucion-del-presidente\/#breadcrumb","itemListElement":[{"@type":"ListItem","position":1,"name":"Home","item":"https:\/\/interamerica.org\/es\/"},{"@type":"ListItem","position":2,"name":"Honduras: las actividades de la iglesia contin\u00faan despu\u00e9s de la destituci\u00f3n del presidente"}]},{"@type":"WebSite","@id":"https:\/\/interamerica.org\/es\/#website","url":"https:\/\/interamerica.org\/es\/","name":"Iglesia Adventista del S\u00e9ptimo D\u00eda - Divisi\u00f3n Interamericana","description":"","potentialAction":[{"@type":"SearchAction","target":{"@type":"EntryPoint","urlTemplate":"https:\/\/interamerica.org\/es\/?s={search_term_string}"},"query-input":{"@type":"PropertyValueSpecification","valueRequired":true,"valueName":"search_term_string"}}],"inLanguage":"es"},{"@type":"Person","@id":"https:\/\/interamerica.org\/es\/#\/schema\/person\/68ede8bdc292885bb76c1e3810e73c39","name":"Lorenzo Verduzco","image":{"@type":"ImageObject","inLanguage":"es","@id":"https:\/\/secure.gravatar.com\/avatar\/fb81a55b6218459490a9c1dc841a34909185b81904c5337b4b27f7a6fd60c49e?s=96&d=mm&r=g","url":"https:\/\/secure.gravatar.com\/avatar\/fb81a55b6218459490a9c1dc841a34909185b81904c5337b4b27f7a6fd60c49e?s=96&d=mm&r=g","contentUrl":"https:\/\/secure.gravatar.com\/avatar\/fb81a55b6218459490a9c1dc841a34909185b81904c5337b4b27f7a6fd60c49e?s=96&d=mm&r=g","caption":"Lorenzo Verduzco"}}]}},"_links":{"self":[{"href":"https:\/\/interamerica.org\/es\/wp-json\/wp\/v2\/posts\/11394","targetHints":{"allow":["GET"]}}],"collection":[{"href":"https:\/\/interamerica.org\/es\/wp-json\/wp\/v2\/posts"}],"about":[{"href":"https:\/\/interamerica.org\/es\/wp-json\/wp\/v2\/types\/post"}],"author":[{"embeddable":true,"href":"https:\/\/interamerica.org\/es\/wp-json\/wp\/v2\/users\/1"}],"replies":[{"embeddable":true,"href":"https:\/\/interamerica.org\/es\/wp-json\/wp\/v2\/comments?post=11394"}],"version-history":[{"count":0,"href":"https:\/\/interamerica.org\/es\/wp-json\/wp\/v2\/posts\/11394\/revisions"}],"wp:attachment":[{"href":"https:\/\/interamerica.org\/es\/wp-json\/wp\/v2\/media?parent=11394"}],"wp:term":[{"taxonomy":"category","embeddable":true,"href":"https:\/\/interamerica.org\/es\/wp-json\/wp\/v2\/categories?post=11394"},{"taxonomy":"post_tag","embeddable":true,"href":"https:\/\/interamerica.org\/es\/wp-json\/wp\/v2\/tags?post=11394"}],"curies":[{"name":"wp","href":"https:\/\/api.w.org\/{rel}","templated":true}]}}