{"id":11477,"date":"2009-12-23T00:00:00","date_gmt":"2009-12-23T04:00:00","guid":{"rendered":"http:\/\/192.81.217.108\/interamerica\/2009\/12\/jamaica-presidente-de-asociacion-herido-en-accidente-aereo-de-american-airlines\/"},"modified":"2017-06-02T09:04:53","modified_gmt":"2017-06-02T13:04:53","slug":"jamaica-presidente-de-asociacion-herido-en-accidente-aereo-de-american-airlines","status":"publish","type":"post","link":"https:\/\/interamerica.org\/es\/2009\/12\/jamaica-presidente-de-asociacion-herido-en-accidente-aereo-de-american-airlines\/","title":{"rendered":"Jamaica:  Presidente de Asociaci\u00f3n herido en accidente a\u00e9reo de American Airlines"},"content":{"rendered":"<p>23 de diciembre, 2009 &#8211; Kingston, Jamaica&#8230;[Nigel Coke\/DIA] <\/p>\n<p>El pastor Adrian Cotterell, presidente de la Asociaci\u00f3n Adventista del Este de Jamaica est\u00e1 entre las m\u00e1s de 40 personas que fueron reportadas heridas cuando el vuelo 331 de American Airline se accident\u00f3 al atterrizar en el Aeropuerto Internacional Noman Manley en Kingsto, Jamaica, cerca de las 10:25 p.m. anoche. A borda iban 148 pasajeros y personal de vuelo. El pastor Cotterell sufri\u00f3 heridas en su boca y en su frente. Fue tratado en un hospital y se encuentra restableci\u00e9ndose en su hogar. <\/p>\n<p>\u00abA pesar de todo, debo darle gracias a Dios\u00bb, dijo el pastor Cotterell. \u00abNo tengo nada que hab\u00eda tra\u00eddo en el vuelo, pero tengo vida. Fue un vuelo dif\u00edcil desde Miami, con turbulencia durante la mayor parte del tiempo. Es un milagro de Dios de que todos los pasajeros en el vuelo estemos vivos\u00bb. <\/p>\n<p>\u00abEsta ma\u00f1ana le damos gracias a Dios por que fuimos librados y no hubo p\u00e9rdidas de vidas\u00bb, dijo el pastor Derek Bignall, presidente de la iglesia en las Indias Occidentales. Nuestras oraciones van para aquellos que fueron malamente heridos y se encuentran a\u00fan adoloridos y sin poderse mover durante las festividades de estos d\u00edas\u00bb. <\/p>\n<p>Se reportaron fuertes lluvias durante el tiempo del incidente. Sin embargo, los investigadores a\u00fan estudian la causa del accidente.   <\/p><\/p>\n","protected":false},"excerpt":{"rendered":"<p>El pastor Adrian Cotterell, presidente de la Asociaci\u00f3n Adventista del Este de Jamaica est\u00e1 entre las m\u00e1s de 40 personas que fueron reportadas heridas cuando el vuelo 331 de American Airline se accident\u00f3 al atterrizar.<\/p>\n","protected":false},"author":1,"featured_media":0,"comment_status":"closed","ping_status":"closed","sticky":false,"template":"","format":"standard","meta":{"_acf_changed":false,"footnotes":""},"categories":[8],"tags":[],"class_list":["post-11477","post","type-post","status-publish","format-standard","hentry","category-archivo"],"acf":[],"yoast_head":"<!-- This site is optimized with the Yoast SEO plugin v27.3 - https:\/\/yoast.com\/product\/yoast-seo-wordpress\/ -->\n<title>Jamaica: Presidente de Asociaci\u00f3n herido en accidente a\u00e9reo de American Airlines - Iglesia Adventista del S\u00e9ptimo D\u00eda - Divisi\u00f3n Interamericana<\/title>\n<meta name=\"robots\" content=\"index, follow, max-snippet:-1, max-image-preview:large, max-video-preview:-1\" \/>\n<link rel=\"canonical\" href=\"https:\/\/interamerica.org\/es\/2009\/12\/jamaica-presidente-de-asociacion-herido-en-accidente-aereo-de-american-airlines\/\" \/>\n<meta property=\"og:locale\" content=\"es_ES\" \/>\n<meta property=\"og:type\" content=\"article\" \/>\n<meta property=\"og:title\" content=\"Jamaica: Presidente de Asociaci\u00f3n herido en accidente a\u00e9reo de American Airlines - Iglesia Adventista del S\u00e9ptimo D\u00eda - Divisi\u00f3n Interamericana\" \/>\n<meta property=\"og:description\" content=\"El pastor Adrian Cotterell, presidente de la Asociaci\u00f3n Adventista del Este de Jamaica est\u00e1 entre las m\u00e1s de 40 personas que fueron reportadas heridas cuando el vuelo 331 de American Airline se accident\u00f3 al atterrizar.\" \/>\n<meta property=\"og:url\" content=\"https:\/\/interamerica.org\/es\/2009\/12\/jamaica-presidente-de-asociacion-herido-en-accidente-aereo-de-american-airlines\/\" \/>\n<meta property=\"og:site_name\" content=\"Iglesia Adventista del S\u00e9ptimo D\u00eda - Divisi\u00f3n Interamericana\" \/>\n<meta property=\"article:published_time\" content=\"2009-12-23T04:00:00+00:00\" \/>\n<meta property=\"article:modified_time\" content=\"2017-06-02T13:04:53+00:00\" \/>\n<meta name=\"author\" content=\"Lorenzo Verduzco\" \/>\n<meta name=\"twitter:card\" content=\"summary_large_image\" \/>\n<meta name=\"twitter:label1\" content=\"Escrito por\" \/>\n\t<meta name=\"twitter:data1\" content=\"Lorenzo Verduzco\" \/>\n\t<meta name=\"twitter:label2\" content=\"Tiempo de lectura\" \/>\n\t<meta name=\"twitter:data2\" content=\"1 minuto\" \/>\n<script type=\"application\/ld+json\" class=\"yoast-schema-graph\">{\"@context\":\"https:\\\/\\\/schema.org\",\"@graph\":[{\"@type\":\"Article\",\"@id\":\"https:\\\/\\\/interamerica.org\\\/es\\\/2009\\\/12\\\/jamaica-presidente-de-asociacion-herido-en-accidente-aereo-de-american-airlines\\\/#article\",\"isPartOf\":{\"@id\":\"https:\\\/\\\/interamerica.org\\\/es\\\/2009\\\/12\\\/jamaica-presidente-de-asociacion-herido-en-accidente-aereo-de-american-airlines\\\/\"},\"author\":{\"name\":\"Lorenzo Verduzco\",\"@id\":\"https:\\\/\\\/interamerica.org\\\/es\\\/#\\\/schema\\\/person\\\/68ede8bdc292885bb76c1e3810e73c39\"},\"headline\":\"Jamaica: Presidente de Asociaci\u00f3n herido en accidente a\u00e9reo de American Airlines\",\"datePublished\":\"2009-12-23T04:00:00+00:00\",\"dateModified\":\"2017-06-02T13:04:53+00:00\",\"mainEntityOfPage\":{\"@id\":\"https:\\\/\\\/interamerica.org\\\/es\\\/2009\\\/12\\\/jamaica-presidente-de-asociacion-herido-en-accidente-aereo-de-american-airlines\\\/\"},\"wordCount\":239,\"articleSection\":[\"Archivo\"],\"inLanguage\":\"es\"},{\"@type\":\"WebPage\",\"@id\":\"https:\\\/\\\/interamerica.org\\\/es\\\/2009\\\/12\\\/jamaica-presidente-de-asociacion-herido-en-accidente-aereo-de-american-airlines\\\/\",\"url\":\"https:\\\/\\\/interamerica.org\\\/es\\\/2009\\\/12\\\/jamaica-presidente-de-asociacion-herido-en-accidente-aereo-de-american-airlines\\\/\",\"name\":\"Jamaica: Presidente de Asociaci\u00f3n herido en accidente a\u00e9reo de American Airlines - Iglesia Adventista del S\u00e9ptimo D\u00eda - Divisi\u00f3n Interamericana\",\"isPartOf\":{\"@id\":\"https:\\\/\\\/interamerica.org\\\/es\\\/#website\"},\"datePublished\":\"2009-12-23T04:00:00+00:00\",\"dateModified\":\"2017-06-02T13:04:53+00:00\",\"author\":{\"@id\":\"https:\\\/\\\/interamerica.org\\\/es\\\/#\\\/schema\\\/person\\\/68ede8bdc292885bb76c1e3810e73c39\"},\"breadcrumb\":{\"@id\":\"https:\\\/\\\/interamerica.org\\\/es\\\/2009\\\/12\\\/jamaica-presidente-de-asociacion-herido-en-accidente-aereo-de-american-airlines\\\/#breadcrumb\"},\"inLanguage\":\"es\",\"potentialAction\":[{\"@type\":\"ReadAction\",\"target\":[\"https:\\\/\\\/interamerica.org\\\/es\\\/2009\\\/12\\\/jamaica-presidente-de-asociacion-herido-en-accidente-aereo-de-american-airlines\\\/\"]}]},{\"@type\":\"BreadcrumbList\",\"@id\":\"https:\\\/\\\/interamerica.org\\\/es\\\/2009\\\/12\\\/jamaica-presidente-de-asociacion-herido-en-accidente-aereo-de-american-airlines\\\/#breadcrumb\",\"itemListElement\":[{\"@type\":\"ListItem\",\"position\":1,\"name\":\"Home\",\"item\":\"https:\\\/\\\/interamerica.org\\\/es\\\/\"},{\"@type\":\"ListItem\",\"position\":2,\"name\":\"Jamaica: Presidente de Asociaci\u00f3n herido en accidente a\u00e9reo de American Airlines\"}]},{\"@type\":\"WebSite\",\"@id\":\"https:\\\/\\\/interamerica.org\\\/es\\\/#website\",\"url\":\"https:\\\/\\\/interamerica.org\\\/es\\\/\",\"name\":\"Iglesia Adventista del S\u00e9ptimo D\u00eda - Divisi\u00f3n Interamericana\",\"description\":\"\",\"potentialAction\":[{\"@type\":\"SearchAction\",\"target\":{\"@type\":\"EntryPoint\",\"urlTemplate\":\"https:\\\/\\\/interamerica.org\\\/es\\\/?s={search_term_string}\"},\"query-input\":{\"@type\":\"PropertyValueSpecification\",\"valueRequired\":true,\"valueName\":\"search_term_string\"}}],\"inLanguage\":\"es\"},{\"@type\":\"Person\",\"@id\":\"https:\\\/\\\/interamerica.org\\\/es\\\/#\\\/schema\\\/person\\\/68ede8bdc292885bb76c1e3810e73c39\",\"name\":\"Lorenzo Verduzco\",\"image\":{\"@type\":\"ImageObject\",\"inLanguage\":\"es\",\"@id\":\"https:\\\/\\\/secure.gravatar.com\\\/avatar\\\/fb81a55b6218459490a9c1dc841a34909185b81904c5337b4b27f7a6fd60c49e?s=96&d=mm&r=g\",\"url\":\"https:\\\/\\\/secure.gravatar.com\\\/avatar\\\/fb81a55b6218459490a9c1dc841a34909185b81904c5337b4b27f7a6fd60c49e?s=96&d=mm&r=g\",\"contentUrl\":\"https:\\\/\\\/secure.gravatar.com\\\/avatar\\\/fb81a55b6218459490a9c1dc841a34909185b81904c5337b4b27f7a6fd60c49e?s=96&d=mm&r=g\",\"caption\":\"Lorenzo Verduzco\"}}]}<\/script>\n<!-- \/ Yoast SEO plugin. -->","yoast_head_json":{"title":"Jamaica: Presidente de Asociaci\u00f3n herido en accidente a\u00e9reo de American Airlines - Iglesia Adventista del S\u00e9ptimo D\u00eda - Divisi\u00f3n Interamericana","robots":{"index":"index","follow":"follow","max-snippet":"max-snippet:-1","max-image-preview":"max-image-preview:large","max-video-preview":"max-video-preview:-1"},"canonical":"https:\/\/interamerica.org\/es\/2009\/12\/jamaica-presidente-de-asociacion-herido-en-accidente-aereo-de-american-airlines\/","og_locale":"es_ES","og_type":"article","og_title":"Jamaica: Presidente de Asociaci\u00f3n herido en accidente a\u00e9reo de American Airlines - Iglesia Adventista del S\u00e9ptimo D\u00eda - Divisi\u00f3n Interamericana","og_description":"El pastor Adrian Cotterell, presidente de la Asociaci\u00f3n Adventista del Este de Jamaica est\u00e1 entre las m\u00e1s de 40 personas que fueron reportadas heridas cuando el vuelo 331 de American Airline se accident\u00f3 al atterrizar.","og_url":"https:\/\/interamerica.org\/es\/2009\/12\/jamaica-presidente-de-asociacion-herido-en-accidente-aereo-de-american-airlines\/","og_site_name":"Iglesia Adventista del S\u00e9ptimo D\u00eda - Divisi\u00f3n Interamericana","article_published_time":"2009-12-23T04:00:00+00:00","article_modified_time":"2017-06-02T13:04:53+00:00","author":"Lorenzo Verduzco","twitter_card":"summary_large_image","twitter_misc":{"Escrito por":"Lorenzo Verduzco","Tiempo de lectura":"1 minuto"},"schema":{"@context":"https:\/\/schema.org","@graph":[{"@type":"Article","@id":"https:\/\/interamerica.org\/es\/2009\/12\/jamaica-presidente-de-asociacion-herido-en-accidente-aereo-de-american-airlines\/#article","isPartOf":{"@id":"https:\/\/interamerica.org\/es\/2009\/12\/jamaica-presidente-de-asociacion-herido-en-accidente-aereo-de-american-airlines\/"},"author":{"name":"Lorenzo Verduzco","@id":"https:\/\/interamerica.org\/es\/#\/schema\/person\/68ede8bdc292885bb76c1e3810e73c39"},"headline":"Jamaica: Presidente de Asociaci\u00f3n herido en accidente a\u00e9reo de American Airlines","datePublished":"2009-12-23T04:00:00+00:00","dateModified":"2017-06-02T13:04:53+00:00","mainEntityOfPage":{"@id":"https:\/\/interamerica.org\/es\/2009\/12\/jamaica-presidente-de-asociacion-herido-en-accidente-aereo-de-american-airlines\/"},"wordCount":239,"articleSection":["Archivo"],"inLanguage":"es"},{"@type":"WebPage","@id":"https:\/\/interamerica.org\/es\/2009\/12\/jamaica-presidente-de-asociacion-herido-en-accidente-aereo-de-american-airlines\/","url":"https:\/\/interamerica.org\/es\/2009\/12\/jamaica-presidente-de-asociacion-herido-en-accidente-aereo-de-american-airlines\/","name":"Jamaica: Presidente de Asociaci\u00f3n herido en accidente a\u00e9reo de American Airlines - Iglesia Adventista del S\u00e9ptimo D\u00eda - Divisi\u00f3n Interamericana","isPartOf":{"@id":"https:\/\/interamerica.org\/es\/#website"},"datePublished":"2009-12-23T04:00:00+00:00","dateModified":"2017-06-02T13:04:53+00:00","author":{"@id":"https:\/\/interamerica.org\/es\/#\/schema\/person\/68ede8bdc292885bb76c1e3810e73c39"},"breadcrumb":{"@id":"https:\/\/interamerica.org\/es\/2009\/12\/jamaica-presidente-de-asociacion-herido-en-accidente-aereo-de-american-airlines\/#breadcrumb"},"inLanguage":"es","potentialAction":[{"@type":"ReadAction","target":["https:\/\/interamerica.org\/es\/2009\/12\/jamaica-presidente-de-asociacion-herido-en-accidente-aereo-de-american-airlines\/"]}]},{"@type":"BreadcrumbList","@id":"https:\/\/interamerica.org\/es\/2009\/12\/jamaica-presidente-de-asociacion-herido-en-accidente-aereo-de-american-airlines\/#breadcrumb","itemListElement":[{"@type":"ListItem","position":1,"name":"Home","item":"https:\/\/interamerica.org\/es\/"},{"@type":"ListItem","position":2,"name":"Jamaica: Presidente de Asociaci\u00f3n herido en accidente a\u00e9reo de American Airlines"}]},{"@type":"WebSite","@id":"https:\/\/interamerica.org\/es\/#website","url":"https:\/\/interamerica.org\/es\/","name":"Iglesia Adventista del S\u00e9ptimo D\u00eda - Divisi\u00f3n Interamericana","description":"","potentialAction":[{"@type":"SearchAction","target":{"@type":"EntryPoint","urlTemplate":"https:\/\/interamerica.org\/es\/?s={search_term_string}"},"query-input":{"@type":"PropertyValueSpecification","valueRequired":true,"valueName":"search_term_string"}}],"inLanguage":"es"},{"@type":"Person","@id":"https:\/\/interamerica.org\/es\/#\/schema\/person\/68ede8bdc292885bb76c1e3810e73c39","name":"Lorenzo Verduzco","image":{"@type":"ImageObject","inLanguage":"es","@id":"https:\/\/secure.gravatar.com\/avatar\/fb81a55b6218459490a9c1dc841a34909185b81904c5337b4b27f7a6fd60c49e?s=96&d=mm&r=g","url":"https:\/\/secure.gravatar.com\/avatar\/fb81a55b6218459490a9c1dc841a34909185b81904c5337b4b27f7a6fd60c49e?s=96&d=mm&r=g","contentUrl":"https:\/\/secure.gravatar.com\/avatar\/fb81a55b6218459490a9c1dc841a34909185b81904c5337b4b27f7a6fd60c49e?s=96&d=mm&r=g","caption":"Lorenzo Verduzco"}}]}},"_links":{"self":[{"href":"https:\/\/interamerica.org\/es\/wp-json\/wp\/v2\/posts\/11477","targetHints":{"allow":["GET"]}}],"collection":[{"href":"https:\/\/interamerica.org\/es\/wp-json\/wp\/v2\/posts"}],"about":[{"href":"https:\/\/interamerica.org\/es\/wp-json\/wp\/v2\/types\/post"}],"author":[{"embeddable":true,"href":"https:\/\/interamerica.org\/es\/wp-json\/wp\/v2\/users\/1"}],"replies":[{"embeddable":true,"href":"https:\/\/interamerica.org\/es\/wp-json\/wp\/v2\/comments?post=11477"}],"version-history":[{"count":0,"href":"https:\/\/interamerica.org\/es\/wp-json\/wp\/v2\/posts\/11477\/revisions"}],"wp:attachment":[{"href":"https:\/\/interamerica.org\/es\/wp-json\/wp\/v2\/media?parent=11477"}],"wp:term":[{"taxonomy":"category","embeddable":true,"href":"https:\/\/interamerica.org\/es\/wp-json\/wp\/v2\/categories?post=11477"},{"taxonomy":"post_tag","embeddable":true,"href":"https:\/\/interamerica.org\/es\/wp-json\/wp\/v2\/tags?post=11477"}],"curies":[{"name":"wp","href":"https:\/\/api.w.org\/{rel}","templated":true}]}}