{"id":11537,"date":"2010-04-07T00:00:00","date_gmt":"2010-04-07T04:00:00","guid":{"rendered":"http:\/\/192.81.217.108\/interamerica\/2010\/04\/griggs-international-sera-dividida-ubicacion-propuesta-propone-cambios\/"},"modified":"2017-06-02T09:00:24","modified_gmt":"2017-06-02T13:00:24","slug":"griggs-international-sera-dividida-ubicacion-propuesta-propone-cambios","status":"publish","type":"post","link":"https:\/\/interamerica.org\/es\/2010\/04\/griggs-international-sera-dividida-ubicacion-propuesta-propone-cambios\/","title":{"rendered":"Griggs International ser\u00e1 dividida, ubicaci\u00f3n propuesta propone cambios"},"content":{"rendered":"<p>7 de abril 2010, Silver Spring, Maryland, Estados Unidos&#8230; Mark A Kellner, <em >Adventist Review\/ANN<\/em ><em > <\/em ><\/p>\n<p>Un plan dram\u00e1tico para reconstruir <em >Griggs University<\/em > y la Academia Griggs Internacional, las ramas de la educaci\u00f3n a distancia (en l\u00ednea) de la Iglesia Adventista del S\u00e9ptimo D\u00eda, dio sus primeros pasos el 6 de abril cuando delegados a la Reuni\u00f3n de Primavera del Comit\u00e9 Ejecutivo de la iglesia a nivel mundial acept\u00f3 un informe que apela por una nueva estructuraci\u00f3n. <\/p>\n<p>Entre las siete principales recomendaciones hechas por una comisi\u00f3n de estudio nombrada en ocasi\u00f3n del Concilio Anual 2009, est\u00e1n los planes para mudar Griggs y sus programas de pregrado y graduados de colegio a otro lugar; lo m\u00e1s probable, al campus de <em >Andrews University<\/em > en Berrien Springs, Michigan. All\u00e1, Griggs funcionar\u00eda como una escuela bajo la administraci\u00f3n de <em >Andrews University<\/em >, con su propio decano. Ya no tendr\u00eda un presidente ni un consejo directivo, aunque un consejo de asesores podr\u00eda ser nombrada.  <\/p>\n<p>Los programas de Kindergarten a escuela superior por correspondencia de Griggs, cuyos or\u00edgenes datan de 1909  como <em >Home Study International<\/em > ser\u00edan subordinados a la unidad educacional de la Divisi\u00f3n Norteamericana. <\/p>\n<p>No se hizo ninguna decisi\u00f3n sobre implementar tal sugerencia, la cual requerir\u00e1 m\u00e1s estudio por el liderazgo de la iglesia a nivel mundial, as\u00ed como de dirigentes en <em >Andrews University<\/em >, cuyo presidente, Niels-Erik Andreasen no fue miembro del panel de estudio. Lo m\u00e1s temprano que otra propuesta ser\u00eda oficialmente contemplada ser\u00eda en el Concilio Oto\u00f1al 2010, dijeron ejecutivos de la iglesia. <\/p>\n<p>\u00abLa decisi\u00f3n que estamos tomando es de gran embergadura\u00bb, expres\u00f3 el pastor Jan Paulsen, presidente de la iglesia a nivel mundial, y personalmente, un veterano educador adventista. \u00abSi se establece la direcci\u00f3n&#8230;, Griggs, como la conocemos en la actualidad, no ser\u00e1 m\u00e1s\u00bb. <\/p>\n<p>La actual configuraci\u00f3n de Griggs, anot\u00f3 Paulsen, \u00abno es un buen modelo para el futuro\u00bb. <\/p>\n<p>Junto con estos cambios a la orientaci\u00f3n de Griggs, el comit\u00e9 hizo otras tres recomendaciones: <\/p>\n<p>&#8211; La nueva entidad de la educaci\u00f3n a distancia (en l\u00ednea) \u00abretendr\u00eda la modalidad de los programas actuales a distancia de Griggs y Andrews; crear nuevas opciones acad\u00e9micas y programas informales en respuesta a las necesidades de la iglesia a nivel mundial y recursos disponibles; e involucrar a nuevos socios por medio de acuerdos concertados.  <\/p>\n<p>&#8211; El reporte apela a la administraci\u00f3n para \u00abcrear una cuerpo de profesores (o facultad) central y personal; y proveer y requerir para \u00e9stos capacitaci\u00f3n espec\u00edfica, inclu\u00edda la integraci\u00f3n de la fe y el aprendizaje para las diversas modalidades de entrega a distancia; [y] compartir maestros con las instituciones adventistas del s\u00e9ptimo d\u00eda a trav\u00e9s de todos los campos a nivel mundial seg\u00fan sea posible\u00bb. <\/p>\n<p>-Y, \u00abestablecer un sistema para  la revisi\u00f3n continua y la t\u00e9cnica de evaluaci\u00f3n en la acreditaci\u00f3n regional de [<em >Andrews University<\/em >] (y socios), el [Consejo de Educaci\u00f3n y Formaci\u00f3n a Distancia, una organizaci\u00f3n privada] para utilizar con el servicio no tradicional y la afiliaci\u00f3n de emergencia, [y la Asociaci\u00f3n de Acreditaci\u00f3n Adventista] para la confirmaci\u00f3n de las creencias adventistas y filosof\u00edas, el cien por ciento de las cuales requieren revisi\u00f3n de car\u00e1cter interno como parte de las operaciones regulares\u00bb. <\/p>\n<p>\u00abTenemos profesorado experto en cada disciplina, pero est\u00e1n exparcidos alrededor del mundo\u00bb, dijo a los delegados la doctora Ella Smith Simmons, una vicepresidenta de la iglesia a nivel mundial y que preside la comisi\u00f3n de estudio. \u00abA trav\u00e9s de modalidades de aprendizaje a distancia podemos tener acceso a estos profesores donde quiera est\u00e9n y tenerles disponibles para los programas donde exista la necesidad\u00bb. <\/p>\n<p>El doctor Donald R. Sahly, presidente de Griggs y veterano administrador educacional adventista, dijo que el reporte \u00abrespalda la necesidad de la educaci\u00f3n a distancia\u00bb en la iglesia adventista del s\u00e9ptimo d\u00eda, as\u00ed como la misi\u00f3n de Griggs para la iglesia a nivel mundial\u00bb. <\/p>\n<p>El objetivo de los cambios -cualesquiera sean &#8211; dijo \u00e9l, ser\u00eda fortalecer la posici\u00f3n de Griggs para servirle a estudientes tanto dentro como fuera de la iglesia, en una base nacional e internacional\u00bb. <\/p>\n<p>En la discusi\u00f3n, los delagados a la Reuni\u00f3n de Primavera concordaron en que hab\u00eda una necesidad de hacer algo para fortalecer la educaci\u00f3n adventista a distancia. El doctor Richard Hart, presidente de <em >Loma Linda University<\/em >, dijo que los mismos factores que perturban a Griggs, \u00abimpactan a otras instituciones\u00bb en Norteam\u00e9rica, y urgi\u00f3 al grupo que estudia el caso Griggs a trabajar con el Consorcio de Educaci\u00f3n Digital Adventista de la divisi\u00f3n base, sugerencia con la cual estuvo de acuerdo Simmons. <\/p>\n<p>El presidente de <em >Andrews University<\/em >, Andreasen, dijo que su instituci\u00f3n necesitar\u00e1 alg\u00fan tiempo para digerir la recomendaci\u00f3n tambi\u00e9n. <\/p>\n<p>\u00abEstamos escuchando estas ideas por casi la primera vez\u00bb, dijo Andreasen en la reuni\u00f3n. Necesitamos tomar alg\u00fan tiempo para hacer nuestra propia diligencia\u00bb, y a\u00f1adi\u00f3, que incluir\u00eda evaluar las ideas relativas a la propia misi\u00f3n de Andrews University, recursos, la parte financiera y nuestra acreditaci\u00f3n &#8211; que son clave. Asuntos que requieren alg\u00fan trabajo y tiempo\u00bb.  <\/p>\n<p>Recordando el valor de la obra m\u00e9dica de la iglesia adventista del s\u00e9ptimo d\u00eda en muchas comunidades, Paulsen dijo que hab\u00eda asuntos m\u00e1s all\u00e1 de las propias necesidades de la iglesia para considerar. <\/p>\n<p>\u00abTenemos una buena tradici\u00f3n en esta iglesia&#8230;que tenemos un compromiso de involucrarnos en la vida de las comunidades y naciones en las cuales hemos sido colocados. Estamos empe\u00f1ados, en un sentido, en un tipo de formaci\u00f3n de la comunidad\u00bb, dijo Paulsen. <\/p>\n<p>A trav\u00e9s de una herramienta como esta, la iglesia puede ser vista como un verdadero socio en la formaci\u00f3n de la comunidad. Hay derivados de esto que pueden servirle extremadamente bien a la iglesia. Hay un buen nombre al cual hacerse y eso no debe ser visto ligeramente\u00bb.  <\/p>\n<\/p>\n<\/p><\/p>\n","protected":false},"excerpt":{"rendered":"<p>Un plan dram\u00e1tico para reconstruir Griggs University y la Academia Griggs Internacional, las ramas de la educaci\u00f3n a distancia (en l\u00ednea) de la Iglesia Adventista del S\u00e9ptimo D\u00eda, dio sus primeros pasos el 6 de abril&#8230;<\/p>\n","protected":false},"author":1,"featured_media":0,"comment_status":"closed","ping_status":"closed","sticky":false,"template":"","format":"standard","meta":{"_acf_changed":false,"footnotes":""},"categories":[8],"tags":[],"class_list":["post-11537","post","type-post","status-publish","format-standard","hentry","category-archivo"],"acf":[],"yoast_head":"<!-- This site is optimized with the Yoast SEO plugin v27.3 - https:\/\/yoast.com\/product\/yoast-seo-wordpress\/ -->\n<title>Griggs International ser\u00e1 dividida, ubicaci\u00f3n propuesta propone cambios - Iglesia Adventista del S\u00e9ptimo D\u00eda - Divisi\u00f3n Interamericana<\/title>\n<meta name=\"robots\" content=\"index, follow, max-snippet:-1, max-image-preview:large, max-video-preview:-1\" \/>\n<link rel=\"canonical\" href=\"https:\/\/interamerica.org\/es\/2010\/04\/griggs-international-sera-dividida-ubicacion-propuesta-propone-cambios\/\" \/>\n<meta property=\"og:locale\" content=\"es_ES\" \/>\n<meta property=\"og:type\" content=\"article\" \/>\n<meta property=\"og:title\" content=\"Griggs International ser\u00e1 dividida, ubicaci\u00f3n propuesta propone cambios - Iglesia Adventista del S\u00e9ptimo D\u00eda - Divisi\u00f3n Interamericana\" \/>\n<meta property=\"og:description\" content=\"Un plan dram\u00e1tico para reconstruir Griggs University y la Academia Griggs Internacional, las ramas de la educaci\u00f3n a distancia (en l\u00ednea) de la Iglesia Adventista del S\u00e9ptimo D\u00eda, dio sus primeros pasos el 6 de abril...\" \/>\n<meta property=\"og:url\" content=\"https:\/\/interamerica.org\/es\/2010\/04\/griggs-international-sera-dividida-ubicacion-propuesta-propone-cambios\/\" \/>\n<meta property=\"og:site_name\" content=\"Iglesia Adventista del S\u00e9ptimo D\u00eda - Divisi\u00f3n Interamericana\" \/>\n<meta property=\"article:published_time\" content=\"2010-04-07T04:00:00+00:00\" \/>\n<meta property=\"article:modified_time\" content=\"2017-06-02T13:00:24+00:00\" \/>\n<meta name=\"author\" content=\"Lorenzo Verduzco\" \/>\n<meta name=\"twitter:card\" content=\"summary_large_image\" \/>\n<meta name=\"twitter:label1\" content=\"Escrito por\" \/>\n\t<meta name=\"twitter:data1\" content=\"Lorenzo Verduzco\" \/>\n\t<meta name=\"twitter:label2\" content=\"Tiempo de lectura\" \/>\n\t<meta name=\"twitter:data2\" content=\"5 minutos\" \/>\n<script type=\"application\/ld+json\" class=\"yoast-schema-graph\">{\"@context\":\"https:\\\/\\\/schema.org\",\"@graph\":[{\"@type\":\"Article\",\"@id\":\"https:\\\/\\\/interamerica.org\\\/es\\\/2010\\\/04\\\/griggs-international-sera-dividida-ubicacion-propuesta-propone-cambios\\\/#article\",\"isPartOf\":{\"@id\":\"https:\\\/\\\/interamerica.org\\\/es\\\/2010\\\/04\\\/griggs-international-sera-dividida-ubicacion-propuesta-propone-cambios\\\/\"},\"author\":{\"name\":\"Lorenzo Verduzco\",\"@id\":\"https:\\\/\\\/interamerica.org\\\/es\\\/#\\\/schema\\\/person\\\/68ede8bdc292885bb76c1e3810e73c39\"},\"headline\":\"Griggs International ser\u00e1 dividida, ubicaci\u00f3n propuesta propone cambios\",\"datePublished\":\"2010-04-07T04:00:00+00:00\",\"dateModified\":\"2017-06-02T13:00:24+00:00\",\"mainEntityOfPage\":{\"@id\":\"https:\\\/\\\/interamerica.org\\\/es\\\/2010\\\/04\\\/griggs-international-sera-dividida-ubicacion-propuesta-propone-cambios\\\/\"},\"wordCount\":1032,\"articleSection\":[\"Archivo\"],\"inLanguage\":\"es\"},{\"@type\":\"WebPage\",\"@id\":\"https:\\\/\\\/interamerica.org\\\/es\\\/2010\\\/04\\\/griggs-international-sera-dividida-ubicacion-propuesta-propone-cambios\\\/\",\"url\":\"https:\\\/\\\/interamerica.org\\\/es\\\/2010\\\/04\\\/griggs-international-sera-dividida-ubicacion-propuesta-propone-cambios\\\/\",\"name\":\"Griggs International ser\u00e1 dividida, ubicaci\u00f3n propuesta propone cambios - Iglesia Adventista del S\u00e9ptimo D\u00eda - Divisi\u00f3n Interamericana\",\"isPartOf\":{\"@id\":\"https:\\\/\\\/interamerica.org\\\/es\\\/#website\"},\"datePublished\":\"2010-04-07T04:00:00+00:00\",\"dateModified\":\"2017-06-02T13:00:24+00:00\",\"author\":{\"@id\":\"https:\\\/\\\/interamerica.org\\\/es\\\/#\\\/schema\\\/person\\\/68ede8bdc292885bb76c1e3810e73c39\"},\"breadcrumb\":{\"@id\":\"https:\\\/\\\/interamerica.org\\\/es\\\/2010\\\/04\\\/griggs-international-sera-dividida-ubicacion-propuesta-propone-cambios\\\/#breadcrumb\"},\"inLanguage\":\"es\",\"potentialAction\":[{\"@type\":\"ReadAction\",\"target\":[\"https:\\\/\\\/interamerica.org\\\/es\\\/2010\\\/04\\\/griggs-international-sera-dividida-ubicacion-propuesta-propone-cambios\\\/\"]}]},{\"@type\":\"BreadcrumbList\",\"@id\":\"https:\\\/\\\/interamerica.org\\\/es\\\/2010\\\/04\\\/griggs-international-sera-dividida-ubicacion-propuesta-propone-cambios\\\/#breadcrumb\",\"itemListElement\":[{\"@type\":\"ListItem\",\"position\":1,\"name\":\"Home\",\"item\":\"https:\\\/\\\/interamerica.org\\\/es\\\/\"},{\"@type\":\"ListItem\",\"position\":2,\"name\":\"Griggs International ser\u00e1 dividida, ubicaci\u00f3n propuesta propone cambios\"}]},{\"@type\":\"WebSite\",\"@id\":\"https:\\\/\\\/interamerica.org\\\/es\\\/#website\",\"url\":\"https:\\\/\\\/interamerica.org\\\/es\\\/\",\"name\":\"Iglesia Adventista del S\u00e9ptimo D\u00eda - Divisi\u00f3n Interamericana\",\"description\":\"\",\"potentialAction\":[{\"@type\":\"SearchAction\",\"target\":{\"@type\":\"EntryPoint\",\"urlTemplate\":\"https:\\\/\\\/interamerica.org\\\/es\\\/?s={search_term_string}\"},\"query-input\":{\"@type\":\"PropertyValueSpecification\",\"valueRequired\":true,\"valueName\":\"search_term_string\"}}],\"inLanguage\":\"es\"},{\"@type\":\"Person\",\"@id\":\"https:\\\/\\\/interamerica.org\\\/es\\\/#\\\/schema\\\/person\\\/68ede8bdc292885bb76c1e3810e73c39\",\"name\":\"Lorenzo Verduzco\",\"image\":{\"@type\":\"ImageObject\",\"inLanguage\":\"es\",\"@id\":\"https:\\\/\\\/secure.gravatar.com\\\/avatar\\\/fb81a55b6218459490a9c1dc841a34909185b81904c5337b4b27f7a6fd60c49e?s=96&d=mm&r=g\",\"url\":\"https:\\\/\\\/secure.gravatar.com\\\/avatar\\\/fb81a55b6218459490a9c1dc841a34909185b81904c5337b4b27f7a6fd60c49e?s=96&d=mm&r=g\",\"contentUrl\":\"https:\\\/\\\/secure.gravatar.com\\\/avatar\\\/fb81a55b6218459490a9c1dc841a34909185b81904c5337b4b27f7a6fd60c49e?s=96&d=mm&r=g\",\"caption\":\"Lorenzo Verduzco\"}}]}<\/script>\n<!-- \/ Yoast SEO plugin. -->","yoast_head_json":{"title":"Griggs International ser\u00e1 dividida, ubicaci\u00f3n propuesta propone cambios - Iglesia Adventista del S\u00e9ptimo D\u00eda - Divisi\u00f3n Interamericana","robots":{"index":"index","follow":"follow","max-snippet":"max-snippet:-1","max-image-preview":"max-image-preview:large","max-video-preview":"max-video-preview:-1"},"canonical":"https:\/\/interamerica.org\/es\/2010\/04\/griggs-international-sera-dividida-ubicacion-propuesta-propone-cambios\/","og_locale":"es_ES","og_type":"article","og_title":"Griggs International ser\u00e1 dividida, ubicaci\u00f3n propuesta propone cambios - Iglesia Adventista del S\u00e9ptimo D\u00eda - Divisi\u00f3n Interamericana","og_description":"Un plan dram\u00e1tico para reconstruir Griggs University y la Academia Griggs Internacional, las ramas de la educaci\u00f3n a distancia (en l\u00ednea) de la Iglesia Adventista del S\u00e9ptimo D\u00eda, dio sus primeros pasos el 6 de abril...","og_url":"https:\/\/interamerica.org\/es\/2010\/04\/griggs-international-sera-dividida-ubicacion-propuesta-propone-cambios\/","og_site_name":"Iglesia Adventista del S\u00e9ptimo D\u00eda - Divisi\u00f3n Interamericana","article_published_time":"2010-04-07T04:00:00+00:00","article_modified_time":"2017-06-02T13:00:24+00:00","author":"Lorenzo Verduzco","twitter_card":"summary_large_image","twitter_misc":{"Escrito por":"Lorenzo Verduzco","Tiempo de lectura":"5 minutos"},"schema":{"@context":"https:\/\/schema.org","@graph":[{"@type":"Article","@id":"https:\/\/interamerica.org\/es\/2010\/04\/griggs-international-sera-dividida-ubicacion-propuesta-propone-cambios\/#article","isPartOf":{"@id":"https:\/\/interamerica.org\/es\/2010\/04\/griggs-international-sera-dividida-ubicacion-propuesta-propone-cambios\/"},"author":{"name":"Lorenzo Verduzco","@id":"https:\/\/interamerica.org\/es\/#\/schema\/person\/68ede8bdc292885bb76c1e3810e73c39"},"headline":"Griggs International ser\u00e1 dividida, ubicaci\u00f3n propuesta propone cambios","datePublished":"2010-04-07T04:00:00+00:00","dateModified":"2017-06-02T13:00:24+00:00","mainEntityOfPage":{"@id":"https:\/\/interamerica.org\/es\/2010\/04\/griggs-international-sera-dividida-ubicacion-propuesta-propone-cambios\/"},"wordCount":1032,"articleSection":["Archivo"],"inLanguage":"es"},{"@type":"WebPage","@id":"https:\/\/interamerica.org\/es\/2010\/04\/griggs-international-sera-dividida-ubicacion-propuesta-propone-cambios\/","url":"https:\/\/interamerica.org\/es\/2010\/04\/griggs-international-sera-dividida-ubicacion-propuesta-propone-cambios\/","name":"Griggs International ser\u00e1 dividida, ubicaci\u00f3n propuesta propone cambios - Iglesia Adventista del S\u00e9ptimo D\u00eda - Divisi\u00f3n Interamericana","isPartOf":{"@id":"https:\/\/interamerica.org\/es\/#website"},"datePublished":"2010-04-07T04:00:00+00:00","dateModified":"2017-06-02T13:00:24+00:00","author":{"@id":"https:\/\/interamerica.org\/es\/#\/schema\/person\/68ede8bdc292885bb76c1e3810e73c39"},"breadcrumb":{"@id":"https:\/\/interamerica.org\/es\/2010\/04\/griggs-international-sera-dividida-ubicacion-propuesta-propone-cambios\/#breadcrumb"},"inLanguage":"es","potentialAction":[{"@type":"ReadAction","target":["https:\/\/interamerica.org\/es\/2010\/04\/griggs-international-sera-dividida-ubicacion-propuesta-propone-cambios\/"]}]},{"@type":"BreadcrumbList","@id":"https:\/\/interamerica.org\/es\/2010\/04\/griggs-international-sera-dividida-ubicacion-propuesta-propone-cambios\/#breadcrumb","itemListElement":[{"@type":"ListItem","position":1,"name":"Home","item":"https:\/\/interamerica.org\/es\/"},{"@type":"ListItem","position":2,"name":"Griggs International ser\u00e1 dividida, ubicaci\u00f3n propuesta propone cambios"}]},{"@type":"WebSite","@id":"https:\/\/interamerica.org\/es\/#website","url":"https:\/\/interamerica.org\/es\/","name":"Iglesia Adventista del S\u00e9ptimo D\u00eda - Divisi\u00f3n Interamericana","description":"","potentialAction":[{"@type":"SearchAction","target":{"@type":"EntryPoint","urlTemplate":"https:\/\/interamerica.org\/es\/?s={search_term_string}"},"query-input":{"@type":"PropertyValueSpecification","valueRequired":true,"valueName":"search_term_string"}}],"inLanguage":"es"},{"@type":"Person","@id":"https:\/\/interamerica.org\/es\/#\/schema\/person\/68ede8bdc292885bb76c1e3810e73c39","name":"Lorenzo Verduzco","image":{"@type":"ImageObject","inLanguage":"es","@id":"https:\/\/secure.gravatar.com\/avatar\/fb81a55b6218459490a9c1dc841a34909185b81904c5337b4b27f7a6fd60c49e?s=96&d=mm&r=g","url":"https:\/\/secure.gravatar.com\/avatar\/fb81a55b6218459490a9c1dc841a34909185b81904c5337b4b27f7a6fd60c49e?s=96&d=mm&r=g","contentUrl":"https:\/\/secure.gravatar.com\/avatar\/fb81a55b6218459490a9c1dc841a34909185b81904c5337b4b27f7a6fd60c49e?s=96&d=mm&r=g","caption":"Lorenzo Verduzco"}}]}},"_links":{"self":[{"href":"https:\/\/interamerica.org\/es\/wp-json\/wp\/v2\/posts\/11537","targetHints":{"allow":["GET"]}}],"collection":[{"href":"https:\/\/interamerica.org\/es\/wp-json\/wp\/v2\/posts"}],"about":[{"href":"https:\/\/interamerica.org\/es\/wp-json\/wp\/v2\/types\/post"}],"author":[{"embeddable":true,"href":"https:\/\/interamerica.org\/es\/wp-json\/wp\/v2\/users\/1"}],"replies":[{"embeddable":true,"href":"https:\/\/interamerica.org\/es\/wp-json\/wp\/v2\/comments?post=11537"}],"version-history":[{"count":0,"href":"https:\/\/interamerica.org\/es\/wp-json\/wp\/v2\/posts\/11537\/revisions"}],"wp:attachment":[{"href":"https:\/\/interamerica.org\/es\/wp-json\/wp\/v2\/media?parent=11537"}],"wp:term":[{"taxonomy":"category","embeddable":true,"href":"https:\/\/interamerica.org\/es\/wp-json\/wp\/v2\/categories?post=11537"},{"taxonomy":"post_tag","embeddable":true,"href":"https:\/\/interamerica.org\/es\/wp-json\/wp\/v2\/tags?post=11537"}],"curies":[{"name":"wp","href":"https:\/\/api.w.org\/{rel}","templated":true}]}}