{"id":115402,"date":"2024-05-26T23:07:03","date_gmt":"2024-05-27T03:07:03","guid":{"rendered":"https:\/\/interamerica.org\/?p=115402"},"modified":"2024-05-28T10:08:08","modified_gmt":"2024-05-28T14:08:08","slug":"iglesia-de-colegio-adventista-en-papua-nueva-guinea-recibe-a-150-personas-por-medio-del-bautismo","status":"publish","type":"post","link":"https:\/\/interamerica.org\/es\/2024\/05\/iglesia-de-colegio-adventista-en-papua-nueva-guinea-recibe-a-150-personas-por-medio-del-bautismo\/","title":{"rendered":"Iglesia de Colegio Adventista en Pap\u00faa Nueva Guinea recibe a 150 personas por medio del bautismo"},"content":{"rendered":"<p><div id=\"attachment_115346\" style=\"width: 874px\" class=\"wp-caption aligncenter\"><img fetchpriority=\"high\" decoding=\"async\" aria-describedby=\"caption-attachment-115346\" class=\" wp-image-115344\" src=\"https:\/\/interamerica.org\/wp-content\/uploads\/2024\/05\/png-untitled-1-15-1-1024x512.png\" alt=\"\" width=\"864\" height=\"432\" srcset=\"https:\/\/interamerica.org\/wp-content\/uploads\/2024\/05\/png-untitled-1-15-1-1024x512.png 1024w, https:\/\/interamerica.org\/wp-content\/uploads\/2024\/05\/png-untitled-1-15-1-300x150.png 300w, https:\/\/interamerica.org\/wp-content\/uploads\/2024\/05\/png-untitled-1-15-1-768x384.png 768w, https:\/\/interamerica.org\/wp-content\/uploads\/2024\/05\/png-untitled-1-15-1.png 1500w\" sizes=\"(max-width: 864px) 100vw, 864px\" \/><p id=\"caption-attachment-115346\" class=\"wp-caption-text\">Ceremonia bautismal en la Escuela Secundaria Adventista de Monte Diamond en Pap\u00faa Nueva Guinea, con 150 personas, la mayor\u00eda de ellas estudiantes, da testimonio p\u00fablico de su fe el pasado 11 de mayo. [Fotograf\u00eda: Marcos Paseggi, Adventist Review]<\/p><\/div><em>La Escuela Secundaria Adventista de Monte Diamond demuestra el valor duradero de la educaci\u00f3n adventista, dicen los l\u00edderes.<\/em><\/p>\n<p>26 de mayo de 2024 | Pap\u00faa Nueva Guinea | Marcos Paseggi, Adventist Review<\/p>\n<p>En una ceremonia que los testigos calificaron de \u201csignificativa\u201d y \u201cemocionante\u201d, 150 personas, la mayor\u00eda de ellas estudiantes de la Escuela Secundaria Adventista de Monte Diamond cerca de Puerto Moresby, Pap\u00faa Nueva Guinea, junto con algunos padres, se comprometieron con Dios por medio del bautismo en el campus de la instituci\u00f3n el pasado 11 de mayo.<\/p>\n<p>La ceremonia coron\u00f3 dos semanas de las reuniones PNG para Cristo 2024 en el lugar, con dos oradores internacionales y los esfuerzos coordinados de los l\u00edderes regionales de la iglesia, el personal docente y no docente de la instituci\u00f3n, y los miembros de la iglesia local.<\/p>\n<p><strong>Testimonios personales<\/strong><\/p>\n<p>Los l\u00edderes de la instituci\u00f3n planificaron cada parte de la ceremonia bautismal con detenimiento. Se le pidi\u00f3 a cada uno de los 150 candidatos que escriba una declaraci\u00f3n, que un l\u00edder ley\u00f3 mientras ingresaban a la pila bautismal de a tres, algunos de ellos con l\u00e1grimas de felicidad por ser bautizados. A medida que se le\u00edan las declaraciones sinceras de los candidatos, apareci\u00f3 una amplia gama de perspectivas relacionadas con los trasfondos, las esperanzas y los sue\u00f1os de los estudiantes.<\/p>\n<p><div id=\"attachment_115349\" style=\"width: 868px\" class=\"wp-caption aligncenter\"><img decoding=\"async\" aria-describedby=\"caption-attachment-115349\" class=\" wp-image-115347\" src=\"https:\/\/interamerica.org\/wp-content\/uploads\/2024\/05\/png2dsc-0907.jpeg\" alt=\"\" width=\"858\" height=\"572\" srcset=\"https:\/\/interamerica.org\/wp-content\/uploads\/2024\/05\/png2dsc-0907.jpeg 1000w, https:\/\/interamerica.org\/wp-content\/uploads\/2024\/05\/png2dsc-0907-300x200.jpeg 300w, https:\/\/interamerica.org\/wp-content\/uploads\/2024\/05\/png2dsc-0907-768x512.jpeg 768w\" sizes=\"(max-width: 858px) 100vw, 858px\" \/><p id=\"caption-attachment-115349\" class=\"wp-caption-text\">Estudiantes, personal docente y no docente de la Escuela Secundaria Adventista de Monte Diamond observan la ceremonia bautismal en el campus de la instituci\u00f3n. [Fotograf\u00eda: Marcos Paseggi, Adventist Review]<\/p><\/div>Entre las declaraciones, una dec\u00eda: \u201cTuve el privilegio de crecer en un hogar adventista, donde aprend\u00ed desde una edad temprana a amar al Se\u00f1or\u201d; y \u201cSolo cuando crec\u00ed, sin embargo, segu\u00ed estudiando por m\u00ed misma y aprendiendo m\u00e1s de la voluntad de Dios para m\u00ed. Quiero ser bautizada para decirle al Se\u00f1or que lo amo y que quiero servirlo toda mi vida\u201d.<\/p>\n<p>\u201cCrec\u00ed en un hogar adventista, pero rara vez \u00edbamos a la iglesia\u201d, expresaba otra. \u201cSolo cuando me matricul\u00e9 en Monte Diamond descubr\u00ed la verdad de la Biblia y me entusiasm\u00e9 de poder conocer la Biblia por primera vez. Hoy, quiero ser bautizada para dar testimonio p\u00fablico sobre mi compromiso con Jes\u00fas\u201d.<\/p>\n<p><div id=\"attachment_115355\" style=\"width: 857px\" class=\"wp-caption aligncenter\"><img decoding=\"async\" aria-describedby=\"caption-attachment-115355\" class=\" wp-image-115353\" src=\"https:\/\/interamerica.org\/wp-content\/uploads\/2024\/05\/png-dsc-0958.jpeg\" alt=\"\" width=\"847\" height=\"565\" srcset=\"https:\/\/interamerica.org\/wp-content\/uploads\/2024\/05\/png-dsc-0958.jpeg 1000w, https:\/\/interamerica.org\/wp-content\/uploads\/2024\/05\/png-dsc-0958-300x200.jpeg 300w, https:\/\/interamerica.org\/wp-content\/uploads\/2024\/05\/png-dsc-0958-768x512.jpeg 768w\" sizes=\"(max-width: 847px) 100vw, 847px\" \/><p id=\"caption-attachment-115355\" class=\"wp-caption-text\">La Escuela Secundaria Adventista de Monte Diamond prepara a j\u00f3venes centrados en Cristo para servir a la iglesia y a la naci\u00f3n, dijeron los l\u00edderes adventistas. [Fotograf\u00eda: Marcos Paseggi, Adventist Review]<\/p><\/div>Una tercera expresaba: \u201cCrec\u00ed en una iglesia cristiana que guardaba el domingo, y mi fe no significaba mucho en mi vida. Pero despu\u00e9s que me enviaron a este colegio con internado, me sorprend\u00ed al descubrir que hab\u00eda muchas cosas que no sab\u00eda de la Biblia, incluido el s\u00e1bado como d\u00eda de reposo. He estudiado y aceptado la verdad de Dios as\u00ed como est\u00e1 en la Biblia, y ahora estoy lista para demostrarlo por medio del bautismo. \u00a1Me siento tan feliz de haber decidido seguir a Jes\u00fas!\u201d<\/p>\n<p><strong>Oradores internacionales<\/strong><\/p>\n<p>La oradora de la primera semana de reuniones fue Fylvia Fowler Kline, gerenta del programa VividFaith en la Asociaci\u00f3n General de los Adventistas del S\u00e9ptimo D\u00eda en Silver Spring, Maryland, Estados Unidos. VividFaith conecta a miembros adventistas, en especial a los j\u00f3venes, con oportunidades de servicio en todo el mundo: necesidades de voluntarios, oportunidades de empleo, trabajos remotos, y viajes misioneros en grupo.<\/p>\n<p><div id=\"attachment_115358\" style=\"width: 864px\" class=\"wp-caption aligncenter\"><img loading=\"lazy\" decoding=\"async\" aria-describedby=\"caption-attachment-115358\" class=\" wp-image-115356\" src=\"https:\/\/interamerica.org\/wp-content\/uploads\/2024\/05\/png-sc-0951.jpeg\" alt=\"\" width=\"854\" height=\"569\" srcset=\"https:\/\/interamerica.org\/wp-content\/uploads\/2024\/05\/png-sc-0951.jpeg 1000w, https:\/\/interamerica.org\/wp-content\/uploads\/2024\/05\/png-sc-0951-300x200.jpeg 300w, https:\/\/interamerica.org\/wp-content\/uploads\/2024\/05\/png-sc-0951-768x512.jpeg 768w\" sizes=\"(max-width: 854px) 100vw, 854px\" \/><p id=\"caption-attachment-115358\" class=\"wp-caption-text\">Vista parcial de algunos de los estudiantes bautizados en la Escuela Secundaria Adventista de Monte Diamond el pasado 11 de mayo. [Fotograf\u00eda: Marcos Paseggi, Adventist Review]<\/p><\/div>La segunda semana cont\u00f3 con Arturo Gutierrez Menezes, un ingeniero el\u00e9ctrico jubilado de Pachucha, Hidalgo, M\u00e9xico, que predic\u00f3 en espa\u00f1ol con traducci\u00f3n al ingl\u00e9s.<\/p>\n<p>La historia de vida de Menezes es tan fuera de lo com\u00fan como inspiradora. De profesi\u00f3n term\u00f3grafo infrarrojo, se capacit\u00f3 en los Estados Unidos, Jap\u00f3n y Suecia antes de llegar a ser el primer term\u00f3grafo con el m\u00e1ximo nivel de capacitaci\u00f3n en M\u00e9xico. Como parte de su trabajo, viajaba por helic\u00f3ptero para inspeccionar los pilares de baja y alta tensi\u00f3n con c\u00e1maras especiales. Se dedic\u00f3 a capacitar a otros en M\u00e9xico para que aprendieran a hacer su trabajo.<\/p>\n<p><div id=\"attachment_115352\" style=\"width: 871px\" class=\"wp-caption aligncenter\"><img loading=\"lazy\" decoding=\"async\" aria-describedby=\"caption-attachment-115352\" class=\" wp-image-115350\" src=\"https:\/\/interamerica.org\/wp-content\/uploads\/2024\/05\/png-dsc-0950.jpeg\" alt=\"\" width=\"861\" height=\"574\" srcset=\"https:\/\/interamerica.org\/wp-content\/uploads\/2024\/05\/png-dsc-0950.jpeg 1000w, https:\/\/interamerica.org\/wp-content\/uploads\/2024\/05\/png-dsc-0950-300x200.jpeg 300w, https:\/\/interamerica.org\/wp-content\/uploads\/2024\/05\/png-dsc-0950-768x512.jpeg 768w\" sizes=\"(max-width: 861px) 100vw, 861px\" \/><p id=\"caption-attachment-115352\" class=\"wp-caption-text\">Arturo Guti\u00e9rrez Menezes y su esposa Ana Mar\u00eda, un matrimonio de laicos de M\u00e9xico, viajaron hasta la Escuela Secundaria Adventista de Monte Diamond en Pap\u00faa Nueva Guinea para apoyar los esfuerzos de evangelizaci\u00f3n. [Fotograf\u00eda: Marcos Paseggi, Adventist Review]<\/p><\/div>El trabajo arriesgado y extremadamente peligroso tuvo un efecto sobre su salud, y a los 49 a\u00f1os, logr\u00f3 jubilarse. Despu\u00e9s de la jubilaci\u00f3n, Menezes y su esposa Ana Mar\u00eda decidi\u00f3 dedicar de su tiempo, talentos y medios para apoyar la misi\u00f3n de la Iglesia Adventista en el mundo. \u201cHe estado participando repetidametne en iniciativas misioneras en diversas partes del mundo\u201d, cont\u00f3 Menezes. \u201cY tambi\u00e9n apoyo proyectos de construcci\u00f3n de iglesias. \u00a1Es un placer tan grande servir al Se\u00f1or!\u201d El 11 de mayo, Menezes fue uno de los tres que llevaron a cabo los bautismos en Monte Diamond.<\/p>\n<p>Despu\u00e9s de la ceremonia, el capell\u00e1n de la instituci\u00f3n realiz\u00f3 un llamado donde decenas de estudiantes y varios padres se pusieron de pie para comprometerse a estudiar la Biblia y prepararse para un bautismo futuro.<\/p>\n<p><div id=\"attachment_115361\" style=\"width: 853px\" class=\"wp-caption aligncenter\"><img loading=\"lazy\" decoding=\"async\" aria-describedby=\"caption-attachment-115361\" class=\" wp-image-115359\" src=\"https:\/\/interamerica.org\/wp-content\/uploads\/2024\/05\/png-dsc-0957.jpeg\" alt=\"\" width=\"843\" height=\"562\" srcset=\"https:\/\/interamerica.org\/wp-content\/uploads\/2024\/05\/png-dsc-0957.jpeg 1000w, https:\/\/interamerica.org\/wp-content\/uploads\/2024\/05\/png-dsc-0957-300x200.jpeg 300w, https:\/\/interamerica.org\/wp-content\/uploads\/2024\/05\/png-dsc-0957-768x512.jpeg 768w\" sizes=\"(max-width: 843px) 100vw, 843px\" \/><p id=\"caption-attachment-115361\" class=\"wp-caption-text\">El vicerrector de la Escuela Secundaria Adventista de Monte Diamond Lenyves Amos estuvo entre los l\u00edderes que organizaron la ceremonia de bautismo. [Fotograf\u00eda: Marcos Paseggi, Adventist Review]<\/p><\/div>\u201cDecirle que s\u00ed al Se\u00f1or [\u2026], esa es la mejor decisi\u00f3n que tomar\u00e1n alguna vez\u201d, dijo mientras los ancianos locales se acercaban con informaci\u00f3n adicional de contacto. \u201cPerm\u00edtanme que ore para que sigan firmes en su decisi\u00f3n\u201d.<\/p>\n<p><strong>Acerca de la Escuela Secundaria Adventista de Monte Diamond y el Centro de Agricultura<\/strong><\/p>\n<p>La Escuela Secundaria Adventista de Monte Diamond se encuentra ubicada en 300 hect\u00e1reas de tierra, a treinta kil\u00f3metros al este de Puerto Moresby, la capital de Pap\u00faa Nueva Guinea, al fin de una ruta de tierra a pocos kil\u00f3metros de la Ruta Rego. La instituci\u00f3n no est\u00e1 lejos del lugar donde comenz\u00f3 la obra adventista en le pa\u00eds, y se encuentra en Monte Diamond, un terreno m\u00e1s bien llano rodeado por un peque\u00f1o arroyo, desde 1972.*<\/p>\n<p>La instituci\u00f3n cuenta con unos ochocientos estudiantes y es supervisada por la Asociaci\u00f3n Central de Pap\u00faa de la Iglesia Adventista del S\u00e9ptimo D\u00eda.<\/p>\n<p>Traducci\u00f3n de Marcos Paseggi<\/p>\n","protected":false},"excerpt":{"rendered":"<p>La Escuela Secundaria Adventista de Monte Diamond demuestra el valor duradero de la educaci\u00f3n adventista, dicen los l\u00edderes. 26 de mayo de 2024 | Pap\u00faa Nueva Guinea | Marcos Paseggi,&#8230;<\/p>\n","protected":false},"author":3,"featured_media":115346,"comment_status":"closed","ping_status":"closed","sticky":false,"template":"","format":"standard","meta":{"_acf_changed":false,"footnotes":""},"categories":[14,15],"tags":[],"class_list":["post-115402","post","type-post","status-publish","format-standard","has-post-thumbnail","hentry","category-de-la-iglesia-mundial","category-rss-espanol"],"acf":[],"yoast_head":"<!-- This site is optimized with the Yoast SEO plugin v27.3 - https:\/\/yoast.com\/product\/yoast-seo-wordpress\/ -->\n<title>Iglesia de Colegio Adventista en Pap\u00faa Nueva Guinea recibe a 150 personas por medio del bautismo - Iglesia Adventista del S\u00e9ptimo D\u00eda - Divisi\u00f3n Interamericana<\/title>\n<meta name=\"robots\" content=\"index, follow, max-snippet:-1, max-image-preview:large, max-video-preview:-1\" \/>\n<link rel=\"canonical\" href=\"https:\/\/interamerica.org\/es\/2024\/05\/iglesia-de-colegio-adventista-en-papua-nueva-guinea-recibe-a-150-personas-por-medio-del-bautismo\/\" \/>\n<meta property=\"og:locale\" content=\"es_ES\" \/>\n<meta property=\"og:type\" content=\"article\" \/>\n<meta property=\"og:title\" content=\"Iglesia de Colegio Adventista en Pap\u00faa Nueva Guinea recibe a 150 personas por medio del bautismo - Iglesia Adventista del S\u00e9ptimo D\u00eda - Divisi\u00f3n Interamericana\" \/>\n<meta property=\"og:description\" content=\"La Escuela Secundaria Adventista de Monte Diamond demuestra el valor duradero de la educaci\u00f3n adventista, dicen los l\u00edderes. 26 de mayo de 2024 | Pap\u00faa Nueva Guinea | Marcos Paseggi,...\" \/>\n<meta property=\"og:url\" content=\"https:\/\/interamerica.org\/es\/2024\/05\/iglesia-de-colegio-adventista-en-papua-nueva-guinea-recibe-a-150-personas-por-medio-del-bautismo\/\" \/>\n<meta property=\"og:site_name\" content=\"Iglesia Adventista del S\u00e9ptimo D\u00eda - Divisi\u00f3n Interamericana\" \/>\n<meta property=\"article:published_time\" content=\"2024-05-27T03:07:03+00:00\" \/>\n<meta property=\"article:modified_time\" content=\"2024-05-28T14:08:08+00:00\" \/>\n<meta property=\"og:image\" content=\"https:\/\/interamerica.org\/wp-content\/uploads\/2024\/05\/png-untitled-1-15-1.png\" \/>\n\t<meta property=\"og:image:width\" content=\"1500\" \/>\n\t<meta property=\"og:image:height\" content=\"750\" \/>\n\t<meta property=\"og:image:type\" content=\"image\/png\" \/>\n<meta name=\"author\" content=\"libna\" \/>\n<meta name=\"twitter:card\" content=\"summary_large_image\" \/>\n<meta name=\"twitter:label1\" content=\"Escrito por\" \/>\n\t<meta name=\"twitter:data1\" content=\"libna\" \/>\n\t<meta name=\"twitter:label2\" content=\"Tiempo de lectura\" \/>\n\t<meta name=\"twitter:data2\" content=\"7 minutos\" \/>\n<script type=\"application\/ld+json\" class=\"yoast-schema-graph\">{\"@context\":\"https:\\\/\\\/schema.org\",\"@graph\":[{\"@type\":\"Article\",\"@id\":\"https:\\\/\\\/interamerica.org\\\/es\\\/2024\\\/05\\\/iglesia-de-colegio-adventista-en-papua-nueva-guinea-recibe-a-150-personas-por-medio-del-bautismo\\\/#article\",\"isPartOf\":{\"@id\":\"https:\\\/\\\/interamerica.org\\\/es\\\/2024\\\/05\\\/iglesia-de-colegio-adventista-en-papua-nueva-guinea-recibe-a-150-personas-por-medio-del-bautismo\\\/\"},\"author\":{\"name\":\"libna\",\"@id\":\"https:\\\/\\\/interamerica.org\\\/es\\\/#\\\/schema\\\/person\\\/29998f2bc2d8bd0d38662909289b54f1\"},\"headline\":\"Iglesia de Colegio Adventista en Pap\u00faa Nueva Guinea recibe a 150 personas por medio del bautismo\",\"datePublished\":\"2024-05-27T03:07:03+00:00\",\"dateModified\":\"2024-05-28T14:08:08+00:00\",\"mainEntityOfPage\":{\"@id\":\"https:\\\/\\\/interamerica.org\\\/es\\\/2024\\\/05\\\/iglesia-de-colegio-adventista-en-papua-nueva-guinea-recibe-a-150-personas-por-medio-del-bautismo\\\/\"},\"wordCount\":1197,\"image\":{\"@id\":\"https:\\\/\\\/interamerica.org\\\/es\\\/2024\\\/05\\\/iglesia-de-colegio-adventista-en-papua-nueva-guinea-recibe-a-150-personas-por-medio-del-bautismo\\\/#primaryimage\"},\"thumbnailUrl\":\"https:\\\/\\\/interamerica.org\\\/wp-content\\\/uploads\\\/2024\\\/05\\\/png-untitled-1-15-1.png\",\"articleSection\":[\"Desde la iglesia mundial\",\"RSS Espa\u00f1ol\"],\"inLanguage\":\"es\"},{\"@type\":\"WebPage\",\"@id\":\"https:\\\/\\\/interamerica.org\\\/es\\\/2024\\\/05\\\/iglesia-de-colegio-adventista-en-papua-nueva-guinea-recibe-a-150-personas-por-medio-del-bautismo\\\/\",\"url\":\"https:\\\/\\\/interamerica.org\\\/es\\\/2024\\\/05\\\/iglesia-de-colegio-adventista-en-papua-nueva-guinea-recibe-a-150-personas-por-medio-del-bautismo\\\/\",\"name\":\"Iglesia de Colegio Adventista en Pap\u00faa Nueva Guinea recibe a 150 personas por medio del bautismo - Iglesia Adventista del S\u00e9ptimo D\u00eda - Divisi\u00f3n Interamericana\",\"isPartOf\":{\"@id\":\"https:\\\/\\\/interamerica.org\\\/es\\\/#website\"},\"primaryImageOfPage\":{\"@id\":\"https:\\\/\\\/interamerica.org\\\/es\\\/2024\\\/05\\\/iglesia-de-colegio-adventista-en-papua-nueva-guinea-recibe-a-150-personas-por-medio-del-bautismo\\\/#primaryimage\"},\"image\":{\"@id\":\"https:\\\/\\\/interamerica.org\\\/es\\\/2024\\\/05\\\/iglesia-de-colegio-adventista-en-papua-nueva-guinea-recibe-a-150-personas-por-medio-del-bautismo\\\/#primaryimage\"},\"thumbnailUrl\":\"https:\\\/\\\/interamerica.org\\\/wp-content\\\/uploads\\\/2024\\\/05\\\/png-untitled-1-15-1.png\",\"datePublished\":\"2024-05-27T03:07:03+00:00\",\"dateModified\":\"2024-05-28T14:08:08+00:00\",\"author\":{\"@id\":\"https:\\\/\\\/interamerica.org\\\/es\\\/#\\\/schema\\\/person\\\/29998f2bc2d8bd0d38662909289b54f1\"},\"breadcrumb\":{\"@id\":\"https:\\\/\\\/interamerica.org\\\/es\\\/2024\\\/05\\\/iglesia-de-colegio-adventista-en-papua-nueva-guinea-recibe-a-150-personas-por-medio-del-bautismo\\\/#breadcrumb\"},\"inLanguage\":\"es\",\"potentialAction\":[{\"@type\":\"ReadAction\",\"target\":[\"https:\\\/\\\/interamerica.org\\\/es\\\/2024\\\/05\\\/iglesia-de-colegio-adventista-en-papua-nueva-guinea-recibe-a-150-personas-por-medio-del-bautismo\\\/\"]}]},{\"@type\":\"ImageObject\",\"inLanguage\":\"es\",\"@id\":\"https:\\\/\\\/interamerica.org\\\/es\\\/2024\\\/05\\\/iglesia-de-colegio-adventista-en-papua-nueva-guinea-recibe-a-150-personas-por-medio-del-bautismo\\\/#primaryimage\",\"url\":\"https:\\\/\\\/interamerica.org\\\/wp-content\\\/uploads\\\/2024\\\/05\\\/png-untitled-1-15-1.png\",\"contentUrl\":\"https:\\\/\\\/interamerica.org\\\/wp-content\\\/uploads\\\/2024\\\/05\\\/png-untitled-1-15-1.png\",\"width\":1500,\"height\":750,\"caption\":\"A baptismal ceremony at Mount Diamond Adventist High School in Papua New Guinea, with 150 people, mostly students, giving public testimony of their faith on May 11. [Photo: Marcos Paseggi, Adventist Review]\"},{\"@type\":\"BreadcrumbList\",\"@id\":\"https:\\\/\\\/interamerica.org\\\/es\\\/2024\\\/05\\\/iglesia-de-colegio-adventista-en-papua-nueva-guinea-recibe-a-150-personas-por-medio-del-bautismo\\\/#breadcrumb\",\"itemListElement\":[{\"@type\":\"ListItem\",\"position\":1,\"name\":\"Home\",\"item\":\"https:\\\/\\\/interamerica.org\\\/es\\\/\"},{\"@type\":\"ListItem\",\"position\":2,\"name\":\"Iglesia de Colegio Adventista en Pap\u00faa Nueva Guinea recibe a 150 personas por medio del bautismo\"}]},{\"@type\":\"WebSite\",\"@id\":\"https:\\\/\\\/interamerica.org\\\/es\\\/#website\",\"url\":\"https:\\\/\\\/interamerica.org\\\/es\\\/\",\"name\":\"Iglesia Adventista del S\u00e9ptimo D\u00eda - Divisi\u00f3n Interamericana\",\"description\":\"\",\"potentialAction\":[{\"@type\":\"SearchAction\",\"target\":{\"@type\":\"EntryPoint\",\"urlTemplate\":\"https:\\\/\\\/interamerica.org\\\/es\\\/?s={search_term_string}\"},\"query-input\":{\"@type\":\"PropertyValueSpecification\",\"valueRequired\":true,\"valueName\":\"search_term_string\"}}],\"inLanguage\":\"es\"},{\"@type\":\"Person\",\"@id\":\"https:\\\/\\\/interamerica.org\\\/es\\\/#\\\/schema\\\/person\\\/29998f2bc2d8bd0d38662909289b54f1\",\"name\":\"libna\",\"image\":{\"@type\":\"ImageObject\",\"inLanguage\":\"es\",\"@id\":\"https:\\\/\\\/secure.gravatar.com\\\/avatar\\\/7c5bd30ae4b47a9ba3c856590957fd1d96dc588bf3ac05719d247e126840331f?s=96&d=mm&r=g\",\"url\":\"https:\\\/\\\/secure.gravatar.com\\\/avatar\\\/7c5bd30ae4b47a9ba3c856590957fd1d96dc588bf3ac05719d247e126840331f?s=96&d=mm&r=g\",\"contentUrl\":\"https:\\\/\\\/secure.gravatar.com\\\/avatar\\\/7c5bd30ae4b47a9ba3c856590957fd1d96dc588bf3ac05719d247e126840331f?s=96&d=mm&r=g\",\"caption\":\"libna\"}}]}<\/script>\n<!-- \/ Yoast SEO plugin. -->","yoast_head_json":{"title":"Iglesia de Colegio Adventista en Pap\u00faa Nueva Guinea recibe a 150 personas por medio del bautismo - Iglesia Adventista del S\u00e9ptimo D\u00eda - Divisi\u00f3n Interamericana","robots":{"index":"index","follow":"follow","max-snippet":"max-snippet:-1","max-image-preview":"max-image-preview:large","max-video-preview":"max-video-preview:-1"},"canonical":"https:\/\/interamerica.org\/es\/2024\/05\/iglesia-de-colegio-adventista-en-papua-nueva-guinea-recibe-a-150-personas-por-medio-del-bautismo\/","og_locale":"es_ES","og_type":"article","og_title":"Iglesia de Colegio Adventista en Pap\u00faa Nueva Guinea recibe a 150 personas por medio del bautismo - Iglesia Adventista del S\u00e9ptimo D\u00eda - Divisi\u00f3n Interamericana","og_description":"La Escuela Secundaria Adventista de Monte Diamond demuestra el valor duradero de la educaci\u00f3n adventista, dicen los l\u00edderes. 26 de mayo de 2024 | Pap\u00faa Nueva Guinea | Marcos Paseggi,...","og_url":"https:\/\/interamerica.org\/es\/2024\/05\/iglesia-de-colegio-adventista-en-papua-nueva-guinea-recibe-a-150-personas-por-medio-del-bautismo\/","og_site_name":"Iglesia Adventista del S\u00e9ptimo D\u00eda - Divisi\u00f3n Interamericana","article_published_time":"2024-05-27T03:07:03+00:00","article_modified_time":"2024-05-28T14:08:08+00:00","og_image":[{"width":1500,"height":750,"url":"https:\/\/interamerica.org\/wp-content\/uploads\/2024\/05\/png-untitled-1-15-1.png","type":"image\/png"}],"author":"libna","twitter_card":"summary_large_image","twitter_misc":{"Escrito por":"libna","Tiempo de lectura":"7 minutos"},"schema":{"@context":"https:\/\/schema.org","@graph":[{"@type":"Article","@id":"https:\/\/interamerica.org\/es\/2024\/05\/iglesia-de-colegio-adventista-en-papua-nueva-guinea-recibe-a-150-personas-por-medio-del-bautismo\/#article","isPartOf":{"@id":"https:\/\/interamerica.org\/es\/2024\/05\/iglesia-de-colegio-adventista-en-papua-nueva-guinea-recibe-a-150-personas-por-medio-del-bautismo\/"},"author":{"name":"libna","@id":"https:\/\/interamerica.org\/es\/#\/schema\/person\/29998f2bc2d8bd0d38662909289b54f1"},"headline":"Iglesia de Colegio Adventista en Pap\u00faa Nueva Guinea recibe a 150 personas por medio del bautismo","datePublished":"2024-05-27T03:07:03+00:00","dateModified":"2024-05-28T14:08:08+00:00","mainEntityOfPage":{"@id":"https:\/\/interamerica.org\/es\/2024\/05\/iglesia-de-colegio-adventista-en-papua-nueva-guinea-recibe-a-150-personas-por-medio-del-bautismo\/"},"wordCount":1197,"image":{"@id":"https:\/\/interamerica.org\/es\/2024\/05\/iglesia-de-colegio-adventista-en-papua-nueva-guinea-recibe-a-150-personas-por-medio-del-bautismo\/#primaryimage"},"thumbnailUrl":"https:\/\/interamerica.org\/wp-content\/uploads\/2024\/05\/png-untitled-1-15-1.png","articleSection":["Desde la iglesia mundial","RSS Espa\u00f1ol"],"inLanguage":"es"},{"@type":"WebPage","@id":"https:\/\/interamerica.org\/es\/2024\/05\/iglesia-de-colegio-adventista-en-papua-nueva-guinea-recibe-a-150-personas-por-medio-del-bautismo\/","url":"https:\/\/interamerica.org\/es\/2024\/05\/iglesia-de-colegio-adventista-en-papua-nueva-guinea-recibe-a-150-personas-por-medio-del-bautismo\/","name":"Iglesia de Colegio Adventista en Pap\u00faa Nueva Guinea recibe a 150 personas por medio del bautismo - Iglesia Adventista del S\u00e9ptimo D\u00eda - Divisi\u00f3n Interamericana","isPartOf":{"@id":"https:\/\/interamerica.org\/es\/#website"},"primaryImageOfPage":{"@id":"https:\/\/interamerica.org\/es\/2024\/05\/iglesia-de-colegio-adventista-en-papua-nueva-guinea-recibe-a-150-personas-por-medio-del-bautismo\/#primaryimage"},"image":{"@id":"https:\/\/interamerica.org\/es\/2024\/05\/iglesia-de-colegio-adventista-en-papua-nueva-guinea-recibe-a-150-personas-por-medio-del-bautismo\/#primaryimage"},"thumbnailUrl":"https:\/\/interamerica.org\/wp-content\/uploads\/2024\/05\/png-untitled-1-15-1.png","datePublished":"2024-05-27T03:07:03+00:00","dateModified":"2024-05-28T14:08:08+00:00","author":{"@id":"https:\/\/interamerica.org\/es\/#\/schema\/person\/29998f2bc2d8bd0d38662909289b54f1"},"breadcrumb":{"@id":"https:\/\/interamerica.org\/es\/2024\/05\/iglesia-de-colegio-adventista-en-papua-nueva-guinea-recibe-a-150-personas-por-medio-del-bautismo\/#breadcrumb"},"inLanguage":"es","potentialAction":[{"@type":"ReadAction","target":["https:\/\/interamerica.org\/es\/2024\/05\/iglesia-de-colegio-adventista-en-papua-nueva-guinea-recibe-a-150-personas-por-medio-del-bautismo\/"]}]},{"@type":"ImageObject","inLanguage":"es","@id":"https:\/\/interamerica.org\/es\/2024\/05\/iglesia-de-colegio-adventista-en-papua-nueva-guinea-recibe-a-150-personas-por-medio-del-bautismo\/#primaryimage","url":"https:\/\/interamerica.org\/wp-content\/uploads\/2024\/05\/png-untitled-1-15-1.png","contentUrl":"https:\/\/interamerica.org\/wp-content\/uploads\/2024\/05\/png-untitled-1-15-1.png","width":1500,"height":750,"caption":"A baptismal ceremony at Mount Diamond Adventist High School in Papua New Guinea, with 150 people, mostly students, giving public testimony of their faith on May 11. [Photo: Marcos Paseggi, Adventist Review]"},{"@type":"BreadcrumbList","@id":"https:\/\/interamerica.org\/es\/2024\/05\/iglesia-de-colegio-adventista-en-papua-nueva-guinea-recibe-a-150-personas-por-medio-del-bautismo\/#breadcrumb","itemListElement":[{"@type":"ListItem","position":1,"name":"Home","item":"https:\/\/interamerica.org\/es\/"},{"@type":"ListItem","position":2,"name":"Iglesia de Colegio Adventista en Pap\u00faa Nueva Guinea recibe a 150 personas por medio del bautismo"}]},{"@type":"WebSite","@id":"https:\/\/interamerica.org\/es\/#website","url":"https:\/\/interamerica.org\/es\/","name":"Iglesia Adventista del S\u00e9ptimo D\u00eda - Divisi\u00f3n Interamericana","description":"","potentialAction":[{"@type":"SearchAction","target":{"@type":"EntryPoint","urlTemplate":"https:\/\/interamerica.org\/es\/?s={search_term_string}"},"query-input":{"@type":"PropertyValueSpecification","valueRequired":true,"valueName":"search_term_string"}}],"inLanguage":"es"},{"@type":"Person","@id":"https:\/\/interamerica.org\/es\/#\/schema\/person\/29998f2bc2d8bd0d38662909289b54f1","name":"libna","image":{"@type":"ImageObject","inLanguage":"es","@id":"https:\/\/secure.gravatar.com\/avatar\/7c5bd30ae4b47a9ba3c856590957fd1d96dc588bf3ac05719d247e126840331f?s=96&d=mm&r=g","url":"https:\/\/secure.gravatar.com\/avatar\/7c5bd30ae4b47a9ba3c856590957fd1d96dc588bf3ac05719d247e126840331f?s=96&d=mm&r=g","contentUrl":"https:\/\/secure.gravatar.com\/avatar\/7c5bd30ae4b47a9ba3c856590957fd1d96dc588bf3ac05719d247e126840331f?s=96&d=mm&r=g","caption":"libna"}}]}},"_links":{"self":[{"href":"https:\/\/interamerica.org\/es\/wp-json\/wp\/v2\/posts\/115402","targetHints":{"allow":["GET"]}}],"collection":[{"href":"https:\/\/interamerica.org\/es\/wp-json\/wp\/v2\/posts"}],"about":[{"href":"https:\/\/interamerica.org\/es\/wp-json\/wp\/v2\/types\/post"}],"author":[{"embeddable":true,"href":"https:\/\/interamerica.org\/es\/wp-json\/wp\/v2\/users\/3"}],"replies":[{"embeddable":true,"href":"https:\/\/interamerica.org\/es\/wp-json\/wp\/v2\/comments?post=115402"}],"version-history":[{"count":0,"href":"https:\/\/interamerica.org\/es\/wp-json\/wp\/v2\/posts\/115402\/revisions"}],"wp:featuredmedia":[{"embeddable":true,"href":"https:\/\/interamerica.org\/es\/wp-json\/wp\/v2\/media\/115346"}],"wp:attachment":[{"href":"https:\/\/interamerica.org\/es\/wp-json\/wp\/v2\/media?parent=115402"}],"wp:term":[{"taxonomy":"category","embeddable":true,"href":"https:\/\/interamerica.org\/es\/wp-json\/wp\/v2\/categories?post=115402"},{"taxonomy":"post_tag","embeddable":true,"href":"https:\/\/interamerica.org\/es\/wp-json\/wp\/v2\/tags?post=115402"}],"curies":[{"name":"wp","href":"https:\/\/api.w.org\/{rel}","templated":true}]}}